
{"id":4111,"date":"2017-04-28T19:04:50","date_gmt":"2017-04-28T17:04:50","guid":{"rendered":"http:\/\/www.fjardhundraland.se\/?p=4111"},"modified":"2026-02-05T13:43:01","modified_gmt":"2026-02-05T12:43:01","slug":"unete-a-la-venta-en-el-mercadillo-del-rally","status":"publish","type":"post","link":"https:\/\/www.fjardhundraland.se\/es\/loppis\/2017\/var-med-och-salj-pa-rallyloppis\/","title":{"rendered":"\u00danete a la venta en el mercadillo del Rally"},"content":{"rendered":"<p>1-2 de julio ser\u00e1n <a href=\"https:\/\/www.fjardhundraland.se\/es\/eventos\/carreras-de-rally\/\">Carreras de rally<\/a> en Fj\u00e4rdhundraland. Los visitantes viajar\u00e1n entre 15 magn\u00edficos lugares: \u00a1habr\u00e1 mucha gente!<\/p>\n<p>\u00bfQuieres vender tus cosas en Rallyloppis? Puedes alquilar un espacio en estos lugares. \u00a1Reserva hoy mismo mientras haya espacio disponible!<\/p>\n<p><a href=\"https:\/\/www.fjardhundraland.se\/es\/platos\/butiken-i-loth\/\">La tienda de L\u00f6th<\/a>\u00a0- Sara L\u00f6theg\u00e5rd sara@butikeniloth.se 070-250 13 12<br \/>\n<a href=\"https:\/\/www.fjardhundraland.se\/es\/platos\/altunagarden\/\">Ayuntamiento de Altuna<\/a>\u00a0- Lis-Britt Eriksson lisbritt@hotmail.com 070-7301814<br \/>\n<a href=\"https:\/\/www.fjardhundraland.se\/es\/platos\/axels-hus\/\">Axels Hus &amp; bod<\/a>\u00a0- Pia Sundqvist axelshusochbod@gmail.com 070-776 66 48<br \/>\n<a href=\"https:\/\/www.fjardhundraland.se\/es\/platos\/krakvilan-bageri\/\">Voluntad del cuervo <\/a>\u00a0- Marianne Sj\u00f6din marianne@kr\u00e5kvilan.com 070-688 63 32<br \/>\n<a href=\"https:\/\/www.fjardhundraland.se\/es\/platos\/asgarden-uniki-d-sign\/\">Se\u00f1al Uniki D<\/a>\u00a0- Anders Nilverud info@uniki.se 070-766 60 69<br \/>\n<a href=\"https:\/\/www.fjardhundraland.se\/es\/platos\/jardin-de-osterunda\/\">Granja \u00d6sterunda<\/a> Karl Andersson 070-512 70 25<br \/>\n<a href=\"https:\/\/www.fjardhundraland.se\/es\/platos\/galeria-lundellska\/\">Galer\u00eda Lundellska<\/a>\u00a0- Gunilla Lundell lundellska.galleriet@telia.com0705-39 04 82<br \/>\n<a href=\"https:\/\/www.fjardhundraland.se\/es\/platos\/gula-stallet-butik-kafe\/\">Tienda y cafeter\u00eda Gula Stallet<\/a>\u00a0- \u00c5sa Slobodnik info@gulastallet.se 070-605 22 64<br \/>\n<a href=\"https:\/\/www.fjardhundraland.se\/es\/platos\/harsbacks-bed-breakfast\/\">KajsaKarins Comercio diverso<\/a> (H\u00e5rsb\u00e4cks B&amp;B) - Karin Serrander karin.serrander@telia.com 070-620 14 30<br \/>\n<a href=\"https:\/\/www.fjardhundraland.se\/es\/platos\/dunderbo-velas-y-artesania\/\">Dunderbo Luz y Artesan\u00eda<\/a>\u00a0- Annika Jodensvi annikajodensvi@hotmail.com<br \/>\n<a href=\"https:\/\/www.fjardhundraland.se\/es\/platos\/atun-tradgard\/\">Jard\u00edn de at\u00fan<\/a>\u00a0- Birgitta Jerpdal birgitta.jerpdal@telia.com 0171-46 41 60<br \/>\n<a href=\"https:\/\/www.bygdegardarna.se\/safsta\/\" target=\"_blank\" rel=\"noopener\">Ayuntamiento de S\u00e4fsta<\/a>\u00a0- Sofia Lindeqvist fia.lindeqvist@telia.com 070-5177104<br \/>\n<a href=\"https:\/\/www.fjardhundraland.se\/es\/platos\/vivero-harnevi\/\">Guarder\u00eda H\u00e4rnevi<\/a><br \/>\n<a href=\"https:\/\/www.fjardhundraland.se\/es\/platos\/chica-perezosa\/\">Chica perezosa<\/a><\/p>\n<p>&nbsp;<\/p>\n<div><\/div>","protected":false},"excerpt":{"rendered":"<p>1\u20132 juli blir det Rallyloppis i Fj\u00e4rdhundraland. Bes\u00f6karna \u00e5ker runt mellan 15 fina st\u00e4llen \u2013 d\u00e4r kommer det att bli mycket folk! Vill du s\u00e4lja dina grejer p\u00e5 Rallyloppis? P\u00e5 de h\u00e4r platserna kan du hyra in dig. Boka in dig idag medan det finns plats kvar! Butiken i L\u00f6th\u00a0\u2013\u00a0Sara L\u00f6theg\u00e5rd sara@butikeniloth.se 070-250 13 12 [&hellip;]<\/p>\n","protected":false},"author":1,"featured_media":0,"comment_status":"closed","ping_status":"closed","sticky":false,"template":"","format":"standard","meta":{"_acf_changed":false,"_relevanssi_hide_post":"","_relevanssi_hide_content":"","_relevanssi_pin_for_all":"","_relevanssi_pin_keywords":"","_relevanssi_unpin_keywords":"","_relevanssi_related_keywords":"","_relevanssi_related_include_ids":"","_relevanssi_related_exclude_ids":"","_relevanssi_related_no_append":"","_relevanssi_related_not_related":"","_relevanssi_related_posts":"","_relevanssi_noindex_reason":"Rank Math Uteslut fr\u00e5n Relevanssi index","_genesis_hide_title":false,"_genesis_hide_breadcrumbs":false,"_genesis_hide_singular_image":false,"_genesis_hide_footer_widgets":false,"_genesis_custom_body_class":"","_genesis_custom_post_class":"","_genesis_layout":"","_jetpack_memberships_contains_paid_content":false,"footnotes":""},"categories":[65,353,25],"tags":[352,243],"class_list":{"0":"post-4111","1":"post","2":"type-post","3":"status-publish","4":"format-standard","6":"category-loppis","7":"category-aldre-inlagg","8":"category-upplevelser","9":"tag-aldre-inlagg","10":"tag-rallyloppis","11":"entry"},"acf":[],"visa":null,"geo_latitude":null,"geo_longitude":null,"jetpack_featured_media_url":"","featured_image_src":null,"featured_image_src_square":null,"author_info":{"display_name":"Mats Thorburn","author_link":"https:\/\/www.fjardhundraland.se\/es\/author\/matst\/"},"jetpack-related-posts":[{"id":5270,"url":"https:\/\/www.fjardhundraland.se\/es\/loppis\/2018\/rallyloppis-2018\/","url_meta":{"origin":4111,"position":0},"title":"Rallyloppis 2018 no organizado por Fj\u00e4rdhundraland","author":"Mats Thorburn","date":"4 julio 2018","format":false,"excerpt":"Este a\u00f1o, Fj\u00e4rdhundraland no participa en la organizaci\u00f3n de Rallyloppis en Fj\u00e4rdhundrabygden. En su lugar, organizamos Loppisrundan en mayo. Pero los d\u00edas 7 y 8 de julio, la asociaci\u00f3n Fj\u00e4rd100% te invita al Rallyloppis, con, entre otros, nuestros miembros Lundellska Galleriet, Altunag\u00e5rden, H\u00e5rsb\u00e4cks Bed &amp; Breakfast (Kajsa Karins Diversehandel) y H\u00e4rnevi Plantskola. Para m\u00e1s informaci\u00f3n, p\u00f3ngase en contacto con Tina Bergman,...","rel":"","context":"En \u00abLoppis\u00bb","block_context":{"text":"Loppis","link":"https:\/\/www.fjardhundraland.se\/es\/loppis\/"},"img":{"alt_text":"Annons f\u00f6r Rallyloppis","src":"https:\/\/i0.wp.com\/www.fjardhundraland.se\/wp-content\/uploads\/2018\/07\/rallyloppis.jpg?resize=350%2C200&ssl=1","width":350,"height":200,"srcset":"https:\/\/i0.wp.com\/www.fjardhundraland.se\/wp-content\/uploads\/2018\/07\/rallyloppis.jpg?resize=350%2C200&ssl=1 1x, https:\/\/i0.wp.com\/www.fjardhundraland.se\/wp-content\/uploads\/2018\/07\/rallyloppis.jpg?resize=525%2C300&ssl=1 1.5x, https:\/\/i0.wp.com\/www.fjardhundraland.se\/wp-content\/uploads\/2018\/07\/rallyloppis.jpg?resize=700%2C400&ssl=1 2x, https:\/\/i0.wp.com\/www.fjardhundraland.se\/wp-content\/uploads\/2018\/07\/rallyloppis.jpg?resize=1050%2C600&ssl=1 3x, https:\/\/i0.wp.com\/www.fjardhundraland.se\/wp-content\/uploads\/2018\/07\/rallyloppis.jpg?resize=1400%2C800&ssl=1 4x"},"classes":[]},{"id":4235,"url":"https:\/\/www.fjardhundraland.se\/es\/utflykt\/2017\/ak-pa-rallyloppis-1-och-2-juli\/","url_meta":{"origin":4111,"position":1},"title":"\u00a1Acude al Rallyloppis los d\u00edas 1 y 2 de julio!","author":"Mats Thorburn","date":"24 mayo 2017","format":false,"excerpt":"\u00a1Ha llegado el momento! El fin de semana del 1 y 2 de julio se celebra el Rallyloppis: \u00a1una ronda de 80 vendedores en 14 lugares de la zona! D\u00f3nde: ver mapa. Cu\u00e1ndo: 1 y 2 de julio de 2017 a las 11-16. Participantes Butiken i L\u00f6th - Siete vendedores + mercadillo propio de Butiken i L\u00f6th. \u00a1Fika disponible! Altuna Bygdeg\u00e5rd - 12 expositores con todo...","rel":"","context":"En \u00abUtflykt\u00bb","block_context":{"text":"Utflykt","link":"https:\/\/www.fjardhundraland.se\/es\/utflykt\/"},"img":{"alt_text":"","src":"https:\/\/i0.wp.com\/www.fjardhundraland.se\/wp-content\/uploads\/2017\/05\/raps-vag-rallyloppis.jpg?resize=350%2C200&ssl=1","width":350,"height":200,"srcset":"https:\/\/i0.wp.com\/www.fjardhundraland.se\/wp-content\/uploads\/2017\/05\/raps-vag-rallyloppis.jpg?resize=350%2C200&ssl=1 1x, https:\/\/i0.wp.com\/www.fjardhundraland.se\/wp-content\/uploads\/2017\/05\/raps-vag-rallyloppis.jpg?resize=525%2C300&ssl=1 1.5x, https:\/\/i0.wp.com\/www.fjardhundraland.se\/wp-content\/uploads\/2017\/05\/raps-vag-rallyloppis.jpg?resize=700%2C400&ssl=1 2x, https:\/\/i0.wp.com\/www.fjardhundraland.se\/wp-content\/uploads\/2017\/05\/raps-vag-rallyloppis.jpg?resize=1050%2C600&ssl=1 3x, https:\/\/i0.wp.com\/www.fjardhundraland.se\/wp-content\/uploads\/2017\/05\/raps-vag-rallyloppis.jpg?resize=1400%2C800&ssl=1 4x"},"classes":[]},{"id":4379,"url":"https:\/\/www.fjardhundraland.se\/es\/rallyloppis\/2017\/tack-hjalpen-loppisvanner\/","url_meta":{"origin":4111,"position":2},"title":"\u00a1Gracias por la ayuda amigos del mercadillo!","author":"Mats Thorburn","date":"3 julio 2017","format":false,"excerpt":"El sol brill\u00f3 este fin de semana. El Rallyloppis fue un gran \u00e9xito con miles de visitantes de toda Suecia central. Pero, \u00bfqu\u00e9 te ha parecido a ti que nos has visitado este fin de semana? Puedes ayudarnos a mejorar la edici\u00f3n del a\u00f1o que viene respondiendo a algunas preguntas. Gracias por venir - y gracias...","rel":"","context":"En \u00abRallyloppis\u00bb","block_context":{"text":"Rallyloppis","link":"https:\/\/www.fjardhundraland.se\/es\/rallyloppis\/"},"img":{"alt_text":"Bord p\u00e5 rallyloppis","src":"https:\/\/i0.wp.com\/www.fjardhundraland.se\/wp-content\/uploads\/2017\/07\/rallyloppis-bord.jpg?resize=350%2C200&ssl=1","width":350,"height":200,"srcset":"https:\/\/i0.wp.com\/www.fjardhundraland.se\/wp-content\/uploads\/2017\/07\/rallyloppis-bord.jpg?resize=350%2C200&ssl=1 1x, https:\/\/i0.wp.com\/www.fjardhundraland.se\/wp-content\/uploads\/2017\/07\/rallyloppis-bord.jpg?resize=525%2C300&ssl=1 1.5x, https:\/\/i0.wp.com\/www.fjardhundraland.se\/wp-content\/uploads\/2017\/07\/rallyloppis-bord.jpg?resize=700%2C400&ssl=1 2x, https:\/\/i0.wp.com\/www.fjardhundraland.se\/wp-content\/uploads\/2017\/07\/rallyloppis-bord.jpg?resize=1050%2C600&ssl=1 3x, https:\/\/i0.wp.com\/www.fjardhundraland.se\/wp-content\/uploads\/2017\/07\/rallyloppis-bord.jpg?resize=1400%2C800&ssl=1 4x"},"classes":[]},{"id":5809,"url":"https:\/\/www.fjardhundraland.se\/es\/rallyloppis\/2019\/loppisrundan-2019\/","url_meta":{"origin":4111,"position":3},"title":"La ronda del mercadillo en 2021","author":"Mats Thorburn","date":"24 junio 2019","format":false,"excerpt":"Los d\u00edas 6 y 7 de julio habr\u00e1 un mercadillo en Fj\u00e4rdhundraland. M\u00e1s informaci\u00f3n aqu\u00ed.","rel":"","context":"En \u00abRallyloppis\u00bb","block_context":{"text":"Rallyloppis","link":"https:\/\/www.fjardhundraland.se\/es\/rallyloppis\/"},"img":{"alt_text":"","src":"https:\/\/i0.wp.com\/www.fjardhundraland.se\/wp-content\/uploads\/2019\/06\/cropped-loppisrundan.jpg?resize=350%2C200&ssl=1","width":350,"height":200,"srcset":"https:\/\/i0.wp.com\/www.fjardhundraland.se\/wp-content\/uploads\/2019\/06\/cropped-loppisrundan.jpg?resize=350%2C200&ssl=1 1x, https:\/\/i0.wp.com\/www.fjardhundraland.se\/wp-content\/uploads\/2019\/06\/cropped-loppisrundan.jpg?resize=525%2C300&ssl=1 1.5x, https:\/\/i0.wp.com\/www.fjardhundraland.se\/wp-content\/uploads\/2019\/06\/cropped-loppisrundan.jpg?resize=700%2C400&ssl=1 2x, https:\/\/i0.wp.com\/www.fjardhundraland.se\/wp-content\/uploads\/2019\/06\/cropped-loppisrundan.jpg?resize=1050%2C600&ssl=1 3x, https:\/\/i0.wp.com\/www.fjardhundraland.se\/wp-content\/uploads\/2019\/06\/cropped-loppisrundan.jpg?resize=1400%2C800&ssl=1 4x"},"classes":[]},{"id":3293,"url":"https:\/\/www.fjardhundraland.se\/es\/press\/2016\/tre-kafeer-fran-fjardhundraland-nya-white-guide\/","url_meta":{"origin":4111,"position":4},"title":"Tres caf\u00e9s Fj\u00e4rdhundraland en la nueva Gu\u00eda Blanca","author":"Mats Thorburn","date":"13 mayo 2016","format":false,"excerpt":"Ya se han dado a conocer los caf\u00e9s que formar\u00e1n parte de la edici\u00f3n de este a\u00f1o de la Gu\u00eda Blanca del Caf\u00e9. Anteriormente, nueve caf\u00e9s de Uppland han pasado por el ojo de la aguja, y este a\u00f1o se les unen nada menos que tres caf\u00e9s de Fj\u00e4rdhundraland. Son el caf\u00e9 Forsby kvarn, la panader\u00eda Kr\u00e5kvilan y la granja Resta...","rel":"","context":"En \u00abPress\u00bb","block_context":{"text":"Press","link":"https:\/\/www.fjardhundraland.se\/es\/press\/"},"img":{"alt_text":"Kr\u00e5kvilan Marianne","src":"https:\/\/i0.wp.com\/www.fjardhundraland.se\/wp-content\/uploads\/2014\/02\/Krakvilan_Marianne.jpg?resize=350%2C200&ssl=1","width":350,"height":200,"srcset":"https:\/\/i0.wp.com\/www.fjardhundraland.se\/wp-content\/uploads\/2014\/02\/Krakvilan_Marianne.jpg?resize=350%2C200&ssl=1 1x, https:\/\/i0.wp.com\/www.fjardhundraland.se\/wp-content\/uploads\/2014\/02\/Krakvilan_Marianne.jpg?resize=525%2C300&ssl=1 1.5x, https:\/\/i0.wp.com\/www.fjardhundraland.se\/wp-content\/uploads\/2014\/02\/Krakvilan_Marianne.jpg?resize=700%2C400&ssl=1 2x, https:\/\/i0.wp.com\/www.fjardhundraland.se\/wp-content\/uploads\/2014\/02\/Krakvilan_Marianne.jpg?resize=1050%2C600&ssl=1 3x, https:\/\/i0.wp.com\/www.fjardhundraland.se\/wp-content\/uploads\/2014\/02\/Krakvilan_Marianne.jpg?resize=1400%2C800&ssl=1 4x"},"classes":[]},{"id":5439,"url":"https:\/\/www.fjardhundraland.se\/es\/marknad-2\/2018\/julmarknad-salnecke-slott-2018\/","url_meta":{"origin":4111,"position":5},"title":"Mercado navide\u00f1o en el castillo de Salnecke","author":"Mats Thorburn","date":"7 noviembre 2018","format":false,"excerpt":"\u00a1El 16 de diciembre a las 11-16 es el estreno del nuevo mercado navide\u00f1o en el castillo de Salnecke, \u00d6rsundsbro! En el gran invernadero situado bajo el castillo, se servir\u00e1n productos artesanales hist\u00f3ricos y modernos para la mesa navide\u00f1a: queso, salchichas, pan, Upplandskubb. Adem\u00e1s, complementamos con artesan\u00eda local de alto nivel y actividades alrededor del castillo. Un castillo del siglo XVII en...","rel":"","context":"En \u00abMarknad\u00bb","block_context":{"text":"Marknad","link":"https:\/\/www.fjardhundraland.se\/es\/marknad-2\/"},"img":{"alt_text":"Salnecke julmarknad","src":"https:\/\/i0.wp.com\/www.fjardhundraland.se\/wp-content\/uploads\/2018\/11\/salnecke-julmarknad.jpg?resize=350%2C200&ssl=1","width":350,"height":200,"srcset":"https:\/\/i0.wp.com\/www.fjardhundraland.se\/wp-content\/uploads\/2018\/11\/salnecke-julmarknad.jpg?resize=350%2C200&ssl=1 1x, https:\/\/i0.wp.com\/www.fjardhundraland.se\/wp-content\/uploads\/2018\/11\/salnecke-julmarknad.jpg?resize=525%2C300&ssl=1 1.5x, https:\/\/i0.wp.com\/www.fjardhundraland.se\/wp-content\/uploads\/2018\/11\/salnecke-julmarknad.jpg?resize=700%2C400&ssl=1 2x, https:\/\/i0.wp.com\/www.fjardhundraland.se\/wp-content\/uploads\/2018\/11\/salnecke-julmarknad.jpg?resize=1050%2C600&ssl=1 3x, https:\/\/i0.wp.com\/www.fjardhundraland.se\/wp-content\/uploads\/2018\/11\/salnecke-julmarknad.jpg?resize=1400%2C800&ssl=1 4x"},"classes":[]}],"jetpack_sharing_enabled":true,"_links":{"self":[{"href":"https:\/\/www.fjardhundraland.se\/es\/wp-json\/wp\/v2\/posts\/4111","targetHints":{"allow":["GET"]}}],"collection":[{"href":"https:\/\/www.fjardhundraland.se\/es\/wp-json\/wp\/v2\/posts"}],"about":[{"href":"https:\/\/www.fjardhundraland.se\/es\/wp-json\/wp\/v2\/types\/post"}],"author":[{"embeddable":true,"href":"https:\/\/www.fjardhundraland.se\/es\/wp-json\/wp\/v2\/users\/1"}],"replies":[{"embeddable":true,"href":"https:\/\/www.fjardhundraland.se\/es\/wp-json\/wp\/v2\/comments?post=4111"}],"version-history":[{"count":1,"href":"https:\/\/www.fjardhundraland.se\/es\/wp-json\/wp\/v2\/posts\/4111\/revisions"}],"predecessor-version":[{"id":19626,"href":"https:\/\/www.fjardhundraland.se\/es\/wp-json\/wp\/v2\/posts\/4111\/revisions\/19626"}],"wp:attachment":[{"href":"https:\/\/www.fjardhundraland.se\/es\/wp-json\/wp\/v2\/media?parent=4111"}],"wp:term":[{"taxonomy":"category","embeddable":true,"href":"https:\/\/www.fjardhundraland.se\/es\/wp-json\/wp\/v2\/categories?post=4111"},{"taxonomy":"post_tag","embeddable":true,"href":"https:\/\/www.fjardhundraland.se\/es\/wp-json\/wp\/v2\/tags?post=4111"}],"curies":[{"name":"wp","href":"https:\/\/api.w.org\/{rel}","templated":true}]}}