
{"id":41,"date":"2011-02-02T10:20:08","date_gmt":"2011-02-02T09:20:08","guid":{"rendered":"http:\/\/www.fjardhundraland.se\/?p=41"},"modified":"2026-02-05T13:40:42","modified_gmt":"2026-02-05T12:40:42","slug":"nace-la-asociacion-economica-fjardhundraland","status":"publish","type":"post","link":"https:\/\/www.fjardhundraland.se\/es\/externt\/2011\/nu-startar-fjardhundraland-ekonomisk-forening\/","title":{"rendered":"Ahora comienza la asociaci\u00f3n econ\u00f3mica Fj\u00e4rdhundraland"},"content":{"rendered":"<p>Fj\u00e4rdhundraland ek. for. ser\u00e1 una plataforma para el desarrollo tur\u00edstico, empresarial y comunitario. <a title=\"Registro de miembro Fj\u00e4rdhundraland\" href=\"https:\/\/www.fjardhundrabygden.se\/fjardhundraland\/medlemsanmalan.html\" target=\"_blank\" rel=\"noopener\">Afiliarse<\/a> para formar parte de un apasionante proyecto de desarrollo: nuevos contactos y futuras oportunidades.<\/p>","protected":false},"excerpt":{"rendered":"<p>Fj\u00e4rdhundraland ek. for. ser\u00e1 una plataforma para el desarrollo tur\u00edstico, empresarial y comunitario. H\u00e1gase miembro para formar parte de un apasionante proyecto de desarrollo: nuevos contactos y oportunidades de futuro.<\/p>","protected":false},"author":1,"featured_media":0,"comment_status":"open","ping_status":"open","sticky":false,"template":"","format":"standard","meta":{"_acf_changed":false,"_relevanssi_hide_post":"","_relevanssi_hide_content":"","_relevanssi_pin_for_all":"","_relevanssi_pin_keywords":"","_relevanssi_unpin_keywords":"","_relevanssi_related_keywords":"","_relevanssi_related_include_ids":"","_relevanssi_related_exclude_ids":"","_relevanssi_related_no_append":"","_relevanssi_related_not_related":"","_relevanssi_related_posts":"","_relevanssi_noindex_reason":"Rank Math Uteslut fr\u00e5n Relevanssi index","_genesis_hide_title":false,"_genesis_hide_breadcrumbs":false,"_genesis_hide_singular_image":false,"_genesis_hide_footer_widgets":false,"_genesis_custom_body_class":"","_genesis_custom_post_class":"","_genesis_layout":"","_jetpack_memberships_contains_paid_content":false,"footnotes":""},"categories":[353,18],"tags":[352],"class_list":{"0":"post-41","1":"post","2":"type-post","3":"status-publish","4":"format-standard","6":"category-aldre-inlagg","7":"category-externt","8":"tag-aldre-inlagg","9":"entry"},"acf":[],"visa":null,"geo_latitude":null,"geo_longitude":null,"jetpack_featured_media_url":"","featured_image_src":null,"featured_image_src_square":null,"author_info":{"display_name":"Mats Thorburn","author_link":"https:\/\/www.fjardhundraland.se\/es\/author\/matst\/"},"jetpack-related-posts":[{"id":3604,"url":"https:\/\/www.fjardhundraland.se\/es\/inlagg\/2016\/vad-tyckte-du-om-mat-manniskor\/","url_meta":{"origin":41,"position":0},"title":"\u00bfQu\u00e9 le ha parecido Food &amp; People?","author":"Mats Thorburn","date":"25 septiembre 2016","format":false,"excerpt":"\u00bfHas tenido un buen d\u00eda en Fj\u00e4rdhundraland? Dinos lo que piensas aqu\u00ed. Tres ganadores recibir\u00e1n alimentos producidos localmente. Ya es demasiado tarde para participar en el concurso, pero a\u00fan puedes decirnos qu\u00e9 te parece. Los ganadores ya han recibido sus premios. \u00a1Enhorabuena a los ganadores!","rel":"","context":"En \u00ab\u00c4ldre inl\u00e4gg\u00bb","block_context":{"text":"\u00c4ldre inl\u00e4gg","link":"https:\/\/www.fjardhundraland.se\/es\/aldre-inlagg\/"},"img":{"alt_text":"","src":"https:\/\/i0.wp.com\/www.fjardhundraland.se\/wp-content\/uploads\/2016\/09\/mmfb.jpg?resize=350%2C200&ssl=1","width":350,"height":200,"srcset":"https:\/\/i0.wp.com\/www.fjardhundraland.se\/wp-content\/uploads\/2016\/09\/mmfb.jpg?resize=350%2C200&ssl=1 1x, https:\/\/i0.wp.com\/www.fjardhundraland.se\/wp-content\/uploads\/2016\/09\/mmfb.jpg?resize=525%2C300&ssl=1 1.5x, https:\/\/i0.wp.com\/www.fjardhundraland.se\/wp-content\/uploads\/2016\/09\/mmfb.jpg?resize=700%2C400&ssl=1 2x, https:\/\/i0.wp.com\/www.fjardhundraland.se\/wp-content\/uploads\/2016\/09\/mmfb.jpg?resize=1050%2C600&ssl=1 3x"},"classes":[]},{"id":1191,"url":"https:\/\/www.fjardhundraland.se\/es\/inlagg\/2012\/oppet-hus-i-fjardhundraland-18-november\/","url_meta":{"origin":41,"position":1},"title":"Jornada de puertas abiertas en Fj\u00e4rdhundraland 18 de noviembre","author":"Mats Thorburn","date":"2 octubre 2012","format":false,"excerpt":"El domingo 18 de noviembre, de 16 a 19.30 horas, le invitamos a hablar de Fj\u00e4rdhundraland en la Casa de la Iglesia de Fj\u00e4rdhundra. Proyectamos un extracto de la pel\u00edcula del \u00e9xito teatral de este verano \u201dDet susar\u201d a las 17-18. Mini feria con los peque\u00f1os comercios del pueblo. Aproveche la oportunidad de comprar alimentos y caf\u00e9 de producci\u00f3n local. Aprende m\u00e1s sobre iniciativa empresarial con el proyecto Iniciativa empresarial en...","rel":"","context":"En \u00ab\u00c4ldre inl\u00e4gg\u00bb","block_context":{"text":"\u00c4ldre inl\u00e4gg","link":"https:\/\/www.fjardhundraland.se\/es\/aldre-inlagg\/"},"img":{"alt_text":"Det susar","src":"https:\/\/i0.wp.com\/www.fjardhundraland.se\/wp-content\/uploads\/2012\/10\/detsusar-630x403.jpg?resize=350%2C200&ssl=1","width":350,"height":200,"srcset":"https:\/\/i0.wp.com\/www.fjardhundraland.se\/wp-content\/uploads\/2012\/10\/detsusar-630x403.jpg?resize=350%2C200&ssl=1 1x, https:\/\/i0.wp.com\/www.fjardhundraland.se\/wp-content\/uploads\/2012\/10\/detsusar-630x403.jpg?resize=525%2C300&ssl=1 1.5x"},"classes":[]},{"id":264,"url":"https:\/\/www.fjardhundraland.se\/es\/externt\/2011\/premiartur-i-fjardhundraland\/","url_meta":{"origin":41,"position":2},"title":"Viaje de estreno en Fj\u00e4rdhundraland","author":"Ylva Fontell","date":"19 mayo 2011","format":false,"excerpt":"El mi\u00e9rcoles 18 de mayo fue el estreno de los viajes organizados en el pueblo. El primer grupo disfrut\u00f3 de un d\u00eda soleado con delicias de producci\u00f3n local, corderitos de peluche y Fj\u00e4rdhundraland en colores primaverales. Ahora esperamos nuevos visitantes satisfechos en los viajes restantes. M\u00e1s informaci\u00f3n en Viajes combinados.","rel":"","context":"En \u00ab\u00c4ldre inl\u00e4gg\u00bb","block_context":{"text":"\u00c4ldre inl\u00e4gg","link":"https:\/\/www.fjardhundraland.se\/es\/aldre-inlagg\/"},"img":{"alt_text":"","src":"","width":0,"height":0},"classes":[]},{"id":13,"url":"https:\/\/www.fjardhundraland.se\/es\/externt\/2010\/fjardhundraland\/","url_meta":{"origin":41,"position":3},"title":"Fj\u00e4rdhundraland","author":"Mats Thorburn","date":"12 octubre 2010","format":false,"excerpt":"Fj\u00e4rdhundraland es la interpretaci\u00f3n moderna del pa\u00eds folcl\u00f3rico medieval de Fj\u00e4drundaland. Aqu\u00ed, en la zona alrededor de Fj\u00e4rdhundra al norte de Enk\u00f6ping, encontrar\u00e1 un campo vibrante con historia, pero tambi\u00e9n peque\u00f1os negocios en ciernes: cafeter\u00edas, alojamientos y tiendas de granja. Grandes experiencias para los visitantes en un pueblo antiguo. \u00a1Bienvenido! Qui\u00e9n sabe, puede que incluso...","rel":"","context":"En \u00ab\u00c4ldre inl\u00e4gg\u00bb","block_context":{"text":"\u00c4ldre inl\u00e4gg","link":"https:\/\/www.fjardhundraland.se\/es\/aldre-inlagg\/"},"img":{"alt_text":"","src":"","width":0,"height":0},"classes":[]},{"id":2950,"url":"https:\/\/www.fjardhundraland.se\/es\/inlagg\/2015\/sekelskiftesmarknad-pa-hostglod-i-fjardhundraland\/","url_meta":{"origin":41,"position":4},"title":"Mercado Sekelskiftes en H\u00f6stgl\u00f6d en Fj\u00e4rdhundraland","author":"Mats Thorburn","date":"28 septiembre 2015","format":false,"excerpt":"Los d\u00edas 10 y 11 de octubre, Fj\u00e4rdhundraland le invita a un mercado a la antigua usanza en el pueblo de Altuna. Conocer\u00e1 a miembros de Fj\u00e4rdhundraland y a varios expositores invitados, escuchar\u00e1 m\u00fasica y mucho m\u00e1s. M\u00e1s informaci\u00f3n aqu\u00ed.","rel":"","context":"En \u00ab\u00c4ldre inl\u00e4gg\u00bb","block_context":{"text":"\u00c4ldre inl\u00e4gg","link":"https:\/\/www.fjardhundraland.se\/es\/aldre-inlagg\/"},"img":{"alt_text":"","src":"","width":0,"height":0},"classes":[]},{"id":124,"url":"https:\/\/www.fjardhundraland.se\/es\/externt\/2011\/programmet-ar-har\/","url_meta":{"origin":41,"position":5},"title":"El programa est\u00e1 aqu\u00ed","author":"Mats Thorburn","date":"11 mayo 2011","format":false,"excerpt":"Fj\u00e4rdhundraland ofrece el s\u00e1bado un rico programa en la plaza de Enk\u00f6ping. Ya est\u00e1 listo el programa para el escenario y la carpa de cuentacuentos. M\u00e1s informaci\u00f3n aqu\u00ed.","rel":"","context":"En \u00ab\u00c4ldre inl\u00e4gg\u00bb","block_context":{"text":"\u00c4ldre inl\u00e4gg","link":"https:\/\/www.fjardhundraland.se\/es\/aldre-inlagg\/"},"img":{"alt_text":"","src":"","width":0,"height":0},"classes":[]}],"jetpack_sharing_enabled":true,"_links":{"self":[{"href":"https:\/\/www.fjardhundraland.se\/es\/wp-json\/wp\/v2\/posts\/41","targetHints":{"allow":["GET"]}}],"collection":[{"href":"https:\/\/www.fjardhundraland.se\/es\/wp-json\/wp\/v2\/posts"}],"about":[{"href":"https:\/\/www.fjardhundraland.se\/es\/wp-json\/wp\/v2\/types\/post"}],"author":[{"embeddable":true,"href":"https:\/\/www.fjardhundraland.se\/es\/wp-json\/wp\/v2\/users\/1"}],"replies":[{"embeddable":true,"href":"https:\/\/www.fjardhundraland.se\/es\/wp-json\/wp\/v2\/comments?post=41"}],"version-history":[{"count":1,"href":"https:\/\/www.fjardhundraland.se\/es\/wp-json\/wp\/v2\/posts\/41\/revisions"}],"predecessor-version":[{"id":19775,"href":"https:\/\/www.fjardhundraland.se\/es\/wp-json\/wp\/v2\/posts\/41\/revisions\/19775"}],"wp:attachment":[{"href":"https:\/\/www.fjardhundraland.se\/es\/wp-json\/wp\/v2\/media?parent=41"}],"wp:term":[{"taxonomy":"category","embeddable":true,"href":"https:\/\/www.fjardhundraland.se\/es\/wp-json\/wp\/v2\/categories?post=41"},{"taxonomy":"post_tag","embeddable":true,"href":"https:\/\/www.fjardhundraland.se\/es\/wp-json\/wp\/v2\/tags?post=41"}],"curies":[{"name":"wp","href":"https:\/\/api.w.org\/{rel}","templated":true}]}}