
{"id":364,"date":"2011-06-18T01:43:52","date_gmt":"2011-06-17T23:43:52","guid":{"rendered":"http:\/\/www.fjardhundraland.se\/?p=364"},"modified":"2026-02-05T13:40:42","modified_gmt":"2026-02-05T12:40:42","slug":"decimo-aniversario-del-mercado-municipal","status":"publish","type":"post","link":"https:\/\/www.fjardhundraland.se\/es\/externt\/2011\/tioarsjubilerande-bymarkad\/","title":{"rendered":"D\u00e9cimo aniversario del mercado municipal"},"content":{"rendered":"<p>El domingo 19 de junio se celebra la d\u00e9cima edici\u00f3n de la concurrida <a title=\"Mercado del pueblo de H\u00e4rnevi\" href=\"https:\/\/www.harnevibymarknad.se\/\" target=\"_blank\" rel=\"noopener\">Mercado del pueblo de H\u00e4rnevi<\/a>. Se recomienda la visita: \u00a1una combinaci\u00f3n perfecta de un bonito pueblo y un mercado variado y agradable!<\/p>\n<p>&nbsp;<\/p>","protected":false},"excerpt":{"rendered":"<p>El domingo 19 de junio se celebra por d\u00e9cimo a\u00f1o el concurrido mercado del pueblo de H\u00e4rnevi. Se recomienda visitarlo: \u00a1una combinaci\u00f3n perfecta de un bonito pueblo y un mercado variado y agradable! &nbsp;<\/p>","protected":false},"author":1,"featured_media":0,"comment_status":"open","ping_status":"open","sticky":false,"template":"","format":"standard","meta":{"_acf_changed":false,"_relevanssi_hide_post":"","_relevanssi_hide_content":"","_relevanssi_pin_for_all":"","_relevanssi_pin_keywords":"","_relevanssi_unpin_keywords":"","_relevanssi_related_keywords":"","_relevanssi_related_include_ids":"","_relevanssi_related_exclude_ids":"","_relevanssi_related_no_append":"","_relevanssi_related_not_related":"","_relevanssi_related_posts":"","_relevanssi_noindex_reason":"Rank Math Uteslut fr\u00e5n Relevanssi index","_genesis_hide_title":false,"_genesis_hide_breadcrumbs":false,"_genesis_hide_singular_image":false,"_genesis_hide_footer_widgets":false,"_genesis_custom_body_class":"","_genesis_custom_post_class":"","_genesis_layout":"","_jetpack_memberships_contains_paid_content":false,"footnotes":""},"categories":[353,18],"tags":[352,27,28],"class_list":{"0":"post-364","1":"post","2":"type-post","3":"status-publish","4":"format-standard","6":"category-aldre-inlagg","7":"category-externt","8":"tag-aldre-inlagg","9":"tag-harnevi","10":"tag-marknad","11":"entry"},"acf":[],"visa":null,"geo_latitude":null,"geo_longitude":null,"jetpack_featured_media_url":"","featured_image_src":null,"featured_image_src_square":null,"author_info":{"display_name":"Mats Thorburn","author_link":"https:\/\/www.fjardhundraland.se\/es\/author\/matst\/"},"jetpack-related-posts":[{"id":1022,"url":"https:\/\/www.fjardhundraland.se\/es\/mat\/2012\/harnevi-bymarknad\/","url_meta":{"origin":364,"position":0},"title":"Mercado del pueblo de H\u00e4rnevi","author":"Mats Thorburn","date":"16 junio 2012","format":false,"excerpt":"El domingo es el mercado del pueblo de H\u00e4rnevi. All\u00ed se pueden comprar productos locales, ver tractores antiguos, regatear en mercadillos, comprar libros y mucho m\u00e1s. Siempre es una buena excursi\u00f3n.","rel":"","context":"En \u00ab\u00c4ldre inl\u00e4gg\u00bb","block_context":{"text":"\u00c4ldre inl\u00e4gg","link":"https:\/\/www.fjardhundraland.se\/es\/aldre-inlagg\/"},"img":{"alt_text":"Fj\u00e4rdhundralands mathantverkare p\u00e5 H\u00e4rnevi bymarknad 2011","src":"https:\/\/i0.wp.com\/www.harnevibymarknad.se\/_private\/images\/2011\/khe_bymarknad2011_2.jpg?resize=350%2C200&ssl=1","width":350,"height":200,"srcset":"https:\/\/i0.wp.com\/www.harnevibymarknad.se\/_private\/images\/2011\/khe_bymarknad2011_2.jpg?resize=350%2C200&ssl=1 1x, https:\/\/i0.wp.com\/www.harnevibymarknad.se\/_private\/images\/2011\/khe_bymarknad2011_2.jpg?resize=525%2C300&ssl=1 1.5x"},"classes":[]},{"id":1259,"url":"https:\/\/www.fjardhundraland.se\/es\/hantverk\/2013\/paskgott-och-paskoppet\/","url_meta":{"origin":364,"position":1},"title":"Dulces de Pascua y jornadas de puertas abiertas","author":"Mats Thorburn","date":"30 marzo 2013","format":false,"excerpt":"Algunos lugares en Fj\u00e4rdhundraland para visitar esta Semana Santa: Gyllene brunnen Dunderbo ljus och hantverk Forsby kvarn kaf\u00e9 Lundellska galleriet Farmor Elsas g\u00e5rdsbageri Kr\u00e5kvilan bageri DOMTA-grisen H\u00e4rnevi plantskola \u00a0","rel":"","context":"En \u00ab\u00c4ldre inl\u00e4gg\u00bb","block_context":{"text":"\u00c4ldre inl\u00e4gg","link":"https:\/\/www.fjardhundraland.se\/es\/aldre-inlagg\/"},"img":{"alt_text":"","src":"","width":0,"height":0},"classes":[]},{"id":623,"url":"https:\/\/www.fjardhundraland.se\/es\/gardsbutiker\/2011\/skordetid-i-harnevi\/","url_meta":{"origin":364,"position":2},"title":"\u00c9poca de cosecha en H\u00e4rnevi","author":"Mats Thorburn","date":"20 agosto 2011","format":false,"excerpt":"El vivero H\u00e4rnevi es muy conocido en la zona por sus magn\u00edficas plantas de flor de cultivo propio. Pero en esta \u00e9poca del a\u00f1o tambi\u00e9n tienen una excelente selecci\u00f3n de verduras de cultivo propio y local.","rel":"","context":"En \u00ab\u00c4ldre inl\u00e4gg\u00bb","block_context":{"text":"\u00c4ldre inl\u00e4gg","link":"https:\/\/www.fjardhundraland.se\/es\/aldre-inlagg\/"},"img":{"alt_text":"Gr\u00f6nsaker fr\u00e5n H\u00e4rnevi plantskola","src":"https:\/\/i0.wp.com\/www.fjardhundraland.se\/wp-content\/uploads\/2011\/08\/harnevi-1-630x420.jpg?resize=350%2C200&ssl=1","width":350,"height":200,"srcset":"https:\/\/i0.wp.com\/www.fjardhundraland.se\/wp-content\/uploads\/2011\/08\/harnevi-1-630x420.jpg?resize=350%2C200&ssl=1 1x, https:\/\/i0.wp.com\/www.fjardhundraland.se\/wp-content\/uploads\/2011\/08\/harnevi-1-630x420.jpg?resize=525%2C300&ssl=1 1.5x"},"classes":[]},{"id":1206,"url":"https:\/\/www.fjardhundraland.se\/es\/hantverk\/2012\/oppet-hus-18-november\/","url_meta":{"origin":364,"position":3},"title":"Jornada de puertas abiertas 18 de noviembre","author":"Ylva Fontell","date":"4 noviembre 2012","format":false,"excerpt":"El domingo 18 de noviembre podr\u00e1 echar un vistazo a todo lo que ofrece Fj\u00e4rdhundraland. La asociaci\u00f3n se presentar\u00e1, muchos miembros hablar\u00e1n de sus actividades\/vender\u00e1n sus productos, podr\u00e1 comer y tomar caf\u00e9 de producci\u00f3n local y ver pel\u00edculas o teatro infantil. \u00a1Bienvenidos a una velada emocionante en la oscuridad del oto\u00f1o! La guarder\u00eda H\u00e4rnevi est\u00e1 en el lugar ...","rel":"","context":"En \u00ab\u00c4ldre inl\u00e4gg\u00bb","block_context":{"text":"\u00c4ldre inl\u00e4gg","link":"https:\/\/www.fjardhundraland.se\/es\/aldre-inlagg\/"},"img":{"alt_text":"","src":"","width":0,"height":0},"classes":[]},{"id":1199,"url":"https:\/\/www.fjardhundraland.se\/es\/mat\/2012\/bakluckeloppis\/","url_meta":{"origin":364,"position":4},"title":"Subasta Tailgate","author":"Mats Thorburn","date":"12 octubre 2012","format":false,"excerpt":"El domingo 14 de octubre de 12 a 15 es el momento de la subasta en el vivero H\u00e4rnevi. La nevera est\u00e1 cargada con las verduras que ya est\u00e1n disponibles y el domingo habr\u00e1 reposici\u00f3n con huevos de Grillby. Tambi\u00e9n se asar\u00e1n salchichas durante el horario del mercadillo. Salchichas gruesas con pan y la mayonesa de pepino propia del vivero \u00a1por diez libras!","rel":"","context":"En \u00ab\u00c4ldre inl\u00e4gg\u00bb","block_context":{"text":"\u00c4ldre inl\u00e4gg","link":"https:\/\/www.fjardhundraland.se\/es\/aldre-inlagg\/"},"img":{"alt_text":"","src":"","width":0,"height":0},"classes":[]},{"id":3505,"url":"https:\/\/www.fjardhundraland.se\/es\/marknad-2\/2016\/smaka-pa-enkoping\/","url_meta":{"origin":364,"position":5},"title":"Degustaci\u00f3n del Enk\u00f6ping 2016","author":"Mats Thorburn","date":"17 agosto 2016","format":false,"excerpt":"El 3 de septiembre llega la hora del Sabor de Enk\u00f6ping, en el marco del D\u00eda de la Huerta. El acontecimiento re\u00fane alimentos ecol\u00f3gicos y de producci\u00f3n local en una feria y un mercado a lo largo del paseo ribere\u00f1o junto al r\u00edo Enk\u00f6ping. Fj\u00e4rdhundraland est\u00e1 en el centro de la producci\u00f3n local y le invita a un mercado sobre el c\u00e9sped junto a los restaurantes de Smaka p\u00e5 Enk\u00f6ping. Participantes...","rel":"","context":"En \u00abMarknad\u00bb","block_context":{"text":"Marknad","link":"https:\/\/www.fjardhundraland.se\/es\/marknad-2\/"},"img":{"alt_text":"Fj\u00e4rdhundraland p\u00e5 marknad Smaka p\u00e5 enkoping","src":"https:\/\/i0.wp.com\/www.fjardhundraland.se\/wp-content\/uploads\/2016\/03\/Fjardhundraland-marknad-smaka-pa-enkoping.jpg?resize=350%2C200&ssl=1","width":350,"height":200,"srcset":"https:\/\/i0.wp.com\/www.fjardhundraland.se\/wp-content\/uploads\/2016\/03\/Fjardhundraland-marknad-smaka-pa-enkoping.jpg?resize=350%2C200&ssl=1 1x, https:\/\/i0.wp.com\/www.fjardhundraland.se\/wp-content\/uploads\/2016\/03\/Fjardhundraland-marknad-smaka-pa-enkoping.jpg?resize=525%2C300&ssl=1 1.5x, https:\/\/i0.wp.com\/www.fjardhundraland.se\/wp-content\/uploads\/2016\/03\/Fjardhundraland-marknad-smaka-pa-enkoping.jpg?resize=700%2C400&ssl=1 2x, https:\/\/i0.wp.com\/www.fjardhundraland.se\/wp-content\/uploads\/2016\/03\/Fjardhundraland-marknad-smaka-pa-enkoping.jpg?resize=1050%2C600&ssl=1 3x, https:\/\/i0.wp.com\/www.fjardhundraland.se\/wp-content\/uploads\/2016\/03\/Fjardhundraland-marknad-smaka-pa-enkoping.jpg?resize=1400%2C800&ssl=1 4x"},"classes":[]}],"jetpack_sharing_enabled":true,"_links":{"self":[{"href":"https:\/\/www.fjardhundraland.se\/es\/wp-json\/wp\/v2\/posts\/364","targetHints":{"allow":["GET"]}}],"collection":[{"href":"https:\/\/www.fjardhundraland.se\/es\/wp-json\/wp\/v2\/posts"}],"about":[{"href":"https:\/\/www.fjardhundraland.se\/es\/wp-json\/wp\/v2\/types\/post"}],"author":[{"embeddable":true,"href":"https:\/\/www.fjardhundraland.se\/es\/wp-json\/wp\/v2\/users\/1"}],"replies":[{"embeddable":true,"href":"https:\/\/www.fjardhundraland.se\/es\/wp-json\/wp\/v2\/comments?post=364"}],"version-history":[{"count":1,"href":"https:\/\/www.fjardhundraland.se\/es\/wp-json\/wp\/v2\/posts\/364\/revisions"}],"predecessor-version":[{"id":19762,"href":"https:\/\/www.fjardhundraland.se\/es\/wp-json\/wp\/v2\/posts\/364\/revisions\/19762"}],"wp:attachment":[{"href":"https:\/\/www.fjardhundraland.se\/es\/wp-json\/wp\/v2\/media?parent=364"}],"wp:term":[{"taxonomy":"category","embeddable":true,"href":"https:\/\/www.fjardhundraland.se\/es\/wp-json\/wp\/v2\/categories?post=364"},{"taxonomy":"post_tag","embeddable":true,"href":"https:\/\/www.fjardhundraland.se\/es\/wp-json\/wp\/v2\/tags?post=364"}],"curies":[{"name":"wp","href":"https:\/\/api.w.org\/{rel}","templated":true}]}}