
{"id":3563,"date":"2016-09-03T19:28:54","date_gmt":"2016-09-03T17:28:54","guid":{"rendered":"http:\/\/www.fjardhundraland.se\/?p=3563"},"modified":"2026-02-05T13:41:05","modified_gmt":"2026-02-05T12:41:05","slug":"cual-es-el-menu-de-comidas-para-2016","status":"publish","type":"post","link":"https:\/\/www.fjardhundraland.se\/es\/mat\/2016\/har-ar-menyn-pa-mat-manniskor-2016\/","title":{"rendered":"Este es el men\u00fa de Food &amp; People 2016"},"content":{"rendered":"<p>Vad h\u00e4nder om man ger mejerister, odlare och\u00a0bagare uppgiften att g\u00f6ra n\u00e5got ut\u00f6ver det vanliga; en liten r\u00e4tt d\u00e4r\u00a0den vanliga r\u00e5varan matchas med nya ingredienser, kollegans aster eller helt enkelt det personliga\u00a0favorittillbeh\u00f6ret? Det\u00a0\u00e4r det vi testar h\u00e4r.<\/p>\n<p>Smaka dig fram genom Fj\u00e4rdhundraland p\u00e5 <a href=\"https:\/\/www.fjardhundraland.se\/2016\/09\/mat-manniskor-2016\/\">Mat &amp; m\u00e4nniskor<\/a>! V\u00e4lkommen 25 september. H\u00e4r finns <a href=\"https:\/\/www.fjardhundraland.se\/wp-content\/uploads\/2016\/09\/MMMenykartan.pdf\">meny och karta<\/a>\u00a0[pdf]\u00a0\u2013 ladda ner och skriv ut!<\/p>\n<p><a href=\"https:\/\/www.fjardhundraland.se\/wp-content\/uploads\/2016\/09\/mm-meny.jpg\"><img decoding=\"async\" data-attachment-id=\"3589\" data-permalink=\"https:\/\/www.fjardhundraland.se\/es\/mat\/2016\/mat-manniskor-2016\/attachment\/mm-meny\/\" data-orig-file=\"https:\/\/www.fjardhundraland.se\/wp-content\/uploads\/2016\/09\/mm-meny.jpg\" data-orig-size=\"1448,2048\" data-comments-opened=\"0\" data-image-meta=\"{&quot;aperture&quot;:&quot;0&quot;,&quot;credit&quot;:&quot;&quot;,&quot;camera&quot;:&quot;&quot;,&quot;caption&quot;:&quot;&quot;,&quot;created_timestamp&quot;:&quot;0&quot;,&quot;copyright&quot;:&quot;&quot;,&quot;focal_length&quot;:&quot;0&quot;,&quot;iso&quot;:&quot;0&quot;,&quot;shutter_speed&quot;:&quot;0&quot;,&quot;title&quot;:&quot;&quot;,&quot;orientation&quot;:&quot;0&quot;}\" data-image-title=\"Mat &amp;#038; m\u00e4nniskor meny\" data-image-description=\"\" data-image-caption=\"\" data-large-file=\"https:\/\/www.fjardhundraland.se\/wp-content\/uploads\/2016\/09\/mm-meny.jpg\" class=\"alignnone size-large wp-image-3589\" src=\"https:\/\/www.fjardhundraland.se\/wp-content\/uploads\/2016\/09\/mm-meny-724x1024.jpg\" alt=\"Mat &amp; m\u00e4nniskor meny\" width=\"724\" height=\"1024\" title=\"\"><\/a><\/p>\n<p><a href=\"https:\/\/www.fjardhundraland.se\/wp-content\/uploads\/2016\/09\/mmkartan.jpg\"><img decoding=\"async\" data-attachment-id=\"3601\" data-permalink=\"https:\/\/www.fjardhundraland.se\/es\/mat\/2016\/har-ar-menyn-pa-mat-manniskor-2016\/attachment\/mmkartan\/\" data-orig-file=\"https:\/\/www.fjardhundraland.se\/wp-content\/uploads\/2016\/09\/mmkartan.jpg\" data-orig-size=\"1754,1240\" data-comments-opened=\"0\" data-image-meta=\"{&quot;aperture&quot;:&quot;0&quot;,&quot;credit&quot;:&quot;&quot;,&quot;camera&quot;:&quot;&quot;,&quot;caption&quot;:&quot;&quot;,&quot;created_timestamp&quot;:&quot;0&quot;,&quot;copyright&quot;:&quot;&quot;,&quot;focal_length&quot;:&quot;0&quot;,&quot;iso&quot;:&quot;0&quot;,&quot;shutter_speed&quot;:&quot;0&quot;,&quot;title&quot;:&quot;&quot;,&quot;orientation&quot;:&quot;0&quot;}\" data-image-title=\"mmkartan\" data-image-description=\"\" data-image-caption=\"\" data-large-file=\"https:\/\/www.fjardhundraland.se\/wp-content\/uploads\/2016\/09\/mmkartan.jpg\" class=\"alignnone size-large wp-image-3601\" src=\"https:\/\/www.fjardhundraland.se\/wp-content\/uploads\/2016\/09\/mmkartan-1024x724.jpg\" alt=\"mmkartan\" width=\"900\" height=\"636\" title=\"\"><\/a><\/p>\n","protected":false},"excerpt":{"rendered":"<p>Vad h\u00e4nder om man ger mejerister, odlare och\u00a0bagare uppgiften att g\u00f6ra n\u00e5got ut\u00f6ver det vanliga; en liten r\u00e4tt d\u00e4r\u00a0den vanliga r\u00e5varan matchas med nya ingredienser, kollegans aster eller helt enkelt det personliga\u00a0favorittillbeh\u00f6ret? Det\u00a0\u00e4r det vi testar h\u00e4r. Smaka dig fram genom Fj\u00e4rdhundraland p\u00e5 Mat &amp; m\u00e4nniskor! V\u00e4lkommen 25 september. H\u00e4r finns meny och karta\u00a0[pdf]\u00a0\u2013 ladda [&hellip;]<\/p>\n","protected":false},"author":1,"featured_media":3601,"comment_status":"closed","ping_status":"closed","sticky":false,"template":"","format":"standard","meta":{"_acf_changed":false,"_relevanssi_hide_post":"","_relevanssi_hide_content":"","_relevanssi_pin_for_all":"","_relevanssi_pin_keywords":"","_relevanssi_unpin_keywords":"","_relevanssi_related_keywords":"","_relevanssi_related_include_ids":"","_relevanssi_related_exclude_ids":"","_relevanssi_related_no_append":"","_relevanssi_related_not_related":"","_relevanssi_related_posts":"","_relevanssi_noindex_reason":"Rank Math Uteslut fr\u00e5n Relevanssi index","_genesis_hide_title":false,"_genesis_hide_breadcrumbs":false,"_genesis_hide_singular_image":false,"_genesis_hide_footer_widgets":false,"_genesis_custom_body_class":"","_genesis_custom_post_class":"","_genesis_layout":"","_jetpack_memberships_contains_paid_content":false,"footnotes":""},"categories":[22,353,9,87],"tags":[352,197,189],"class_list":{"0":"post-3563","1":"post","2":"type-post","3":"status-publish","4":"format-standard","5":"has-post-thumbnail","7":"category-mat","8":"category-aldre-inlagg","9":"category-gardsbutiker","10":"category-utflykt","11":"tag-aldre-inlagg","12":"tag-mat","13":"tag-matmanniskor","14":"entry"},"acf":[],"visa":null,"geo_latitude":null,"geo_longitude":null,"jetpack_featured_media_url":"https:\/\/www.fjardhundraland.se\/wp-content\/uploads\/2016\/09\/mmkartan.jpg","featured_image_src":"https:\/\/www.fjardhundraland.se\/wp-content\/uploads\/2016\/09\/mmkartan.jpg","featured_image_src_square":"https:\/\/www.fjardhundraland.se\/wp-content\/uploads\/2016\/09\/mmkartan.jpg","author_info":{"display_name":"Mats Thorburn","author_link":"https:\/\/www.fjardhundraland.se\/es\/author\/matst\/"},"jetpack-related-posts":[{"id":5416,"url":"https:\/\/www.fjardhundraland.se\/es\/mat-manniskor\/2018\/mat-manniskor-mathantverk-och-matupplevelser-pa-sondag\/","url_meta":{"origin":3563,"position":0},"title":"Comida y gente: artesan\u00eda alimentaria y experiencias gastron\u00f3micas","author":"Mats Thorburn","date":"18 septiembre 2018","format":false,"excerpt":"Food &amp; People es la gira gastron\u00f3mica de Fj\u00e4rdhundraland, en la que reunimos a nuestros artesanos de la alimentaci\u00f3n para pasar un d\u00eda de comida. Se va de un lugar a otro, se degusta, se compra y se tiene la oportunidad de ver c\u00f3mo se producen los alimentos. El domingo 23 de septiembre de 11 a 17 es la hora. M\u00e1s informaci\u00f3n en matomanniskor.se.","rel":"","context":"En \u00abMat &amp; m\u00e4nniskor\u00bb","block_context":{"text":"Mat &amp; m\u00e4nniskor","link":"https:\/\/www.fjardhundraland.se\/es\/mat-manniskor\/"},"img":{"alt_text":"Mat och ma\u0308nniskor bild med tomater och \u00e4gg i \u00e4ggkartong","src":"https:\/\/i0.wp.com\/www.fjardhundraland.se\/wp-content\/uploads\/2018\/08\/mat-och-macc88nniskor-header-2.jpg?resize=350%2C200&ssl=1","width":350,"height":200,"srcset":"https:\/\/i0.wp.com\/www.fjardhundraland.se\/wp-content\/uploads\/2018\/08\/mat-och-macc88nniskor-header-2.jpg?resize=350%2C200&ssl=1 1x, https:\/\/i0.wp.com\/www.fjardhundraland.se\/wp-content\/uploads\/2018\/08\/mat-och-macc88nniskor-header-2.jpg?resize=525%2C300&ssl=1 1.5x, https:\/\/i0.wp.com\/www.fjardhundraland.se\/wp-content\/uploads\/2018\/08\/mat-och-macc88nniskor-header-2.jpg?resize=700%2C400&ssl=1 2x, https:\/\/i0.wp.com\/www.fjardhundraland.se\/wp-content\/uploads\/2018\/08\/mat-och-macc88nniskor-header-2.jpg?resize=1050%2C600&ssl=1 3x, https:\/\/i0.wp.com\/www.fjardhundraland.se\/wp-content\/uploads\/2018\/08\/mat-och-macc88nniskor-header-2.jpg?resize=1400%2C800&ssl=1 4x"},"classes":[]},{"id":3604,"url":"https:\/\/www.fjardhundraland.se\/es\/inlagg\/2016\/vad-tyckte-du-om-mat-manniskor\/","url_meta":{"origin":3563,"position":1},"title":"\u00bfQu\u00e9 le ha parecido Food &amp; People?","author":"Mats Thorburn","date":"25 septiembre 2016","format":false,"excerpt":"\u00bfHas tenido un buen d\u00eda en Fj\u00e4rdhundraland? Dinos lo que piensas aqu\u00ed. Tres ganadores recibir\u00e1n alimentos producidos localmente. Ya es demasiado tarde para participar en el concurso, pero a\u00fan puedes decirnos qu\u00e9 te parece. Los ganadores ya han recibido sus premios. \u00a1Enhorabuena a los ganadores!","rel":"","context":"En \u00ab\u00c4ldre inl\u00e4gg\u00bb","block_context":{"text":"\u00c4ldre inl\u00e4gg","link":"https:\/\/www.fjardhundraland.se\/es\/aldre-inlagg\/"},"img":{"alt_text":"","src":"https:\/\/i0.wp.com\/www.fjardhundraland.se\/wp-content\/uploads\/2016\/09\/mmfb.jpg?resize=350%2C200&ssl=1","width":350,"height":200,"srcset":"https:\/\/i0.wp.com\/www.fjardhundraland.se\/wp-content\/uploads\/2016\/09\/mmfb.jpg?resize=350%2C200&ssl=1 1x, https:\/\/i0.wp.com\/www.fjardhundraland.se\/wp-content\/uploads\/2016\/09\/mmfb.jpg?resize=525%2C300&ssl=1 1.5x, https:\/\/i0.wp.com\/www.fjardhundraland.se\/wp-content\/uploads\/2016\/09\/mmfb.jpg?resize=700%2C400&ssl=1 2x, https:\/\/i0.wp.com\/www.fjardhundraland.se\/wp-content\/uploads\/2016\/09\/mmfb.jpg?resize=1050%2C600&ssl=1 3x"},"classes":[]},{"id":2858,"url":"https:\/\/www.fjardhundraland.se\/es\/inlagg\/2015\/vilka-ar-med-matmanniskor\/","url_meta":{"origin":3563,"position":2},"title":"\u00bfQui\u00e9n participa en Food &amp; People?","author":"Mats Thorburn","date":"21 agosto 2015","format":false,"excerpt":"Ya est\u00e1 claro qui\u00e9n estar\u00e1 en Mat&amp;M\u00e4nniskor el 27 de septiembre de 2015: \u00a1gran diversidad en un espacio reducido! Aqu\u00ed est\u00e1 la lista. Caf\u00e9 Samt Domta-grisen Forsby kvarn caf\u00e9 Franz\u00e9ns charkuterier Fr\u00f6slunda ekok\u00f6tt Gula Stallet caf\u00e9 y tienda Kromsta lantbod Kr\u00e5kvilan M\u00e4lby tr\u00e4dg\u00e5rd Pekoe ekologiskt te Refvelsta godsf\u00f6rvaltning Resta g\u00e5rd Skogsbackens ost Sunnansj\u00f6...","rel":"","context":"En \u00ab\u00c4ldre inl\u00e4gg\u00bb","block_context":{"text":"\u00c4ldre inl\u00e4gg","link":"https:\/\/www.fjardhundraland.se\/es\/aldre-inlagg\/"},"img":{"alt_text":"","src":"","width":0,"height":0},"classes":[]},{"id":2922,"url":"https:\/\/www.fjardhundraland.se\/es\/mat\/2015\/mat-manniskor-vasteras\/","url_meta":{"origin":3563,"position":3},"title":"Comida y gente V\u00e4ster\u00e5s","author":"Mats Thorburn","date":"21 septiembre 2015","format":false,"excerpt":"\u00bfNo estar\u00eda bien que hubiera una zona centralizada a una distancia razonable de V\u00e4ster\u00e5s donde pudi\u00e9ramos visitar a los granjeros en las granjas, al lechero en la central lechera y conocer tanto al carnicero como al cerdo? Pues s\u00ed. Bienvenido a Food &amp; People, una ruta gastron\u00f3mica en Fj\u00e4rdhundraland el domingo 27 de septiembre. Se le ofrecer\u00e1 un men\u00fa con productos locales...","rel":"","context":"En \u00ab\u00c4ldre inl\u00e4gg\u00bb","block_context":{"text":"\u00c4ldre inl\u00e4gg","link":"https:\/\/www.fjardhundraland.se\/es\/aldre-inlagg\/"},"img":{"alt_text":"","src":"https:\/\/i0.wp.com\/www.fjardhundraland.se\/wp-content\/uploads\/2015\/09\/cropped-MoM-header-webb2.jpg?resize=350%2C200&ssl=1","width":350,"height":200,"srcset":"https:\/\/i0.wp.com\/www.fjardhundraland.se\/wp-content\/uploads\/2015\/09\/cropped-MoM-header-webb2.jpg?resize=350%2C200&ssl=1 1x, https:\/\/i0.wp.com\/www.fjardhundraland.se\/wp-content\/uploads\/2015\/09\/cropped-MoM-header-webb2.jpg?resize=525%2C300&ssl=1 1.5x, https:\/\/i0.wp.com\/www.fjardhundraland.se\/wp-content\/uploads\/2015\/09\/cropped-MoM-header-webb2.jpg?resize=700%2C400&ssl=1 2x"},"classes":[]},{"id":2919,"url":"https:\/\/www.fjardhundraland.se\/es\/mat\/2015\/mat-manniskor-uppsala\/","url_meta":{"origin":3563,"position":4},"title":"Alimentaci\u00f3n y personas Uppsala","author":"Mats Thorburn","date":"21 septiembre 2015","format":false,"excerpt":"\u00bfNo estar\u00eda bien que hubiera una zona centralizada a una distancia razonable de Uppsala donde pudi\u00e9ramos visitar a los granjeros en las granjas, al lechero en la central lechera y conocer tanto al carnicero como al cerdo? Pues s\u00ed. \u00a1Bienvenidos a Food &amp; People, una ruta gastron\u00f3mica en Fj\u00e4rdhundraland el domingo 27 de septiembre! Si eres de Uppsala, empieza...","rel":"","context":"En \u00ab\u00c4ldre inl\u00e4gg\u00bb","block_context":{"text":"\u00c4ldre inl\u00e4gg","link":"https:\/\/www.fjardhundraland.se\/es\/aldre-inlagg\/"},"img":{"alt_text":"","src":"https:\/\/i0.wp.com\/www.fjardhundraland.se\/wp-content\/uploads\/2015\/09\/cropped-MoM-header-webb2.jpg?resize=350%2C200&ssl=1","width":350,"height":200,"srcset":"https:\/\/i0.wp.com\/www.fjardhundraland.se\/wp-content\/uploads\/2015\/09\/cropped-MoM-header-webb2.jpg?resize=350%2C200&ssl=1 1x, https:\/\/i0.wp.com\/www.fjardhundraland.se\/wp-content\/uploads\/2015\/09\/cropped-MoM-header-webb2.jpg?resize=525%2C300&ssl=1 1.5x, https:\/\/i0.wp.com\/www.fjardhundraland.se\/wp-content\/uploads\/2015\/09\/cropped-MoM-header-webb2.jpg?resize=700%2C400&ssl=1 2x"},"classes":[]},{"id":3568,"url":"https:\/\/www.fjardhundraland.se\/es\/mat\/2016\/mat-manniskor-2016\/","url_meta":{"origin":3563,"position":5},"title":"Alimentos y personas 2016","author":"Mats Thorburn","date":"6 septiembre 2016","format":false,"excerpt":"El domingo 25 de septiembre de 2016, de 11:00 a 17:00, \u00a1es la hora de Food &amp; People! Recorrer\u00e1s las hermosas callejuelas del Fj\u00e4rdhundraland de lugar en lugar, comiendo y picoteando, probando la comida - y conociendo a la gente que hay detr\u00e1s. Aqu\u00ed tienes el men\u00fa y el mapa. \u00bfDif\u00edcil de encontrar? Aqu\u00ed tienes direcciones, coordenadas e indicaciones para llegar. As\u00ed se hace: Imprime...","rel":"","context":"En \u00abMat\u00bb","block_context":{"text":"Mat","link":"https:\/\/www.fjardhundraland.se\/es\/mat\/"},"img":{"alt_text":"","src":"https:\/\/i0.wp.com\/www.fjardhundraland.se\/wp-content\/uploads\/2016\/09\/mmfb.jpg?resize=350%2C200&ssl=1","width":350,"height":200,"srcset":"https:\/\/i0.wp.com\/www.fjardhundraland.se\/wp-content\/uploads\/2016\/09\/mmfb.jpg?resize=350%2C200&ssl=1 1x, https:\/\/i0.wp.com\/www.fjardhundraland.se\/wp-content\/uploads\/2016\/09\/mmfb.jpg?resize=525%2C300&ssl=1 1.5x, https:\/\/i0.wp.com\/www.fjardhundraland.se\/wp-content\/uploads\/2016\/09\/mmfb.jpg?resize=700%2C400&ssl=1 2x, https:\/\/i0.wp.com\/www.fjardhundraland.se\/wp-content\/uploads\/2016\/09\/mmfb.jpg?resize=1050%2C600&ssl=1 3x"},"classes":[]}],"jetpack_sharing_enabled":true,"_links":{"self":[{"href":"https:\/\/www.fjardhundraland.se\/es\/wp-json\/wp\/v2\/posts\/3563","targetHints":{"allow":["GET"]}}],"collection":[{"href":"https:\/\/www.fjardhundraland.se\/es\/wp-json\/wp\/v2\/posts"}],"about":[{"href":"https:\/\/www.fjardhundraland.se\/es\/wp-json\/wp\/v2\/types\/post"}],"author":[{"embeddable":true,"href":"https:\/\/www.fjardhundraland.se\/es\/wp-json\/wp\/v2\/users\/1"}],"replies":[{"embeddable":true,"href":"https:\/\/www.fjardhundraland.se\/es\/wp-json\/wp\/v2\/comments?post=3563"}],"version-history":[{"count":1,"href":"https:\/\/www.fjardhundraland.se\/es\/wp-json\/wp\/v2\/posts\/3563\/revisions"}],"predecessor-version":[{"id":19632,"href":"https:\/\/www.fjardhundraland.se\/es\/wp-json\/wp\/v2\/posts\/3563\/revisions\/19632"}],"wp:featuredmedia":[{"embeddable":true,"href":"https:\/\/www.fjardhundraland.se\/es\/wp-json\/wp\/v2\/media\/3601"}],"wp:attachment":[{"href":"https:\/\/www.fjardhundraland.se\/es\/wp-json\/wp\/v2\/media?parent=3563"}],"wp:term":[{"taxonomy":"category","embeddable":true,"href":"https:\/\/www.fjardhundraland.se\/es\/wp-json\/wp\/v2\/categories?post=3563"},{"taxonomy":"post_tag","embeddable":true,"href":"https:\/\/www.fjardhundraland.se\/es\/wp-json\/wp\/v2\/tags?post=3563"}],"curies":[{"name":"wp","href":"https:\/\/api.w.org\/{rel}","templated":true}]}}