
{"id":31,"date":"2010-10-12T14:33:32","date_gmt":"2010-10-12T14:33:32","guid":{"rendered":"http:\/\/www.fjardhundraland.se\/?p=31"},"modified":"2026-02-05T13:40:42","modified_gmt":"2026-02-05T12:40:42","slug":"bienvenido-a-fjardhundraland","status":"publish","type":"post","link":"https:\/\/www.fjardhundraland.se\/es\/externt\/2010\/welcome-to-fjardhundraland\/","title":{"rendered":"Bienvenido a Fj\u00e4rdhundraland"},"content":{"rendered":"<p>La provincia medieval <a title=\"Wikipedia sobre Fj\u00e4drundaland\" href=\"https:\/\/en.wikipedia.org\/wiki\/Fj%C3%A4rdhundraland\" target=\"_blank\" rel=\"noopener\">Pluma redonda pa\u00eds<\/a> es hoy en d\u00eda parte de Uppland, Suecia. Hoy trabajamos con una adaptaci\u00f3n moderna; Fj\u00e4rdhundraland. El campo que rodea el municipio Fj\u00e4rdhundra puede ofrecerle una visita a una de las regiones hist\u00f3ricas m\u00e1s antiguas e interesantes de Suecia - y una pr\u00f3spera comunidad empresarial esperando para servirle con alimentos producidos localmente y alojamiento de calidad.<\/p>","protected":false},"excerpt":{"rendered":"<p>The medieval province Fj\u00e4drundaland is nowadays a part of Uppland, Sweden. Today we&#8217;re working with a modern adaptation; Fj\u00e4rdhundraland. The countryside surrounding the muncipality Fj\u00e4rdhundra can offer you a visit to one of Sweden&#8217;s oldest and most interesting historical regions \u2013 and a thriving entrepreneurial community waiting to serve you with locally produced food and [&hellip;]<\/p>\n","protected":false},"author":1,"featured_media":0,"comment_status":"open","ping_status":"open","sticky":false,"template":"","format":"standard","meta":{"_acf_changed":false,"_relevanssi_hide_post":"","_relevanssi_hide_content":"","_relevanssi_pin_for_all":"","_relevanssi_pin_keywords":"","_relevanssi_unpin_keywords":"","_relevanssi_related_keywords":"","_relevanssi_related_include_ids":"","_relevanssi_related_exclude_ids":"","_relevanssi_related_no_append":"","_relevanssi_related_not_related":"","_relevanssi_related_posts":"","_relevanssi_noindex_reason":"Rank Math Uteslut fr\u00e5n Relevanssi index","_genesis_hide_title":false,"_genesis_hide_breadcrumbs":false,"_genesis_hide_singular_image":false,"_genesis_hide_footer_widgets":false,"_genesis_custom_body_class":"","_genesis_custom_post_class":"","_genesis_layout":"","_jetpack_memberships_contains_paid_content":false,"footnotes":""},"categories":[353,18],"tags":[352],"class_list":{"0":"post-31","1":"post","2":"type-post","3":"status-publish","4":"format-standard","6":"category-aldre-inlagg","7":"category-externt","8":"tag-aldre-inlagg","9":"entry"},"acf":[],"visa":null,"geo_latitude":null,"geo_longitude":null,"jetpack_featured_media_url":"","featured_image_src":null,"featured_image_src_square":null,"author_info":{"display_name":"Mats Thorburn","author_link":"https:\/\/www.fjardhundraland.se\/es\/author\/matst\/"},"jetpack-related-posts":[{"id":5910,"url":"https:\/\/www.fjardhundraland.se\/es\/inlagg\/2018\/dagsutflykter-fran-stockholm\/","url_meta":{"origin":31,"position":0},"title":"Excursiones de un d\u00eda desde Estocolmo","author":"Mats Thorburn","date":"18 abril 2018","format":false,"excerpt":"Todas las excursiones est\u00e1n a mano en Fj\u00e4rdhundraland. Eche un vistazo al mapa. Empieza en Kungs\u00e4ngen, luego el Fj\u00e4rdhundraland sigue por el Enk\u00f6ping hasta V\u00e4ster\u00e5s y el Uppsala. Aqu\u00ed est\u00e1n todos los lugares. \u00bfQuiere pasar un d\u00eda fuera de la ciudad? Aqu\u00ed tiene nuestras sugerencias. M\u00e1s adelante. Una excursi\u00f3n de un d\u00eda a Estocolmo...","rel":"","context":"En \u00ab\u00c4ldre inl\u00e4gg\u00bb","block_context":{"text":"\u00c4ldre inl\u00e4gg","link":"https:\/\/www.fjardhundraland.se\/es\/aldre-inlagg\/"},"img":{"alt_text":"","src":"https:\/\/i0.wp.com\/www.fjardhundraland.se\/wp-content\/uploads\/2012\/05\/marstallen_ny.jpg?resize=350%2C200&ssl=1","width":350,"height":200,"srcset":"https:\/\/i0.wp.com\/www.fjardhundraland.se\/wp-content\/uploads\/2012\/05\/marstallen_ny.jpg?resize=350%2C200&ssl=1 1x, https:\/\/i0.wp.com\/www.fjardhundraland.se\/wp-content\/uploads\/2012\/05\/marstallen_ny.jpg?resize=525%2C300&ssl=1 1.5x, https:\/\/i0.wp.com\/www.fjardhundraland.se\/wp-content\/uploads\/2012\/05\/marstallen_ny.jpg?resize=700%2C400&ssl=1 2x, https:\/\/i0.wp.com\/www.fjardhundraland.se\/wp-content\/uploads\/2012\/05\/marstallen_ny.jpg?resize=1050%2C600&ssl=1 3x, https:\/\/i0.wp.com\/www.fjardhundraland.se\/wp-content\/uploads\/2012\/05\/marstallen_ny.jpg?resize=1400%2C800&ssl=1 4x"},"classes":[]},{"id":5897,"url":"https:\/\/www.fjardhundraland.se\/es\/turismutveckling\/2019\/stod-den-levande-landsbygden\/","url_meta":{"origin":31,"position":1},"title":"Apoyar el campo vivo","author":"Mats Thorburn","date":"6 agosto 2019","format":false,"excerpt":"","rel":"","context":"En \u00abTurismutveckling\u00bb","block_context":{"text":"Turismutveckling","link":"https:\/\/www.fjardhundraland.se\/es\/turismutveckling\/"},"img":{"alt_text":"","src":"https:\/\/i0.wp.com\/www.fjardhundraland.se\/wp-content\/uploads\/2019\/08\/stocc88d-fjacc88rdhundraland.jpg?resize=350%2C200&ssl=1","width":350,"height":200,"srcset":"https:\/\/i0.wp.com\/www.fjardhundraland.se\/wp-content\/uploads\/2019\/08\/stocc88d-fjacc88rdhundraland.jpg?resize=350%2C200&ssl=1 1x, https:\/\/i0.wp.com\/www.fjardhundraland.se\/wp-content\/uploads\/2019\/08\/stocc88d-fjacc88rdhundraland.jpg?resize=525%2C300&ssl=1 1.5x, https:\/\/i0.wp.com\/www.fjardhundraland.se\/wp-content\/uploads\/2019\/08\/stocc88d-fjacc88rdhundraland.jpg?resize=700%2C400&ssl=1 2x, https:\/\/i0.wp.com\/www.fjardhundraland.se\/wp-content\/uploads\/2019\/08\/stocc88d-fjacc88rdhundraland.jpg?resize=1050%2C600&ssl=1 3x, https:\/\/i0.wp.com\/www.fjardhundraland.se\/wp-content\/uploads\/2019\/08\/stocc88d-fjacc88rdhundraland.jpg?resize=1400%2C800&ssl=1 4x"},"classes":[]},{"id":1345,"url":"https:\/\/www.fjardhundraland.se\/es\/turistinformation\/2013\/svang-a\/","url_meta":{"origin":31,"position":2},"title":"Gire hacia el centro de informaci\u00f3n tur\u00edstica.","author":"Mats Thorburn","date":"7 junio 2013","format":false,"excerpt":"\u00bfQuiere saber m\u00e1s y obtener consejos personalizados sobre Fj\u00e4rdhundraland? Visite el Centro de Informaci\u00f3n Tur\u00edstica Fj\u00e4rdhundraland, en G\u00e4stre, justo al sur de Fj\u00e4rdhundra por la carretera 70 Enk\u00f6ping-Sala. A partir de hoy, 7 de junio, abre los viernes y s\u00e1bados de 12 a 16 (hasta el 7 de septiembre, con algunas excepciones - consulte el sitio web). \u00a1Bienvenido a un poco de informaci\u00f3n tur\u00edstica personalizada!","rel":"","context":"En \u00ab\u00c4ldre inl\u00e4gg\u00bb","block_context":{"text":"\u00c4ldre inl\u00e4gg","link":"https:\/\/www.fjardhundraland.se\/es\/aldre-inlagg\/"},"img":{"alt_text":"OLYMPUS DIGITAL CAMERA","src":"https:\/\/i0.wp.com\/www.fjardhundraland.se\/wp-content\/uploads\/2013\/06\/turistskylt.jpg?resize=350%2C200&ssl=1","width":350,"height":200,"srcset":"https:\/\/i0.wp.com\/www.fjardhundraland.se\/wp-content\/uploads\/2013\/06\/turistskylt.jpg?resize=350%2C200&ssl=1 1x, https:\/\/i0.wp.com\/www.fjardhundraland.se\/wp-content\/uploads\/2013\/06\/turistskylt.jpg?resize=525%2C300&ssl=1 1.5x, https:\/\/i0.wp.com\/www.fjardhundraland.se\/wp-content\/uploads\/2013\/06\/turistskylt.jpg?resize=700%2C400&ssl=1 2x, https:\/\/i0.wp.com\/www.fjardhundraland.se\/wp-content\/uploads\/2013\/06\/turistskylt.jpg?resize=1050%2C600&ssl=1 3x, https:\/\/i0.wp.com\/www.fjardhundraland.se\/wp-content\/uploads\/2013\/06\/turistskylt.jpg?resize=1400%2C800&ssl=1 4x"},"classes":[]},{"id":1440,"url":"https:\/\/www.fjardhundraland.se\/es\/externt\/2013\/hostmarknad-i-dunderbo-2\/","url_meta":{"origin":31,"position":3},"title":"Mercado de oto\u00f1o en Dunderbo","author":"Ylva Fontell","date":"9 septiembre 2013","format":false,"excerpt":"14-15 de septiembre es el mercado de oto\u00f1o en Dunderbo velas y artesan\u00edas con miel, mermelada, manzanas, setas y un mont\u00f3n de artesan\u00edas. Se servir\u00e1 caf\u00e9 y pasteles caseros y ambos d\u00edas se podr\u00e1 dar un paseo guiado por el Sendero de la Guerra a las 13.00. El mercado abre de 10.00 a 16.00. El programa completo est\u00e1 disponible en www.dunderbohantverk.se.","rel":"","context":"En \u00ab\u00c4ldre inl\u00e4gg\u00bb","block_context":{"text":"\u00c4ldre inl\u00e4gg","link":"https:\/\/www.fjardhundraland.se\/es\/aldre-inlagg\/"},"img":{"alt_text":"","src":"","width":0,"height":0},"classes":[]},{"id":3604,"url":"https:\/\/www.fjardhundraland.se\/es\/inlagg\/2016\/vad-tyckte-du-om-mat-manniskor\/","url_meta":{"origin":31,"position":4},"title":"\u00bfQu\u00e9 le ha parecido Food &amp; People?","author":"Mats Thorburn","date":"25 septiembre 2016","format":false,"excerpt":"\u00bfHas tenido un buen d\u00eda en Fj\u00e4rdhundraland? Dinos lo que piensas aqu\u00ed. Tres ganadores recibir\u00e1n alimentos producidos localmente. Ya es demasiado tarde para participar en el concurso, pero a\u00fan puedes decirnos qu\u00e9 te parece. Los ganadores ya han recibido sus premios. \u00a1Enhorabuena a los ganadores!","rel":"","context":"En \u00ab\u00c4ldre inl\u00e4gg\u00bb","block_context":{"text":"\u00c4ldre inl\u00e4gg","link":"https:\/\/www.fjardhundraland.se\/es\/aldre-inlagg\/"},"img":{"alt_text":"","src":"https:\/\/i0.wp.com\/www.fjardhundraland.se\/wp-content\/uploads\/2016\/09\/mmfb.jpg?resize=350%2C200&ssl=1","width":350,"height":200,"srcset":"https:\/\/i0.wp.com\/www.fjardhundraland.se\/wp-content\/uploads\/2016\/09\/mmfb.jpg?resize=350%2C200&ssl=1 1x, https:\/\/i0.wp.com\/www.fjardhundraland.se\/wp-content\/uploads\/2016\/09\/mmfb.jpg?resize=525%2C300&ssl=1 1.5x, https:\/\/i0.wp.com\/www.fjardhundraland.se\/wp-content\/uploads\/2016\/09\/mmfb.jpg?resize=700%2C400&ssl=1 2x, https:\/\/i0.wp.com\/www.fjardhundraland.se\/wp-content\/uploads\/2016\/09\/mmfb.jpg?resize=1050%2C600&ssl=1 3x"},"classes":[]},{"id":5226,"url":"https:\/\/www.fjardhundraland.se\/es\/upplevelser\/2018\/filmsommar-pa-gamla-bion\/","url_meta":{"origin":31,"position":5},"title":"Verano de cine en Gamla Bion","author":"Ylva Fontell","date":"27 junio 2018","format":false,"excerpt":"Vaya, \u00a1qu\u00e9 verano de pel\u00edculas nos espera! El Old Cinema de \u00d6rsundsbro ha preparado un extenso programa de pel\u00edculas nuevas de calidad, complementado con la novedad de este a\u00f1o, la Semana de los Cl\u00e1sicos. El calendario de eventos presenta todas las pel\u00edculas con m\u00e1s detalle, pero aqu\u00ed tiene un adelanto: 3\/7 Aquarius, 10\/7 Three Billboards outside Ebbing, Missouri, 17\/7 Loving Vincent, 24\/7 Amateurs, 31\/7...","rel":"","context":"En \u00ab\u00c4ldre inl\u00e4gg\u00bb","block_context":{"text":"\u00c4ldre inl\u00e4gg","link":"https:\/\/www.fjardhundraland.se\/es\/aldre-inlagg\/"},"img":{"alt_text":"Gamla bion i \u00d6rsundsbro","src":"https:\/\/i0.wp.com\/www.fjardhundraland.se\/wp-content\/uploads\/2017\/02\/gamla-bion.jpg?resize=350%2C200&ssl=1","width":350,"height":200,"srcset":"https:\/\/i0.wp.com\/www.fjardhundraland.se\/wp-content\/uploads\/2017\/02\/gamla-bion.jpg?resize=350%2C200&ssl=1 1x, https:\/\/i0.wp.com\/www.fjardhundraland.se\/wp-content\/uploads\/2017\/02\/gamla-bion.jpg?resize=525%2C300&ssl=1 1.5x, https:\/\/i0.wp.com\/www.fjardhundraland.se\/wp-content\/uploads\/2017\/02\/gamla-bion.jpg?resize=700%2C400&ssl=1 2x, https:\/\/i0.wp.com\/www.fjardhundraland.se\/wp-content\/uploads\/2017\/02\/gamla-bion.jpg?resize=1050%2C600&ssl=1 3x, https:\/\/i0.wp.com\/www.fjardhundraland.se\/wp-content\/uploads\/2017\/02\/gamla-bion.jpg?resize=1400%2C800&ssl=1 4x"},"classes":[]}],"jetpack_sharing_enabled":true,"_links":{"self":[{"href":"https:\/\/www.fjardhundraland.se\/es\/wp-json\/wp\/v2\/posts\/31","targetHints":{"allow":["GET"]}}],"collection":[{"href":"https:\/\/www.fjardhundraland.se\/es\/wp-json\/wp\/v2\/posts"}],"about":[{"href":"https:\/\/www.fjardhundraland.se\/es\/wp-json\/wp\/v2\/types\/post"}],"author":[{"embeddable":true,"href":"https:\/\/www.fjardhundraland.se\/es\/wp-json\/wp\/v2\/users\/1"}],"replies":[{"embeddable":true,"href":"https:\/\/www.fjardhundraland.se\/es\/wp-json\/wp\/v2\/comments?post=31"}],"version-history":[{"count":1,"href":"https:\/\/www.fjardhundraland.se\/es\/wp-json\/wp\/v2\/posts\/31\/revisions"}],"predecessor-version":[{"id":19776,"href":"https:\/\/www.fjardhundraland.se\/es\/wp-json\/wp\/v2\/posts\/31\/revisions\/19776"}],"wp:attachment":[{"href":"https:\/\/www.fjardhundraland.se\/es\/wp-json\/wp\/v2\/media?parent=31"}],"wp:term":[{"taxonomy":"category","embeddable":true,"href":"https:\/\/www.fjardhundraland.se\/es\/wp-json\/wp\/v2\/categories?post=31"},{"taxonomy":"post_tag","embeddable":true,"href":"https:\/\/www.fjardhundraland.se\/es\/wp-json\/wp\/v2\/tags?post=31"}],"curies":[{"name":"wp","href":"https:\/\/api.w.org\/{rel}","templated":true}]}}