
{"id":3022,"date":"2021-06-30T15:56:00","date_gmt":"2021-06-30T13:56:00","guid":{"rendered":"http:\/\/www.fjardhundraland.se\/?p=3022"},"modified":"2026-02-05T13:58:37","modified_gmt":"2026-02-05T12:58:37","slug":"hacerse-miembro","status":"publish","type":"post","link":"https:\/\/www.fjardhundraland.se\/es\/externt\/2021\/kom-med-bli-medlem\/","title":{"rendered":"\u00a1\u00danete al Fj\u00e4rdhundraland!"},"content":{"rendered":"<p><strong>Quieres ayudar a desarrollar un destino para los visitantes del ma\u00f1ana? Desde 2011, Fj\u00e4rdhundraland trabaja para construir una zona de turismo rural de alta calidad en el \u00e1rea comprendida entre Estocolmo-Enk\u00f6ping-Str\u00e4ngn\u00e4s-V\u00e4ster\u00e5s-Sala-Uppsala. Hacemos hincapi\u00e9 en la naturaleza y el campo a peque\u00f1a escala y genuinos, cerca de la gran ciudad.&nbsp;<\/strong><\/p>\n\n\n\n<p><strong>Fj\u00e4rdhundraland<\/strong>&nbsp;es salir al campo, a la naturaleza, a la tranquilidad. El visitante al que nos dirigimos busca una experiencia peque\u00f1a y aut\u00e9ntica, no a gran escala y racionalizada.<\/p>\n\n\n\n<p>Fj\u00e4rdhundraland est\u00e1 creciendo org\u00e1nicamente, con el aumento de la densidad de los puntos en el mapa y la adici\u00f3n de otros nuevos en los bordes de la zona.<\/p>\n\n\n\n<p>\u00bfQuieres ayudar a desarrollar el turismo rural en la zona? \u00danase a nosotros. Trabajar juntos nos fortalece a todos y hace que sea mejor para el visitante.<\/p>\n\n\n\n<h2 class=\"wp-block-heading\">Miembro del Parlamento Europeo<\/h2>\n\n\n\n<p><strong>\u00bfQuiere participar plenamente?<\/strong> Cuando te conviertes en miembro de pleno derecho, participas en las actividades de la asociaci\u00f3n y te beneficias del marketing que \u00e9sta sufraga. Puede participar en nuestros eventos, como la Ronda Rebus, Food &amp; People, la Ronda del Rastro y Tuva &amp; T\u00e4ppa. Podr\u00e1s utilizar el logotipo y los carteles de la asociaci\u00f3n para mostrar que eres una de las atracciones de la zona. Tambi\u00e9n pasar\u00e1 a formar parte de una vibrante red que le brindar\u00e1 nuevas oportunidades de negocio y nuevas asociaciones. Cooperando y participando en el desarrollo, influir\u00e1s tanto en el futuro de tu propio negocio como en el de la comunidad en la que vives.<\/p>\n\n\n\n<p><a href=\"https:\/\/docs.google.com\/forms\/d\/1lmu7elNURv-f8WGdf5dA4tQK4BN85xkYL_j-1j53cnc\/viewform?ts=6040cdb5&amp;gxids=7628&amp;edit_requested=true\" target=\"_blank\" rel=\"noreferrer noopener\">Rellene aqu\u00ed el formulario de solicitud de afiliaci\u00f3n.<\/a><\/p>\n\n\n\n<h2 class=\"wp-block-heading\">Socio colaborador<\/h2>\n\n\n\n<p><strong>\u00bfLe gusta lo que hacemos?<\/strong> \u00bfQuiere apoyar los esfuerzos para revitalizar las zonas rurales a trav\u00e9s del turismo y la cooperaci\u00f3n reforzada? \u00bfLe gusta la comida, la cultura, la naturaleza y la historia locales? Entonces deber\u00eda hacerse <strong>miembro de apoyo<\/strong>.<\/p>\n\n\n\n<p><a href=\"https:\/\/docs.google.com\/forms\/d\/1lmu7elNURv-f8WGdf5dA4tQK4BN85xkYL_j-1j53cnc\/viewform?ts=6040cdb5&amp;gxids=7628&amp;edit_requested=true\" target=\"_blank\" rel=\"noopener\">Rellene aqu\u00ed el formulario de solicitud de afiliaci\u00f3n.<\/a><\/p>\n\n\n\n<h2 class=\"wp-block-heading\">\u00bfQui\u00e9n puede afiliarse?<\/h2>\n\n\n\n<p><strong>Socio colaborador<\/strong> Cualquiera a quien le guste lo que hacemos puede convertirse en uno de ellos. Quiz\u00e1 te apasione tu localidad y quieras verla desarrollarse, o quiz\u00e1 vivas fuera de la zona pero quieras venir aqu\u00ed a comprar productos locales y disfrutar de la naturaleza. O tal vez conozca su historia y quiera ayudar a contarla.<\/p>\n\n\n\n<p><strong>Miembro titular<\/strong> Si tiene un negocio en el campo, o si quiere recibir visitantes en una organizaci\u00f3n, por ejemplo. \u00a1Incluso usted que es peque\u00f1o es una atracci\u00f3n! Al reunir a mucha gente en la zona de V\u00e4ster\u00e5s-Sala-Uppsala-Enk\u00f6ping-Estocolmo, tenemos grandes oportunidades de trabajar juntos para crear la atracci\u00f3n tur\u00edstica que desean los visitantes. Para ello, facilitamos la b\u00fasqueda a los visitantes, animamos a nuestros miembros a trabajar juntos y organizamos eventos y actividades de marketing conjuntos.<\/p>\n\n\n\n<p>\u00bfSu empresa est\u00e1 en una ciudad? Entonces puede hacerse miembro si trabaja con productos de producci\u00f3n local de otros Fj\u00e4rdhundraland o si trabaja de alguna otra forma para el desarrollo de Fj\u00e4rdhundraland. D\u00e9 sus razones cuando presente su solicitud.<\/p>\n\n\n\n<p><strong>De nada.&nbsp;<\/strong><\/p>\n\n\n\n<p><strong><a href=\"https:\/\/docs.google.com\/forms\/d\/1lmu7elNURv-f8WGdf5dA4tQK4BN85xkYL_j-1j53cnc\/viewform?ts=6040cdb5&amp;gxids=7628&amp;edit_requested=true\" target=\"_blank\" rel=\"noopener\">Inscr\u00edbete aqu\u00ed<\/a><\/strong><\/p>\n\n\n\n<h2 class=\"wp-block-heading\">\u00bfQu\u00e9 obtengo como afiliado?<\/h2>\n\n\n\n<ul class=\"wp-block-list\">\n<li>Acceso a los grupos de clientes Fj\u00e4rdhundraland<\/li>\n\n\n\n<li>Acceso a la red de empresarios tur\u00edsticos, asociaciones y destinos afines<\/li>\n\n\n\n<li>Oportunidades de participar en eventos Fj\u00e4rdhundraland, tales como <a href=\"https:\/\/www.fjardhundraland.se\/es\/eventos\/\" data-type=\"page\" data-id=\"2163\">las rondas<\/a><\/li>\n\n\n\n<li>Una p\u00e1gina en fjardhundraland.se<\/li>\n\n\n\n<li>Participaci\u00f3n en el mapa en papel<\/li>\n\n\n\n<li><a href=\"https:\/\/www.fjardhundraland.se\/es\/2023\/04\/revista-fjardhundraland-2023-24\/\" data-type=\"post\" data-id=\"10366\">Revista Fj\u00e4rdhundralands<\/a>gratuito, que comparte buenas pr\u00e1cticas sobre el terreno<\/li>\n\n\n\n<li>Anuncio con descuento en la revista<\/li>\n<\/ul>\n\n\n\n<h2 class=\"wp-block-heading\">La cooperaci\u00f3n es la clave<\/h2>\n\n\n\n<p>- No somos competidores, aunque hagamos cosas parecidas muy cerca. Podemos aprender unos de otros, nos atraemos mutuamente y hay suficientes visitantes para todos. Aprecian que nos recomendemos y cooperemos.<\/p>\n\n\n\n<p>- Hay muchos bienes y servicios a tu alcance. Util\u00edcelos. Los visitantes lo ven, y les gusta que utilicemos los bienes de los dem\u00e1s. Tambi\u00e9n es m\u00e1s f\u00e1cil promocionarte cuando demuestras que cooperas activamente con otros en Fj\u00e4rdhundraland.<\/p>\n\n\n\n<div class=\"wp-block-jetpack-tiled-gallery aligncenter is-style-rectangular\"><div class=\"tiled-gallery__gallery\"><div class=\"tiled-gallery__row\"><div class=\"tiled-gallery__col\" style=\"flex-basis:100.00000%\"><figure class=\"tiled-gallery__item\"><img decoding=\"async\" data-attachment-id=\"2144\" data-permalink=\"https:\/\/www.fjardhundraland.se\/es\/cropped-detsusar-jpg\/\" data-orig-file=\"https:\/\/www.fjardhundraland.se\/wp-content\/uploads\/2014\/03\/cropped-detsusar.jpg\" data-orig-size=\"900,300\" data-comments-opened=\"0\" data-image-meta=\"{&quot;aperture&quot;:&quot;0&quot;,&quot;credit&quot;:&quot;&quot;,&quot;camera&quot;:&quot;&quot;,&quot;caption&quot;:&quot;&quot;,&quot;created_timestamp&quot;:&quot;0&quot;,&quot;copyright&quot;:&quot;&quot;,&quot;focal_length&quot;:&quot;0&quot;,&quot;iso&quot;:&quot;0&quot;,&quot;shutter_speed&quot;:&quot;0&quot;,&quot;title&quot;:&quot;&quot;,&quot;orientation&quot;:&quot;0&quot;}\" data-image-title=\"cropped-detsusar.jpg\" data-image-description=\"&lt;p&gt;https:\/\/www.fjardhundraland.se\/wp-content\/uploads\/2014\/03\/cropped-detsusar.jpg&lt;\/p&gt;\" data-image-caption=\"\" data-large-file=\"https:\/\/www.fjardhundraland.se\/wp-content\/uploads\/2014\/03\/cropped-detsusar.jpg\" role=\"button\" tabindex=\"0\" aria-label=\"Abrir la imagen 1 de 7 en pantalla completa\" srcset=\"https:\/\/i1.wp.com\/www.fjardhundraland.se\/wp-content\/uploads\/2014\/03\/cropped-detsusar.jpg?strip=info&#038;w=600&#038;ssl=1 600w,https:\/\/i1.wp.com\/www.fjardhundraland.se\/wp-content\/uploads\/2014\/03\/cropped-detsusar.jpg?strip=info&#038;w=900&#038;ssl=1 900w\" alt=\"\" data-height=\"300\" data-id=\"2144\" data-link=\"https:\/\/www.fjardhundraland.se\/cropped-detsusar-jpg\/\" data-url=\"https:\/\/www.fjardhundraland.se\/wp-content\/uploads\/2014\/03\/cropped-detsusar.jpg\" data-width=\"900\" src=\"https:\/\/i1.wp.com\/www.fjardhundraland.se\/wp-content\/uploads\/2014\/03\/cropped-detsusar.jpg?ssl=1\" data-amp-layout=\"responsive\" title=\"\"><\/figure><\/div><\/div><div class=\"tiled-gallery__row\"><div class=\"tiled-gallery__col\" style=\"flex-basis:21.60950%\"><figure class=\"tiled-gallery__item\"><img decoding=\"async\" data-attachment-id=\"2914\" data-permalink=\"https:\/\/www.fjardhundraland.se\/es\/plats\/malby-tradgard\/attachment\/hp-2-152\/\" data-orig-file=\"https:\/\/www.fjardhundraland.se\/wp-content\/uploads\/2014\/02\/hp-2-152.jpg\" data-orig-size=\"1542,2048\" data-comments-opened=\"0\" data-image-meta=\"{&quot;aperture&quot;:&quot;0&quot;,&quot;credit&quot;:&quot;&quot;,&quot;camera&quot;:&quot;&quot;,&quot;caption&quot;:&quot;&quot;,&quot;created_timestamp&quot;:&quot;0&quot;,&quot;copyright&quot;:&quot;&quot;,&quot;focal_length&quot;:&quot;0&quot;,&quot;iso&quot;:&quot;0&quot;,&quot;shutter_speed&quot;:&quot;0&quot;,&quot;title&quot;:&quot;&quot;,&quot;orientation&quot;:&quot;0&quot;}\" data-image-title=\"Per Johansson, M\u00e4lby tr\u00e4dg\u00e5rd\" data-image-description=\"\" data-image-caption=\"\" data-large-file=\"https:\/\/www.fjardhundraland.se\/wp-content\/uploads\/2014\/02\/hp-2-152.jpg\" role=\"button\" tabindex=\"0\" aria-label=\"Abrir la imagen 2 de 7 en pantalla completa\" srcset=\"https:\/\/i2.wp.com\/www.fjardhundraland.se\/wp-content\/uploads\/2014\/02\/hp-2-152-904x1200.jpg?strip=info&#038;w=600&#038;ssl=1 600w,https:\/\/i2.wp.com\/www.fjardhundraland.se\/wp-content\/uploads\/2014\/02\/hp-2-152-904x1200.jpg?strip=info&#038;w=900&#038;ssl=1 900w,https:\/\/i2.wp.com\/www.fjardhundraland.se\/wp-content\/uploads\/2014\/02\/hp-2-152-904x1200.jpg?strip=info&#038;w=1200&#038;ssl=1 1200w,https:\/\/i2.wp.com\/www.fjardhundraland.se\/wp-content\/uploads\/2014\/02\/hp-2-152-904x1200.jpg?strip=info&#038;w=1500&#038;ssl=1 1500w,https:\/\/i2.wp.com\/www.fjardhundraland.se\/wp-content\/uploads\/2014\/02\/hp-2-152-904x1200.jpg?strip=info&#038;w=1542&#038;ssl=1 1542w\" alt=\"Per Johansson, jard\u00edn de M\u00e4lby\" data-height=\"2048\" data-id=\"2914\" data-link=\"https:\/\/www.fjardhundraland.se\/plats\/malby-tradgard\/hp-2-152\/\" data-url=\"https:\/\/www.fjardhundraland.se\/wp-content\/uploads\/2014\/02\/hp-2-152-904x1200.jpg\" data-width=\"1542\" src=\"https:\/\/i2.wp.com\/www.fjardhundraland.se\/wp-content\/uploads\/2014\/02\/hp-2-152-904x1200.jpg?ssl=1\" data-amp-layout=\"responsive\" title=\"\"><\/figure><\/div><div class=\"tiled-gallery__col\" style=\"flex-basis:38.18547%\"><figure class=\"tiled-gallery__item\"><img decoding=\"async\" data-attachment-id=\"2069\" data-permalink=\"https:\/\/www.fjardhundraland.se\/es\/?attachment_id=2069\" data-orig-file=\"https:\/\/www.fjardhundraland.se\/wp-content\/uploads\/2014\/03\/DSC024621-300x225.jpg\" data-orig-size=\"300,225\" data-comments-opened=\"0\" data-image-meta=\"{&quot;aperture&quot;:&quot;0&quot;,&quot;credit&quot;:&quot;&quot;,&quot;camera&quot;:&quot;&quot;,&quot;caption&quot;:&quot;&quot;,&quot;created_timestamp&quot;:&quot;0&quot;,&quot;copyright&quot;:&quot;&quot;,&quot;focal_length&quot;:&quot;0&quot;,&quot;iso&quot;:&quot;0&quot;,&quot;shutter_speed&quot;:&quot;0&quot;,&quot;title&quot;:&quot;&quot;,&quot;orientation&quot;:&quot;0&quot;}\" data-image-title=\"Trehastar\" data-image-description=\"\" data-image-caption=\"\" data-large-file=\"https:\/\/www.fjardhundraland.se\/wp-content\/uploads\/2014\/03\/DSC024621-300x225.jpg\" role=\"button\" tabindex=\"0\" aria-label=\"Abrir la imagen 3 de 7 en pantalla completa\" srcset=\"https:\/\/i1.wp.com\/www.fjardhundraland.se\/wp-content\/uploads\/2014\/03\/DSC024621-300x225.jpg?strip=info&#038;w=300&#038;ssl=1 300w\" alt=\"\" data-height=\"225\" data-id=\"2069\" data-link=\"https:\/\/www.fjardhundraland.se\/?attachment_id=2069\" data-url=\"https:\/\/www.fjardhundraland.se\/wp-content\/uploads\/2014\/03\/DSC024621-300x225.jpg\" data-width=\"300\" src=\"https:\/\/i1.wp.com\/www.fjardhundraland.se\/wp-content\/uploads\/2014\/03\/DSC024621-300x225.jpg?ssl=1\" data-amp-layout=\"responsive\" title=\"\"><\/figure><\/div><div class=\"tiled-gallery__col\" style=\"flex-basis:19.15518%\"><figure class=\"tiled-gallery__item\"><img decoding=\"async\" data-attachment-id=\"2410\" data-permalink=\"https:\/\/www.fjardhundraland.se\/es\/evenemang-rundor\/rebusrundan10\/attachment\/2012-08-12-at-15-11-13-3\/\" data-orig-file=\"https:\/\/www.fjardhundraland.se\/wp-content\/uploads\/2014\/06\/2012-08-12-at-15-11-13-3.jpg\" data-orig-size=\"1366,2048\" data-comments-opened=\"0\" data-image-meta=\"{&quot;aperture&quot;:&quot;5&quot;,&quot;credit&quot;:&quot;&quot;,&quot;camera&quot;:&quot;Canon EOS 50D&quot;,&quot;caption&quot;:&quot;&quot;,&quot;created_timestamp&quot;:&quot;1344784273&quot;,&quot;copyright&quot;:&quot;&quot;,&quot;focal_length&quot;:&quot;35&quot;,&quot;iso&quot;:&quot;400&quot;,&quot;shutter_speed&quot;:&quot;0.016666666666667&quot;,&quot;title&quot;:&quot;&quot;,&quot;orientation&quot;:&quot;1&quot;}\" data-image-title=\"2012-08-12 at 15-11-13 (3)\" data-image-description=\"\" data-image-caption=\"\" data-large-file=\"https:\/\/www.fjardhundraland.se\/wp-content\/uploads\/2014\/06\/2012-08-12-at-15-11-13-3.jpg\" role=\"button\" tabindex=\"0\" aria-label=\"Abrir la imagen 4 de 7 en pantalla completa\" srcset=\"https:\/\/i0.wp.com\/www.fjardhundraland.se\/wp-content\/uploads\/2014\/06\/2012-08-12-at-15-11-13-3-800x1200.jpg?strip=info&#038;w=600&#038;ssl=1 600w,https:\/\/i0.wp.com\/www.fjardhundraland.se\/wp-content\/uploads\/2014\/06\/2012-08-12-at-15-11-13-3-800x1200.jpg?strip=info&#038;w=900&#038;ssl=1 900w,https:\/\/i0.wp.com\/www.fjardhundraland.se\/wp-content\/uploads\/2014\/06\/2012-08-12-at-15-11-13-3-800x1200.jpg?strip=info&#038;w=1200&#038;ssl=1 1200w,https:\/\/i0.wp.com\/www.fjardhundraland.se\/wp-content\/uploads\/2014\/06\/2012-08-12-at-15-11-13-3-800x1200.jpg?strip=info&#038;w=1366&#038;ssl=1 1366w\" alt=\"\" data-height=\"2048\" data-id=\"2410\" data-link=\"https:\/\/www.fjardhundraland.se\/evenemang\/rebusrundan10\/2012-08-12-at-15-11-13-3\/\" data-url=\"https:\/\/www.fjardhundraland.se\/wp-content\/uploads\/2014\/06\/2012-08-12-at-15-11-13-3-800x1200.jpg\" data-width=\"1366\" src=\"https:\/\/i0.wp.com\/www.fjardhundraland.se\/wp-content\/uploads\/2014\/06\/2012-08-12-at-15-11-13-3-800x1200.jpg?ssl=1\" data-amp-layout=\"responsive\" title=\"\"><\/figure><\/div><div class=\"tiled-gallery__col\" style=\"flex-basis:21.04984%\"><figure class=\"tiled-gallery__item\"><img decoding=\"async\" data-attachment-id=\"2373\" data-permalink=\"https:\/\/www.fjardhundraland.se\/es\/?attachment_id=2373\" data-orig-file=\"https:\/\/www.fjardhundraland.se\/wp-content\/uploads\/2014\/06\/Sussis-5.jpg\" data-orig-size=\"704,960\" data-comments-opened=\"0\" data-image-meta=\"{&quot;aperture&quot;:&quot;0&quot;,&quot;credit&quot;:&quot;&quot;,&quot;camera&quot;:&quot;&quot;,&quot;caption&quot;:&quot;&quot;,&quot;created_timestamp&quot;:&quot;0&quot;,&quot;copyright&quot;:&quot;&quot;,&quot;focal_length&quot;:&quot;0&quot;,&quot;iso&quot;:&quot;0&quot;,&quot;shutter_speed&quot;:&quot;0&quot;,&quot;title&quot;:&quot;&quot;,&quot;orientation&quot;:&quot;0&quot;}\" data-image-title=\"Sussis-5\" data-image-description=\"\" data-image-caption=\"\" data-large-file=\"https:\/\/www.fjardhundraland.se\/wp-content\/uploads\/2014\/06\/Sussis-5.jpg\" role=\"button\" tabindex=\"0\" aria-label=\"Abrir la imagen 5 de 7 en pantalla completa\" srcset=\"https:\/\/i2.wp.com\/www.fjardhundraland.se\/wp-content\/uploads\/2014\/06\/Sussis-5.jpg?strip=info&#038;w=600&#038;ssl=1 600w,https:\/\/i2.wp.com\/www.fjardhundraland.se\/wp-content\/uploads\/2014\/06\/Sussis-5.jpg?strip=info&#038;w=704&#038;ssl=1 704w\" alt=\"\" data-height=\"960\" data-id=\"2373\" data-link=\"https:\/\/www.fjardhundraland.se\/plats\/sussis-gardsbageri\/sussis-5\/\" data-url=\"https:\/\/www.fjardhundraland.se\/wp-content\/uploads\/2014\/06\/Sussis-5.jpg\" data-width=\"704\" src=\"https:\/\/i2.wp.com\/www.fjardhundraland.se\/wp-content\/uploads\/2014\/06\/Sussis-5.jpg?ssl=1\" data-amp-layout=\"responsive\" title=\"\"><\/figure><\/div><\/div><div class=\"tiled-gallery__row\"><div class=\"tiled-gallery__col\" style=\"flex-basis:49.95636%\"><figure class=\"tiled-gallery__item\"><img decoding=\"async\" data-attachment-id=\"2353\" data-permalink=\"https:\/\/www.fjardhundraland.se\/es\/plats\/alsta-tradgardar\/attachment\/alsta-14\/\" data-orig-file=\"https:\/\/www.fjardhundraland.se\/wp-content\/uploads\/2014\/05\/alsta-14.jpg\" data-orig-size=\"2000,1333\" data-comments-opened=\"0\" data-image-meta=\"{&quot;aperture&quot;:&quot;5.6&quot;,&quot;credit&quot;:&quot;&quot;,&quot;camera&quot;:&quot;Canon EOS 50D&quot;,&quot;caption&quot;:&quot;&quot;,&quot;created_timestamp&quot;:&quot;1400932626&quot;,&quot;copyright&quot;:&quot;&quot;,&quot;focal_length&quot;:&quot;50&quot;,&quot;iso&quot;:&quot;100&quot;,&quot;shutter_speed&quot;:&quot;0.005&quot;,&quot;title&quot;:&quot;&quot;,&quot;orientation&quot;:&quot;0&quot;}\" data-image-title=\"alsta-14\" data-image-description=\"\" data-image-caption=\"\" data-large-file=\"https:\/\/www.fjardhundraland.se\/wp-content\/uploads\/2014\/05\/alsta-14.jpg\" role=\"button\" tabindex=\"0\" aria-label=\"Abrir la imagen 6 de 7 en pantalla completa\" srcset=\"https:\/\/i2.wp.com\/www.fjardhundraland.se\/wp-content\/uploads\/2014\/05\/alsta-14-1200x800.jpg?strip=info&#038;w=600&#038;ssl=1 600w,https:\/\/i2.wp.com\/www.fjardhundraland.se\/wp-content\/uploads\/2014\/05\/alsta-14-1200x800.jpg?strip=info&#038;w=900&#038;ssl=1 900w,https:\/\/i2.wp.com\/www.fjardhundraland.se\/wp-content\/uploads\/2014\/05\/alsta-14-1200x800.jpg?strip=info&#038;w=1200&#038;ssl=1 1200w,https:\/\/i2.wp.com\/www.fjardhundraland.se\/wp-content\/uploads\/2014\/05\/alsta-14-1200x800.jpg?strip=info&#038;w=1500&#038;ssl=1 1500w,https:\/\/i2.wp.com\/www.fjardhundraland.se\/wp-content\/uploads\/2014\/05\/alsta-14-1200x800.jpg?strip=info&#038;w=1800&#038;ssl=1 1800w,https:\/\/i2.wp.com\/www.fjardhundraland.se\/wp-content\/uploads\/2014\/05\/alsta-14-1200x800.jpg?strip=info&#038;w=2000&#038;ssl=1 2000w\" alt=\"\" data-height=\"1333\" data-id=\"2353\" data-link=\"https:\/\/www.fjardhundraland.se\/plats\/alsta-tradgardar\/alsta-14\/\" data-url=\"https:\/\/www.fjardhundraland.se\/wp-content\/uploads\/2014\/05\/alsta-14-1200x800.jpg\" data-width=\"2000\" src=\"https:\/\/i2.wp.com\/www.fjardhundraland.se\/wp-content\/uploads\/2014\/05\/alsta-14-1200x800.jpg?ssl=1\" data-amp-layout=\"responsive\" title=\"\"><\/figure><\/div><div class=\"tiled-gallery__col\" style=\"flex-basis:50.04364%\"><figure class=\"tiled-gallery__item\"><img decoding=\"async\" data-attachment-id=\"1952\" data-permalink=\"https:\/\/www.fjardhundraland.se\/es\/?attachment_id=1952\" data-orig-file=\"https:\/\/www.fjardhundraland.se\/wp-content\/uploads\/2014\/03\/Vallgarn-getter1.jpg\" data-orig-size=\"750,499\" data-comments-opened=\"0\" data-image-meta=\"{&quot;aperture&quot;:&quot;0&quot;,&quot;credit&quot;:&quot;&quot;,&quot;camera&quot;:&quot;&quot;,&quot;caption&quot;:&quot;&quot;,&quot;created_timestamp&quot;:&quot;0&quot;,&quot;copyright&quot;:&quot;&quot;,&quot;focal_length&quot;:&quot;0&quot;,&quot;iso&quot;:&quot;0&quot;,&quot;shutter_speed&quot;:&quot;0&quot;,&quot;title&quot;:&quot;&quot;,&quot;orientation&quot;:&quot;0&quot;}\" data-image-title=\"Vallgarn-getter\" data-image-description=\"\" data-image-caption=\"\" data-large-file=\"https:\/\/www.fjardhundraland.se\/wp-content\/uploads\/2014\/03\/Vallgarn-getter1.jpg\" role=\"button\" tabindex=\"0\" aria-label=\"Abrir la imagen 7 de 7 en pantalla completa\" srcset=\"https:\/\/i0.wp.com\/www.fjardhundraland.se\/wp-content\/uploads\/2014\/03\/Vallgarn-getter1.jpg?strip=info&#038;w=600&#038;ssl=1 600w,https:\/\/i0.wp.com\/www.fjardhundraland.se\/wp-content\/uploads\/2014\/03\/Vallgarn-getter1.jpg?strip=info&#038;w=750&#038;ssl=1 750w\" alt=\"\" data-height=\"499\" data-id=\"1952\" data-link=\"https:\/\/www.fjardhundraland.se\/plats\/vallgarns-gardsmejeri\/vallgarn-getter-2\/\" data-url=\"https:\/\/www.fjardhundraland.se\/wp-content\/uploads\/2014\/03\/Vallgarn-getter1.jpg\" data-width=\"750\" src=\"https:\/\/i0.wp.com\/www.fjardhundraland.se\/wp-content\/uploads\/2014\/03\/Vallgarn-getter1.jpg?ssl=1\" data-amp-layout=\"responsive\" title=\"\"><\/figure><\/div><\/div><\/div><\/div>","protected":false},"excerpt":{"rendered":"<p>Vill du vara med och utveckla en destination f\u00f6r morgondagens bes\u00f6kare? Sedan 2011 arbetar Fj\u00e4rdhundraland med att bygga upp ett h\u00f6gkvalitativt omr\u00e5de f\u00f6r&nbsp;landsbygdsturism i omr\u00e5det mellan Stockholm\u2013Enk\u00f6ping\u2013Str\u00e4ngn\u00e4s\u2013V\u00e4ster\u00e5s\u2013Sala\u2013Uppsala. Vi lyfter fram det sm\u00e5skaliga&nbsp;och genuina i natur och landsbygd, n\u00e4ra storstaden.&nbsp; Fj\u00e4rdhundraland&nbsp;handlar om att komma ut p\u00e5 landet, ut i naturen, ut i lugnet.&nbsp;Den bes\u00f6kare vi riktar [&hellip;]<\/p>\n","protected":false},"author":1,"featured_media":3044,"comment_status":"closed","ping_status":"closed","sticky":false,"template":"","format":"standard","meta":{"_acf_changed":false,"_relevanssi_hide_post":"","_relevanssi_hide_content":"","_relevanssi_pin_for_all":"","_relevanssi_pin_keywords":"","_relevanssi_unpin_keywords":"","_relevanssi_related_keywords":"","_relevanssi_related_include_ids":"","_relevanssi_related_exclude_ids":"","_relevanssi_related_no_append":"","_relevanssi_related_not_related":"","_relevanssi_related_posts":"12584,13560,10896,10783,8656,4786","_relevanssi_noindex_reason":"Rank Math Uteslut fr\u00e5n Relevanssi index","_genesis_hide_title":false,"_genesis_hide_breadcrumbs":false,"_genesis_hide_singular_image":false,"_genesis_hide_footer_widgets":false,"_genesis_custom_body_class":"","_genesis_custom_post_class":"","_genesis_layout":"","_jetpack_memberships_contains_paid_content":false,"footnotes":""},"categories":[18],"tags":[352,217,214],"class_list":{"0":"post-3022","1":"post","2":"type-post","3":"status-publish","4":"format-standard","5":"has-post-thumbnail","7":"category-externt","8":"tag-aldre-inlagg","9":"tag-bli-medlem","10":"tag-medlem","11":"entry"},"acf":[],"visa":null,"geo_latitude":null,"geo_longitude":null,"jetpack_featured_media_url":"https:\/\/www.fjardhundraland.se\/wp-content\/uploads\/2016\/03\/Fjardhundraland-marknad-smaka-pa-enkoping.jpg","featured_image_src":"https:\/\/www.fjardhundraland.se\/wp-content\/uploads\/2016\/03\/Fjardhundraland-marknad-smaka-pa-enkoping.jpg","featured_image_src_square":"https:\/\/www.fjardhundraland.se\/wp-content\/uploads\/2016\/03\/Fjardhundraland-marknad-smaka-pa-enkoping.jpg","author_info":{"display_name":"Mats Thorburn","author_link":"https:\/\/www.fjardhundraland.se\/es\/author\/matst\/"},"jetpack-related-posts":[{"id":3905,"url":"https:\/\/www.fjardhundraland.se\/es\/turismutveckling\/2017\/augmented-export\/","url_meta":{"origin":3022,"position":0},"title":"Exportaci\u00f3n aumentada - sobre comida, naturaleza y cultura","author":"Mats Thorburn","date":"11 febrero 2017","format":false,"excerpt":"\u00bfQu\u00e9 tipo de comida quieren los visitantes cuando visitan Escandinavia? \u00bfC\u00f3mo podemos aprovechar la calidad que tenemos para encontrar visitantes que quieran una estancia personalizada a peque\u00f1a escala en Suecia? Para responder a estas preguntas, estamos llevando a cabo un proyecto sobre la comida en combinaci\u00f3n con la naturaleza...","rel":"","context":"En \u00abTurismutveckling\u00bb","block_context":{"text":"Turismutveckling","link":"https:\/\/www.fjardhundraland.se\/es\/turismutveckling\/"},"img":{"alt_text":"","src":"","width":0,"height":0},"classes":[]},{"id":6357,"url":"https:\/\/www.fjardhundraland.se\/es\/turismutveckling\/2019\/turism-i-fjardhundrabygden\/","url_meta":{"origin":3022,"position":1},"title":"Turismo en Fj\u00e4rdhundrabygden","author":"Mats Thorburn","date":"1 octubre 2019","format":false,"excerpt":"Turismo en Fj\u00e4rdhundrabygden fue un proyecto Leader de tres a\u00f1os (con el apoyo de Leader Norra M\u00e4larstranden) destinado a promover y desarrollar el turismo rural al norte de Enk\u00f6ping. A pesar de unas condiciones favorables, con una hermosa naturaleza, una rica cultura, buenas conexiones de transporte y muchos productores locales de alimentos, la zona era pr\u00e1cticamente desconocida para los visitantes. El objetivo del proyecto era...","rel":"","context":"En \u00abTurismutveckling\u00bb","block_context":{"text":"Turismutveckling","link":"https:\/\/www.fjardhundraland.se\/es\/turismutveckling\/"},"img":{"alt_text":"Slutrapport Turism i Fj\u00e4rdhundrabygden","src":"https:\/\/i0.wp.com\/www.fjardhundraland.se\/wp-content\/uploads\/2019\/12\/slutrapportturism-i-fjardhundrabygden.jpg?resize=350%2C200&ssl=1","width":350,"height":200,"srcset":"https:\/\/i0.wp.com\/www.fjardhundraland.se\/wp-content\/uploads\/2019\/12\/slutrapportturism-i-fjardhundrabygden.jpg?resize=350%2C200&ssl=1 1x, https:\/\/i0.wp.com\/www.fjardhundraland.se\/wp-content\/uploads\/2019\/12\/slutrapportturism-i-fjardhundrabygden.jpg?resize=525%2C300&ssl=1 1.5x, https:\/\/i0.wp.com\/www.fjardhundraland.se\/wp-content\/uploads\/2019\/12\/slutrapportturism-i-fjardhundrabygden.jpg?resize=700%2C400&ssl=1 2x, https:\/\/i0.wp.com\/www.fjardhundraland.se\/wp-content\/uploads\/2019\/12\/slutrapportturism-i-fjardhundrabygden.jpg?resize=1050%2C600&ssl=1 3x, https:\/\/i0.wp.com\/www.fjardhundraland.se\/wp-content\/uploads\/2019\/12\/slutrapportturism-i-fjardhundrabygden.jpg?resize=1400%2C800&ssl=1 4x"},"classes":[]},{"id":4786,"url":"https:\/\/www.fjardhundraland.se\/es\/press\/2020\/fjardhundraland-drivkrafter-samarbete\/","url_meta":{"origin":3022,"position":2},"title":"Fj\u00e4rdhundraland - conductores y cooperaci\u00f3n","author":"Mats Thorburn","date":"31 octubre 2020","format":false,"excerpt":"\u00bfQu\u00e9 es Fj\u00e4rdhundraland? Fj\u00e4rdhundraland es un destino rural en la zona H\u00e5bo-Enk\u00f6ping-V\u00e4ster\u00e5s-Sala-Uppsala gestionado por Fj\u00e4rdhundraland ekonomisk f\u00f6rening. Fj\u00e4rdhundraland tiene su origen en un proyecto Leader 2009-2011 en Fj\u00e4rdhundrabygden. Cuando empez\u00f3, part\u00eda de cero: muy pocas empresas trabajaban con visitantes. Pero r\u00e1pidamente se hizo evidente que hab\u00eda una...","rel":"","context":"En \u00abPress\u00bb","block_context":{"text":"Press","link":"https:\/\/www.fjardhundraland.se\/es\/press\/"},"img":{"alt_text":"Fj\u00e4rdhundraland solnedg\u00e5ng","src":"https:\/\/i0.wp.com\/www.fjardhundraland.se\/wp-content\/uploads\/2017\/10\/fjardhundraland-solnedgang.jpg?resize=350%2C200&ssl=1","width":350,"height":200,"srcset":"https:\/\/i0.wp.com\/www.fjardhundraland.se\/wp-content\/uploads\/2017\/10\/fjardhundraland-solnedgang.jpg?resize=350%2C200&ssl=1 1x, https:\/\/i0.wp.com\/www.fjardhundraland.se\/wp-content\/uploads\/2017\/10\/fjardhundraland-solnedgang.jpg?resize=525%2C300&ssl=1 1.5x, https:\/\/i0.wp.com\/www.fjardhundraland.se\/wp-content\/uploads\/2017\/10\/fjardhundraland-solnedgang.jpg?resize=700%2C400&ssl=1 2x, https:\/\/i0.wp.com\/www.fjardhundraland.se\/wp-content\/uploads\/2017\/10\/fjardhundraland-solnedgang.jpg?resize=1050%2C600&ssl=1 3x, https:\/\/i0.wp.com\/www.fjardhundraland.se\/wp-content\/uploads\/2017\/10\/fjardhundraland-solnedgang.jpg?resize=1400%2C800&ssl=1 4x"},"classes":[]},{"id":3293,"url":"https:\/\/www.fjardhundraland.se\/es\/press\/2016\/tre-kafeer-fran-fjardhundraland-nya-white-guide\/","url_meta":{"origin":3022,"position":3},"title":"Tres caf\u00e9s Fj\u00e4rdhundraland en la nueva Gu\u00eda Blanca","author":"Mats Thorburn","date":"13 mayo 2016","format":false,"excerpt":"Ya se han dado a conocer los caf\u00e9s que formar\u00e1n parte de la edici\u00f3n de este a\u00f1o de la Gu\u00eda Blanca del Caf\u00e9. Anteriormente, nueve caf\u00e9s de Uppland han pasado por el ojo de la aguja, y este a\u00f1o se les unen nada menos que tres caf\u00e9s de Fj\u00e4rdhundraland. Son el caf\u00e9 Forsby kvarn, la panader\u00eda Kr\u00e5kvilan y la granja Resta...","rel":"","context":"En \u00abPress\u00bb","block_context":{"text":"Press","link":"https:\/\/www.fjardhundraland.se\/es\/press\/"},"img":{"alt_text":"Kr\u00e5kvilan Marianne","src":"https:\/\/i0.wp.com\/www.fjardhundraland.se\/wp-content\/uploads\/2014\/02\/Krakvilan_Marianne.jpg?resize=350%2C200&ssl=1","width":350,"height":200,"srcset":"https:\/\/i0.wp.com\/www.fjardhundraland.se\/wp-content\/uploads\/2014\/02\/Krakvilan_Marianne.jpg?resize=350%2C200&ssl=1 1x, https:\/\/i0.wp.com\/www.fjardhundraland.se\/wp-content\/uploads\/2014\/02\/Krakvilan_Marianne.jpg?resize=525%2C300&ssl=1 1.5x, https:\/\/i0.wp.com\/www.fjardhundraland.se\/wp-content\/uploads\/2014\/02\/Krakvilan_Marianne.jpg?resize=700%2C400&ssl=1 2x, https:\/\/i0.wp.com\/www.fjardhundraland.se\/wp-content\/uploads\/2014\/02\/Krakvilan_Marianne.jpg?resize=1050%2C600&ssl=1 3x, https:\/\/i0.wp.com\/www.fjardhundraland.se\/wp-content\/uploads\/2014\/02\/Krakvilan_Marianne.jpg?resize=1400%2C800&ssl=1 4x"},"classes":[]},{"id":6249,"url":"https:\/\/www.fjardhundraland.se\/es\/mat\/2019\/herrgard-i-fjardhundraland-soker-matmanniskor\/","url_meta":{"origin":3022,"position":4},"title":"Casa solariega busca gente para comer","author":"Mats Thorburn","date":"14 noviembre 2019","format":false,"excerpt":"Ya puede alquilar un local para restaurante, cafeter\u00eda y alojamiento en la mansi\u00f3n de Ribbingeb\u00e4ck, entre J\u00e4rl\u00e5sa y \u00d6rsundsbro, con una bonita cocina, un gran comedor y una ubicaci\u00f3n perfecta cerca de varias de las mejores atracciones y productores de Fj\u00e4rdhundraland. RB f\u00f6rvaltning, que desde oto\u00f1o de 2019 es propietaria de la mansi\u00f3n Ribbingeb\u00e4cks, busca inquilino para el edificio de la mansi\u00f3n. Los propietarios ...","rel":"","context":"En \u00abMat\u00bb","block_context":{"text":"Mat","link":"https:\/\/www.fjardhundraland.se\/es\/mat\/"},"img":{"alt_text":"","src":"https:\/\/i0.wp.com\/www.fjardhundraland.se\/wp-content\/uploads\/2019\/11\/ribbingebacc88ck.jpg?resize=350%2C200&ssl=1","width":350,"height":200,"srcset":"https:\/\/i0.wp.com\/www.fjardhundraland.se\/wp-content\/uploads\/2019\/11\/ribbingebacc88ck.jpg?resize=350%2C200&ssl=1 1x, https:\/\/i0.wp.com\/www.fjardhundraland.se\/wp-content\/uploads\/2019\/11\/ribbingebacc88ck.jpg?resize=525%2C300&ssl=1 1.5x, https:\/\/i0.wp.com\/www.fjardhundraland.se\/wp-content\/uploads\/2019\/11\/ribbingebacc88ck.jpg?resize=700%2C400&ssl=1 2x"},"classes":[]},{"id":3016,"url":"https:\/\/www.fjardhundraland.se\/es\/externt\/2016\/om-ett-borttappat-land\/","url_meta":{"origin":3022,"position":5},"title":"Sobre un \u201dpa\u00eds\u201d perdido\u201d","author":"Mats Thorburn","date":"20 febrero 2016","format":false,"excerpt":"Ena-H\u00e5bo Tidningen escribe en su secci\u00f3n de negocios sobre nuestros objetivos internos y c\u00f3mo colaboramos con el desarrollo tur\u00edstico. El titular era \"Fj\u00e4rdhundra - \u00bfLa Provenza sueca?\". No hab\u00eda espacio para el peque\u00f1o pa\u00eds. Nuestro trabajo no trata de Fj\u00e4rdhundra, sino de Fj\u00e4rdhundraland, que (como la ciudad de Fj\u00e4rdhundra) lleva el nombre del pa\u00eds popular medieval de Fj\u00e4drundaland. Hoy...","rel":"","context":"En \u00ab\u00c4ldre inl\u00e4gg\u00bb","block_context":{"text":"\u00c4ldre inl\u00e4gg","link":"https:\/\/www.fjardhundraland.se\/es\/aldre-inlagg\/"},"img":{"alt_text":"Artikel om Fj\u00e4rdhundraland i Ena-H\u00e5botidningen","src":"https:\/\/i0.wp.com\/www.fjardhundraland.se\/wp-content\/uploads\/2016\/02\/fjardhundraland-1024x739.jpg?resize=350%2C200&ssl=1","width":350,"height":200,"srcset":"https:\/\/i0.wp.com\/www.fjardhundraland.se\/wp-content\/uploads\/2016\/02\/fjardhundraland-1024x739.jpg?resize=350%2C200&ssl=1 1x, https:\/\/i0.wp.com\/www.fjardhundraland.se\/wp-content\/uploads\/2016\/02\/fjardhundraland-1024x739.jpg?resize=525%2C300&ssl=1 1.5x, https:\/\/i0.wp.com\/www.fjardhundraland.se\/wp-content\/uploads\/2016\/02\/fjardhundraland-1024x739.jpg?resize=700%2C400&ssl=1 2x"},"classes":[]}],"jetpack_sharing_enabled":true,"_links":{"self":[{"href":"https:\/\/www.fjardhundraland.se\/es\/wp-json\/wp\/v2\/posts\/3022","targetHints":{"allow":["GET"]}}],"collection":[{"href":"https:\/\/www.fjardhundraland.se\/es\/wp-json\/wp\/v2\/posts"}],"about":[{"href":"https:\/\/www.fjardhundraland.se\/es\/wp-json\/wp\/v2\/types\/post"}],"author":[{"embeddable":true,"href":"https:\/\/www.fjardhundraland.se\/es\/wp-json\/wp\/v2\/users\/1"}],"replies":[{"embeddable":true,"href":"https:\/\/www.fjardhundraland.se\/es\/wp-json\/wp\/v2\/comments?post=3022"}],"version-history":[{"count":1,"href":"https:\/\/www.fjardhundraland.se\/es\/wp-json\/wp\/v2\/posts\/3022\/revisions"}],"predecessor-version":[{"id":19648,"href":"https:\/\/www.fjardhundraland.se\/es\/wp-json\/wp\/v2\/posts\/3022\/revisions\/19648"}],"wp:featuredmedia":[{"embeddable":true,"href":"https:\/\/www.fjardhundraland.se\/es\/wp-json\/wp\/v2\/media\/3044"}],"wp:attachment":[{"href":"https:\/\/www.fjardhundraland.se\/es\/wp-json\/wp\/v2\/media?parent=3022"}],"wp:term":[{"taxonomy":"category","embeddable":true,"href":"https:\/\/www.fjardhundraland.se\/es\/wp-json\/wp\/v2\/categories?post=3022"},{"taxonomy":"post_tag","embeddable":true,"href":"https:\/\/www.fjardhundraland.se\/es\/wp-json\/wp\/v2\/tags?post=3022"}],"curies":[{"name":"wp","href":"https:\/\/api.w.org\/{rel}","templated":true}]}}