
{"id":298,"date":"2011-05-27T11:24:29","date_gmt":"2011-05-27T09:24:29","guid":{"rendered":"http:\/\/www.fjardhundraland.se\/?p=298"},"modified":"2026-02-05T13:40:42","modified_gmt":"2026-02-05T12:40:42","slug":"este-fin-de-semana","status":"publish","type":"post","link":"https:\/\/www.fjardhundraland.se\/es\/externt\/2011\/det-har-hander-i-helgen\/","title":{"rendered":"Esto es lo que ocurre este fin de semana"},"content":{"rendered":"<p>He aqu\u00ed algunas sugerencias de actividades en torno al Fj\u00e4rdhundraland durante el pr\u00f3ximo fin de semana:<\/p>\n<p><em>S\u00e1bado 28 y domingo 29 de mayo 10-16:<\/em> <strong>Mercado de primavera en Dunderbo<\/strong>. Exposici\u00f3n de comida tradicional, servicio de caf\u00e9 con reposter\u00eda casera. Flores de verano, mermeladas, g\u00e9neros de punto, velas, etc. Visitas guiadas en Krigsstigen a las 11 h y a las 14 h. 073-65 77 906 Arr: <a title=\"Velas y artesan\u00eda Dunderbo\" href=\"https:\/\/dunderbohantverk.wordpress.com\" target=\"_blank\" rel=\"noopener\">Velas y artesan\u00eda Dunderbo<\/a>.<\/p>\n<p><em>S\u00e1bado-domingo 28-29 de mayo 11-16, s\u00e1bado-domingo 11-12 de junio 11-16:<\/em><strong><br \/>\nMercadillo en el prado: \u00a1de eso se trata!<\/strong> <a title=\"Revista Lagerl\u00f6fska\" href=\"https:\/\/lagerlofska.se\/\" target=\"_blank\" rel=\"noopener\">Revista Lagerl\u00f6fska<\/a><\/p>\n<p><em>Domingo 29 de mayo 11.00-14.00<\/em>: <strong><a title=\"Reapertura de la iglesia de Simtuna\" href=\"https:\/\/www.facebook.com\/event.php?eid=217630298260827\" target=\"_blank\" rel=\"noopener\">Reapertura de la iglesia de Simtuna<\/a><\/strong>. Se recupera la iglesia de Simtuna como lugar de culto para la parroquia Fj\u00e4rdhundra. Participa el arzobispo Anders Wejryd. Mingelfika fuera de la iglesia despu\u00e9s.<\/p>\n<p><em>Domingo 29 de mayo, 13-17:<\/em> <strong>Jornada de puertas abiertas en el centro de historia local y el museo escolar de Altuna<\/strong>. Exposici\u00f3n. Buffet de tartas. A las 15 m\u00fasica con Scendraget. Arr. <a title=\"Sociedad de Historia Local de Altuna\" href=\"https:\/\/www.hembygd.se\/index.asp?Lev=27712\" target=\"_blank\" rel=\"noopener\">Sociedad de Historia Local de Altuna<\/a><\/p>\n<p><em>Domingo 29 de mayo, 14-16.30 h:<\/em> <strong>Caf\u00e9 del D\u00eda de la Madre con buffet de tartas<\/strong> i <a title=\"Granja \u00d6sterunda\" href=\"https:\/\/www.osterunda.se\/\" target=\"_blank\" rel=\"noopener\">Granja \u00d6sterunda<\/a>. Mercado. Exposici\u00f3n del d\u00eda de los ni\u00f1os. Arr: \u00d6sterundag\u00e5rden.<\/p>\n<h3>Casas en venta<\/h3>\n<p><em>S\u00e1bado 28 de mayo a las 12.00 horas<\/em>: <a title=\"Anillo Carlsson\" href=\"https:\/\/beskrivningar.capitex.se\/objdesc.aspx?GUID=3T6JT6VETCBQLIKJ&amp;TYP=CMVilla&amp;From=Hemnet&amp;Skin=CarlssonRing\" target=\"_blank\" rel=\"noopener\">Visita al antiguo almac\u00e9n rural de \u00d6sterunda<\/a>. En el centro de Brunnsta, \u00d6sterunda, con amplias zonas y almacenes adecuados para su propio negocio.<\/p>\n<p><a title=\"Casas en venta.\" href=\"https:\/\/www.booli.se\/torstuna,harnevi,osterunda,nysatra,osterunda-brunnsta,fjardhundra,salinge,sparrsatra,altuna,frosthult,osterunda+salinge,alvassen,frosthult+langtibble,torstuna-tibble,osterunda+sonkarby,korsbacken,vansjo\/1079,76602,76833,76956,115130,116750,140662,147492,170100,172622,348857,404820,756554,756832,756882,870745,871538\/\" target=\"_blank\" rel=\"noopener\">M\u00e1s viviendas en Fj\u00e4rdhundraland.<\/a><\/p>","protected":false},"excerpt":{"rendered":"<p>H\u00e4r kommer n\u00e5gra tips p\u00e5 aktiviteter runt om i Fj\u00e4rdhundraland under den kommande helgen: L\u00f6rdag\u2013s\u00f6ndag 28\u201329 maj kl 10\u201316: V\u00e5rmarknad i Dunderbo. Trasmattsutst\u00e4llning, kaffeservering med hembakt. Sommarblommor, marmelad, stickat, ljus mm. Guidade turer p\u00e5 Krigsstigen kl 11 och kl 14.\u00a0\u00a0073-65 77 906 Arr: Dunderbo Ljus &amp; hantverk. L\u00f6rdag\u2013s\u00f6ndag 28\u201329 maj kl 11\u201316, l\u00f6rdag\u2013s\u00f6ndag 11\u201312 juni [&hellip;]<\/p>\n","protected":false},"author":1,"featured_media":0,"comment_status":"open","ping_status":"open","sticky":false,"template":"","format":"standard","meta":{"_acf_changed":false,"_relevanssi_hide_post":"","_relevanssi_hide_content":"","_relevanssi_pin_for_all":"","_relevanssi_pin_keywords":"","_relevanssi_unpin_keywords":"","_relevanssi_related_keywords":"","_relevanssi_related_include_ids":"","_relevanssi_related_exclude_ids":"","_relevanssi_related_no_append":"","_relevanssi_related_not_related":"","_relevanssi_related_posts":"","_relevanssi_noindex_reason":"Rank Math Uteslut fr\u00e5n Relevanssi index","_genesis_hide_title":false,"_genesis_hide_breadcrumbs":false,"_genesis_hide_singular_image":false,"_genesis_hide_footer_widgets":false,"_genesis_custom_body_class":"","_genesis_custom_post_class":"","_genesis_layout":"","_jetpack_memberships_contains_paid_content":false,"footnotes":""},"categories":[353,18],"tags":[352],"class_list":{"0":"post-298","1":"post","2":"type-post","3":"status-publish","4":"format-standard","6":"category-aldre-inlagg","7":"category-externt","8":"tag-aldre-inlagg","9":"entry"},"acf":[],"visa":null,"geo_latitude":null,"geo_longitude":null,"jetpack_featured_media_url":"","featured_image_src":null,"featured_image_src_square":null,"author_info":{"display_name":"Mats Thorburn","author_link":"https:\/\/www.fjardhundraland.se\/es\/author\/matst\/"},"jetpack-related-posts":[{"id":3794,"url":"https:\/\/www.fjardhundraland.se\/es\/utflykt\/2016\/julhelg-fjardhundraland\/","url_meta":{"origin":298,"position":0},"title":"Vacaciones de Navidad en Fj\u00e4rdhundraland","author":"Mats Thorburn","date":"14 diciembre 2016","format":false,"excerpt":"Pan casero. Embutidos hechos a mano. Queso aut\u00e9ntico. Artesan\u00eda aut\u00e9ntica. Lana, velas. Un \u00e1rbol de Navidad tallado a mano. \u00bfNo es eso la Navidad? He aqu\u00ed una sugerencia: evite las aglomeraciones en los centros comerciales y haga sus compras navide\u00f1as en su localidad. Este fin de semana, Fj\u00e4rdhundraland abre sus puertas para los que quieran aut\u00e9nticos productos navide\u00f1os y regalos de Navidad de calidad. La tienda de L\u00f6th el s\u00e1bado...","rel":"","context":"En \u00abUtflykt\u00bb","block_context":{"text":"Utflykt","link":"https:\/\/www.fjardhundraland.se\/es\/utflykt\/"},"img":{"alt_text":"Sn\u00f6 och sol, motljus i Fj\u00e4rdhundraland","src":"https:\/\/i0.wp.com\/www.fjardhundraland.se\/wp-content\/uploads\/2016\/12\/snocc88-och-sol.jpg?resize=350%2C200&ssl=1","width":350,"height":200,"srcset":"https:\/\/i0.wp.com\/www.fjardhundraland.se\/wp-content\/uploads\/2016\/12\/snocc88-och-sol.jpg?resize=350%2C200&ssl=1 1x, https:\/\/i0.wp.com\/www.fjardhundraland.se\/wp-content\/uploads\/2016\/12\/snocc88-och-sol.jpg?resize=525%2C300&ssl=1 1.5x, https:\/\/i0.wp.com\/www.fjardhundraland.se\/wp-content\/uploads\/2016\/12\/snocc88-och-sol.jpg?resize=700%2C400&ssl=1 2x, https:\/\/i0.wp.com\/www.fjardhundraland.se\/wp-content\/uploads\/2016\/12\/snocc88-och-sol.jpg?resize=1050%2C600&ssl=1 3x, https:\/\/i0.wp.com\/www.fjardhundraland.se\/wp-content\/uploads\/2016\/12\/snocc88-och-sol.jpg?resize=1400%2C800&ssl=1 4x"},"classes":[]},{"id":942,"url":"https:\/\/www.fjardhundraland.se\/es\/inlagg\/2012\/pa-krigsstigen-i-fjardhundraland\/","url_meta":{"origin":298,"position":1},"title":"En pie de guerra en Fj\u00e4rdhundraland","author":"Mats Thorburn","date":"19 mayo 2012","format":false,"excerpt":"El s\u00e1bado y el domingo, a las 11.00 y a las 13.00 horas, G\u00f6ran Mellstr\u00f6m le guiar\u00e1 por la aldea de los soldados de Dunderbo. (Indicaciones.) Tambi\u00e9n hay un mercado de primavera en Dunderbo, de 10.00 a 16.00 horas; despu\u00e9s, vaya a una de las muchas cosas que ver en Fj\u00e4rdhundraland. Vea las an\u00e9monas blancas en H\u00e5rsb\u00e4cksdalen, el s\u00e1bado quiz\u00e1s combinado con una visita a Lagerl\u00f6fska...","rel":"","context":"En \u00ab\u00c4ldre inl\u00e4gg\u00bb","block_context":{"text":"\u00c4ldre inl\u00e4gg","link":"https:\/\/www.fjardhundraland.se\/es\/aldre-inlagg\/"},"img":{"alt_text":"Krigsstigen soldattorp","src":"https:\/\/i0.wp.com\/www.fjardhundraland.se\/wp-content\/uploads\/2012\/05\/krigsstigen-1024x682.jpg?resize=350%2C200&ssl=1","width":350,"height":200,"srcset":"https:\/\/i0.wp.com\/www.fjardhundraland.se\/wp-content\/uploads\/2012\/05\/krigsstigen-1024x682.jpg?resize=350%2C200&ssl=1 1x, https:\/\/i0.wp.com\/www.fjardhundraland.se\/wp-content\/uploads\/2012\/05\/krigsstigen-1024x682.jpg?resize=525%2C300&ssl=1 1.5x"},"classes":[]},{"id":683,"url":"https:\/\/www.fjardhundraland.se\/es\/hantverk\/2011\/skordemarknad-och-soldattorp\/","url_meta":{"origin":298,"position":2},"title":"Mercado de la cosecha y aldea de soldados","author":"Mats Thorburn","date":"1 septiembre 2011","format":false,"excerpt":"En Dunderbo, Fj\u00e4rdhundra, los s\u00e1bados y domingos puede acudir al mercado de la cosecha, con un caf\u00e9 y un recorrido por la \"ruta de la guerra\" alrededor del pueblo de los soldados de Dunderbo.","rel":"","context":"En \u00ab\u00c4ldre inl\u00e4gg\u00bb","block_context":{"text":"\u00c4ldre inl\u00e4gg","link":"https:\/\/www.fjardhundraland.se\/es\/aldre-inlagg\/"},"img":{"alt_text":"Sk\u00f6rdemarknad i Dunderbo","src":"https:\/\/i0.wp.com\/www.fjardhundraland.se\/wp-content\/uploads\/2011\/09\/IMG_1215-630x472.jpg?resize=350%2C200&ssl=1","width":350,"height":200,"srcset":"https:\/\/i0.wp.com\/www.fjardhundraland.se\/wp-content\/uploads\/2011\/09\/IMG_1215-630x472.jpg?resize=350%2C200&ssl=1 1x, https:\/\/i0.wp.com\/www.fjardhundraland.se\/wp-content\/uploads\/2011\/09\/IMG_1215-630x472.jpg?resize=525%2C300&ssl=1 1.5x"},"classes":[]},{"id":5692,"url":"https:\/\/www.fjardhundraland.se\/es\/utflykt\/2019\/paskoppet-2019\/","url_meta":{"origin":298,"position":3},"title":"Compras de Semana Santa 2019","author":"Mats Thorburn","date":"14 abril 2019","format":false,"excerpt":"La Semana Santa es el punto de partida de muchos destinos en Fj\u00e4rdhundraland, pero tambi\u00e9n es un buen momento para la primera salida primaveral al campo. \u00a1Aqu\u00ed tienes algunos lugares estupendos para visitar durante la Semana Santa de 2019!","rel":"","context":"En \u00abUtflykt\u00bb","block_context":{"text":"Utflykt","link":"https:\/\/www.fjardhundraland.se\/es\/utflykt\/"},"img":{"alt_text":"P\u00e5skh\u00f6nor som pickar","src":"https:\/\/i0.wp.com\/www.fjardhundraland.se\/wp-content\/uploads\/2019\/04\/paskhonor2019.jpg?resize=350%2C200&ssl=1","width":350,"height":200,"srcset":"https:\/\/i0.wp.com\/www.fjardhundraland.se\/wp-content\/uploads\/2019\/04\/paskhonor2019.jpg?resize=350%2C200&ssl=1 1x, https:\/\/i0.wp.com\/www.fjardhundraland.se\/wp-content\/uploads\/2019\/04\/paskhonor2019.jpg?resize=525%2C300&ssl=1 1.5x, https:\/\/i0.wp.com\/www.fjardhundraland.se\/wp-content\/uploads\/2019\/04\/paskhonor2019.jpg?resize=700%2C400&ssl=1 2x, https:\/\/i0.wp.com\/www.fjardhundraland.se\/wp-content\/uploads\/2019\/04\/paskhonor2019.jpg?resize=1050%2C600&ssl=1 3x, https:\/\/i0.wp.com\/www.fjardhundraland.se\/wp-content\/uploads\/2019\/04\/paskhonor2019.jpg?resize=1400%2C800&ssl=1 4x"},"classes":[]},{"id":3098,"url":"https:\/\/www.fjardhundraland.se\/es\/utflykt\/2016\/paskoppet-i-fjardhundraland\/","url_meta":{"origin":298,"position":4},"title":"Compras de Semana Santa en Fj\u00e4rdhundraland 2016","author":"Mats Thorburn","date":"23 marzo 2016","format":false,"excerpt":"Esta Semana Santa, muchas de las joyas del Fj\u00e4rdhundraland se abren a los visitantes a principios de primavera. Es hora de salir del invierno y hacer un viaje, por las carreteras secundarias, a la tranquilidad, la naturaleza y la comida de verdad. Abierto en Semana Santa: Alsta Tr\u00e4dg\u00e5rdar abre de viernes a lunes, del 11 al 16, con la primera exposici\u00f3n de la primavera, con orfebrer\u00eda,...","rel":"","context":"En \u00abUtflykt\u00bb","block_context":{"text":"Utflykt","link":"https:\/\/www.fjardhundraland.se\/es\/utflykt\/"},"img":{"alt_text":"","src":"https:\/\/i0.wp.com\/www.fjardhundraland.se\/wp-content\/uploads\/2016\/03\/egg.jpg?resize=350%2C200&ssl=1","width":350,"height":200,"srcset":"https:\/\/i0.wp.com\/www.fjardhundraland.se\/wp-content\/uploads\/2016\/03\/egg.jpg?resize=350%2C200&ssl=1 1x, https:\/\/i0.wp.com\/www.fjardhundraland.se\/wp-content\/uploads\/2016\/03\/egg.jpg?resize=525%2C300&ssl=1 1.5x, https:\/\/i0.wp.com\/www.fjardhundraland.se\/wp-content\/uploads\/2016\/03\/egg.jpg?resize=700%2C400&ssl=1 2x, https:\/\/i0.wp.com\/www.fjardhundraland.se\/wp-content\/uploads\/2016\/03\/egg.jpg?resize=1050%2C600&ssl=1 3x, https:\/\/i0.wp.com\/www.fjardhundraland.se\/wp-content\/uploads\/2016\/03\/egg.jpg?resize=1400%2C800&ssl=1 4x"},"classes":[]},{"id":1444,"url":"https:\/\/www.fjardhundraland.se\/es\/externt\/2013\/fjardhundralands-hostglod\/","url_meta":{"origin":298,"position":5},"title":"Fj\u00e4rdhundralands resplandor oto\u00f1al","author":"Ylva Fontell","date":"30 septiembre 2013","format":false,"excerpt":"El domingo 13 de octubre te invitamos a una colorida cabalgata oto\u00f1al en la Galer\u00eda Lundellska de Simtuna. Podr\u00e1s comprar productos locales, recibir consejos de salud y un masaje en el invernadero, asistir a una exposici\u00f3n de setas con la asesora Eva Allestedt o recibir consejos sobre las mejores variedades de manzana. Habr\u00e1 m\u00fasica y la experta en jardiner\u00eda Lena M\u00e5nsson hablar\u00e1 sobre bulbos. Tome ...","rel":"","context":"En \u00ab\u00c4ldre inl\u00e4gg\u00bb","block_context":{"text":"\u00c4ldre inl\u00e4gg","link":"https:\/\/www.fjardhundraland.se\/es\/aldre-inlagg\/"},"img":{"alt_text":"","src":"","width":0,"height":0},"classes":[]}],"jetpack_sharing_enabled":true,"_links":{"self":[{"href":"https:\/\/www.fjardhundraland.se\/es\/wp-json\/wp\/v2\/posts\/298","targetHints":{"allow":["GET"]}}],"collection":[{"href":"https:\/\/www.fjardhundraland.se\/es\/wp-json\/wp\/v2\/posts"}],"about":[{"href":"https:\/\/www.fjardhundraland.se\/es\/wp-json\/wp\/v2\/types\/post"}],"author":[{"embeddable":true,"href":"https:\/\/www.fjardhundraland.se\/es\/wp-json\/wp\/v2\/users\/1"}],"replies":[{"embeddable":true,"href":"https:\/\/www.fjardhundraland.se\/es\/wp-json\/wp\/v2\/comments?post=298"}],"version-history":[{"count":1,"href":"https:\/\/www.fjardhundraland.se\/es\/wp-json\/wp\/v2\/posts\/298\/revisions"}],"predecessor-version":[{"id":19766,"href":"https:\/\/www.fjardhundraland.se\/es\/wp-json\/wp\/v2\/posts\/298\/revisions\/19766"}],"wp:attachment":[{"href":"https:\/\/www.fjardhundraland.se\/es\/wp-json\/wp\/v2\/media?parent=298"}],"wp:term":[{"taxonomy":"category","embeddable":true,"href":"https:\/\/www.fjardhundraland.se\/es\/wp-json\/wp\/v2\/categories?post=298"},{"taxonomy":"post_tag","embeddable":true,"href":"https:\/\/www.fjardhundraland.se\/es\/wp-json\/wp\/v2\/tags?post=298"}],"curies":[{"name":"wp","href":"https:\/\/api.w.org\/{rel}","templated":true}]}}