
{"id":2858,"date":"2015-08-21T19:15:57","date_gmt":"2015-08-21T17:15:57","guid":{"rendered":"http:\/\/www.fjardhundraland.se\/?p=2858"},"modified":"2026-02-05T13:41:07","modified_gmt":"2026-02-05T12:41:07","slug":"que-anos-de-mania-alimentaria","status":"publish","type":"post","link":"https:\/\/www.fjardhundraland.se\/es\/inlagg\/2015\/vilka-ar-med-matmanniskor\/","title":{"rendered":"\u00bfQui\u00e9n participa en Food &amp; People?"},"content":{"rendered":"<p><iframe src=\"https:\/\/www.google.com\/maps\/d\/u\/0\/embed?mid=z5Di0JekFpwk.kpruJQQzmC8A\" width=\"100%\" height=\"520\"><\/iframe><\/p>\n<p>Ya est\u00e1 claro qui\u00e9n estar\u00e1 en Mat&amp;M\u00e4nniskor el 27 de septiembre de 2015: \u00a1gran diversidad en un espacio reducido! Aqu\u00ed est\u00e1 la lista.<\/p>\n<p><a href=\"https:\/\/www.fjardhundraland.se\/es\/platos\/cafe-samt\/\">Caf\u00e9 Velvet<\/a><br \/>\n<a href=\"https:\/\/www.fjardhundraland.se\/es\/platos\/atontar-al-cerdo\/\">El cerdo Domta<\/a><br \/>\n<a href=\"https:\/\/www.fjardhundraland.se\/es\/platos\/cafeteria-forsby-mill\/\">Caf\u00e9 del molino de Forsby<\/a><br \/>\n<a href=\"https:\/\/www.fjardhundraland.se\/es\/platos\/charcuteria-franzens\/\">Embutidos Franz\u00e9n<\/a><br \/>\n<a href=\"https:\/\/www.fjardhundraland.se\/es\/platos\/froslunda-ecogard\/\">Carne ecol\u00f3gica Fr\u00f6slunda<\/a><br \/>\n<a href=\"https:\/\/www.fjardhundraland.se\/es\/platos\/gula-stallet-butik-kafe\/\">Cafeter\u00eda y tienda Gula Stallet<\/a><br \/>\n<a href=\"https:\/\/www.fjardhundraland.se\/es\/platos\/granja-kromsta\/\">Granja Kromsta<\/a><br \/>\n<a href=\"https:\/\/www.fjardhundraland.se\/es\/platos\/krakvilan-bageri\/\">Voluntad del cuervo<\/a><br \/>\n<a href=\"https:\/\/www.fjardhundraland.se\/es\/platos\/malby-tradgard\/\">Jard\u00edn de M\u00e4lby<\/a><br \/>\n<a href=\"https:\/\/www.fjardhundraland.se\/es\/platos\/te-pekoe-ecologico\/\">T\u00e9 ecol\u00f3gico Pekoe<\/a><br \/>\n<a href=\"https:\/\/www.fjardhundraland.se\/es\/platos\/refvelsta-fideikomiss\/\">Refvelsta gesti\u00f3n de la propiedad<\/a><br \/>\n<a href=\"https:\/\/www.fjardhundraland.se\/es\/platos\/guardia-restante\/\">Granja Resta<\/a><br \/>\n<a href=\"https:\/\/www.fjardhundraland.se\/es\/platos\/queso-skogsbacken\/\">Queso Skogsbacken<\/a><br \/>\n<a href=\"https:\/\/www.fjardhundraland.se\/es\/platos\/granja-sunnansjo\/\">Granja de Sunnansj\u00f6<\/a><br \/>\n<a href=\"https:\/\/www.fjardhundraland.se\/es\/platos\/sussis-gardsbageri\/\">Panader\u00eda de la granja de Sussi<\/a><br \/>\n<a href=\"https:\/\/www.fjardhundraland.se\/es\/platos\/grunido-de-luto\/\">S\u00f6rg\u00e5rden verde<\/a><br \/>\n<a href=\"https:\/\/www.fjardhundraland.se\/es\/platos\/aloppe-ekomat\/\">Abrir alimentos ecol\u00f3gicos<\/a><\/p>","protected":false},"excerpt":{"rendered":"<p>Nu \u00e4r det klart vilka som \u00e4r med p\u00e5 Mat&amp;M\u00e4nniskor 27 september 2015\u00a0\u2013 stor\u00a0m\u00e5ngfald p\u00e5 liten yta! H\u00e4r \u00e4r listan. Caf\u00e9 Samt Domta-grisen Forsby kvarn kaf\u00e9 Franz\u00e9ns charkuterier Fr\u00f6slunda ekok\u00f6tt Gula Stallet kaf\u00e9 och butik Kromsta lantbod Kr\u00e5kvilan M\u00e4lby tr\u00e4dg\u00e5rd Pekoe ekologiskt te Refvelsta godsf\u00f6rvaltning Resta g\u00e5rd Skogsbackens ost Sunnansj\u00f6 g\u00e5rd Sussis g\u00e5rdsbageri S\u00f6rg\u00e5rden gr\u00f6nt [&hellip;]<\/p>\n","protected":false},"author":1,"featured_media":0,"comment_status":"open","ping_status":"open","sticky":false,"template":"","format":"standard","meta":{"_acf_changed":false,"_relevanssi_hide_post":"","_relevanssi_hide_content":"","_relevanssi_pin_for_all":"","_relevanssi_pin_keywords":"","_relevanssi_unpin_keywords":"","_relevanssi_related_keywords":"","_relevanssi_related_include_ids":"","_relevanssi_related_exclude_ids":"","_relevanssi_related_no_append":"","_relevanssi_related_not_related":"","_relevanssi_related_posts":"","_relevanssi_noindex_reason":"Rank Math Uteslut fr\u00e5n Relevanssi index","_genesis_hide_title":false,"_genesis_hide_breadcrumbs":false,"_genesis_hide_singular_image":false,"_genesis_hide_footer_widgets":false,"_genesis_custom_body_class":"","_genesis_custom_post_class":"","_genesis_layout":"","_jetpack_memberships_contains_paid_content":false,"footnotes":""},"categories":[353,1],"tags":[352,189],"class_list":{"0":"post-2858","1":"post","2":"type-post","3":"status-publish","4":"format-standard","6":"category-aldre-inlagg","7":"category-inlagg","8":"tag-aldre-inlagg","9":"tag-matmanniskor","10":"entry"},"acf":[],"visa":null,"geo_latitude":null,"geo_longitude":null,"jetpack_featured_media_url":"","featured_image_src":null,"featured_image_src_square":null,"author_info":{"display_name":"Mats Thorburn","author_link":"https:\/\/www.fjardhundraland.se\/es\/author\/matst\/"},"jetpack-related-posts":[{"id":3568,"url":"https:\/\/www.fjardhundraland.se\/es\/mat\/2016\/mat-manniskor-2016\/","url_meta":{"origin":2858,"position":0},"title":"Alimentos y personas 2016","author":"Mats Thorburn","date":"6 septiembre 2016","format":false,"excerpt":"El domingo 25 de septiembre de 2016, de 11:00 a 17:00, \u00a1es la hora de Food &amp; People! Recorrer\u00e1s las hermosas callejuelas del Fj\u00e4rdhundraland de lugar en lugar, comiendo y picoteando, probando la comida - y conociendo a la gente que hay detr\u00e1s. Aqu\u00ed tienes el men\u00fa y el mapa. \u00bfDif\u00edcil de encontrar? Aqu\u00ed tienes direcciones, coordenadas e indicaciones para llegar. As\u00ed se hace: Imprime...","rel":"","context":"En \u00abMat\u00bb","block_context":{"text":"Mat","link":"https:\/\/www.fjardhundraland.se\/es\/mat\/"},"img":{"alt_text":"","src":"https:\/\/i0.wp.com\/www.fjardhundraland.se\/wp-content\/uploads\/2016\/09\/mmfb.jpg?resize=350%2C200&ssl=1","width":350,"height":200,"srcset":"https:\/\/i0.wp.com\/www.fjardhundraland.se\/wp-content\/uploads\/2016\/09\/mmfb.jpg?resize=350%2C200&ssl=1 1x, https:\/\/i0.wp.com\/www.fjardhundraland.se\/wp-content\/uploads\/2016\/09\/mmfb.jpg?resize=525%2C300&ssl=1 1.5x, https:\/\/i0.wp.com\/www.fjardhundraland.se\/wp-content\/uploads\/2016\/09\/mmfb.jpg?resize=700%2C400&ssl=1 2x, https:\/\/i0.wp.com\/www.fjardhundraland.se\/wp-content\/uploads\/2016\/09\/mmfb.jpg?resize=1050%2C600&ssl=1 3x"},"classes":[]},{"id":914,"url":"https:\/\/www.fjardhundraland.se\/es\/mat\/2012\/nu-oppnar-forsby-kvarn-kafe\/","url_meta":{"origin":2858,"position":1},"title":"Ya est\u00e1 abierta la cafeter\u00eda de Forsby Mill","author":"Mats Thorburn","date":"26 abril 2012","format":false,"excerpt":"El s\u00e1bado abrir\u00e1 sus puertas la esperada cafeter\u00eda de Forsby Mill. Donde antes funcionaba la locomotora del molino y el aserradero, ahora se servir\u00e1n los pasteles de Ibba. Se prometen golosinas y tambi\u00e9n algunos alimentos \u00fatiles. M\u00e1s informaci\u00f3n en el nuevo sitio web.","rel":"","context":"En \u00ab\u00c4ldre inl\u00e4gg\u00bb","block_context":{"text":"\u00c4ldre inl\u00e4gg","link":"https:\/\/www.fjardhundraland.se\/es\/aldre-inlagg\/"},"img":{"alt_text":"","src":"https:\/\/i0.wp.com\/forsbykvarn.se\/wp-content\/uploads\/2011\/08\/Forsbybageriets-gamla-monter.jpg?resize=350%2C200&ssl=1","width":350,"height":200},"classes":[]},{"id":4687,"url":"https:\/\/www.fjardhundraland.se\/es\/mat-manniskor\/2017\/mat-manniskor-2017\/","url_meta":{"origin":2858,"position":2},"title":"Comida y gente 2017","author":"Mats Thorburn","date":"21 agosto 2017","format":false,"excerpt":"El Food &amp; People food tour fue un gran \u00e9xito los dos primeros a\u00f1os, con miles de visitantes en busca de experiencias gastron\u00f3micas. El domingo 24 de septiembre de 2017, de 11:00 a 17:00, llega el turno de la tercera edici\u00f3n. Visita a productores y amantes de la gastronom\u00eda en plena \u00e9poca de cosecha. Usted elige entre quince lugares diferentes. En algunos lugares hay varios...","rel":"","context":"En \u00abMat &amp; m\u00e4nniskor\u00bb","block_context":{"text":"Mat &amp; m\u00e4nniskor","link":"https:\/\/www.fjardhundraland.se\/es\/mat-manniskor\/"},"img":{"alt_text":"S\u00f6rg\u00e5rden gr\u00f6nt Chili","src":"https:\/\/i0.wp.com\/www.fjardhundraland.se\/wp-content\/uploads\/2017\/08\/socc88rgacc8arden-grocc88nt-chili.jpg?resize=350%2C200&ssl=1","width":350,"height":200,"srcset":"https:\/\/i0.wp.com\/www.fjardhundraland.se\/wp-content\/uploads\/2017\/08\/socc88rgacc8arden-grocc88nt-chili.jpg?resize=350%2C200&ssl=1 1x, https:\/\/i0.wp.com\/www.fjardhundraland.se\/wp-content\/uploads\/2017\/08\/socc88rgacc8arden-grocc88nt-chili.jpg?resize=525%2C300&ssl=1 1.5x, https:\/\/i0.wp.com\/www.fjardhundraland.se\/wp-content\/uploads\/2017\/08\/socc88rgacc8arden-grocc88nt-chili.jpg?resize=700%2C400&ssl=1 2x, https:\/\/i0.wp.com\/www.fjardhundraland.se\/wp-content\/uploads\/2017\/08\/socc88rgacc8arden-grocc88nt-chili.jpg?resize=1050%2C600&ssl=1 3x, https:\/\/i0.wp.com\/www.fjardhundraland.se\/wp-content\/uploads\/2017\/08\/socc88rgacc8arden-grocc88nt-chili.jpg?resize=1400%2C800&ssl=1 4x"},"classes":[]},{"id":2294,"url":"https:\/\/www.fjardhundraland.se\/es\/mat\/2014\/sondagsutflykt-med-hast-och-vagn\/","url_meta":{"origin":2858,"position":3},"title":"\"Excursi\u00f3n dominical\" en coche de caballos","author":"Mats Thorburn","date":"21 mayo 2014","format":false,"excerpt":"El D\u00eda de la Madre y el D\u00eda de la Ascensi\u00f3n, podr\u00e1 dar un paseo en Fj\u00e4rdhundraland, a paso lento en coche de caballos. Por el camino almorzar\u00e1s en la cafeter\u00eda Forsby kvarn y tomar\u00e1s el caf\u00e9 de la tarde en la panader\u00eda de la granja de la abuela Elsa. Organiza: H\u00e4stkraft Fj\u00e4rdhundra.","rel":"","context":"En \u00ab\u00c4ldre inl\u00e4gg\u00bb","block_context":{"text":"\u00c4ldre inl\u00e4gg","link":"https:\/\/www.fjardhundraland.se\/es\/aldre-inlagg\/"},"img":{"alt_text":"","src":"","width":0,"height":0},"classes":[]},{"id":942,"url":"https:\/\/www.fjardhundraland.se\/es\/inlagg\/2012\/pa-krigsstigen-i-fjardhundraland\/","url_meta":{"origin":2858,"position":4},"title":"En pie de guerra en Fj\u00e4rdhundraland","author":"Mats Thorburn","date":"19 mayo 2012","format":false,"excerpt":"El s\u00e1bado y el domingo, a las 11.00 y a las 13.00 horas, G\u00f6ran Mellstr\u00f6m le guiar\u00e1 por la aldea de los soldados de Dunderbo. (Indicaciones.) Tambi\u00e9n hay un mercado de primavera en Dunderbo, de 10.00 a 16.00 horas; despu\u00e9s, vaya a una de las muchas cosas que ver en Fj\u00e4rdhundraland. Vea las an\u00e9monas blancas en H\u00e5rsb\u00e4cksdalen, el s\u00e1bado quiz\u00e1s combinado con una visita a Lagerl\u00f6fska...","rel":"","context":"En \u00ab\u00c4ldre inl\u00e4gg\u00bb","block_context":{"text":"\u00c4ldre inl\u00e4gg","link":"https:\/\/www.fjardhundraland.se\/es\/aldre-inlagg\/"},"img":{"alt_text":"Krigsstigen soldattorp","src":"https:\/\/i0.wp.com\/www.fjardhundraland.se\/wp-content\/uploads\/2012\/05\/krigsstigen-1024x682.jpg?resize=350%2C200&ssl=1","width":350,"height":200,"srcset":"https:\/\/i0.wp.com\/www.fjardhundraland.se\/wp-content\/uploads\/2012\/05\/krigsstigen-1024x682.jpg?resize=350%2C200&ssl=1 1x, https:\/\/i0.wp.com\/www.fjardhundraland.se\/wp-content\/uploads\/2012\/05\/krigsstigen-1024x682.jpg?resize=525%2C300&ssl=1 1.5x"},"classes":[]},{"id":590,"url":"https:\/\/www.fjardhundraland.se\/es\/hantverk\/2011\/ljus-hantverk-lordagskafe-i-dunderbo\/","url_meta":{"origin":2858,"position":5},"title":"Velas, artesan\u00eda y caf\u00e9 los s\u00e1bados en Dunderbo","author":"Mats Thorburn","date":"13 agosto 2011","format":false,"excerpt":"En Dunderbo Candles &amp; Crafts se pueden comprar velas hechas a mano y artesan\u00eda local, y los s\u00e1bados hay cafeter\u00eda.","rel":"","context":"En \u00ab\u00c4ldre inl\u00e4gg\u00bb","block_context":{"text":"\u00c4ldre inl\u00e4gg","link":"https:\/\/www.fjardhundraland.se\/es\/aldre-inlagg\/"},"img":{"alt_text":"Dunderbo ljus och hantverk","src":"https:\/\/dunderbohantverk.files.wordpress.com\/2010\/10\/boden1.jpg?w=350&h=200&crop=1","width":350,"height":200},"classes":[]}],"jetpack_sharing_enabled":true,"_links":{"self":[{"href":"https:\/\/www.fjardhundraland.se\/es\/wp-json\/wp\/v2\/posts\/2858","targetHints":{"allow":["GET"]}}],"collection":[{"href":"https:\/\/www.fjardhundraland.se\/es\/wp-json\/wp\/v2\/posts"}],"about":[{"href":"https:\/\/www.fjardhundraland.se\/es\/wp-json\/wp\/v2\/types\/post"}],"author":[{"embeddable":true,"href":"https:\/\/www.fjardhundraland.se\/es\/wp-json\/wp\/v2\/users\/1"}],"replies":[{"embeddable":true,"href":"https:\/\/www.fjardhundraland.se\/es\/wp-json\/wp\/v2\/comments?post=2858"}],"version-history":[{"count":1,"href":"https:\/\/www.fjardhundraland.se\/es\/wp-json\/wp\/v2\/posts\/2858\/revisions"}],"predecessor-version":[{"id":19655,"href":"https:\/\/www.fjardhundraland.se\/es\/wp-json\/wp\/v2\/posts\/2858\/revisions\/19655"}],"wp:attachment":[{"href":"https:\/\/www.fjardhundraland.se\/es\/wp-json\/wp\/v2\/media?parent=2858"}],"wp:term":[{"taxonomy":"category","embeddable":true,"href":"https:\/\/www.fjardhundraland.se\/es\/wp-json\/wp\/v2\/categories?post=2858"},{"taxonomy":"post_tag","embeddable":true,"href":"https:\/\/www.fjardhundraland.se\/es\/wp-json\/wp\/v2\/tags?post=2858"}],"curies":[{"name":"wp","href":"https:\/\/api.w.org\/{rel}","templated":true}]}}