
{"id":280,"date":"2011-05-24T22:57:20","date_gmt":"2011-05-24T20:57:20","guid":{"rendered":"http:\/\/www.fjardhundraland.se\/?p=280"},"modified":"2026-02-05T13:40:42","modified_gmt":"2026-02-05T12:40:42","slug":"desenredando-en-fjardhundralandia","status":"publish","type":"post","link":"https:\/\/www.fjardhundraland.se\/es\/externt\/2011\/upptacksfard-i-fjardhundraland\/","title":{"rendered":"Explorar Fj\u00e4rdhundraland"},"content":{"rendered":"<p>Durante dos fines de semana de mayo, Fj\u00e4rdhundraland convirti\u00f3 la plaza de Enk\u00f6ping en un mundo en s\u00ed mismo, con una muestra de todo lo que hay para los visitantes de la zona norte de Enk\u00f6ping. Los domingos hubo recorridos en autob\u00fas con atracciones, sorpresas culturales y aperitivos locales.<\/p>\n<p>\u00a1Gracias a quienes nos visitaron! Ahora seguimos adelante - con un largo y feliz verano ya que sois bienvenidos a Fj\u00e4rdhundraland. Siga con nosotros aqu\u00ed y en <a title=\"facebook.com\/fjardhundralandia\" href=\"https:\/\/facebook.com\/fjardhundraland\" target=\"_blank\" rel=\"noopener\">Facebook<\/a> le proporcionaremos nuevos consejos sobre puestos: \u00a1todav\u00eda queda mucho por descubrir!<\/p>","protected":false},"excerpt":{"rendered":"<p>Tv\u00e5 helger i maj gjorde Fj\u00e4rdhundraland torget i Enk\u00f6ping till en egen v\u00e4rld \u2013 med smakprov p\u00e5 allt som finns f\u00f6r dig som bes\u00f6kare i trakterna norr om Enk\u00f6ping. S\u00f6ndagarna bj\u00f6d p\u00e5 bussresor med sev\u00e4rdheter, kulturella \u00f6verraskningar och lokala tilltugg. Tack till dig som bes\u00f6kte oss! Nu forts\u00e4tter vi \u2013 med en l\u00e5ng och sk\u00f6n [&hellip;]<\/p>\n","protected":false},"author":1,"featured_media":0,"comment_status":"open","ping_status":"open","sticky":false,"template":"","format":"standard","meta":{"_acf_changed":false,"_relevanssi_hide_post":"","_relevanssi_hide_content":"","_relevanssi_pin_for_all":"","_relevanssi_pin_keywords":"","_relevanssi_unpin_keywords":"","_relevanssi_related_keywords":"","_relevanssi_related_include_ids":"","_relevanssi_related_exclude_ids":"","_relevanssi_related_no_append":"","_relevanssi_related_not_related":"","_relevanssi_related_posts":"","_relevanssi_noindex_reason":"Rank Math Uteslut fr\u00e5n Relevanssi index","_genesis_hide_title":false,"_genesis_hide_breadcrumbs":false,"_genesis_hide_singular_image":false,"_genesis_hide_footer_widgets":false,"_genesis_custom_body_class":"","_genesis_custom_post_class":"","_genesis_layout":"","_jetpack_memberships_contains_paid_content":false,"footnotes":""},"categories":[353,18],"tags":[352],"class_list":{"0":"post-280","1":"post","2":"type-post","3":"status-publish","4":"format-standard","6":"category-aldre-inlagg","7":"category-externt","8":"tag-aldre-inlagg","9":"entry"},"acf":[],"visa":null,"geo_latitude":null,"geo_longitude":null,"jetpack_featured_media_url":"","featured_image_src":null,"featured_image_src_square":null,"author_info":{"display_name":"Mats Thorburn","author_link":"https:\/\/www.fjardhundraland.se\/es\/author\/matst\/"},"jetpack-related-posts":[{"id":1042,"url":"https:\/\/www.fjardhundraland.se\/es\/gardsbutiker\/2012\/rebusrunda-i-fjardhundraland\/","url_meta":{"origin":280,"position":0},"title":"Ronda Rebus en Fj\u00e4rdhundraland","author":"Mats Thorburn","date":"17 julio 2012","format":false,"excerpt":"Durante dos domingos de agosto, el 5\/8 y el 12\/8, de 10.00 a 17.00 horas, le invitamos a conocer el Fj\u00e4rdhundraland con la ayuda de una sencilla y divertida b\u00fasqueda del tesoro. Participan nada menos que veintis\u00e9is comercios y atracciones que merece la pena visitar. Estos d\u00edas ofrecen un peque\u00f1o extra, con generosos horarios de apertura y ofertas especiales. En cada lugar que...","rel":"","context":"En \u00ab\u00c4ldre inl\u00e4gg\u00bb","block_context":{"text":"\u00c4ldre inl\u00e4gg","link":"https:\/\/www.fjardhundraland.se\/es\/aldre-inlagg\/"},"img":{"alt_text":"","src":"https:\/\/i0.wp.com\/www.fjardhundraland.se\/wp-content\/uploads\/2012\/07\/Rebusrunda1-300x498.jpg?resize=350%2C200&ssl=1","width":350,"height":200},"classes":[]},{"id":13,"url":"https:\/\/www.fjardhundraland.se\/es\/externt\/2010\/fjardhundraland\/","url_meta":{"origin":280,"position":1},"title":"Fj\u00e4rdhundraland","author":"Mats Thorburn","date":"12 octubre 2010","format":false,"excerpt":"Fj\u00e4rdhundraland es la interpretaci\u00f3n moderna del pa\u00eds folcl\u00f3rico medieval de Fj\u00e4drundaland. Aqu\u00ed, en la zona alrededor de Fj\u00e4rdhundra al norte de Enk\u00f6ping, encontrar\u00e1 un campo vibrante con historia, pero tambi\u00e9n peque\u00f1os negocios en ciernes: cafeter\u00edas, alojamientos y tiendas de granja. Grandes experiencias para los visitantes en un pueblo antiguo. \u00a1Bienvenido! Qui\u00e9n sabe, puede que incluso...","rel":"","context":"En \u00ab\u00c4ldre inl\u00e4gg\u00bb","block_context":{"text":"\u00c4ldre inl\u00e4gg","link":"https:\/\/www.fjardhundraland.se\/es\/aldre-inlagg\/"},"img":{"alt_text":"","src":"","width":0,"height":0},"classes":[]},{"id":1167,"url":"https:\/\/www.fjardhundraland.se\/es\/entreprenorskap-i-fjardhundraland\/2012\/vinnare-rebusrundan\/","url_meta":{"origin":280,"position":2},"title":"Ganadores de la ronda de rebus","author":"Mats Thorburn","date":"22 agosto 2012","format":false,"excerpt":"\u00a1Gracias a todos los visitantes que viajaron en Fj\u00e4rdhundraland en el Rebus Tour! Enhorabuena tambi\u00e9n a los ganadores de los magn\u00edficos premios. En breve nos pondremos en contacto con vosotros. Nombre Lugar Ganador Maud Pettersson Fj\u00e4rdhundra Cheque regalo para \u201dTrivselkv\u00e4ll med underh\u00e5llning och gammeldags mat\u201d el 19\/8 a las 18. Donado por Altuna...","rel":"","context":"En \u00ab\u00c4ldre inl\u00e4gg\u00bb","block_context":{"text":"\u00c4ldre inl\u00e4gg","link":"https:\/\/www.fjardhundraland.se\/es\/aldre-inlagg\/"},"img":{"alt_text":"Bes\u00f6kare p\u00e5 Kr\u00e5kvilan. Foto: Mats Thorburn.","src":"https:\/\/i0.wp.com\/www.fjardhundraland.se\/wp-content\/uploads\/2012\/08\/2012-08-12-at-13-29-07-630x420.jpg?resize=350%2C200&ssl=1","width":350,"height":200,"srcset":"https:\/\/i0.wp.com\/www.fjardhundraland.se\/wp-content\/uploads\/2012\/08\/2012-08-12-at-13-29-07-630x420.jpg?resize=350%2C200&ssl=1 1x, https:\/\/i0.wp.com\/www.fjardhundraland.se\/wp-content\/uploads\/2012\/08\/2012-08-12-at-13-29-07-630x420.jpg?resize=525%2C300&ssl=1 1.5x"},"classes":[]},{"id":2863,"url":"https:\/\/www.fjardhundraland.se\/es\/mat\/2015\/smaka-pa-enkoping-och-fjardhundraland\/","url_meta":{"origin":280,"position":3},"title":"Degustaci\u00f3n de Enk\u00f6ping y Fj\u00e4rdhundraland","author":"Mats Thorburn","date":"25 agosto 2015","format":false,"excerpt":"El s\u00e1bado 5 de septiembre, D\u00eda de la Huerta, le invitamos a degustar lo mejor de Fj\u00e4rdhundraland en Taste Enk\u00f6ping. En esta ocasi\u00f3n, muchos de los mejores alimentos ecol\u00f3gicos y de producci\u00f3n local se dan cita en una feria y mercado a lo largo del paseo fluvial de Enk\u00f6ping. Fj\u00e4rdhundraland participa con algunos de nuestros muchos productores de alimentos de alta calidad, y con informaci\u00f3n tur\u00edstica. Adem\u00e1s...","rel":"","context":"En \u00ab\u00c4ldre inl\u00e4gg\u00bb","block_context":{"text":"\u00c4ldre inl\u00e4gg","link":"https:\/\/www.fjardhundraland.se\/es\/aldre-inlagg\/"},"img":{"alt_text":"Skogsbacken","src":"https:\/\/i0.wp.com\/www.fjardhundraland.se\/wp-content\/uploads\/2014\/03\/skogsbacken-1.jpg?resize=350%2C200&ssl=1","width":350,"height":200,"srcset":"https:\/\/i0.wp.com\/www.fjardhundraland.se\/wp-content\/uploads\/2014\/03\/skogsbacken-1.jpg?resize=350%2C200&ssl=1 1x, https:\/\/i0.wp.com\/www.fjardhundraland.se\/wp-content\/uploads\/2014\/03\/skogsbacken-1.jpg?resize=525%2C300&ssl=1 1.5x, https:\/\/i0.wp.com\/www.fjardhundraland.se\/wp-content\/uploads\/2014\/03\/skogsbacken-1.jpg?resize=700%2C400&ssl=1 2x, https:\/\/i0.wp.com\/www.fjardhundraland.se\/wp-content\/uploads\/2014\/03\/skogsbacken-1.jpg?resize=1050%2C600&ssl=1 3x, https:\/\/i0.wp.com\/www.fjardhundraland.se\/wp-content\/uploads\/2014\/03\/skogsbacken-1.jpg?resize=1400%2C800&ssl=1 4x"},"classes":[]},{"id":5262,"url":"https:\/\/www.fjardhundraland.se\/es\/utflykt\/2018\/cykla-i-fjardhundraland\/","url_meta":{"origin":280,"position":4},"title":"Ciclismo en Fj\u00e4rdhundraland","author":"Mats Thorburn","date":"30 junio 2018","format":false,"excerpt":"Las sinuosas carreteras secundarias de Fj\u00e4rdhundraland son el sue\u00f1o de cualquier ciclista, con multitud de opciones, hermosas vistas y mucho que ver y hacer. Estamos trabajando para facilitar a los visitantes la orientaci\u00f3n, la b\u00fasqueda de comida y alojamiento y la orientaci\u00f3n cuando la necesiten. Fj\u00e4rdhundralandsleden Para hacerlo m\u00e1s f\u00e1cil, hemos...","rel":"","context":"En \u00abUtflykt\u00bb","block_context":{"text":"Utflykt","link":"https:\/\/www.fjardhundraland.se\/es\/utflykt\/"},"img":{"alt_text":"Cyklar parkerade framf\u00f6r Nys\u00e4tra kyrka","src":"https:\/\/i0.wp.com\/www.fjardhundraland.se\/wp-content\/uploads\/2018\/06\/cykling.jpg?resize=350%2C200&ssl=1","width":350,"height":200,"srcset":"https:\/\/i0.wp.com\/www.fjardhundraland.se\/wp-content\/uploads\/2018\/06\/cykling.jpg?resize=350%2C200&ssl=1 1x, https:\/\/i0.wp.com\/www.fjardhundraland.se\/wp-content\/uploads\/2018\/06\/cykling.jpg?resize=525%2C300&ssl=1 1.5x, https:\/\/i0.wp.com\/www.fjardhundraland.se\/wp-content\/uploads\/2018\/06\/cykling.jpg?resize=700%2C400&ssl=1 2x, https:\/\/i0.wp.com\/www.fjardhundraland.se\/wp-content\/uploads\/2018\/06\/cykling.jpg?resize=1050%2C600&ssl=1 3x, https:\/\/i0.wp.com\/www.fjardhundraland.se\/wp-content\/uploads\/2018\/06\/cykling.jpg?resize=1400%2C800&ssl=1 4x"},"classes":[]},{"id":1345,"url":"https:\/\/www.fjardhundraland.se\/es\/turistinformation\/2013\/svang-a\/","url_meta":{"origin":280,"position":5},"title":"Gire hacia el centro de informaci\u00f3n tur\u00edstica.","author":"Mats Thorburn","date":"7 junio 2013","format":false,"excerpt":"\u00bfQuiere saber m\u00e1s y obtener consejos personalizados sobre Fj\u00e4rdhundraland? Visite el Centro de Informaci\u00f3n Tur\u00edstica Fj\u00e4rdhundraland, en G\u00e4stre, justo al sur de Fj\u00e4rdhundra por la carretera 70 Enk\u00f6ping-Sala. A partir de hoy, 7 de junio, abre los viernes y s\u00e1bados de 12 a 16 (hasta el 7 de septiembre, con algunas excepciones - consulte el sitio web). \u00a1Bienvenido a un poco de informaci\u00f3n tur\u00edstica personalizada!","rel":"","context":"En \u00ab\u00c4ldre inl\u00e4gg\u00bb","block_context":{"text":"\u00c4ldre inl\u00e4gg","link":"https:\/\/www.fjardhundraland.se\/es\/aldre-inlagg\/"},"img":{"alt_text":"OLYMPUS DIGITAL CAMERA","src":"https:\/\/i0.wp.com\/www.fjardhundraland.se\/wp-content\/uploads\/2013\/06\/turistskylt.jpg?resize=350%2C200&ssl=1","width":350,"height":200,"srcset":"https:\/\/i0.wp.com\/www.fjardhundraland.se\/wp-content\/uploads\/2013\/06\/turistskylt.jpg?resize=350%2C200&ssl=1 1x, https:\/\/i0.wp.com\/www.fjardhundraland.se\/wp-content\/uploads\/2013\/06\/turistskylt.jpg?resize=525%2C300&ssl=1 1.5x, https:\/\/i0.wp.com\/www.fjardhundraland.se\/wp-content\/uploads\/2013\/06\/turistskylt.jpg?resize=700%2C400&ssl=1 2x, https:\/\/i0.wp.com\/www.fjardhundraland.se\/wp-content\/uploads\/2013\/06\/turistskylt.jpg?resize=1050%2C600&ssl=1 3x, https:\/\/i0.wp.com\/www.fjardhundraland.se\/wp-content\/uploads\/2013\/06\/turistskylt.jpg?resize=1400%2C800&ssl=1 4x"},"classes":[]}],"jetpack_sharing_enabled":true,"_links":{"self":[{"href":"https:\/\/www.fjardhundraland.se\/es\/wp-json\/wp\/v2\/posts\/280","targetHints":{"allow":["GET"]}}],"collection":[{"href":"https:\/\/www.fjardhundraland.se\/es\/wp-json\/wp\/v2\/posts"}],"about":[{"href":"https:\/\/www.fjardhundraland.se\/es\/wp-json\/wp\/v2\/types\/post"}],"author":[{"embeddable":true,"href":"https:\/\/www.fjardhundraland.se\/es\/wp-json\/wp\/v2\/users\/1"}],"replies":[{"embeddable":true,"href":"https:\/\/www.fjardhundraland.se\/es\/wp-json\/wp\/v2\/comments?post=280"}],"version-history":[{"count":1,"href":"https:\/\/www.fjardhundraland.se\/es\/wp-json\/wp\/v2\/posts\/280\/revisions"}],"predecessor-version":[{"id":19767,"href":"https:\/\/www.fjardhundraland.se\/es\/wp-json\/wp\/v2\/posts\/280\/revisions\/19767"}],"wp:attachment":[{"href":"https:\/\/www.fjardhundraland.se\/es\/wp-json\/wp\/v2\/media?parent=280"}],"wp:term":[{"taxonomy":"category","embeddable":true,"href":"https:\/\/www.fjardhundraland.se\/es\/wp-json\/wp\/v2\/categories?post=280"},{"taxonomy":"post_tag","embeddable":true,"href":"https:\/\/www.fjardhundraland.se\/es\/wp-json\/wp\/v2\/tags?post=280"}],"curies":[{"name":"wp","href":"https:\/\/api.w.org\/{rel}","templated":true}]}}