
{"id":2526,"date":"2014-10-08T15:29:30","date_gmt":"2014-10-08T13:29:30","guid":{"rendered":"http:\/\/www.fjardhundraland.se\/?p=2526"},"modified":"2026-02-05T13:41:08","modified_gmt":"2026-02-05T12:41:08","slug":"hostglod-fjardhundraland-2014","status":"publish","type":"post","link":"https:\/\/www.fjardhundraland.se\/es\/mat\/2014\/hostglod-fjardhundraland-2014\/","title":{"rendered":"Brillo oto\u00f1al en Fj\u00e4rdhundraland 2014"},"content":{"rendered":"<p>El domingo, Fj\u00e4rdhundraland le invita a Autumn Glow, en \u00d6vre G\u00e4stre, Fj\u00e4rdhundra. <a title=\"Resplandor oto\u00f1al en Fj\u00e4rdhundraland\" href=\"https:\/\/www.fjardhundraland.se\/es\/eventos-2\/eventos\/hostglod-i-fjardhundraland-39\/\">M\u00e1s informaci\u00f3n.<\/a><\/p>","protected":false},"excerpt":{"rendered":"<p>El domingo, Fj\u00e4rdhundraland le invita a Autumn Glow, en \u00d6vre G\u00e4stre, Fj\u00e4rdhundra. M\u00e1s informaci\u00f3n.<\/p>","protected":false},"author":1,"featured_media":0,"comment_status":"open","ping_status":"open","sticky":false,"template":"","format":"standard","meta":{"_acf_changed":false,"_relevanssi_hide_post":"","_relevanssi_hide_content":"","_relevanssi_pin_for_all":"","_relevanssi_pin_keywords":"","_relevanssi_unpin_keywords":"","_relevanssi_related_keywords":"","_relevanssi_related_include_ids":"","_relevanssi_related_exclude_ids":"","_relevanssi_related_no_append":"","_relevanssi_related_not_related":"","_relevanssi_related_posts":"","_relevanssi_noindex_reason":"Rank Math Uteslut fr\u00e5n Relevanssi index","_genesis_hide_title":false,"_genesis_hide_breadcrumbs":false,"_genesis_hide_singular_image":false,"_genesis_hide_footer_widgets":false,"_genesis_custom_body_class":"","_genesis_custom_post_class":"","_genesis_layout":"","_jetpack_memberships_contains_paid_content":false,"footnotes":""},"categories":[353,45,78,22,25],"tags":[352,203,173,28],"class_list":{"0":"post-2526","1":"post","2":"type-post","3":"status-publish","4":"format-standard","6":"category-aldre-inlagg","7":"category-kultur","8":"category-marknad-2","9":"category-mat","10":"category-upplevelser","11":"tag-aldre-inlagg","12":"tag-djur","13":"tag-hostglod","14":"tag-marknad","15":"entry"},"acf":[],"visa":null,"geo_latitude":null,"geo_longitude":null,"jetpack_featured_media_url":"","featured_image_src":null,"featured_image_src_square":null,"author_info":{"display_name":"Mats Thorburn","author_link":"https:\/\/www.fjardhundraland.se\/es\/author\/matst\/"},"jetpack-related-posts":[{"id":2950,"url":"https:\/\/www.fjardhundraland.se\/es\/inlagg\/2015\/sekelskiftesmarknad-pa-hostglod-i-fjardhundraland\/","url_meta":{"origin":2526,"position":0},"title":"Mercado Sekelskiftes en H\u00f6stgl\u00f6d en Fj\u00e4rdhundraland","author":"Mats Thorburn","date":"28 septiembre 2015","format":false,"excerpt":"Los d\u00edas 10 y 11 de octubre, Fj\u00e4rdhundraland le invita a un mercado a la antigua usanza en el pueblo de Altuna. Conocer\u00e1 a miembros de Fj\u00e4rdhundraland y a varios expositores invitados, escuchar\u00e1 m\u00fasica y mucho m\u00e1s. M\u00e1s informaci\u00f3n aqu\u00ed.","rel":"","context":"En \u00ab\u00c4ldre inl\u00e4gg\u00bb","block_context":{"text":"\u00c4ldre inl\u00e4gg","link":"https:\/\/www.fjardhundraland.se\/es\/aldre-inlagg\/"},"img":{"alt_text":"","src":"","width":0,"height":0},"classes":[]},{"id":1444,"url":"https:\/\/www.fjardhundraland.se\/es\/externt\/2013\/fjardhundralands-hostglod\/","url_meta":{"origin":2526,"position":1},"title":"Fj\u00e4rdhundralands resplandor oto\u00f1al","author":"Ylva Fontell","date":"30 septiembre 2013","format":false,"excerpt":"El domingo 13 de octubre te invitamos a una colorida cabalgata oto\u00f1al en la Galer\u00eda Lundellska de Simtuna. Podr\u00e1s comprar productos locales, recibir consejos de salud y un masaje en el invernadero, asistir a una exposici\u00f3n de setas con la asesora Eva Allestedt o recibir consejos sobre las mejores variedades de manzana. Habr\u00e1 m\u00fasica y la experta en jardiner\u00eda Lena M\u00e5nsson hablar\u00e1 sobre bulbos. Tome ...","rel":"","context":"En \u00ab\u00c4ldre inl\u00e4gg\u00bb","block_context":{"text":"\u00c4ldre inl\u00e4gg","link":"https:\/\/www.fjardhundraland.se\/es\/aldre-inlagg\/"},"img":{"alt_text":"","src":"","width":0,"height":0},"classes":[]},{"id":3619,"url":"https:\/\/www.fjardhundraland.se\/es\/musik\/2016\/sprakande-hostglod-8-9-oktober\/","url_meta":{"origin":2526,"position":2},"title":"Brillante resplandor oto\u00f1al 8 y 9 de octubre","author":"Mats Thorburn","date":"29 septiembre 2016","format":false,"excerpt":"Helgen 8\u20139 oktober sprakar Fj\u00e4rdhundra av H\u00f6stgl\u00f6d. Tv\u00e5 dagar fyllda av samtal, m\u00e4nskliga ber\u00e4ttelser och m\u00e5ngfald f\u00f6r alla \u00e5ldrar! Gratis aktiviteter. Insamling till All V\u00e4rldens Barn! H\u00e4r finns programmet att skriva ut [pdf]. Mel\u2019s Drive in l\u00f6rdag och s\u00f6ndag kl 11\u00a0till 16 Marknad - Hantverkare och Mathantverkare fr\u00e5n Fj\u00e4rdhundraland och\u2026","rel":"","context":"En \u00ab\u00c4ldre inl\u00e4gg\u00bb","block_context":{"text":"\u00c4ldre inl\u00e4gg","link":"https:\/\/www.fjardhundraland.se\/es\/aldre-inlagg\/"},"img":{"alt_text":"","src":"https:\/\/i0.wp.com\/www.fjardhundraland.se\/wp-content\/uploads\/2015\/10\/hostglod-banner1.jpg?resize=350%2C200&ssl=1","width":350,"height":200,"srcset":"https:\/\/i0.wp.com\/www.fjardhundraland.se\/wp-content\/uploads\/2015\/10\/hostglod-banner1.jpg?resize=350%2C200&ssl=1 1x, https:\/\/i0.wp.com\/www.fjardhundraland.se\/wp-content\/uploads\/2015\/10\/hostglod-banner1.jpg?resize=525%2C300&ssl=1 1.5x, https:\/\/i0.wp.com\/www.fjardhundraland.se\/wp-content\/uploads\/2015\/10\/hostglod-banner1.jpg?resize=700%2C400&ssl=1 2x, https:\/\/i0.wp.com\/www.fjardhundraland.se\/wp-content\/uploads\/2015\/10\/hostglod-banner1.jpg?resize=1050%2C600&ssl=1 3x, https:\/\/i0.wp.com\/www.fjardhundraland.se\/wp-content\/uploads\/2015\/10\/hostglod-banner1.jpg?resize=1400%2C800&ssl=1 4x"},"classes":[]},{"id":3505,"url":"https:\/\/www.fjardhundraland.se\/es\/marknad-2\/2016\/smaka-pa-enkoping\/","url_meta":{"origin":2526,"position":3},"title":"Degustaci\u00f3n del Enk\u00f6ping 2016","author":"Mats Thorburn","date":"17 agosto 2016","format":false,"excerpt":"El 3 de septiembre llega la hora del Sabor de Enk\u00f6ping, en el marco del D\u00eda de la Huerta. El acontecimiento re\u00fane alimentos ecol\u00f3gicos y de producci\u00f3n local en una feria y un mercado a lo largo del paseo ribere\u00f1o junto al r\u00edo Enk\u00f6ping. Fj\u00e4rdhundraland est\u00e1 en el centro de la producci\u00f3n local y le invita a un mercado sobre el c\u00e9sped junto a los restaurantes de Smaka p\u00e5 Enk\u00f6ping. Participantes...","rel":"","context":"En \u00abMarknad\u00bb","block_context":{"text":"Marknad","link":"https:\/\/www.fjardhundraland.se\/es\/marknad-2\/"},"img":{"alt_text":"Fj\u00e4rdhundraland p\u00e5 marknad Smaka p\u00e5 enkoping","src":"https:\/\/i0.wp.com\/www.fjardhundraland.se\/wp-content\/uploads\/2016\/03\/Fjardhundraland-marknad-smaka-pa-enkoping.jpg?resize=350%2C200&ssl=1","width":350,"height":200,"srcset":"https:\/\/i0.wp.com\/www.fjardhundraland.se\/wp-content\/uploads\/2016\/03\/Fjardhundraland-marknad-smaka-pa-enkoping.jpg?resize=350%2C200&ssl=1 1x, https:\/\/i0.wp.com\/www.fjardhundraland.se\/wp-content\/uploads\/2016\/03\/Fjardhundraland-marknad-smaka-pa-enkoping.jpg?resize=525%2C300&ssl=1 1.5x, https:\/\/i0.wp.com\/www.fjardhundraland.se\/wp-content\/uploads\/2016\/03\/Fjardhundraland-marknad-smaka-pa-enkoping.jpg?resize=700%2C400&ssl=1 2x, https:\/\/i0.wp.com\/www.fjardhundraland.se\/wp-content\/uploads\/2016\/03\/Fjardhundraland-marknad-smaka-pa-enkoping.jpg?resize=1050%2C600&ssl=1 3x, https:\/\/i0.wp.com\/www.fjardhundraland.se\/wp-content\/uploads\/2016\/03\/Fjardhundraland-marknad-smaka-pa-enkoping.jpg?resize=1400%2C800&ssl=1 4x"},"classes":[]},{"id":1442,"url":"https:\/\/www.fjardhundraland.se\/es\/hantverk\/2013\/hantverks-skordemarknad\/","url_meta":{"origin":2526,"position":4},"title":"Mercado de artesan\u00eda y recolecci\u00f3n","author":"Ylva Fontell","date":"26 septiembre 2013","format":false,"excerpt":"Bienvenido al molino de Forsby el s\u00e1bado 28 de septiembre a las 11-16. Fj\u00e4rdhundrabygdens sl\u00f6jdare organiza un mercado con artesan\u00eda y productos de temporada de la cosecha. La cafeter\u00eda del molino tambi\u00e9n estar\u00e1 abierta. \u00a0","rel":"","context":"En \u00ab\u00c4ldre inl\u00e4gg\u00bb","block_context":{"text":"\u00c4ldre inl\u00e4gg","link":"https:\/\/www.fjardhundraland.se\/es\/aldre-inlagg\/"},"img":{"alt_text":"","src":"","width":0,"height":0},"classes":[]},{"id":364,"url":"https:\/\/www.fjardhundraland.se\/es\/externt\/2011\/tioarsjubilerande-bymarkad\/","url_meta":{"origin":2526,"position":5},"title":"D\u00e9cimo aniversario del mercado municipal","author":"Mats Thorburn","date":"18 junio 2011","format":false,"excerpt":"El domingo 19 de junio se celebra por d\u00e9cimo a\u00f1o el concurrido mercado del pueblo de H\u00e4rnevi. Se recomienda visitarlo: \u00a1una combinaci\u00f3n perfecta de un bonito pueblo y un mercado variado y agradable! \u00a0","rel":"","context":"En \u00ab\u00c4ldre inl\u00e4gg\u00bb","block_context":{"text":"\u00c4ldre inl\u00e4gg","link":"https:\/\/www.fjardhundraland.se\/es\/aldre-inlagg\/"},"img":{"alt_text":"","src":"","width":0,"height":0},"classes":[]}],"jetpack_sharing_enabled":true,"_links":{"self":[{"href":"https:\/\/www.fjardhundraland.se\/es\/wp-json\/wp\/v2\/posts\/2526","targetHints":{"allow":["GET"]}}],"collection":[{"href":"https:\/\/www.fjardhundraland.se\/es\/wp-json\/wp\/v2\/posts"}],"about":[{"href":"https:\/\/www.fjardhundraland.se\/es\/wp-json\/wp\/v2\/types\/post"}],"author":[{"embeddable":true,"href":"https:\/\/www.fjardhundraland.se\/es\/wp-json\/wp\/v2\/users\/1"}],"replies":[{"embeddable":true,"href":"https:\/\/www.fjardhundraland.se\/es\/wp-json\/wp\/v2\/comments?post=2526"}],"version-history":[{"count":1,"href":"https:\/\/www.fjardhundraland.se\/es\/wp-json\/wp\/v2\/posts\/2526\/revisions"}],"predecessor-version":[{"id":19667,"href":"https:\/\/www.fjardhundraland.se\/es\/wp-json\/wp\/v2\/posts\/2526\/revisions\/19667"}],"wp:attachment":[{"href":"https:\/\/www.fjardhundraland.se\/es\/wp-json\/wp\/v2\/media?parent=2526"}],"wp:term":[{"taxonomy":"category","embeddable":true,"href":"https:\/\/www.fjardhundraland.se\/es\/wp-json\/wp\/v2\/categories?post=2526"},{"taxonomy":"post_tag","embeddable":true,"href":"https:\/\/www.fjardhundraland.se\/es\/wp-json\/wp\/v2\/tags?post=2526"}],"curies":[{"name":"wp","href":"https:\/\/api.w.org\/{rel}","templated":true}]}}