
{"id":2495,"date":"2014-08-29T10:19:40","date_gmt":"2014-08-29T08:19:40","guid":{"rendered":"http:\/\/www.fjardhundraland.se\/?p=2495"},"modified":"2026-02-05T13:41:08","modified_gmt":"2026-02-05T12:41:08","slug":"ganadores-de-la-ronda-rebus-2014","status":"publish","type":"post","link":"https:\/\/www.fjardhundraland.se\/es\/rebusrunda\/2014\/vinnarna-rebusrundan-2014\/","title":{"rendered":"Ganadores de la ronda Rebus 2014"},"content":{"rendered":"<p>\u00a1Aqu\u00ed est\u00e1n los ganadores de la Ronda Rebus de este a\u00f1o! Si has ganado, la empresa con la que ganaste se pondr\u00e1 en contacto contigo (tambi\u00e9n puedes hacerlo t\u00fa mismo).<\/p>\n<p>Sra. Ulrika Skarp - <a title=\"Centro ecuestre y de adiestramiento de Rotbrunna\" href=\"https:\/\/www.fjardhundraland.se\/es\/platos\/rojo-marron-tiene-patio-de-curso\/\">Centro Ecuestre y de Adiestramiento de Rotbrunna<\/a><\/p>\n<p>Lilian Ekh - <a title=\"Galer\u00eda Lundellska\" href=\"https:\/\/www.fjardhundraland.se\/es\/platos\/galeria-lundellska\/\">Galer\u00eda Lundellska<\/a><\/p>\n<p>Ann-Mari Lundin - <a title=\"Dunderbo Luz y Artesan\u00eda\" href=\"https:\/\/www.fjardhundraland.se\/es\/platos\/dunderbo-velas-y-artesania\/\">Velas y artesan\u00eda Dunderbo<\/a><\/p>\n<p>Sr. Joakim Dahlgren - <a title=\"Potencia Fj\u00e4rdhundra\" href=\"https:\/\/www.fjardhundraland.se\/es\/platos\/potencia-de-prisa-cuatrocientos\/\">Potencia Fj\u00e4rdhundra<\/a><\/p>\n<p>Emma Medin <a title=\"Panader\u00eda Crow&#039;s Will\" href=\"https:\/\/www.fjardhundraland.se\/es\/platos\/krakvilan-bageri\/\">Voluntad del cuervo<\/a><\/p>\n<p>Sra. Maria Karlsson - <a title=\"Guarder\u00eda H\u00e4rnevi\" href=\"https:\/\/www.fjardhundraland.se\/es\/platos\/vivero-harnevi\/\">Guarder\u00eda H\u00e4rnevi<\/a><\/p>\n<p>Tommy \u00c5berg - <a title=\"Caf\u00e9 del molino de Forsby\" href=\"https:\/\/www.fjardhundraland.se\/es\/platos\/cafeteria-forsby-mill\/\">Molino de Forsby<\/a><\/p>\n<p>Inger Holgersson - <a title=\"Panader\u00eda de la granja de la abuela Elsa\" href=\"https:\/\/www.fjardhundraland.se\/es\/platos\/panaderia-de-la-granja-de-la-abuela-elsa\/\">Panader\u00eda de la granja de la abuela Elsa<\/a><\/p>\n<p>Sra. Rose-Marie Lindwall - <a title=\"Apetito en \u00d6rsundsbro\" href=\"https:\/\/www.fjardhundraland.se\/es\/platos\/matlust-i-orsundsbro\/\">Apetito \u00d6rsundsbro<\/a><\/p>\n<p>Sr. Jan Odmark - <a title=\"Granja lechera de Vallgarn\" href=\"https:\/\/www.fjardhundraland.se\/es\/platos\/vallgarns-gardsmejeri\/\">Granja lechera de Vallgarn<\/a><\/p>\n<p>Sra. Clara J\u00f6rgensen - <a title=\"Fiesta y conferencia de Gyllene Brunnen\" href=\"https:\/\/www.fjardhundraland.se\/es\/platos\/gyllene-brunnen-fest-och-konferens\/\">El pozo de oro<\/a><\/p>\n<p>Sr. Frank Patrickson - <a title=\"Tienda y cafeter\u00eda Yellow Stables\" href=\"https:\/\/www.fjardhundraland.se\/es\/platos\/gula-stallets-butik-kafe\/\">Establo amarillo<\/a><\/p>\n<p>Mikael Teller - <a title=\"Embutidos Franz\u00e9n\" href=\"https:\/\/www.fjardhundraland.se\/es\/platos\/charcuteria-franzens\/\">Embutidos Franz\u00e9n<\/a><\/p>\n<p>Mats Lilja - <a title=\"Jard\u00edn de M\u00e4lby\" href=\"https:\/\/www.fjardhundraland.se\/es\/platos\/malby-tradgard\/\">Jard\u00edn de M\u00e4lby<\/a><\/p>\n<p>Sr. David Medin <a title=\"T\u00e9 ecol\u00f3gico Pekoe\" href=\"https:\/\/www.fjardhundraland.se\/es\/platos\/te-pekoe-ecologico\/\">T\u00e9 ecol\u00f3gico Pekoe<\/a><\/p>\n<p>Sr. Stig Hallgren - <a title=\"Jardines de Alsta\" href=\"https:\/\/www.fjardhundraland.se\/es\/platos\/alsta-tradgardar\/\">Jardines de Alsta<\/a><\/p>\n<p>Sra. Carina Medin - <a title=\"F\u00e1brica de tejidos Siggesta\" href=\"https:\/\/www.fjardhundraland.se\/es\/platos\/siggesta-vavstuga\/\">F\u00e1brica de tejidos Siggesta<\/a><\/p>\n<p>Michael Patrickson <a title=\"Fj\u00e4rdhundraland informaci\u00f3n tur\u00edstica en G\u00e4stre\" href=\"https:\/\/www.fjardhundraland.se\/es\/platos\/tusen-och-en-bok-bokloppis\/\">Fj\u00e4rdhundralands informaci\u00f3n tur\u00edstica<\/a><\/p>\n<p>Sr. Bror-Erik Lundin - <a title=\"Dunderbo, Warpath\" href=\"https:\/\/www.fjardhundraland.se\/es\/platos\/dunderbo-warpath\/\">La Escalera de Guerra<\/a><\/p>\n<p>Linda Uddling <a title=\"Finca Altuna\" href=\"https:\/\/www.fjardhundraland.se\/es\/platos\/altuna-hembygdsgrd\/\">Sociedad de Historia Local de Altuna<\/a><\/p>","protected":false},"excerpt":{"rendered":"<p>H\u00e4r \u00e4r vinnarna i \u00e5rets Rebusrunda! Du som har vunnit kommer att bli kontaktad av det f\u00f6retag du vunnit fr\u00e5n (du kan ocks\u00e5 sj\u00e4lv kontakta dem). Ulrika Skarp \u2013 Rotbrunna H\u00e4st och kursg\u00e5rd Lilian Ekh \u2013 Lundellska galleriet Ann-Mari Lundin \u2013 Dunderbo ljus och hantverk Joakim Dahlgren \u2013 H\u00e4stkraft Fj\u00e4rdhundra Emma Medin \u2013 Kr\u00e5kvilan Maria [&hellip;]<\/p>\n","protected":false},"author":1,"featured_media":0,"comment_status":"open","ping_status":"open","sticky":false,"template":"","format":"standard","meta":{"_acf_changed":false,"_relevanssi_hide_post":"","_relevanssi_hide_content":"","_relevanssi_pin_for_all":"","_relevanssi_pin_keywords":"","_relevanssi_unpin_keywords":"","_relevanssi_related_keywords":"","_relevanssi_related_include_ids":"","_relevanssi_related_exclude_ids":"","_relevanssi_related_no_append":"","_relevanssi_related_not_related":"","_relevanssi_related_posts":"","_relevanssi_noindex_reason":"Rank Math Uteslut fr\u00e5n Relevanssi index","_genesis_hide_title":false,"_genesis_hide_breadcrumbs":false,"_genesis_hide_singular_image":false,"_genesis_hide_footer_widgets":false,"_genesis_custom_body_class":"","_genesis_custom_post_class":"","_genesis_layout":"","_jetpack_memberships_contains_paid_content":false,"footnotes":""},"categories":[353,88],"tags":[352,206,169],"class_list":{"0":"post-2495","1":"post","2":"type-post","3":"status-publish","4":"format-standard","6":"category-aldre-inlagg","7":"category-rebusrunda","8":"tag-aldre-inlagg","9":"tag-rebusrunda","10":"tag-vinster","11":"entry"},"acf":[],"visa":null,"geo_latitude":null,"geo_longitude":null,"jetpack_featured_media_url":"","featured_image_src":null,"featured_image_src_square":null,"author_info":{"display_name":"Mats Thorburn","author_link":"https:\/\/www.fjardhundraland.se\/es\/author\/matst\/"},"jetpack-related-posts":[{"id":2825,"url":"https:\/\/www.fjardhundraland.se\/es\/rebusrunda\/2015\/vinnare-rebusrundan-2015\/","url_meta":{"origin":2495,"position":0},"title":"Ganadores de la ronda Rebus 2015","author":"Mats Thorburn","date":"15 agosto 2015","format":false,"excerpt":"\u00bfHa participado en la Ronda Rebus? \u00bfTiene curiosidad por saber si ha ganado? Aqu\u00ed est\u00e1n los ganadores. Si has ganado, la persona que don\u00f3 el premio se pondr\u00e1 en contacto contigo, o puedes llamarla t\u00fa mismo. \u00a1Enhorabuena y bienvenido de nuevo a la Ronda Rebus 2016!","rel":"","context":"En \u00ab\u00c4ldre inl\u00e4gg\u00bb","block_context":{"text":"\u00c4ldre inl\u00e4gg","link":"https:\/\/www.fjardhundraland.se\/es\/aldre-inlagg\/"},"img":{"alt_text":"","src":"","width":0,"height":0},"classes":[]},{"id":4671,"url":"https:\/\/www.fjardhundraland.se\/es\/rebusrunda\/2017\/och-vinnarna-2017-ar\/","url_meta":{"origin":2495,"position":1},"title":"Y los ganadores de 2017 son...","author":"Ylva Fontell","date":"20 agosto 2017","format":false,"excerpt":"Enhorabuena a todos los ganadores de la Ronda Rebus 2017. En breve, la empresa\/organizaci\u00f3n adjudicadora se pondr\u00e1 en contacto personalmente con todos los ganadores. Felicitamos especialmente a Eila Tolonen. Ganadora el a\u00f1o pasado, \u00a1la suerte tambi\u00e9n la acompa\u00f1\u00f3 este a\u00f1o! \u00a0","rel":"","context":"En \u00abRebusrunda\u00bb","block_context":{"text":"Rebusrunda","link":"https:\/\/www.fjardhundraland.se\/es\/rebusrunda\/"},"img":{"alt_text":"","src":"","width":0,"height":0},"classes":[]},{"id":3534,"url":"https:\/\/www.fjardhundraland.se\/es\/rebusrunda\/2016\/vinnare-rebusrundan-2016\/","url_meta":{"origin":2495,"position":2},"title":"\u00a1Ganadores de la ronda Rebus 2016!","author":"Mats Thorburn","date":"21 agosto 2016","format":false,"excerpt":"Vaya, \u00a1qu\u00e9 \u00e9xito tuvo la Ronda Rebus en Fj\u00e4rdhundraland 2016! El n\u00famero de visitantes aument\u00f3 en 133% en comparaci\u00f3n con el a\u00f1o pasado. El r\u00e9cord en el n\u00famero de rebuses resueltos lo ostentan dos se\u00f1oras, que consiguieron 37 de 40 posibles. Tambi\u00e9n estamos abrumados por todos los comentarios positivos y agradecidos de nuestros numerosos visitantes. Nuestra forma de...","rel":"","context":"En \u00abRebusrunda\u00bb","block_context":{"text":"Rebusrunda","link":"https:\/\/www.fjardhundraland.se\/es\/rebusrunda\/"},"img":{"alt_text":"Rebusrundan 2016","src":"https:\/\/i0.wp.com\/www.fjardhundraland.se\/wp-content\/uploads\/2016\/07\/rebusrundan2016.jpg?resize=350%2C200&ssl=1","width":350,"height":200,"srcset":"https:\/\/i0.wp.com\/www.fjardhundraland.se\/wp-content\/uploads\/2016\/07\/rebusrundan2016.jpg?resize=350%2C200&ssl=1 1x, https:\/\/i0.wp.com\/www.fjardhundraland.se\/wp-content\/uploads\/2016\/07\/rebusrundan2016.jpg?resize=525%2C300&ssl=1 1.5x, https:\/\/i0.wp.com\/www.fjardhundraland.se\/wp-content\/uploads\/2016\/07\/rebusrundan2016.jpg?resize=700%2C400&ssl=1 2x, https:\/\/i0.wp.com\/www.fjardhundraland.se\/wp-content\/uploads\/2016\/07\/rebusrundan2016.jpg?resize=1050%2C600&ssl=1 3x, https:\/\/i0.wp.com\/www.fjardhundraland.se\/wp-content\/uploads\/2016\/07\/rebusrundan2016.jpg?resize=1400%2C800&ssl=1 4x"},"classes":[]},{"id":1167,"url":"https:\/\/www.fjardhundraland.se\/es\/entreprenorskap-i-fjardhundraland\/2012\/vinnare-rebusrundan\/","url_meta":{"origin":2495,"position":3},"title":"Ganadores de la ronda de rebus","author":"Mats Thorburn","date":"22 agosto 2012","format":false,"excerpt":"\u00a1Gracias a todos los visitantes que viajaron en Fj\u00e4rdhundraland en el Rebus Tour! Enhorabuena tambi\u00e9n a los ganadores de los magn\u00edficos premios. En breve nos pondremos en contacto con vosotros. Nombre Lugar Ganador Maud Pettersson Fj\u00e4rdhundra Cheque regalo para \u201dTrivselkv\u00e4ll med underh\u00e5llning och gammeldags mat\u201d el 19\/8 a las 18. Donado por Altuna...","rel":"","context":"En \u00ab\u00c4ldre inl\u00e4gg\u00bb","block_context":{"text":"\u00c4ldre inl\u00e4gg","link":"https:\/\/www.fjardhundraland.se\/es\/aldre-inlagg\/"},"img":{"alt_text":"Bes\u00f6kare p\u00e5 Kr\u00e5kvilan. Foto: Mats Thorburn.","src":"https:\/\/i0.wp.com\/www.fjardhundraland.se\/wp-content\/uploads\/2012\/08\/2012-08-12-at-13-29-07-630x420.jpg?resize=350%2C200&ssl=1","width":350,"height":200,"srcset":"https:\/\/i0.wp.com\/www.fjardhundraland.se\/wp-content\/uploads\/2012\/08\/2012-08-12-at-13-29-07-630x420.jpg?resize=350%2C200&ssl=1 1x, https:\/\/i0.wp.com\/www.fjardhundraland.se\/wp-content\/uploads\/2012\/08\/2012-08-12-at-13-29-07-630x420.jpg?resize=525%2C300&ssl=1 1.5x"},"classes":[]},{"id":4678,"url":"https:\/\/www.fjardhundraland.se\/es\/rebusrunda\/2017\/vinnare-barnrebusrundan\/","url_meta":{"origin":2495,"position":4},"title":"Ganadores de la excursi\u00f3n en autob\u00fas para ni\u00f1os","author":"Ylva Fontell","date":"20 agosto 2017","format":false,"excerpt":"\u00a1Enhorabuena a los ganadores! Enhorabuena a todos los ni\u00f1os que resolvieron el rebus infantil durante la Ronda Rebus 2017.","rel":"","context":"En \u00abRebusrunda\u00bb","block_context":{"text":"Rebusrunda","link":"https:\/\/www.fjardhundraland.se\/es\/rebusrunda\/"},"img":{"alt_text":"","src":"","width":0,"height":0},"classes":[]},{"id":4641,"url":"https:\/\/www.fjardhundraland.se\/es\/rebusrunda\/2017\/lamna-svar-pa-rebusrundan\/","url_meta":{"origin":2495,"position":5},"title":"Deja una respuesta a Rebusrundan","author":"Mats Thorburn","date":"6 agosto 2017","format":false,"excerpt":"Ya no se pueden enviar respuestas a la ronda de rebus.  Los ganadores se anunciar\u00e1n el domingo. Qu\u00e9 te ha parecido la ronda de rebus de 2017? Puedes dejar tus comentarios aqu\u00ed. \u00a0","rel":"","context":"En \u00abRebusrunda\u00bb","block_context":{"text":"Rebusrunda","link":"https:\/\/www.fjardhundraland.se\/es\/rebusrunda\/"},"img":{"alt_text":"Rebusrundan - bild p\u00e5 rebus","src":"https:\/\/i0.wp.com\/www.fjardhundraland.se\/wp-content\/uploads\/2014\/07\/2012-08-12-at-16-06-46.jpg?resize=350%2C200&ssl=1","width":350,"height":200,"srcset":"https:\/\/i0.wp.com\/www.fjardhundraland.se\/wp-content\/uploads\/2014\/07\/2012-08-12-at-16-06-46.jpg?resize=350%2C200&ssl=1 1x, https:\/\/i0.wp.com\/www.fjardhundraland.se\/wp-content\/uploads\/2014\/07\/2012-08-12-at-16-06-46.jpg?resize=525%2C300&ssl=1 1.5x, https:\/\/i0.wp.com\/www.fjardhundraland.se\/wp-content\/uploads\/2014\/07\/2012-08-12-at-16-06-46.jpg?resize=700%2C400&ssl=1 2x, https:\/\/i0.wp.com\/www.fjardhundraland.se\/wp-content\/uploads\/2014\/07\/2012-08-12-at-16-06-46.jpg?resize=1050%2C600&ssl=1 3x, https:\/\/i0.wp.com\/www.fjardhundraland.se\/wp-content\/uploads\/2014\/07\/2012-08-12-at-16-06-46.jpg?resize=1400%2C800&ssl=1 4x"},"classes":[]}],"jetpack_sharing_enabled":true,"_links":{"self":[{"href":"https:\/\/www.fjardhundraland.se\/es\/wp-json\/wp\/v2\/posts\/2495","targetHints":{"allow":["GET"]}}],"collection":[{"href":"https:\/\/www.fjardhundraland.se\/es\/wp-json\/wp\/v2\/posts"}],"about":[{"href":"https:\/\/www.fjardhundraland.se\/es\/wp-json\/wp\/v2\/types\/post"}],"author":[{"embeddable":true,"href":"https:\/\/www.fjardhundraland.se\/es\/wp-json\/wp\/v2\/users\/1"}],"replies":[{"embeddable":true,"href":"https:\/\/www.fjardhundraland.se\/es\/wp-json\/wp\/v2\/comments?post=2495"}],"version-history":[{"count":1,"href":"https:\/\/www.fjardhundraland.se\/es\/wp-json\/wp\/v2\/posts\/2495\/revisions"}],"predecessor-version":[{"id":19669,"href":"https:\/\/www.fjardhundraland.se\/es\/wp-json\/wp\/v2\/posts\/2495\/revisions\/19669"}],"wp:attachment":[{"href":"https:\/\/www.fjardhundraland.se\/es\/wp-json\/wp\/v2\/media?parent=2495"}],"wp:term":[{"taxonomy":"category","embeddable":true,"href":"https:\/\/www.fjardhundraland.se\/es\/wp-json\/wp\/v2\/categories?post=2495"},{"taxonomy":"post_tag","embeddable":true,"href":"https:\/\/www.fjardhundraland.se\/es\/wp-json\/wp\/v2\/tags?post=2495"}],"curies":[{"name":"wp","href":"https:\/\/api.w.org\/{rel}","templated":true}]}}