
{"id":2490,"date":"2014-08-10T00:23:00","date_gmt":"2014-08-09T22:23:00","guid":{"rendered":"http:\/\/www.fjardhundraland.se\/?p=2490"},"modified":"2026-02-05T13:41:08","modified_gmt":"2026-02-05T12:41:08","slug":"participantes-en-la-ronda-rebus-2014","status":"publish","type":"post","link":"https:\/\/www.fjardhundraland.se\/es\/rebusrunda\/2014\/medverkande-pa-rebusrundan-2014\/","title":{"rendered":"Participantes en la Ronda Rebus 2014"},"content":{"rendered":"<ul id=\"lcp_instance_0\" class=\"lcp_catlist\" style=\"color: #250000;\">\n<li style=\"font-weight: inherit; font-style: inherit;\"><a style=\"font-weight: inherit; font-style: inherit; color: #24265f;\" title=\"Jardines de Alsta\" href=\"https:\/\/www.fjardhundraland.se\/es\/platos\/alsta-tradgardar\/\">Jardines de Alsta<\/a>\u00a0- Caf\u00e9-jard\u00edn y galer\u00eda. Exposiciones en curso: acuarelista\/ilustrador de libros Maj Fagerberg, cuadros de flores, artista Lars Wallin, cuadros de p\u00e1jaros.<\/li>\n<li style=\"font-weight: inherit; font-style: inherit;\"><a style=\"font-weight: inherit; font-style: inherit; color: #24265f;\" title=\"Embutidos Franz\u00e9n\" href=\"https:\/\/www.fjardhundraland.se\/es\/platos\/charcuteria-franzens\/\">Embutidos Franz\u00e9n<\/a>\u00a0- Salchichas y embutidos ecol\u00f3gicos de primera calidad elaborados con nuestros propios cerdos de Linder\u00f6d.<\/li>\n<li style=\"font-weight: inherit; font-style: inherit;\"><a style=\"font-weight: inherit; font-style: inherit; color: #24265f;\" title=\"Tienda y cafeter\u00eda Yellow Stables\" href=\"https:\/\/www.fjardhundraland.se\/es\/platos\/gula-stallets-butik-kafe\/\">Tienda y cafeter\u00eda Yellow Stables<\/a>\u00a0- Cafeter\u00eda con comida casera y ligera y tienda de productos locales y ecol\u00f3gicos. Patos, gallinas, conejos, ovejas, caballos, perros y gatos. Asientos interiores y exteriores.<\/li>\n<li style=\"font-weight: inherit; font-style: inherit;\"><a style=\"font-weight: inherit; font-style: inherit; color: #24265f;\" title=\"Caf\u00e9 del molino de Forsby\" href=\"https:\/\/www.fjardhundraland.se\/es\/platos\/cafeteria-forsby-mill\/\">Caf\u00e9 del molino de Forsby<\/a>\u00a0y\u00a0<a style=\"font-weight: inherit; font-style: inherit; color: #24265f;\" title=\"Escenario musical de Forsby mill\" href=\"https:\/\/www.fjardhundraland.se\/es\/platos\/escena-musical-de-forsby-mill\/\">Escenario musical de Forsby mill<\/a>\u00a0- En Forsby Kvarn Kaf\u00e9 podr\u00e1 comer bien o tomar un caf\u00e9 en un entorno de molino realmente hermoso. En Forsby Kvarn Musikscen puedes vivir una experiencia musical fuera de lo com\u00fan.<\/li>\n<li style=\"font-weight: inherit; font-style: inherit;\"><a style=\"font-weight: inherit; font-style: inherit; color: #24265f;\" title=\"Granja lechera de Vallgarn\" href=\"https:\/\/www.fjardhundraland.se\/es\/platos\/vallgarns-gardsmejeri\/\">Granja lechera de Vallgarn<\/a>\u00a0- Tarta de queso y queso de cabra elaborado con leche de nuestras cabras.<\/li>\n<li style=\"font-weight: inherit; font-style: inherit;\"><a style=\"font-weight: inherit; font-style: inherit; color: #24265f;\" title=\"Apetito en \u00d6rsundsbro\" href=\"https:\/\/www.fjardhundraland.se\/es\/platos\/matlust-i-orsundsbro\/\">Apetito en \u00d6rsundsbro<\/a>\u00a0- Productos locales de alta calidad. Alimentaci\u00f3n y artesan\u00eda. Informaci\u00f3n tur\u00edstica.<\/li>\n<li style=\"font-weight: inherit; font-style: inherit;\"><a style=\"font-weight: inherit; font-style: inherit; color: #24265f;\" title=\"Panader\u00eda Crow&#039;s Will\" href=\"https:\/\/www.fjardhundraland.se\/es\/platos\/krakvilan-bageri\/\">Panader\u00eda Crow's Will<\/a>\u00a0- Panader\u00eda y cafeter\u00eda. Habitaciones y desayuno.<\/li>\n<li style=\"font-weight: inherit; font-style: inherit;\"><a style=\"font-weight: inherit; font-style: inherit; color: #24265f;\" title=\"Panader\u00eda de la granja de la abuela Elsa\" href=\"https:\/\/www.fjardhundraland.se\/es\/platos\/panaderia-de-la-granja-de-la-abuela-elsa\/\">Panader\u00eda de la granja de la abuela Elsa<\/a>\u00a0- Panader\u00eda y cafeter\u00eda con pan casero de masa madre, pan crujiente y otros dulces. Habitaciones y desayuno con mobiliario de estilo rural. Cerdos fuera de la cafeter\u00eda.<\/li>\n<li style=\"font-weight: inherit; font-style: inherit;\"><a style=\"font-weight: inherit; font-style: inherit; color: #24265f;\" title=\"F\u00e1brica de tejidos Siggesta\" href=\"https:\/\/www.fjardhundraland.se\/es\/platos\/siggesta-vavstuga\/\">F\u00e1brica de tejidos Siggesta<\/a>\u00a0- Exposici\u00f3n en el juzgado de Kokkola.<\/li>\n<li style=\"font-weight: inherit; font-style: inherit;\"><a style=\"font-weight: inherit; font-style: inherit; color: #24265f;\" title=\"Centro ecuestre y de adiestramiento de Rotbrunna\" href=\"https:\/\/www.fjardhundraland.se\/es\/platos\/rojo-marron-tiene-patio-de-curso\/\">Centro ecuestre y de adiestramiento de Rotbrunna<\/a>\u00a0- Experiencias en armon\u00eda. Clases de equitaci\u00f3n, caballos lusitanos, instalaciones para cursos y conferencias y alojamiento en un entorno acogedor.<\/li>\n<li style=\"font-weight: inherit; font-style: inherit;\"><a style=\"font-weight: inherit; font-style: inherit; color: #24265f;\" title=\"Fj\u00e4rdhundraland informaci\u00f3n tur\u00edstica en G\u00e4stre\" href=\"https:\/\/www.fjardhundraland.se\/es\/platos\/tusen-och-en-bok-bokloppis\/\">Fj\u00e4rdhundraland informaci\u00f3n tur\u00edstica en G\u00e4stre<\/a>\u00a0- Preg\u00fantenos por la historia local, la naturaleza, la cultura, los caf\u00e9s, los B&amp;B, las excursiones en bicicleta, la comida y la artesan\u00eda y mucho m\u00e1s. Llevamos m\u00e1s de 20 a\u00f1os viviendo aqu\u00ed: \u00a1bienvenidos tambi\u00e9n!<\/li>\n<li style=\"font-weight: inherit; font-style: inherit;\"><a style=\"font-weight: inherit; font-style: inherit; color: #24265f;\" title=\"Jard\u00edn de M\u00e4lby\" href=\"https:\/\/www.fjardhundraland.se\/es\/platos\/malby-tradgard\/\">Jard\u00edn de M\u00e4lby<\/a>\u00a0- Producimos hortalizas y tub\u00e9rculos, miel y flores cortadas.<\/li>\n<li style=\"font-weight: inherit; font-style: inherit;\"><a style=\"font-weight: inherit; font-style: inherit; color: #24265f;\" title=\"Potencia Fj\u00e4rdhundra\" href=\"https:\/\/www.fjardhundraland.se\/es\/platos\/potencia-de-prisa-cuatrocientos\/\">Potencia Fj\u00e4rdhundra<\/a>\u00a0- Paseos en poni para todas las edades durante todo el d\u00eda, entre 13 y 15 a\u00f1os se puede montar a caballo y en carruaje.<\/li>\n<li style=\"font-weight: inherit; font-style: inherit;\"><a style=\"font-weight: inherit; font-style: inherit; color: #24265f;\" title=\"Galer\u00eda Lundellska\" href=\"https:\/\/www.fjardhundraland.se\/es\/platos\/galeria-lundellska\/\">Galer\u00eda Lundellska<\/a>\u00a0- Arte, artesan\u00eda y jardiner\u00eda.<\/li>\n<li style=\"font-weight: inherit; font-style: inherit;\"><a style=\"font-weight: inherit; font-style: inherit; color: #24265f;\" title=\"Fiesta y conferencia de Gyllene Brunnen\" href=\"https:\/\/www.fjardhundraland.se\/es\/platos\/gyllene-brunnen-fest-och-konferens\/\">Fiesta y conferencia de Gyllene Brunnen<\/a>\u00a0- Un lugar rural para fiestas con actividades divertidas y conferencias. Casa con 8 camas para alquilar semanalmente.<\/li>\n<li style=\"font-weight: inherit; font-style: inherit;\"><a style=\"font-weight: inherit; font-style: inherit; color: #24265f;\" title=\"Guarder\u00eda H\u00e4rnevi\" href=\"https:\/\/www.fjardhundraland.se\/es\/platos\/vivero-harnevi\/\">Guarder\u00eda H\u00e4rnevi<\/a>\u00a0- Venta de flores de verano, plantas vivaces, arbustos y \u00e1rboles. Puesto de regalos, nevera de verduras, \u201dsm\u00e5tt o gott\u201d (secci\u00f3n nueva). Cafeter\u00eda abierta los fines de semana con reposter\u00eda casera.<\/li>\n<li style=\"font-weight: inherit; font-style: inherit;\"><a style=\"font-weight: inherit; font-style: inherit; color: #24265f;\" title=\"Dunderbo Luz y Artesan\u00eda\" href=\"https:\/\/www.fjardhundraland.se\/es\/platos\/dunderbo-velas-y-artesania\/\">Dunderbo Luz y Artesan\u00eda<\/a>\u00a0- Aut\u00e9ntica artesan\u00eda local.<\/li>\n<li style=\"font-weight: inherit; font-style: inherit;\"><a style=\"font-weight: inherit; font-style: inherit; color: #24265f;\" title=\"Finca Altuna\" href=\"https:\/\/www.fjardhundraland.se\/es\/platos\/altuna-hembygdsgrd\/\">Finca Altuna<\/a>\u00a0- Visita a las colecciones y a la exposici\u00f3n de arte actual, los \u00f3leos y acuarelas de la artista Inger Findeisen.<\/li>\n<li style=\"font-weight: inherit; font-style: inherit;\"><a style=\"font-weight: inherit; font-style: inherit; color: #24265f;\" title=\"T\u00e9 ecol\u00f3gico Pekoe\" href=\"https:\/\/www.fjardhundraland.se\/es\/platos\/te-pekoe-ecologico\/\">T\u00e9 ecol\u00f3gico Pekoe<\/a>\u00a0- T\u00e9 ecol\u00f3gico de calidad. En Rebusrundan abrimos nuestro almac\u00e9n en \u00d6sterunda antigua sauna.<\/li>\n<li style=\"font-weight: inherit; font-style: inherit;\"><a style=\"font-weight: inherit; font-style: inherit; color: #24265f;\" title=\"Dunderbo, Warpath\" href=\"https:\/\/www.fjardhundraland.se\/es\/platos\/dunderbo-warpath\/\">Dunderbo, Warpath<\/a>\u00a0- Entorno hist\u00f3rico \u00fanico.<\/li>\n<\/ul>","protected":false},"excerpt":{"rendered":"<p>Alsta tr\u00e4dg\u00e5rdar\u00a0\u2013 Tr\u00e4dg\u00e5rdskaf\u00e9 och galleri. Utst\u00e4llningar som p\u00e5g\u00e5r:\u00a0akvarellist\/bokillustrat\u00f6r Maj Fagerberg blomsterbilder,\u00a0konstn\u00e4r Lars Wallin, f\u00e5gelbilder. Franz\u00e9ns charkuterier\u00a0\u2013\u00a0Ekologisk korv och charkuterier av v\u00e4rldsklass p\u00e5 egna linder\u00f6dssvin. Gula Stallets Butik &amp; Kaf\u00e9\u00a0\u2013\u00a0Kaf\u00e9 med hembakt och l\u00e4ttare lunch samt g\u00e5rdsbutik med n\u00e4rproducerade och ekologiska delikatesser. Ankor, h\u00f6ns, kaniner, f\u00e5r, h\u00e4star, hund &amp; katter. Inne- &amp; uteservering. Forsby kvarn kaf\u00e9\u00a0och\u00a0Forsby [&hellip;]<\/p>\n","protected":false},"author":1,"featured_media":0,"comment_status":"open","ping_status":"open","sticky":false,"template":"","format":"standard","meta":{"_acf_changed":false,"_relevanssi_hide_post":"","_relevanssi_hide_content":"","_relevanssi_pin_for_all":"","_relevanssi_pin_keywords":"","_relevanssi_unpin_keywords":"","_relevanssi_related_keywords":"","_relevanssi_related_include_ids":"","_relevanssi_related_exclude_ids":"","_relevanssi_related_no_append":"","_relevanssi_related_not_related":"","_relevanssi_related_posts":"","_relevanssi_noindex_reason":"Rank Math Uteslut fr\u00e5n Relevanssi index","_genesis_hide_title":false,"_genesis_hide_breadcrumbs":false,"_genesis_hide_singular_image":false,"_genesis_hide_footer_widgets":false,"_genesis_custom_body_class":"","_genesis_custom_post_class":"","_genesis_layout":"","_jetpack_memberships_contains_paid_content":false,"footnotes":""},"categories":[353,88],"tags":[352],"class_list":{"0":"post-2490","1":"post","2":"type-post","3":"status-publish","4":"format-standard","6":"category-aldre-inlagg","7":"category-rebusrunda","8":"tag-aldre-inlagg","9":"entry"},"acf":[],"visa":null,"geo_latitude":null,"geo_longitude":null,"jetpack_featured_media_url":"","featured_image_src":null,"featured_image_src_square":null,"author_info":{"display_name":"Mats Thorburn","author_link":"https:\/\/www.fjardhundraland.se\/es\/author\/matst\/"},"jetpack-related-posts":[{"id":2858,"url":"https:\/\/www.fjardhundraland.se\/es\/inlagg\/2015\/vilka-ar-med-matmanniskor\/","url_meta":{"origin":2490,"position":0},"title":"\u00bfQui\u00e9n participa en Food &amp; People?","author":"Mats Thorburn","date":"21 agosto 2015","format":false,"excerpt":"Ya est\u00e1 claro qui\u00e9n estar\u00e1 en Mat&amp;M\u00e4nniskor el 27 de septiembre de 2015: \u00a1gran diversidad en un espacio reducido! Aqu\u00ed est\u00e1 la lista. Caf\u00e9 Samt Domta-grisen Forsby kvarn caf\u00e9 Franz\u00e9ns charkuterier Fr\u00f6slunda ekok\u00f6tt Gula Stallet caf\u00e9 y tienda Kromsta lantbod Kr\u00e5kvilan M\u00e4lby tr\u00e4dg\u00e5rd Pekoe ekologiskt te Refvelsta godsf\u00f6rvaltning Resta g\u00e5rd Skogsbackens ost Sunnansj\u00f6...","rel":"","context":"En \u00ab\u00c4ldre inl\u00e4gg\u00bb","block_context":{"text":"\u00c4ldre inl\u00e4gg","link":"https:\/\/www.fjardhundraland.se\/es\/aldre-inlagg\/"},"img":{"alt_text":"","src":"","width":0,"height":0},"classes":[]},{"id":5379,"url":"https:\/\/www.fjardhundraland.se\/es\/mat\/2018\/smaker-pa-kvek\/","url_meta":{"origin":2490,"position":1},"title":"Sabores de Kvek","author":"Mats Thorburn","date":"11 agosto 2018","format":false,"excerpt":"El Kvekg\u00e5rden del siglo XIX se encuentra con el Fj\u00e4rdhundraland de 2018 El domingo 19\/8, el proyecto Comida Hist\u00f3rica en el Fj\u00e4rdhundraland le invita a un d\u00eda de comida e historia a peque\u00f1a escala en el Kvekg\u00e5rden, la antigua granja bien conservada situada a las afueras del \u00d6rsundsbro. El evento ofrece una experiencia de degustaci\u00f3n diferente de la \u00e9poca en que se utilizaba la granja, pero...","rel":"","context":"En \u00ab\u00c4ldre inl\u00e4gg\u00bb","block_context":{"text":"\u00c4ldre inl\u00e4gg","link":"https:\/\/www.fjardhundraland.se\/es\/aldre-inlagg\/"},"img":{"alt_text":"Kvekga\u030arden","src":"https:\/\/i0.wp.com\/www.fjardhundraland.se\/wp-content\/uploads\/2018\/08\/kvekgacc8arden.jpg?resize=350%2C200&ssl=1","width":350,"height":200,"srcset":"https:\/\/i0.wp.com\/www.fjardhundraland.se\/wp-content\/uploads\/2018\/08\/kvekgacc8arden.jpg?resize=350%2C200&ssl=1 1x, https:\/\/i0.wp.com\/www.fjardhundraland.se\/wp-content\/uploads\/2018\/08\/kvekgacc8arden.jpg?resize=525%2C300&ssl=1 1.5x, https:\/\/i0.wp.com\/www.fjardhundraland.se\/wp-content\/uploads\/2018\/08\/kvekgacc8arden.jpg?resize=700%2C400&ssl=1 2x, https:\/\/i0.wp.com\/www.fjardhundraland.se\/wp-content\/uploads\/2018\/08\/kvekgacc8arden.jpg?resize=1050%2C600&ssl=1 3x, https:\/\/i0.wp.com\/www.fjardhundraland.se\/wp-content\/uploads\/2018\/08\/kvekgacc8arden.jpg?resize=1400%2C800&ssl=1 4x"},"classes":[]},{"id":2799,"url":"https:\/\/www.fjardhundraland.se\/es\/utflykt\/2015\/vinster-pa-rebusrundan-2015\/","url_meta":{"origin":2490,"position":2},"title":"Ganadores de la ronda Rebus 2015","author":"Mats Thorburn","date":"1 agosto 2015","format":false,"excerpt":"\u00bfSabes que puedes ganar premios donados por los participantes de la Ronda Rebus? Puedes elegir los premios en el formulario de inscripci\u00f3n aqu\u00ed. Aqu\u00ed est\u00e1 la lista: Dos entradas para un buffet de pasteles, para una de las tres ocasiones durante el a\u00f1o (Altuna bygdeg\u00e5rdsf\u00f6rening) 2 entradas para la acogedora velada de comida de anta\u00f1o el 16 de agosto, tarjeta regalo alternativa (Altuna hembygdsf\u00f6rening)...","rel":"","context":"En \u00ab\u00c4ldre inl\u00e4gg\u00bb","block_context":{"text":"\u00c4ldre inl\u00e4gg","link":"https:\/\/www.fjardhundraland.se\/es\/aldre-inlagg\/"},"img":{"alt_text":"Rebusrundan","src":"https:\/\/i0.wp.com\/www.fjardhundraland.se\/wp-content\/uploads\/2015\/08\/biskopskulla-rebusbild.jpg?resize=350%2C200&ssl=1","width":350,"height":200,"srcset":"https:\/\/i0.wp.com\/www.fjardhundraland.se\/wp-content\/uploads\/2015\/08\/biskopskulla-rebusbild.jpg?resize=350%2C200&ssl=1 1x, https:\/\/i0.wp.com\/www.fjardhundraland.se\/wp-content\/uploads\/2015\/08\/biskopskulla-rebusbild.jpg?resize=525%2C300&ssl=1 1.5x, https:\/\/i0.wp.com\/www.fjardhundraland.se\/wp-content\/uploads\/2015\/08\/biskopskulla-rebusbild.jpg?resize=700%2C400&ssl=1 2x, https:\/\/i0.wp.com\/www.fjardhundraland.se\/wp-content\/uploads\/2015\/08\/biskopskulla-rebusbild.jpg?resize=1050%2C600&ssl=1 3x, https:\/\/i0.wp.com\/www.fjardhundraland.se\/wp-content\/uploads\/2015\/08\/biskopskulla-rebusbild.jpg?resize=1400%2C800&ssl=1 4x"},"classes":[]},{"id":1379,"url":"https:\/\/www.fjardhundraland.se\/es\/gardsbutiker\/2013\/rebusrundan-2013\/","url_meta":{"origin":2490,"position":3},"title":"La Vuelta a los vi\u00f1edos 2013","author":"Ylva Fontell","date":"27 julio 2013","format":false,"excerpt":"Lleve a su familia o amigos de excursi\u00f3n en Fj\u00e4rdhundraland. Los domingos 4 y 11 de agosto habr\u00e1 aperturas extraordinarias en atracciones y comercios de todo el distrito. Visite y compre, tome un caf\u00e9, experimente... \u00a1y al mismo tiempo participe en un divertido y sencillo concurso de rebus! Aqu\u00ed est\u00e1n las tarjetas de inicio y...","rel":"","context":"En \u00ab\u00c4ldre inl\u00e4gg\u00bb","block_context":{"text":"\u00c4ldre inl\u00e4gg","link":"https:\/\/www.fjardhundraland.se\/es\/aldre-inlagg\/"},"img":{"alt_text":"","src":"","width":0,"height":0},"classes":[]},{"id":4981,"url":"https:\/\/www.fjardhundraland.se\/es\/upplevelser\/2018\/pask-i-fjardhundraland-2018\/","url_meta":{"origin":2490,"position":4},"title":"Compras de Semana Santa en Fj\u00e4rdhundraland","author":"Mats Thorburn","date":"28 marzo 2018","format":false,"excerpt":"Semana Santa es el comienzo de la temporada en serio en Fj\u00e4rdhundraland. He aqu\u00ed algunos de los lugares que abren este fin de semana. Disfrute del sol primaveral en plena naturaleza. Haz clic en el titular para obtener m\u00e1s informaci\u00f3n sobre cada lugar. Kvarnnibble shop and muster house Abre la tienda de la granja repleta de carne, huevos, quesos y otras golosinas....","rel":"","context":"En \u00ab\u00c4ldre inl\u00e4gg\u00bb","block_context":{"text":"\u00c4ldre inl\u00e4gg","link":"https:\/\/www.fjardhundraland.se\/es\/aldre-inlagg\/"},"img":{"alt_text":"Tupp Ho\u0308ns Ha\u0308rnevi plantskola","src":"https:\/\/i0.wp.com\/www.fjardhundraland.se\/wp-content\/uploads\/2018\/03\/tupp-hocc88ns-hacc88rnevi-plantskola-2017-april-15-12-00-45-_.jpg?resize=350%2C200&ssl=1","width":350,"height":200,"srcset":"https:\/\/i0.wp.com\/www.fjardhundraland.se\/wp-content\/uploads\/2018\/03\/tupp-hocc88ns-hacc88rnevi-plantskola-2017-april-15-12-00-45-_.jpg?resize=350%2C200&ssl=1 1x, https:\/\/i0.wp.com\/www.fjardhundraland.se\/wp-content\/uploads\/2018\/03\/tupp-hocc88ns-hacc88rnevi-plantskola-2017-april-15-12-00-45-_.jpg?resize=525%2C300&ssl=1 1.5x, https:\/\/i0.wp.com\/www.fjardhundraland.se\/wp-content\/uploads\/2018\/03\/tupp-hocc88ns-hacc88rnevi-plantskola-2017-april-15-12-00-45-_.jpg?resize=700%2C400&ssl=1 2x, https:\/\/i0.wp.com\/www.fjardhundraland.se\/wp-content\/uploads\/2018\/03\/tupp-hocc88ns-hacc88rnevi-plantskola-2017-april-15-12-00-45-_.jpg?resize=1050%2C600&ssl=1 3x, https:\/\/i0.wp.com\/www.fjardhundraland.se\/wp-content\/uploads\/2018\/03\/tupp-hocc88ns-hacc88rnevi-plantskola-2017-april-15-12-00-45-_.jpg?resize=1400%2C800&ssl=1 4x"},"classes":[]},{"id":2485,"url":"https:\/\/www.fjardhundraland.se\/es\/rebusrunda\/2014\/vinster-pa-rebusrundan\/","url_meta":{"origin":2490,"position":5},"title":"Ganancias en la ronda Rebus","author":"Mats Thorburn","date":"7 agosto 2014","format":false,"excerpt":"Puedes ganarla si has enviado cinco respuestas correctas a la ronda Rebus en Fj\u00e4rdhundraland. Visita guiada en Krigsstigen, m\u00e1x. 6 personas (Krigsstigen) 2 entradas para el Trivselkv\u00e4ll de la asociaci\u00f3n con comida a la antigua usanza 17 de agosto a las 18 (Altuna Hembygdsf\u00f6rening) Tarjeta regalo en pan (panader\u00eda de la granja de la abuela Elsa) Fika para dos personas por valor de...","rel":"","context":"En \u00ab\u00c4ldre inl\u00e4gg\u00bb","block_context":{"text":"\u00c4ldre inl\u00e4gg","link":"https:\/\/www.fjardhundraland.se\/es\/aldre-inlagg\/"},"img":{"alt_text":"","src":"","width":0,"height":0},"classes":[]}],"jetpack_sharing_enabled":true,"_links":{"self":[{"href":"https:\/\/www.fjardhundraland.se\/es\/wp-json\/wp\/v2\/posts\/2490","targetHints":{"allow":["GET"]}}],"collection":[{"href":"https:\/\/www.fjardhundraland.se\/es\/wp-json\/wp\/v2\/posts"}],"about":[{"href":"https:\/\/www.fjardhundraland.se\/es\/wp-json\/wp\/v2\/types\/post"}],"author":[{"embeddable":true,"href":"https:\/\/www.fjardhundraland.se\/es\/wp-json\/wp\/v2\/users\/1"}],"replies":[{"embeddable":true,"href":"https:\/\/www.fjardhundraland.se\/es\/wp-json\/wp\/v2\/comments?post=2490"}],"version-history":[{"count":1,"href":"https:\/\/www.fjardhundraland.se\/es\/wp-json\/wp\/v2\/posts\/2490\/revisions"}],"predecessor-version":[{"id":19670,"href":"https:\/\/www.fjardhundraland.se\/es\/wp-json\/wp\/v2\/posts\/2490\/revisions\/19670"}],"wp:attachment":[{"href":"https:\/\/www.fjardhundraland.se\/es\/wp-json\/wp\/v2\/media?parent=2490"}],"wp:term":[{"taxonomy":"category","embeddable":true,"href":"https:\/\/www.fjardhundraland.se\/es\/wp-json\/wp\/v2\/categories?post=2490"},{"taxonomy":"post_tag","embeddable":true,"href":"https:\/\/www.fjardhundraland.se\/es\/wp-json\/wp\/v2\/tags?post=2490"}],"curies":[{"name":"wp","href":"https:\/\/api.w.org\/{rel}","templated":true}]}}