
{"id":2376,"date":"2014-06-05T18:25:55","date_gmt":"2014-06-05T16:25:55","guid":{"rendered":"http:\/\/www.fjardhundraland.se\/?p=2376"},"modified":"2026-02-05T13:41:09","modified_gmt":"2026-02-05T12:41:09","slug":"fjardhundraland-2014-en-pleno-verano","status":"publish","type":"post","link":"https:\/\/www.fjardhundraland.se\/es\/inlagg\/2014\/midsommar-fjardhundraland-2014\/","title":{"rendered":"Solsticio de verano en Fj\u00e4rdhundraland 2014"},"content":{"rendered":"<p><strong>Celebre el solsticio de verano en el hermoso Fj\u00e4rdhundraland, en H\u00e4rkeberga, H\u00e4rledg\u00e5rden, Altuna, Biskopskulla y Fr\u00f6sthult. Haga una excursi\u00f3n de verano desde Enk\u00f6ping, V\u00e4ster\u00e5s, Sala o Uppsala: \u00a1un verano perfecto en el campo!<\/strong><\/p>\n<h2 class=\"p1\"><span class=\"s1\">Fiesta de San Juan a las 13:30\u00a0<\/span>en <a title=\"H\u00e4rledg\u00e5rden\" href=\"https:\/\/www.fjardhundraland.se\/es\/platos\/hrledgrden\/\">H\u00e4rledg\u00e5rden<\/a>.<\/h2>\n<p class=\"p1\"><span class=\"s1\">Bailando alrededor del poste. Entretenimiento. Baile folcl\u00f3rico. Servicio de caf\u00e9. Entrada gratuita.<\/span><\/p>\n<p class=\"p1\"><span class=\"s1\">Organizador: Torstuna Hembygdsf\u00f6rening Tel: 070-859 32 84<br \/>\n<\/span><a title=\"Sociedad de Historia Local de Torstuna\" href=\"https:\/\/www.hembygd.se\/uppland\/torstuna\" target=\"_blank\" rel=\"noopener\">https:\/\/www.hembygd.se\/uppland\/torstuna<\/a><\/p>\n<h2 class=\"p1\">Fiesta de San Juan en Altuna a las 13.30.<\/h2>\n<p class=\"p1\">Fiesta de verano en <a title=\"Finca Altuna\" href=\"https:\/\/www.fjardhundraland.se\/es\/platos\/altuna-hembygdsgrd\/\">Finca Altuna<\/a>. Caf\u00e9 y zumo, buffet de tartas, baile alrededor del poste, animaci\u00f3n musical, venta de loter\u00eda, lluvia de caramelos...<\/p>\n<p class=\"p1\">Entrada 50 libras, menores de 12 a\u00f1os gratis. Organizadores:\u00a0<em>S\u00e4vasta\/Altunaby\/M\u00e4lby\/Fr\u00f6slunda<\/em>\u00a0ayuntamientos.<br \/>\n<a href=\"https:\/\/www.hembygd.se\/aktivitet\/id\/11478\/midsommarfest\/\" target=\"_blank\" rel=\"noopener\">https:\/\/www.hembygd.se\/aktivitet\/id\/11478\/midsommarfest\/<\/a><\/p>\n<h2 class=\"p1\"><span class=\"s1\">Celebraci\u00f3n tradicional del solsticio de verano a las 13.30 horas en Fr\u00f6sthults Bygdeg\u00e5rd.\u00a0<\/span><\/h2>\n<p class=\"p1\"><span class=\"s1\">Trae flores y hojas para el palo de verano, amigos con los que disfrutar y una cesta de caf\u00e9 para disfrutar en la hierba verde. Bailaremos alrededor del poste del solsticio de verano, daremos un paseo y compraremos loter\u00eda. No dude en traer su propio veh\u00edculo a la celebraci\u00f3n de Midsummer. En caso de mal tiempo, la celebraci\u00f3n tendr\u00e1 lugar en el interior.<\/span><\/p>\n<p class=\"p1\"><span class=\"s1\">Organizador: F\u00f6reningen Fr\u00f6sthults Bygdeg\u00e5rd, Lugar: Fr\u00f6sthults Bygdeg\u00e5rd<br \/>\n<\/span>Correo electr\u00f3nico: o.englund@hotmail.com Tel: 070-220 94 70<br \/>\n<span class=\"s2\"><a href=\"https:\/\/www.frosthult.se\" target=\"_blank\" rel=\"noopener\">https:\/\/www.frosthult.se<\/a><\/span><\/p>\n<h2 class=\"p1\"><span class=\"s1\">D\u00eda de los Obispos 19\/6 a las 19:00\u00a0<\/span><\/h2>\n<p class=\"p1\"><span class=\"s1\">La celebraci\u00f3n habitual en el Museo Bishop Hill con bailes folcl\u00f3ricos, m\u00fasica y la entrega de la beca Olof Isaksson. Coronas de flores, caf\u00e9, barbacoa de salchichas, loter\u00edas, paseos en poni, etc. A continuaci\u00f3n, M\u00fasica y Poes\u00eda: \"Es m\u00e1s hermoso cuando est\u00e1 oscuro\" - un novedoso concierto sobre textos de P\u00e4r Lagerqvist con \u00c5sa Lansfors en la iglesia de Biskopskulla a las 21.15. Entrada: 60 SEK.<\/span><\/p>\n<p class=\"p1\"><span class=\"s1\">Organizador: Consejo Parroquial de Biskopskulla, Lugar: Biskopskulla<\/span><\/p>\n<h2 class=\"p1\">H\u00e4rkeberga 19\/6 y 20\/6<\/h2>\n<p>El jueves 19 de junio, a las 18.30 horas, se decorar\u00e1 el Kaplansg\u00e5rden y se vestir\u00e1 el poste de solsticio de verano. Todo el mundo est\u00e1 invitado a participar. Se ruega traer flores.<\/p>\n<p><strong>V\u00edspera de San Juan<\/strong> Comienza a las 13.00 horas con una marcha del grupo de danzas folcl\u00f3ricas de Enk\u00f6ping. A continuaci\u00f3n, el grupo de danzas folcl\u00f3ricas ofrecer\u00e1 un espect\u00e1culo y se bailar\u00e1 alrededor del poste. El equipo de violinistas de Tr\u00f6gds vendr\u00e1 a tocar para nosotros. Tambi\u00e9n habr\u00e1 venta de salchichas, helados y servicio de caf\u00e9 con un enorme buffet de pasteles y tartas.<\/p>\n<p><a title=\"Solsticio de verano H\u00e4rkeberga\" href=\"https:\/\/www.hembygd.se\/harkeberga\/2014\/06\/13\/midsommarfirande-i-harkeberga-kaplansgard\/\" target=\"_blank\" rel=\"noopener\">https:\/\/www.hembygd.se\/harkeberga\/2014\/06\/13\/midsommarfirande-i-harkeberga-kaplansgard\/<\/a><\/p>","protected":false},"excerpt":{"rendered":"<p>Fira midsommar i vackra Fj\u00e4rdhundraland &#8211; i H\u00e4rkeberga, p\u00e5 H\u00e4rledg\u00e5rden, Altuna, Biskopskulla och i Fr\u00f6sthult.\u00a0G\u00f6r en midsommarutflykt fr\u00e5n Enk\u00f6ping, V\u00e4ster\u00e5s, Sala eller Uppsala \u2013\u00a0en perfekt midsommar p\u00e5 landet! Midsommarfest\u00a0kl 13:30\u00a0p\u00e5 H\u00e4rledg\u00e5rden. Dans kring st\u00e5ngen. Underh\u00e5llning. Folkdans. Kaffeservering. Fri entr\u00e9. Arrang\u00f6r: Torstuna Hembygdsf\u00f6rening Tel: 070-859 32 84 https:\/\/www.hembygd.se\/uppland\/torstuna Midsommarfest i Altuna kl 13.30. Midsommarfest vid Altuna [&hellip;]<\/p>\n","protected":false},"author":1,"featured_media":1585,"comment_status":"open","ping_status":"open","sticky":false,"template":"","format":"standard","meta":{"_acf_changed":false,"_relevanssi_hide_post":"","_relevanssi_hide_content":"","_relevanssi_pin_for_all":"","_relevanssi_pin_keywords":"","_relevanssi_unpin_keywords":"","_relevanssi_related_keywords":"","_relevanssi_related_include_ids":"","_relevanssi_related_exclude_ids":"","_relevanssi_related_no_append":"","_relevanssi_related_not_related":"","_relevanssi_related_posts":"","_relevanssi_noindex_reason":"Rank Math Uteslut fr\u00e5n Relevanssi index","_genesis_hide_title":false,"_genesis_hide_breadcrumbs":false,"_genesis_hide_singular_image":false,"_genesis_hide_footer_widgets":false,"_genesis_custom_body_class":"","_genesis_custom_post_class":"","_genesis_layout":"","_jetpack_memberships_contains_paid_content":false,"footnotes":""},"categories":[353,1],"tags":[352,151,90,30,31,32,33],"class_list":{"0":"post-2376","1":"post","2":"type-post","3":"status-publish","4":"format-standard","5":"has-post-thumbnail","7":"category-aldre-inlagg","8":"category-inlagg","9":"tag-aldre-inlagg","10":"tag-biskopskulla","11":"tag-frosthult","12":"tag-frosthults-bygdegard","13":"tag-harkeberga","14":"tag-harledgarden","15":"tag-midsommar","16":"entry"},"acf":[],"visa":null,"geo_latitude":null,"geo_longitude":null,"jetpack_featured_media_url":"https:\/\/www.fjardhundraland.se\/wp-content\/uploads\/2012\/05\/H\u00e4rledg\u00e5rden.jpg","featured_image_src":"https:\/\/www.fjardhundraland.se\/wp-content\/uploads\/2012\/05\/H\u00e4rledg\u00e5rden.jpg","featured_image_src_square":"https:\/\/www.fjardhundraland.se\/wp-content\/uploads\/2012\/05\/H\u00e4rledg\u00e5rden.jpg","author_info":{"display_name":"Mats Thorburn","author_link":"https:\/\/www.fjardhundraland.se\/es\/author\/matst\/"},"jetpack-related-posts":[{"id":2677,"url":"https:\/\/www.fjardhundraland.se\/es\/inlagg\/2015\/midsommar-i-fjardhundraland-2015\/","url_meta":{"origin":2376,"position":0},"title":"Solsticio de verano en Fj\u00e4rdhundraland 2015","author":"","date":"10 junio 2015","format":false,"excerpt":"Por supuesto, pensamos que el solsticio de verano debe celebrarse en el campo. Y entonces encaja bien con el campo que est\u00e1 tan cerca de Enk\u00f6ping as\u00ed como de V\u00e4ster\u00e5s, Sala, Uppsala y Estocolmo. \u00a1Bienvenido a una excursi\u00f3n en pleno verano! Aqu\u00ed puedes ver lo que las celebraciones de verano son en 2015 en Fj\u00e4rdhundraland: Fiesta de verano en H\u00e4rledg\u00e5rden en Torstuna. Bailando alrededor del poste en...","rel":"","context":"En \u00ab\u00c4ldre inl\u00e4gg\u00bb","block_context":{"text":"\u00c4ldre inl\u00e4gg","link":"https:\/\/www.fjardhundraland.se\/es\/aldre-inlagg\/"},"img":{"alt_text":"Folkdanslag p\u00e5 H\u00e4rledg\u00e5rden p\u00e5 midsommar","src":"https:\/\/i0.wp.com\/www.fjardhundraland.se\/wp-content\/uploads\/2012\/05\/H%C3%A4rledg%C3%A5rden.jpg?resize=350%2C200&ssl=1","width":350,"height":200,"srcset":"https:\/\/i0.wp.com\/www.fjardhundraland.se\/wp-content\/uploads\/2012\/05\/H%C3%A4rledg%C3%A5rden.jpg?resize=350%2C200&ssl=1 1x, https:\/\/i0.wp.com\/www.fjardhundraland.se\/wp-content\/uploads\/2012\/05\/H%C3%A4rledg%C3%A5rden.jpg?resize=525%2C300&ssl=1 1.5x, https:\/\/i0.wp.com\/www.fjardhundraland.se\/wp-content\/uploads\/2012\/05\/H%C3%A4rledg%C3%A5rden.jpg?resize=700%2C400&ssl=1 2x, https:\/\/i0.wp.com\/www.fjardhundraland.se\/wp-content\/uploads\/2012\/05\/H%C3%A4rledg%C3%A5rden.jpg?resize=1050%2C600&ssl=1 3x, https:\/\/i0.wp.com\/www.fjardhundraland.se\/wp-content\/uploads\/2012\/05\/H%C3%A4rledg%C3%A5rden.jpg?resize=1400%2C800&ssl=1 4x"},"classes":[]},{"id":3363,"url":"https:\/\/www.fjardhundraland.se\/es\/inlagg\/2016\/midsommar-fjardhundraland-2016\/","url_meta":{"origin":2376,"position":1},"title":"Solsticio de verano en Fj\u00e4rdhundraland 2016","author":"Ylva Fontell","date":"21 junio 2016","format":false,"excerpt":"El solsticio de verano debe celebrarse en el campo. Y entonces encaja bien con el campo que est\u00e1 cerca tanto de Enk\u00f6ping como de V\u00e4ster\u00e5s, Sala, Uppsala y Estocolmo. \u00a1Bienvenido a una excursi\u00f3n de solsticio de verano! Fiesta de verano en H\u00e4rledg\u00e5rden, Torstuna. Baile alrededor del poste en H\u00e4rledg\u00e5rden. Entretenimiento. Baile folcl\u00f3rico. Servicio de caf\u00e9. Entrada gratuita. 13.30 h Entrada y montaje del m\u00e1stil de verano m\u00e1s informaci\u00f3n Fiesta de verano...","rel":"","context":"En \u00ab\u00c4ldre inl\u00e4gg\u00bb","block_context":{"text":"\u00c4ldre inl\u00e4gg","link":"https:\/\/www.fjardhundraland.se\/es\/aldre-inlagg\/"},"img":{"alt_text":"Folkdanslag p\u00e5 H\u00e4rledg\u00e5rden p\u00e5 midsommar","src":"https:\/\/i0.wp.com\/www.fjardhundraland.se\/wp-content\/uploads\/2012\/05\/H%C3%A4rledg%C3%A5rden.jpg?resize=350%2C200&ssl=1","width":350,"height":200,"srcset":"https:\/\/i0.wp.com\/www.fjardhundraland.se\/wp-content\/uploads\/2012\/05\/H%C3%A4rledg%C3%A5rden.jpg?resize=350%2C200&ssl=1 1x, https:\/\/i0.wp.com\/www.fjardhundraland.se\/wp-content\/uploads\/2012\/05\/H%C3%A4rledg%C3%A5rden.jpg?resize=525%2C300&ssl=1 1.5x, https:\/\/i0.wp.com\/www.fjardhundraland.se\/wp-content\/uploads\/2012\/05\/H%C3%A4rledg%C3%A5rden.jpg?resize=700%2C400&ssl=1 2x, https:\/\/i0.wp.com\/www.fjardhundraland.se\/wp-content\/uploads\/2012\/05\/H%C3%A4rledg%C3%A5rden.jpg?resize=1050%2C600&ssl=1 3x, https:\/\/i0.wp.com\/www.fjardhundraland.se\/wp-content\/uploads\/2012\/05\/H%C3%A4rledg%C3%A5rden.jpg?resize=1400%2C800&ssl=1 4x"},"classes":[]},{"id":1354,"url":"https:\/\/www.fjardhundraland.se\/es\/utflykt\/2013\/midsommar-i-fjardhundraland-2013\/","url_meta":{"origin":2376,"position":2},"title":"Solsticio de verano en Fj\u00e4rdhundraland 2013 - H\u00e4rkeberga, H\u00e4rled, Altuna y Fr\u00f6sthult","author":"Mats Thorburn","date":"14 junio 2013","format":false,"excerpt":"Ya estamos en 2014: lea aqu\u00ed sobre el solsticio de verano de 2014. Fiesta del solsticio de verano en H\u00e4rledg\u00e5rden, Torstuna 13.30 Fiesta del solsticio de verano en H\u00e4rled. Organizadores 2013 K\u00e4llinge, Ekeby, Str\u00f6msta, Nydala. Baile alrededor del poste, animaci\u00f3n, baile folcl\u00f3rico con Enk\u00f6pings Folkdansgille, servicio de caf\u00e9, loter\u00edas. Organizador: Torstuna Hembygdsf\u00f6rening, Lugar: H\u00e4rledg\u00e5rden. Correo electr\u00f3nico: katarina.wall@telia.com Sitio web Solsticio de verano en H\u00e4rkeberga Bienvenidos a celebrar...","rel":"","context":"En \u00ab\u00c4ldre inl\u00e4gg\u00bb","block_context":{"text":"\u00c4ldre inl\u00e4gg","link":"https:\/\/www.fjardhundraland.se\/es\/aldre-inlagg\/"},"img":{"alt_text":"midsommar","src":"https:\/\/i0.wp.com\/www.fjardhundraland.se\/wp-content\/uploads\/2013\/06\/mids-1-630x419.jpg?resize=350%2C200&ssl=1","width":350,"height":200,"srcset":"https:\/\/i0.wp.com\/www.fjardhundraland.se\/wp-content\/uploads\/2013\/06\/mids-1-630x419.jpg?resize=350%2C200&ssl=1 1x, https:\/\/i0.wp.com\/www.fjardhundraland.se\/wp-content\/uploads\/2013\/06\/mids-1-630x419.jpg?resize=525%2C300&ssl=1 1.5x"},"classes":[]},{"id":1023,"url":"https:\/\/www.fjardhundraland.se\/es\/externt\/2012\/midsommar-2012-harkeberga-harled-altuna-och-frosthult\/","url_meta":{"origin":2376,"position":3},"title":"Mediados de verano de 2012 en H\u00e4rkeberga, H\u00e4rled, Altuna y Fr\u00f6sthult","author":"Mats Thorburn","date":"19 junio 2012","format":false,"excerpt":"Solsticio de verano 2014: \u00a1haga clic aqu\u00ed! \u00a1Celebre el solsticio de verano en el hermoso Fj\u00e4rdhundraland! Noche de San Juan en Altuna, H\u00e4rledg\u00e5rden, H\u00e4rkeberga y Fr\u00f6sthult Altuna hembygdsg\u00e5rd. 13:30. Fiesta de San Juan en Altuna hembygdsg\u00e5rd. Baile alrededor del poste del solsticio de verano, concurso y loter\u00eda. Caf\u00e9 y pan casero. \u00a1Bienvenidos a la fiesta! Fr\u00f6sthults Bygdeg\u00e5rd. A las 13.30 h. Celebraci\u00f3n del solsticio de verano. Trae flores y hojas para el palo de solsticio, amigos con los que disfrutar y una cesta de caf\u00e9 para...","rel":"","context":"En \u00ab\u00c4ldre inl\u00e4gg\u00bb","block_context":{"text":"\u00c4ldre inl\u00e4gg","link":"https:\/\/www.fjardhundraland.se\/es\/aldre-inlagg\/"},"img":{"alt_text":"","src":"https:\/\/i0.wp.com\/www.fjardhundraland.se\/wp-content\/uploads\/2011\/06\/MG_6913-1024x682.jpg?resize=350%2C200&ssl=1","width":350,"height":200,"srcset":"https:\/\/i0.wp.com\/www.fjardhundraland.se\/wp-content\/uploads\/2011\/06\/MG_6913-1024x682.jpg?resize=350%2C200&ssl=1 1x, https:\/\/i0.wp.com\/www.fjardhundraland.se\/wp-content\/uploads\/2011\/06\/MG_6913-1024x682.jpg?resize=525%2C300&ssl=1 1.5x"},"classes":[]},{"id":367,"url":"https:\/\/www.fjardhundraland.se\/es\/externt\/2011\/midsommar-i-det-grona\/","url_meta":{"origin":2376,"position":4},"title":"Solsticio de verano en el verde","author":"Mats Thorburn","date":"23 junio 2011","format":false,"excerpt":"Midsummer 2013: \u00a1haga clic aqu\u00ed! \u00a1Celebra el solsticio de verano en el hermoso Fj\u00e4rdhundraland! Ya el 23\/6 puedes montar el palo de mayo en Biskopskulla Day a las 19 o en Kaplansg\u00e5rden, H\u00e4rkeberga, a las 19. V\u00edspera de San Juan: Altuna hembygdsg\u00e5rd. 13:30-16:30. Baile alrededor del poste con m\u00fasica de acorde\u00f3n, mago Micke Ramsell, paseo de propinas, loter\u00eda para ni\u00f1os y adultos, adivinar el peso del conejo, juegos, oportunidad de visitar la exposici\u00f3n de colgaduras ...","rel":"","context":"En \u00ab\u00c4ldre inl\u00e4gg\u00bb","block_context":{"text":"\u00c4ldre inl\u00e4gg","link":"https:\/\/www.fjardhundraland.se\/es\/aldre-inlagg\/"},"img":{"alt_text":"","src":"https:\/\/i0.wp.com\/www.fjardhundraland.se\/wp-content\/uploads\/2011\/06\/MG_6913-1024x682.jpg?resize=350%2C200&ssl=1","width":350,"height":200,"srcset":"https:\/\/i0.wp.com\/www.fjardhundraland.se\/wp-content\/uploads\/2011\/06\/MG_6913-1024x682.jpg?resize=350%2C200&ssl=1 1x, https:\/\/i0.wp.com\/www.fjardhundraland.se\/wp-content\/uploads\/2011\/06\/MG_6913-1024x682.jpg?resize=525%2C300&ssl=1 1.5x"},"classes":[]},{"id":10768,"url":"https:\/\/www.fjardhundraland.se\/es\/inlagg\/2022\/midsommarafton-fjardhundraland-2022\/","url_meta":{"origin":2376,"position":5},"title":"Solsticio de verano en Fj\u00e4rdhundraland 2023","author":"Mats Thorburn","date":"21 junio 2022","format":false,"excerpt":"He aqu\u00ed algunas celebraciones tradicionales del solsticio de verano entre los miembros de Fj\u00e4rdhundraland. Se trata de celebraciones rurales del solsticio de verano, con un poste, cantos, hierba y flores, \u00a1como debe ser! Husby-Sjutolftsg\u00e5rden a las 13.00 h. Levantamiento y baile alrededor del poste del solsticio de verano, Spelem\u00e4n. Paseo en un frondoso serpent\u00edn, estanque de peces y loter\u00edas. Venta de fika casero. No dude en traer ...","rel":"","context":"En \u00ab\u00c4ldre inl\u00e4gg\u00bb","block_context":{"text":"\u00c4ldre inl\u00e4gg","link":"https:\/\/www.fjardhundraland.se\/es\/aldre-inlagg\/"},"img":{"alt_text":"Folkdanslag p\u00e5 H\u00e4rledg\u00e5rden p\u00e5 midsommar","src":"https:\/\/i0.wp.com\/www.fjardhundraland.se\/wp-content\/uploads\/2012\/05\/H%C3%A4rledg%C3%A5rden.jpg?resize=350%2C200&ssl=1","width":350,"height":200,"srcset":"https:\/\/i0.wp.com\/www.fjardhundraland.se\/wp-content\/uploads\/2012\/05\/H%C3%A4rledg%C3%A5rden.jpg?resize=350%2C200&ssl=1 1x, https:\/\/i0.wp.com\/www.fjardhundraland.se\/wp-content\/uploads\/2012\/05\/H%C3%A4rledg%C3%A5rden.jpg?resize=525%2C300&ssl=1 1.5x, https:\/\/i0.wp.com\/www.fjardhundraland.se\/wp-content\/uploads\/2012\/05\/H%C3%A4rledg%C3%A5rden.jpg?resize=700%2C400&ssl=1 2x, https:\/\/i0.wp.com\/www.fjardhundraland.se\/wp-content\/uploads\/2012\/05\/H%C3%A4rledg%C3%A5rden.jpg?resize=1050%2C600&ssl=1 3x, https:\/\/i0.wp.com\/www.fjardhundraland.se\/wp-content\/uploads\/2012\/05\/H%C3%A4rledg%C3%A5rden.jpg?resize=1400%2C800&ssl=1 4x"},"classes":[]}],"jetpack_sharing_enabled":true,"_links":{"self":[{"href":"https:\/\/www.fjardhundraland.se\/es\/wp-json\/wp\/v2\/posts\/2376","targetHints":{"allow":["GET"]}}],"collection":[{"href":"https:\/\/www.fjardhundraland.se\/es\/wp-json\/wp\/v2\/posts"}],"about":[{"href":"https:\/\/www.fjardhundraland.se\/es\/wp-json\/wp\/v2\/types\/post"}],"author":[{"embeddable":true,"href":"https:\/\/www.fjardhundraland.se\/es\/wp-json\/wp\/v2\/users\/1"}],"replies":[{"embeddable":true,"href":"https:\/\/www.fjardhundraland.se\/es\/wp-json\/wp\/v2\/comments?post=2376"}],"version-history":[{"count":1,"href":"https:\/\/www.fjardhundraland.se\/es\/wp-json\/wp\/v2\/posts\/2376\/revisions"}],"predecessor-version":[{"id":19674,"href":"https:\/\/www.fjardhundraland.se\/es\/wp-json\/wp\/v2\/posts\/2376\/revisions\/19674"}],"wp:featuredmedia":[{"embeddable":true,"href":"https:\/\/www.fjardhundraland.se\/es\/wp-json\/wp\/v2\/media\/1585"}],"wp:attachment":[{"href":"https:\/\/www.fjardhundraland.se\/es\/wp-json\/wp\/v2\/media?parent=2376"}],"wp:term":[{"taxonomy":"category","embeddable":true,"href":"https:\/\/www.fjardhundraland.se\/es\/wp-json\/wp\/v2\/categories?post=2376"},{"taxonomy":"post_tag","embeddable":true,"href":"https:\/\/www.fjardhundraland.se\/es\/wp-json\/wp\/v2\/tags?post=2376"}],"curies":[{"name":"wp","href":"https:\/\/api.w.org\/{rel}","templated":true}]}}