
{"id":2079,"date":"2014-03-08T16:53:31","date_gmt":"2014-03-08T15:53:31","guid":{"rendered":"http:\/\/www.fjardhundraland.se\/?p=2079"},"modified":"2026-02-05T13:41:09","modified_gmt":"2026-02-05T12:41:09","slug":"cafe-dominical-al-sol","status":"publish","type":"post","link":"https:\/\/www.fjardhundraland.se\/es\/externt\/2014\/sondagsfika-varsolen\/","title":{"rendered":"\u00bfUn caf\u00e9 dominical bajo el sol primaveral?"},"content":{"rendered":"<p><img decoding=\"async\" data-attachment-id=\"2080\" data-permalink=\"https:\/\/www.fjardhundraland.se\/es\/externt\/2014\/sondagsfika-varsolen\/attachment\/2014-03-08-15-01-09\/\" data-orig-file=\"https:\/\/www.fjardhundraland.se\/wp-content\/uploads\/2014\/03\/2014-03-08-15.01.09.jpg\" data-orig-size=\"2048,1536\" data-comments-opened=\"0\" data-image-meta=\"{&quot;aperture&quot;:&quot;0&quot;,&quot;credit&quot;:&quot;&quot;,&quot;camera&quot;:&quot;&quot;,&quot;caption&quot;:&quot;&quot;,&quot;created_timestamp&quot;:&quot;0&quot;,&quot;copyright&quot;:&quot;&quot;,&quot;focal_length&quot;:&quot;0&quot;,&quot;iso&quot;:&quot;0&quot;,&quot;shutter_speed&quot;:&quot;0&quot;,&quot;title&quot;:&quot;&quot;,&quot;orientation&quot;:&quot;0&quot;}\" data-image-title=\"V\u00e5rtecken i Fj\u00e4rdhundraland\" data-image-description=\"\" data-image-caption=\"\" data-large-file=\"https:\/\/www.fjardhundraland.se\/wp-content\/uploads\/2014\/03\/2014-03-08-15.01.09.jpg\" class=\"alignright  wp-image-2080\" alt=\"An\u00e9mona de madera\" src=\"https:\/\/www.fjardhundraland.se\/wp-content\/uploads\/2014\/03\/2014-03-08-15.01.09-300x225.jpg\" width=\"200\" height=\"148\" title=\"\">La primavera ha llegado a Fj\u00e4rdhundraland. \u00bfPor qu\u00e9 no combinar un paseo primaveral con un caf\u00e9 en una acogedora cafeter\u00eda?<\/p>\n<p><a title=\"Granja Resta\" href=\"https:\/\/www.fjardhundraland.se\/es\/platos\/guardia-restante\/\">Granja Resta<\/a>, <a title=\"Panader\u00eda Crow&#039;s Will\" href=\"https:\/\/www.fjardhundraland.se\/es\/platos\/krakvilan-bageri\/\">Panader\u00eda Crow's Will<\/a>\u00a0y <a title=\"Apetito en \u00d6rsundsbro\" href=\"https:\/\/www.fjardhundraland.se\/es\/platos\/matlust-i-orsundsbro\/\">Apetito en \u00d6rsundsbro<\/a> han abierto todas sus puertas y, para los que no se aventuran a salir al campo, tambi\u00e9n tenemos <a title=\"Caf\u00e9 Velvet\" href=\"https:\/\/www.fjardhundraland.se\/es\/platos\/cafe-samt\/\">Caf\u00e9 Velvet<\/a> en Enk\u00f6ping.<\/p>\n<p>En primavera se abrir\u00e1n otras cafeter\u00edas.<\/p>","protected":false},"excerpt":{"rendered":"<p>La primavera ha llegado a Fj\u00e4rdhundraland. \u00bfPor qu\u00e9 no combinar un paseo primaveral con un caf\u00e9 en una acogedora cafeter\u00eda? Resta G\u00e5rd, Kr\u00e5kvilan bageri y Matlust en \u00d6rsundsbro han abierto sus puertas y, para los que no se atreven a salir al campo, tambi\u00e9n tenemos Caf\u00e9 Samt en Enk\u00f6ping. Otros caf\u00e9s abrir\u00e1n en primavera.<\/p>","protected":false},"author":5,"featured_media":0,"comment_status":"open","ping_status":"open","sticky":false,"template":"","format":"standard","meta":{"_acf_changed":false,"_relevanssi_hide_post":"","_relevanssi_hide_content":"","_relevanssi_pin_for_all":"","_relevanssi_pin_keywords":"","_relevanssi_unpin_keywords":"","_relevanssi_related_keywords":"","_relevanssi_related_include_ids":"","_relevanssi_related_exclude_ids":"","_relevanssi_related_no_append":"","_relevanssi_related_not_related":"","_relevanssi_related_posts":"","_relevanssi_noindex_reason":"Rank Math Uteslut fr\u00e5n Relevanssi index","_genesis_hide_title":false,"_genesis_hide_breadcrumbs":false,"_genesis_hide_singular_image":false,"_genesis_hide_footer_widgets":false,"_genesis_custom_body_class":"","_genesis_custom_post_class":"","_genesis_layout":"","_jetpack_memberships_contains_paid_content":false,"footnotes":""},"categories":[353,18,22,25],"tags":[352],"class_list":{"0":"post-2079","1":"post","2":"type-post","3":"status-publish","4":"format-standard","6":"category-aldre-inlagg","7":"category-externt","8":"category-mat","9":"category-upplevelser","10":"tag-aldre-inlagg","11":"entry"},"acf":[],"visa":null,"geo_latitude":null,"geo_longitude":null,"jetpack_featured_media_url":"","featured_image_src":null,"featured_image_src_square":null,"author_info":{"display_name":"","author_link":"https:\/\/www.fjardhundraland.se\/es\/author\/"},"jetpack-related-posts":[{"id":914,"url":"https:\/\/www.fjardhundraland.se\/es\/mat\/2012\/nu-oppnar-forsby-kvarn-kafe\/","url_meta":{"origin":2079,"position":0},"title":"Ya est\u00e1 abierta la cafeter\u00eda de Forsby Mill","author":"Mats Thorburn","date":"26 abril 2012","format":false,"excerpt":"El s\u00e1bado abrir\u00e1 sus puertas la esperada cafeter\u00eda de Forsby Mill. Donde antes funcionaba la locomotora del molino y el aserradero, ahora se servir\u00e1n los pasteles de Ibba. Se prometen golosinas y tambi\u00e9n algunos alimentos \u00fatiles. M\u00e1s informaci\u00f3n en el nuevo sitio web.","rel":"","context":"En \u00ab\u00c4ldre inl\u00e4gg\u00bb","block_context":{"text":"\u00c4ldre inl\u00e4gg","link":"https:\/\/www.fjardhundraland.se\/es\/aldre-inlagg\/"},"img":{"alt_text":"","src":"https:\/\/i0.wp.com\/forsbykvarn.se\/wp-content\/uploads\/2011\/08\/Forsbybageriets-gamla-monter.jpg?resize=350%2C200&ssl=1","width":350,"height":200},"classes":[]},{"id":1257,"url":"https:\/\/www.fjardhundraland.se\/es\/gardsbutiker\/2013\/varen-planerad-i-dunderbo\/","url_meta":{"origin":2079,"position":1},"title":"Primavera prevista en Dunderbo","author":"Mats Thorburn","date":"17 marzo 2013","format":false,"excerpt":"El calendario de primavera ya est\u00e1 actualizado en Dunderbo Ljus &amp; Hantverk. Eche un vistazo y planifique una visita.","rel":"","context":"En \u00ab\u00c4ldre inl\u00e4gg\u00bb","block_context":{"text":"\u00c4ldre inl\u00e4gg","link":"https:\/\/www.fjardhundraland.se\/es\/aldre-inlagg\/"},"img":{"alt_text":"","src":"","width":0,"height":0},"classes":[]},{"id":5183,"url":"https:\/\/www.fjardhundraland.se\/es\/gardsbutiker\/2018\/landsberga-gardsbutik-har-oppnat\/","url_meta":{"origin":2079,"position":2},"title":"Ha abierto la tienda de la granja Landsberga","author":"Mats Thorburn","date":"1 junio 2018","format":false,"excerpt":"Una granja-tienda abierta todos los d\u00edas y una cafeter\u00eda en un entorno hist\u00f3rico. La tienda de la granja Landsberga ofrece ambas cosas. En el antiguo establo del siglo XIX de la granja Landsberga, encontrar\u00e1s un aut\u00e9ntico centro de la cultura gastron\u00f3mica de Uppland. Abierta a partir del 2 de junio de 2018 los d\u00edas laborables de 11 a 18 y los fines de semana de 11 a 16. \u00a0","rel":"","context":"En \u00abG\u00e5rdsbutiker\u00bb","block_context":{"text":"G\u00e5rdsbutiker","link":"https:\/\/www.fjardhundraland.se\/es\/gardsbutiker\/"},"img":{"alt_text":"","src":"https:\/\/i0.wp.com\/www.fjardhundraland.se\/wp-content\/uploads\/2018\/06\/landsberga-gacc8ardsbutik-invigning-010618-39.jpg?resize=350%2C200&ssl=1","width":350,"height":200,"srcset":"https:\/\/i0.wp.com\/www.fjardhundraland.se\/wp-content\/uploads\/2018\/06\/landsberga-gacc8ardsbutik-invigning-010618-39.jpg?resize=350%2C200&ssl=1 1x, https:\/\/i0.wp.com\/www.fjardhundraland.se\/wp-content\/uploads\/2018\/06\/landsberga-gacc8ardsbutik-invigning-010618-39.jpg?resize=525%2C300&ssl=1 1.5x, https:\/\/i0.wp.com\/www.fjardhundraland.se\/wp-content\/uploads\/2018\/06\/landsberga-gacc8ardsbutik-invigning-010618-39.jpg?resize=700%2C400&ssl=1 2x, https:\/\/i0.wp.com\/www.fjardhundraland.se\/wp-content\/uploads\/2018\/06\/landsberga-gacc8ardsbutik-invigning-010618-39.jpg?resize=1050%2C600&ssl=1 3x, https:\/\/i0.wp.com\/www.fjardhundraland.se\/wp-content\/uploads\/2018\/06\/landsberga-gacc8ardsbutik-invigning-010618-39.jpg?resize=1400%2C800&ssl=1 4x"},"classes":[]},{"id":1842,"url":"https:\/\/www.fjardhundraland.se\/es\/inlagg\/2014\/pa-glid-med-utsikt\/","url_meta":{"origin":2079,"position":3},"title":"Planear con vistas","author":"Mats Thorburn","date":"27 enero 2014","format":false,"excerpt":"Skattmans\u00f6backen, la hermosa pista de esqu\u00ed de Fj\u00e4rdhundraland, ha abierto sus puertas esta temporada. Se trata de una pista de esqu\u00ed familiar con un ambiente estupendo y un personal alegre y servicial. Dos remontes, alquiler de esqu\u00eds, una cafeter\u00eda y varias zonas de barbacoa la convierten en un destino obvio durante todo el invierno.  Abre los s\u00e1bados y domingos de 10.00 a 16.00 h. y los martes por la tarde de 18.00 a 21.00 h. M\u00e1s informaci\u00f3n en www.skattman.nu P. S....","rel":"","context":"En \u00ab\u00c4ldre inl\u00e4gg\u00bb","block_context":{"text":"\u00c4ldre inl\u00e4gg","link":"https:\/\/www.fjardhundraland.se\/es\/aldre-inlagg\/"},"img":{"alt_text":"Skattmans\u00f6backen","src":"https:\/\/i0.wp.com\/www.fjardhundraland.se\/wp-content\/uploads\/2014\/01\/Skattmans%C3%B6backen.jpg?resize=350%2C200&ssl=1","width":350,"height":200,"srcset":"https:\/\/i0.wp.com\/www.fjardhundraland.se\/wp-content\/uploads\/2014\/01\/Skattmans%C3%B6backen.jpg?resize=350%2C200&ssl=1 1x, https:\/\/i0.wp.com\/www.fjardhundraland.se\/wp-content\/uploads\/2014\/01\/Skattmans%C3%B6backen.jpg?resize=525%2C300&ssl=1 1.5x, https:\/\/i0.wp.com\/www.fjardhundraland.se\/wp-content\/uploads\/2014\/01\/Skattmans%C3%B6backen.jpg?resize=700%2C400&ssl=1 2x, https:\/\/i0.wp.com\/www.fjardhundraland.se\/wp-content\/uploads\/2014\/01\/Skattmans%C3%B6backen.jpg?resize=1050%2C600&ssl=1 3x, https:\/\/i0.wp.com\/www.fjardhundraland.se\/wp-content\/uploads\/2014\/01\/Skattmans%C3%B6backen.jpg?resize=1400%2C800&ssl=1 4x"},"classes":[]},{"id":2172,"url":"https:\/\/www.fjardhundraland.se\/es\/mat\/2014\/utflykt-varen\/","url_meta":{"origin":2079,"position":4},"title":"Excursi\u00f3n en primavera","author":"Mats Thorburn","date":"5 abril 2014","format":false,"excerpt":"\u00bfQu\u00e9 hacemos hoy? El sol brilla y pronto tendremos hambre de caf\u00e9. Es hora de salir al campo. Aqu\u00ed tienes algunos consejos en Fj\u00e4rdhundraland, que abre este fin de semana. \u00a1Una salida divertida! Fika: panader\u00eda de la granja de la abuela Elsa Mel's Place Resta granja Kr\u00e5kvilan Tienda de alimentos de producci\u00f3n local: queso de Skogsbacken \u00c5loppe ekomat lecher\u00eda de la granja Vallgarn...","rel":"","context":"En \u00ab\u00c4ldre inl\u00e4gg\u00bb","block_context":{"text":"\u00c4ldre inl\u00e4gg","link":"https:\/\/www.fjardhundraland.se\/es\/aldre-inlagg\/"},"img":{"alt_text":"","src":"","width":0,"height":0},"classes":[]},{"id":754,"url":"https:\/\/www.fjardhundraland.se\/es\/gardsbutiker\/2012\/forsta-vartecknet\/","url_meta":{"origin":2079,"position":5},"title":"\u00bfPrimera se\u00f1al de la primavera?","author":"Mats Thorburn","date":"2 febrero 2012","format":false,"excerpt":"La panader\u00eda Kr\u00e5kvilan abre por temporada el domingo 5 de febrero de 11.00 a 16.00 horas. La novedad es que Marianne no solo sirve sus deliciosos bollos y pasteles, sino que tambi\u00e9n sirve almuerzos ligeros, consistentes en un delicioso pastel de queso de Skogsbacken.","rel":"","context":"En \u00ab\u00c4ldre inl\u00e4gg\u00bb","block_context":{"text":"\u00c4ldre inl\u00e4gg","link":"https:\/\/www.fjardhundraland.se\/es\/aldre-inlagg\/"},"img":{"alt_text":"","src":"","width":0,"height":0},"classes":[]}],"jetpack_sharing_enabled":true,"_links":{"self":[{"href":"https:\/\/www.fjardhundraland.se\/es\/wp-json\/wp\/v2\/posts\/2079","targetHints":{"allow":["GET"]}}],"collection":[{"href":"https:\/\/www.fjardhundraland.se\/es\/wp-json\/wp\/v2\/posts"}],"about":[{"href":"https:\/\/www.fjardhundraland.se\/es\/wp-json\/wp\/v2\/types\/post"}],"author":[{"embeddable":true,"href":"https:\/\/www.fjardhundraland.se\/es\/wp-json\/wp\/v2\/users\/5"}],"replies":[{"embeddable":true,"href":"https:\/\/www.fjardhundraland.se\/es\/wp-json\/wp\/v2\/comments?post=2079"}],"version-history":[{"count":1,"href":"https:\/\/www.fjardhundraland.se\/es\/wp-json\/wp\/v2\/posts\/2079\/revisions"}],"predecessor-version":[{"id":19681,"href":"https:\/\/www.fjardhundraland.se\/es\/wp-json\/wp\/v2\/posts\/2079\/revisions\/19681"}],"wp:attachment":[{"href":"https:\/\/www.fjardhundraland.se\/es\/wp-json\/wp\/v2\/media?parent=2079"}],"wp:term":[{"taxonomy":"category","embeddable":true,"href":"https:\/\/www.fjardhundraland.se\/es\/wp-json\/wp\/v2\/categories?post=2079"},{"taxonomy":"post_tag","embeddable":true,"href":"https:\/\/www.fjardhundraland.se\/es\/wp-json\/wp\/v2\/tags?post=2079"}],"curies":[{"name":"wp","href":"https:\/\/api.w.org\/{rel}","templated":true}]}}