
{"id":19177,"date":"2025-11-20T13:07:30","date_gmt":"2025-11-20T12:07:30","guid":{"rendered":"https:\/\/www.fjardhundraland.se\/?p=19177"},"modified":"2026-02-05T13:37:36","modified_gmt":"2026-02-05T12:37:36","slug":"navidad-en-fjardhundraland-2025","status":"publish","type":"post","link":"https:\/\/www.fjardhundraland.se\/es\/inlagg\/2025\/jul-i-fjardhundraland-2025\/","title":{"rendered":"Navidad en Fj\u00e4rdhundraland 2025"},"content":{"rendered":"<p class=\"wp-block-paragraph\">Mercadillos navide\u00f1os, mesas navide\u00f1as, acogedores caf\u00e9s y hermosos paseos invernales: en Fj\u00e4rdhundraland hay muchas formas de contagiarse del esp\u00edritu navide\u00f1o. Aqu\u00ed podr\u00e1 encontrar alimentos de primera calidad producidos localmente para realzar su mesa navide\u00f1a, encontrar regalos especiales de Navidad y experimentar los sabores del Adviento.<\/p>\n\n\n\n<figure class=\"wp-block-image size-large\"><img loading=\"lazy\" decoding=\"async\" width=\"1200\" height=\"826\" data-attachment-id=\"19085\" data-permalink=\"https:\/\/www.fjardhundraland.se\/es\/?attachment_id=19085\" data-orig-file=\"https:\/\/www.fjardhundraland.se\/wp-content\/uploads\/2025\/11\/julmarknad-liggande.jpg\" data-orig-size=\"2048,1409\" data-comments-opened=\"0\" data-image-title=\"Julmarknad-liggande\" data-image-description=\"\" data-image-caption=\"\" data-large-file=\"https:\/\/www.fjardhundraland.se\/wp-content\/uploads\/2025\/11\/julmarknad-liggande-1200x826.jpg\" src=\"https:\/\/www.fjardhundraland.se\/wp-content\/uploads\/2025\/11\/julmarknad-liggande-1200x826.jpg\" alt=\"\" class=\"wp-image-19085\" title=\"\" srcset=\"https:\/\/www.fjardhundraland.se\/wp-content\/uploads\/2025\/11\/julmarknad-liggande-1200x826.jpg 1200w, https:\/\/www.fjardhundraland.se\/wp-content\/uploads\/2025\/11\/julmarknad-liggande-300x206.jpg 300w, https:\/\/www.fjardhundraland.se\/wp-content\/uploads\/2025\/11\/julmarknad-liggande-768x528.jpg 768w, https:\/\/www.fjardhundraland.se\/wp-content\/uploads\/2025\/11\/julmarknad-liggande-1536x1057.jpg 1536w, https:\/\/www.fjardhundraland.se\/wp-content\/uploads\/2025\/11\/julmarknad-liggande-18x12.jpg 18w, https:\/\/www.fjardhundraland.se\/wp-content\/uploads\/2025\/11\/julmarknad-liggande-2000x1376.jpg 2000w, https:\/\/www.fjardhundraland.se\/wp-content\/uploads\/2025\/11\/julmarknad-liggande.jpg 2048w\" sizes=\"auto, (max-width: 1200px) 100vw, 1200px\" \/><\/figure>\n\n\n\n<h3 class=\"wp-block-heading\">Esp\u00edritu navide\u00f1o en el campo<\/h3>\n\n\n\n<p class=\"wp-block-paragraph\">Muchos miembros de Fj\u00e4rdhundraland est\u00e1n abiertos durante el mes de diciembre, organizando cursos e invit\u00e1ndole a unirse a la diversi\u00f3n del Adviento. Aqu\u00ed tienes una selecci\u00f3n para inspirarte y hacer una escapada al campo.<\/p>\n\n\n\n<h3 class=\"wp-block-heading\">Mercados navide\u00f1os<\/h3>\n\n\n\n<p class=\"wp-block-paragraph\">En castillos, granjas y peque\u00f1as ciudades de todo el Fj\u00e4rdhundraland hay varios mercados navide\u00f1os que visitar. Artesan\u00eda, alimentos de producci\u00f3n local y la oportunidad de conocer a los productores hacen de los mercados navide\u00f1os un viaje para recordar. <\/p>\n\n\n\n<figure class=\"wp-block-image size-full\"><img loading=\"lazy\" decoding=\"async\" width=\"1200\" height=\"1047\" data-attachment-id=\"19072\" data-permalink=\"https:\/\/www.fjardhundraland.se\/es\/?attachment_id=19072\" data-orig-file=\"https:\/\/www.fjardhundraland.se\/wp-content\/uploads\/2025\/11\/julmarknad-signumbild-mindre.jpg\" data-orig-size=\"1200,1047\" data-comments-opened=\"0\" data-image-title=\"Julmarknad-signumbild-mindre\" data-image-description=\"\" data-image-caption=\"\" data-large-file=\"https:\/\/www.fjardhundraland.se\/wp-content\/uploads\/2025\/11\/julmarknad-signumbild-mindre.jpg\" src=\"https:\/\/www.fjardhundraland.se\/wp-content\/uploads\/2025\/11\/julmarknad-signumbild-mindre.jpg\" alt=\"\" class=\"wp-image-19072\" title=\"\" srcset=\"https:\/\/www.fjardhundraland.se\/wp-content\/uploads\/2025\/11\/julmarknad-signumbild-mindre.jpg 1200w, https:\/\/www.fjardhundraland.se\/wp-content\/uploads\/2025\/11\/julmarknad-signumbild-mindre-300x262.jpg 300w, https:\/\/www.fjardhundraland.se\/wp-content\/uploads\/2025\/11\/julmarknad-signumbild-mindre-768x670.jpg 768w, https:\/\/www.fjardhundraland.se\/wp-content\/uploads\/2025\/11\/julmarknad-signumbild-mindre-14x12.jpg 14w\" sizes=\"auto, (max-width: 1200px) 100vw, 1200px\" \/><\/figure>\n\n\n\n<h3 class=\"wp-block-heading\">Una selecci\u00f3n de mercados navide\u00f1os en Fj\u00e4rdhundraland: <\/h3>\n\n\n\n<ul class=\"wp-block-list\">\n<li><a href=\"https:\/\/www.fjardhundraland.se\/es\/oferta\/mercado-navideno-en-el-castillo-de-skokloster\/\" data-type=\"link\" data-id=\"https:\/\/www.fjardhundraland.se\/erbjudande\/julmarknad-pa-skoklosters-slott\/\">Mercado navide\u00f1o en el castillo de Skokloster <\/a>S\u00e1bado 29 de noviembre y domingo 30 de noviembre<\/li>\n\n\n\n<li><a href=\"https:\/\/www.fjardhundraland.se\/es\/oferta\/antiguo-mercado-navideno-en-enkoping\/\" data-type=\"link\" data-id=\"https:\/\/www.fjardhundraland.se\/erbjudande\/gammaldags-julmarknad-i-enkoping\/\">Antiguo mercado navide\u00f1o en Enk\u00f6ping<\/a> S\u00e1bado 29 de noviembre y domingo 30 de noviembre<\/li>\n\n\n\n<li><a href=\"https:\/\/www.fjardhundraland.se\/es\/oferta\/mercado-de-navidad-en-giresta-staby-sateri\/\" data-type=\"link\" data-id=\"https:\/\/www.fjardhundraland.se\/erbjudande\/julmarknad-pa-giresta-staby-sateri\/\">Mercado navide\u00f1o en la mansi\u00f3n Giresta staby <\/a>S\u00e1bado 29 de noviembre<\/li>\n\n\n\n<li><a href=\"https:\/\/www.fjardhundraland.se\/es\/oferta\/mercado-de-navidad-en-morker\/\" data-type=\"link\" data-id=\"https:\/\/www.fjardhundraland.se\/erbjudande\/julmarknad-i-morker\/\">Mercado navide\u00f1o a oscuras <\/a>4 de diciembre<\/li>\n\n\n\n<li><a href=\"https:\/\/www.fjardhundraland.se\/es\/tema\/mercados-de-navidad-pais-estocolmo-uppsala\/\">Encontrar\u00e1 m\u00e1s informaci\u00f3n aqu\u00ed.<\/a><\/li>\n<\/ul>\n\n\n\n<h3 class=\"wp-block-heading\">Mesa de Navidad<\/h3>\n\n\n\n<p class=\"wp-block-paragraph\">Cena de Navidad en un antiguo castillo o en un acogedor caf\u00e9 en el campo: vaya donde vaya, disfrutar\u00e1 de una suntuosa mesa de sabores navide\u00f1os. <\/p>\n\n\n\n<figure class=\"wp-block-image size-large\"><img loading=\"lazy\" decoding=\"async\" width=\"1200\" height=\"798\" data-attachment-id=\"16725\" data-permalink=\"https:\/\/www.fjardhundraland.se\/es\/?attachment_id=16725\" data-orig-file=\"https:\/\/www.fjardhundraland.se\/wp-content\/uploads\/2024\/10\/hejfoto-hejhagaslott-jul23-60.jpg\" data-orig-size=\"2500,1663\" data-comments-opened=\"0\" data-image-title=\"HejFoto_HejHagaSlott_Jul23-60\" data-image-description=\"\" data-image-caption=\"\" data-large-file=\"https:\/\/www.fjardhundraland.se\/wp-content\/uploads\/2024\/10\/hejfoto-hejhagaslott-jul23-60-1200x798.jpg\" src=\"https:\/\/www.fjardhundraland.se\/wp-content\/uploads\/2024\/10\/hejfoto-hejhagaslott-jul23-60-1200x798.jpg\" alt=\"\" class=\"wp-image-16725\" title=\"\" srcset=\"https:\/\/www.fjardhundraland.se\/wp-content\/uploads\/2024\/10\/hejfoto-hejhagaslott-jul23-60-1200x798.jpg 1200w, https:\/\/www.fjardhundraland.se\/wp-content\/uploads\/2024\/10\/hejfoto-hejhagaslott-jul23-60-300x200.jpg 300w, https:\/\/www.fjardhundraland.se\/wp-content\/uploads\/2024\/10\/hejfoto-hejhagaslott-jul23-60-768x511.jpg 768w, https:\/\/www.fjardhundraland.se\/wp-content\/uploads\/2024\/10\/hejfoto-hejhagaslott-jul23-60-1536x1022.jpg 1536w, https:\/\/www.fjardhundraland.se\/wp-content\/uploads\/2024\/10\/hejfoto-hejhagaslott-jul23-60-2048x1362.jpg 2048w, https:\/\/www.fjardhundraland.se\/wp-content\/uploads\/2024\/10\/hejfoto-hejhagaslott-jul23-60-18x12.jpg 18w, https:\/\/www.fjardhundraland.se\/wp-content\/uploads\/2024\/10\/hejfoto-hejhagaslott-jul23-60-2000x1330.jpg 2000w, https:\/\/www.fjardhundraland.se\/wp-content\/uploads\/2024\/10\/hejfoto-hejhagaslott-jul23-60-600x400.jpg 600w\" sizes=\"auto, (max-width: 1200px) 100vw, 1200px\" \/><\/figure>\n\n\n\n<h3 class=\"wp-block-heading\">Mesa de Navidad en Fj\u00e4rdhundraland <\/h3>\n\n\n\n<p class=\"wp-block-paragraph\">Una selecci\u00f3n: <\/p>\n\n\n\n<ul class=\"wp-block-list\">\n<li><a href=\"https:\/\/hagaslott.se\/julbord-pa-haga-slott\/\" data-type=\"link\" data-id=\"https:\/\/hagaslott.se\/julbord-pa-haga-slott\/\" target=\"_blank\" rel=\"noopener\">Castillo de Haga <\/a><\/li>\n\n\n\n<li><a href=\"https:\/\/www.facebook.com\/profile.php?id=100089246252338&amp;locale=sv_SE\" data-type=\"link\" data-id=\"https:\/\/www.facebook.com\/profile.php?id=100089246252338&amp;locale=sv_SE\" target=\"_blank\" rel=\"noopener\">Caf\u00e9 y Bistro del Castillo de Salnecke<\/a><\/li>\n\n\n\n<li><a href=\"https:\/\/www.facebook.com\/skugganscafe?locale=sv_SE\" data-type=\"link\" data-id=\"https:\/\/www.facebook.com\/skugganscafe?locale=sv_SE\" target=\"_blank\" rel=\"noopener\">El caf\u00e9 de las sombras<\/a><\/li>\n<\/ul>\n\n\n\n<h3 class=\"wp-block-heading\">Santa Luc\u00eda <\/h3>\n\n\n\n<p class=\"wp-block-paragraph\">Disfrute de hermosos villancicos interpretados por Luc\u00eda y sus dados. Asistir a un concierto de Luc\u00eda es a la vez una tradici\u00f3n y una experiencia entra\u00f1able. <\/p>\n\n\n\n<figure class=\"wp-block-image size-large\"><img loading=\"lazy\" decoding=\"async\" width=\"900\" height=\"1200\" data-attachment-id=\"19144\" data-permalink=\"https:\/\/www.fjardhundraland.se\/es\/?attachment_id=19144\" data-orig-file=\"https:\/\/www.fjardhundraland.se\/wp-content\/uploads\/2025\/11\/image0-1-1.jpeg\" data-orig-size=\"1512,2016\" data-comments-opened=\"0\" data-image-title=\"image0 (1)\" data-image-description=\"\" data-image-caption=\"\" data-large-file=\"https:\/\/www.fjardhundraland.se\/wp-content\/uploads\/2025\/11\/image0-1-1-900x1200.jpeg\" src=\"https:\/\/www.fjardhundraland.se\/wp-content\/uploads\/2025\/11\/image0-1-1-900x1200.jpeg\" alt=\"Santa Luc\u00eda\" class=\"wp-image-19144\" title=\"\" srcset=\"https:\/\/www.fjardhundraland.se\/wp-content\/uploads\/2025\/11\/image0-1-1-900x1200.jpeg 900w, https:\/\/www.fjardhundraland.se\/wp-content\/uploads\/2025\/11\/image0-1-1-225x300.jpeg 225w, https:\/\/www.fjardhundraland.se\/wp-content\/uploads\/2025\/11\/image0-1-1-768x1024.jpeg 768w, https:\/\/www.fjardhundraland.se\/wp-content\/uploads\/2025\/11\/image0-1-1-1152x1536.jpeg 1152w, https:\/\/www.fjardhundraland.se\/wp-content\/uploads\/2025\/11\/image0-1-1-9x12.jpeg 9w, https:\/\/www.fjardhundraland.se\/wp-content\/uploads\/2025\/11\/image0-1-1-1500x2000.jpeg 1500w, https:\/\/www.fjardhundraland.se\/wp-content\/uploads\/2025\/11\/image0-1-1.jpeg 1512w\" sizes=\"auto, (max-width: 900px) 100vw, 900px\" \/><\/figure>\n\n\n\n<h3 class=\"wp-block-heading\">Actuaciones de Lucia en Fj\u00e4rdhundraland <\/h3>\n\n\n\n<ul class=\"wp-block-list\">\n<li><a href=\"https:\/\/www.fjardhundraland.se\/es\/oferta\/adviento-acogedor\/\">Adviento acogedor en Heby - Tren de Luc\u00eda a caballo<\/a>  12 de diciembre<\/li>\n\n\n\n<li><a href=\"https:\/\/www.ekolsundsslott.se\/gruvkoren-pa-ekolsunds-slott-wardshus\/\" data-type=\"link\" data-id=\"https:\/\/www.ekolsundsslott.se\/gruvkoren-pa-ekolsunds-slott-wardshus\/\" target=\"_blank\" rel=\"noopener\">Castillo de Ekolsund<\/a> 13 de diciembre <\/li>\n\n\n\n<li><a href=\"https:\/\/www.fjardhundraland.se\/es\/oferta\/celebracion-de-lucia\/\" data-type=\"link\" data-id=\"https:\/\/www.fjardhundraland.se\/erbjudande\/luciafirande\/\">Sociedad de Historia Local de Husby-Sjutolfts<\/a> 14 de diciembre<\/li>\n<\/ul>\n\n\n\n<h3 class=\"wp-block-heading\">Visitas al caf\u00e9 durante el Adviento<\/h3>\n\n\n\n<p class=\"wp-block-paragraph\">Una sopa calentita despu\u00e9s de un paseo invernal o una taza de chocolate caliente despu\u00e9s de visitar un mercado navide\u00f1o. En Fj\u00e4rdhundraland, varias cafeter\u00edas ofrecen sabores navide\u00f1os. \u00a1Bienvenido al barrio! <\/p>\n\n\n\n<figure class=\"wp-block-image size-large\"><img loading=\"lazy\" decoding=\"async\" width=\"1440\" height=\"1080\" data-attachment-id=\"19131\" data-permalink=\"https:\/\/www.fjardhundraland.se\/es\/571951399_18072286943600377_3991001121598675483_n\/\" data-orig-file=\"https:\/\/www.fjardhundraland.se\/wp-content\/uploads\/2025\/11\/571951399-18072286943600377-3991001121598675483-n-edited.jpg\" data-orig-size=\"1440,1080\" data-comments-opened=\"0\" data-image-title=\"571951399_18072286943600377_3991001121598675483_n\" data-image-description=\"\" data-image-caption=\"\" data-large-file=\"https:\/\/www.fjardhundraland.se\/wp-content\/uploads\/2025\/11\/571951399-18072286943600377-3991001121598675483-n-edited-1200x900.jpg\" src=\"https:\/\/www.fjardhundraland.se\/wp-content\/uploads\/2025\/11\/571951399-18072286943600377-3991001121598675483-n-edited.jpg\" alt=\"\" class=\"wp-image-19131\" title=\"\" srcset=\"https:\/\/www.fjardhundraland.se\/wp-content\/uploads\/2025\/11\/571951399-18072286943600377-3991001121598675483-n-edited.jpg 1440w, https:\/\/www.fjardhundraland.se\/wp-content\/uploads\/2025\/11\/571951399-18072286943600377-3991001121598675483-n-edited-300x225.jpg 300w, https:\/\/www.fjardhundraland.se\/wp-content\/uploads\/2025\/11\/571951399-18072286943600377-3991001121598675483-n-edited-1200x900.jpg 1200w, https:\/\/www.fjardhundraland.se\/wp-content\/uploads\/2025\/11\/571951399-18072286943600377-3991001121598675483-n-edited-768x576.jpg 768w, https:\/\/www.fjardhundraland.se\/wp-content\/uploads\/2025\/11\/571951399-18072286943600377-3991001121598675483-n-edited-16x12.jpg 16w, https:\/\/www.fjardhundraland.se\/wp-content\/uploads\/2025\/11\/571951399-18072286943600377-3991001121598675483-n-edited-702x526.jpg 702w\" sizes=\"auto, (max-width: 1440px) 100vw, 1440px\" \/><\/figure>\n\n\n\n<h3 class=\"wp-block-heading\">Cafeter\u00edas en Fj\u00e4rdhundraland<\/h3>\n\n\n\n<p class=\"wp-block-paragraph\">Una selecci\u00f3n de cafeter\u00edas de Fj\u00e4rhundraland que abren en Adviento: <\/p>\n\n\n\n<ul class=\"wp-block-list\">\n<li><a href=\"https:\/\/www.fjardhundraland.se\/es\/platos\/landsberga-gard\/\" data-type=\"link\" data-id=\"https:\/\/www.fjardhundraland.se\/plats\/landsberga-gard\/\">Granja Landsberga <\/a><\/li>\n\n\n\n<li><a href=\"https:\/\/www.fjardhundraland.se\/es\/platos\/el-cafe-de-las-sombras-2\/\" data-type=\"link\" data-id=\"https:\/\/www.fjardhundraland.se\/plats\/skuggans-cafe\/\">El Caf\u00e9 de las Sombras <\/a><\/li>\n\n\n\n<li><a href=\"https:\/\/www.fjardhundraland.se\/es\/platos\/cafe-del-castillo-de-salnecke\/\" data-type=\"link\" data-id=\"https:\/\/www.fjardhundraland.se\/plats\/salnecke-slottscafe\/\">Caf\u00e9 y Bistro del Castillo de Salnecke<\/a><\/li>\n\n\n\n<li><a href=\"https:\/\/www.fjardhundraland.se\/es\/platos\/antigua-escuela-de-la-iglesia-nysatra\/\" data-type=\"plats\" data-id=\"9261\">Cafeter\u00eda en Nys\u00e4tra<\/a>, Parroquia de Lagunda<\/li>\n\n\n\n<li><a href=\"https:\/\/www.fjardhundraland.se\/es\/platos\/panaderia-artesanal-schillstroms\/\" data-type=\"plats\" data-id=\"16961\">Panader\u00eda artesanal Schillstr\u00f6ms <\/a><\/li>\n<\/ul>\n\n\n\n<h4 class=\"wp-block-heading\">\u00a1Hay m\u00e1s actividades en Fj\u00e4rdhundraland! <\/h4>\n\n\n\n<p class=\"wp-block-paragraph\">Actividades como un curso de elaboraci\u00f3n de coronas navide\u00f1as, una jornada de puertas abiertas en Adviento en el taller de DH Keramik y la elaboraci\u00f3n de sus propios productos para el cuidado de la piel se pueden encontrar en la pesta\u00f1a \u201d<a href=\"https:\/\/www.fjardhundraland.se\/es\/oferta\/\" data-type=\"link\" data-id=\"https:\/\/www.fjardhundraland.se\/erbjudande\/\">Por el momento<\/a>\u201d en el sitio web de Fj\u00e4rdhundraland. Aqu\u00ed encontrar\u00e1 <a href=\"https:\/\/www.fjardhundraland.se\/es\/tema\/navidad-en-el-pais-del-fjardhundraland\/\">m\u00e1s Navidad<\/a>!<\/p>\n\n\n\n<p class=\"wp-block-paragraph\"><\/p>","protected":false},"excerpt":{"rendered":"<p>Julmarknader, julbord, mysiga kaf\u00e9er och vackra vinterpromenader \u2013 i Fj\u00e4rdhundraland finns det m\u00e5nga s\u00e4tt att komma i julst\u00e4mningen. H\u00e4r kan du hitta f\u00f6rstklassiga, n\u00e4rproducerade matvaror som lyfter julbordet, hitta speciella julklappar och f\u00e5 uppleva smakerna som h\u00f6r adventstiden till. Julst\u00e4mning p\u00e5 landet M\u00e5nga av Fj\u00e4rdhundralands medlemmar har \u00f6ppet under december, arrangerar kurser och bjuder in [&hellip;]<\/p>\n","protected":false},"author":1,"featured_media":19132,"comment_status":"closed","ping_status":"closed","sticky":false,"template":"","format":"standard","meta":{"_acf_changed":false,"_relevanssi_hide_post":"","_relevanssi_hide_content":"","_relevanssi_pin_for_all":"","_relevanssi_pin_keywords":"","_relevanssi_unpin_keywords":"","_relevanssi_related_keywords":"","_relevanssi_related_include_ids":"","_relevanssi_related_exclude_ids":"","_relevanssi_related_no_append":"","_relevanssi_related_not_related":"","_relevanssi_related_posts":"11244,16128,10783,15230,15924,13847","_relevanssi_noindex_reason":"","_genesis_hide_title":false,"_genesis_hide_breadcrumbs":false,"_genesis_hide_singular_image":false,"_genesis_hide_footer_widgets":false,"_genesis_custom_body_class":"","_genesis_custom_post_class":"","_genesis_layout":"","_jetpack_newsletter_access":"","_jetpack_dont_email_post_to_subs":false,"_jetpack_newsletter_tier_id":0,"_jetpack_memberships_contains_paywalled_content":false,"_jetpack_memberships_contains_paid_content":false,"footnotes":"","jetpack_post_was_ever_published":false},"categories":[1],"tags":[],"class_list":["post-19177","post","type-post","status-publish","format-standard","has-post-thumbnail","category-inlagg","entry"],"acf":[],"featured_image_src":"https:\/\/www.fjardhundraland.se\/wp-content\/uploads\/2025\/11\/image0-edited-600x400.jpeg","featured_image_src_square":"https:\/\/www.fjardhundraland.se\/wp-content\/uploads\/2025\/11\/image0-edited-600x600.jpeg","author_info":{"display_name":"Mats Thorburn","author_link":"https:\/\/www.fjardhundraland.se\/es\/author\/matst\/"},"jetpack-related-posts":[{"id":31,"url":"https:\/\/www.fjardhundraland.se\/es\/externt\/2010\/welcome-to-fjardhundraland\/","url_meta":{"origin":19177,"position":0},"title":"Bienvenido a Fj\u00e4rdhundraland","author":"Mats Thorburn","date":"12 octubre 2010","format":false,"excerpt":"La provincia medieval de Fj\u00e4drundaland forma parte hoy en d\u00eda de Uppland, Suecia. Hoy trabajamos con una adaptaci\u00f3n moderna; Fj\u00e4rdhundraland. El campo que rodea el municipio Fj\u00e4rdhundra puede ofrecerle una visita a una de las regiones hist\u00f3ricas m\u00e1s antiguas e interesantes de Suecia - y una pr\u00f3spera comunidad empresarial esperando para servirle...","rel":"","context":"En \u00ab\u00c4ldre inl\u00e4gg\u00bb","block_context":{"text":"\u00c4ldre inl\u00e4gg","link":"https:\/\/www.fjardhundraland.se\/es\/aldre-inlagg\/"},"img":{"alt_text":"","src":"","width":0,"height":0},"classes":[]}],"jetpack_sharing_enabled":true,"jetpack_featured_media_url":"https:\/\/www.fjardhundraland.se\/wp-content\/uploads\/2025\/11\/image0-edited.jpeg","_links":{"self":[{"href":"https:\/\/www.fjardhundraland.se\/es\/wp-json\/wp\/v2\/posts\/19177","targetHints":{"allow":["GET"]}}],"collection":[{"href":"https:\/\/www.fjardhundraland.se\/es\/wp-json\/wp\/v2\/posts"}],"about":[{"href":"https:\/\/www.fjardhundraland.se\/es\/wp-json\/wp\/v2\/types\/post"}],"author":[{"embeddable":true,"href":"https:\/\/www.fjardhundraland.se\/es\/wp-json\/wp\/v2\/users\/1"}],"replies":[{"embeddable":true,"href":"https:\/\/www.fjardhundraland.se\/es\/wp-json\/wp\/v2\/comments?post=19177"}],"version-history":[{"count":5,"href":"https:\/\/www.fjardhundraland.se\/es\/wp-json\/wp\/v2\/posts\/19177\/revisions"}],"predecessor-version":[{"id":19208,"href":"https:\/\/www.fjardhundraland.se\/es\/wp-json\/wp\/v2\/posts\/19177\/revisions\/19208"}],"wp:featuredmedia":[{"embeddable":true,"href":"https:\/\/www.fjardhundraland.se\/es\/wp-json\/wp\/v2\/media\/19132"}],"wp:attachment":[{"href":"https:\/\/www.fjardhundraland.se\/es\/wp-json\/wp\/v2\/media?parent=19177"}],"wp:term":[{"taxonomy":"category","embeddable":true,"href":"https:\/\/www.fjardhundraland.se\/es\/wp-json\/wp\/v2\/categories?post=19177"},{"taxonomy":"post_tag","embeddable":true,"href":"https:\/\/www.fjardhundraland.se\/es\/wp-json\/wp\/v2\/tags?post=19177"}],"curies":[{"name":"wp","href":"https:\/\/api.w.org\/{rel}","templated":true}]}}