
{"id":1847,"date":"2014-02-28T00:05:40","date_gmt":"2014-02-27T23:05:40","guid":{"rendered":"http:\/\/www.fjardhundraland.se\/?p=1847"},"modified":"2026-02-05T13:41:09","modified_gmt":"2026-02-05T12:41:09","slug":"jornada-de-investigacion-sobre-el-sacrificio","status":"publish","type":"post","link":"https:\/\/www.fjardhundraland.se\/es\/inlagg\/2014\/slaktforskningens-dag\/","title":{"rendered":"D\u00eda de la Genealog\u00eda"},"content":{"rendered":"<p><span style=\"font-size: 1em; line-height: 1.5em;\"><a href=\"https:\/\/www.fjardhundraland.se\/wp-content\/uploads\/2014\/02\/FLY1563.jpg\"><img decoding=\"async\" data-attachment-id=\"1850\" data-permalink=\"https:\/\/www.fjardhundraland.se\/es\/inlagg\/2014\/slaktforskningens-dag\/attachment\/fly1563\/\" data-orig-file=\"https:\/\/www.fjardhundraland.se\/wp-content\/uploads\/2014\/02\/FLY1563.jpg\" data-orig-size=\"800,506\" data-comments-opened=\"0\" data-image-meta=\"{&quot;aperture&quot;:&quot;0&quot;,&quot;credit&quot;:&quot;&quot;,&quot;camera&quot;:&quot;&quot;,&quot;caption&quot;:&quot;&quot;,&quot;created_timestamp&quot;:&quot;0&quot;,&quot;copyright&quot;:&quot;&quot;,&quot;focal_length&quot;:&quot;0&quot;,&quot;iso&quot;:&quot;0&quot;,&quot;shutter_speed&quot;:&quot;0&quot;,&quot;title&quot;:&quot;&quot;,&quot;orientation&quot;:&quot;0&quot;}\" data-image-title=\"FLY1563\" data-image-description=\"\" data-image-caption=\"\" data-large-file=\"https:\/\/www.fjardhundraland.se\/wp-content\/uploads\/2014\/02\/FLY1563.jpg\" class=\"alignleft size-medium wp-image-1850\" alt=\"FLY1563\" src=\"https:\/\/www.fjardhundraland.se\/wp-content\/uploads\/2014\/02\/FLY1563-300x189.jpg\" width=\"300\" height=\"189\" title=\"\"><\/a>\u00bfHa pensado en iniciar una investigaci\u00f3n geneal\u00f3gica? \u00bfO tal vez quiera saber m\u00e1s sobre su granja o pueblo? El s\u00e1bado 15 de marzo, el ayuntamiento de Fr\u00f6sthult le ofrecer\u00e1 una jornada repleta de historia local.<\/span><\/p>\n<p>Habr\u00e1 consejos de genealog\u00eda, podr\u00e1 ver postales antiguas, fotos y mapas. Tambi\u00e9n aprender\u00e1s m\u00e1s sobre c\u00f3mo obtener conocimientos a partir de documentos antiguos.<\/p>\n<p>Tambi\u00e9n mercadillo de libros y refrescos.<\/p>\n<p>Abierto 10-17<\/p>\n<p>Lea y descargue el programa completo aqu\u00ed:\u00a0<a href=\"https:\/\/www.fjardhundraland.se\/wp-content\/uploads\/2014\/03\/Hembygdsforskning140315.pdf\">Investigaci\u00f3n hist\u00f3rica local140315<\/a><\/p>","protected":false},"excerpt":{"rendered":"<p>Har du funderat p\u00e5 att b\u00f6rja sl\u00e4ktforska? Eller vill du kanske l\u00e4ra dig mer om din g\u00e5rd eller by? I Fr\u00f6sthults bygdeg\u00e5rd f\u00e5r du l\u00f6rdagen den 15 mars en fullmatad dag i lokalhistoriens tecken. Det blir bland annat sl\u00e4ktforskningstips, du kan titta p\u00e5 gamla vykort, foton och kartor. Du f\u00e5r ocks\u00e5 veta mer om hur [&hellip;]<\/p>\n","protected":false},"author":1,"featured_media":0,"comment_status":"open","ping_status":"open","sticky":false,"template":"","format":"standard","meta":{"_acf_changed":false,"_relevanssi_hide_post":"","_relevanssi_hide_content":"","_relevanssi_pin_for_all":"","_relevanssi_pin_keywords":"","_relevanssi_unpin_keywords":"","_relevanssi_related_keywords":"","_relevanssi_related_include_ids":"","_relevanssi_related_exclude_ids":"","_relevanssi_related_no_append":"","_relevanssi_related_not_related":"","_relevanssi_related_posts":"","_relevanssi_noindex_reason":"Rank Math Uteslut fr\u00e5n Relevanssi index","_genesis_hide_title":false,"_genesis_hide_breadcrumbs":false,"_genesis_hide_singular_image":false,"_genesis_hide_footer_widgets":false,"_genesis_custom_body_class":"","_genesis_custom_post_class":"","_genesis_layout":"","_jetpack_memberships_contains_paid_content":false,"footnotes":""},"categories":[353,1],"tags":[352,129],"class_list":{"0":"post-1847","1":"post","2":"type-post","3":"status-publish","4":"format-standard","6":"category-aldre-inlagg","7":"category-inlagg","8":"tag-aldre-inlagg","9":"tag-slaltforskning","10":"entry"},"acf":[],"visa":null,"geo_latitude":null,"geo_longitude":null,"jetpack_featured_media_url":"","featured_image_src":null,"featured_image_src_square":null,"author_info":{"display_name":"Mats Thorburn","author_link":"https:\/\/www.fjardhundraland.se\/es\/author\/matst\/"},"jetpack-related-posts":[{"id":5226,"url":"https:\/\/www.fjardhundraland.se\/es\/upplevelser\/2018\/filmsommar-pa-gamla-bion\/","url_meta":{"origin":1847,"position":0},"title":"Verano de cine en Gamla Bion","author":"Ylva Fontell","date":"27 junio 2018","format":false,"excerpt":"Vaya, \u00a1qu\u00e9 verano de pel\u00edculas nos espera! El Old Cinema de \u00d6rsundsbro ha preparado un extenso programa de pel\u00edculas nuevas de calidad, complementado con la novedad de este a\u00f1o, la Semana de los Cl\u00e1sicos. El calendario de eventos presenta todas las pel\u00edculas con m\u00e1s detalle, pero aqu\u00ed tiene un adelanto: 3\/7 Aquarius, 10\/7 Three Billboards outside Ebbing, Missouri, 17\/7 Loving Vincent, 24\/7 Amateurs, 31\/7...","rel":"","context":"En \u00ab\u00c4ldre inl\u00e4gg\u00bb","block_context":{"text":"\u00c4ldre inl\u00e4gg","link":"https:\/\/www.fjardhundraland.se\/es\/aldre-inlagg\/"},"img":{"alt_text":"Gamla bion i \u00d6rsundsbro","src":"https:\/\/i0.wp.com\/www.fjardhundraland.se\/wp-content\/uploads\/2017\/02\/gamla-bion.jpg?resize=350%2C200&ssl=1","width":350,"height":200,"srcset":"https:\/\/i0.wp.com\/www.fjardhundraland.se\/wp-content\/uploads\/2017\/02\/gamla-bion.jpg?resize=350%2C200&ssl=1 1x, https:\/\/i0.wp.com\/www.fjardhundraland.se\/wp-content\/uploads\/2017\/02\/gamla-bion.jpg?resize=525%2C300&ssl=1 1.5x, https:\/\/i0.wp.com\/www.fjardhundraland.se\/wp-content\/uploads\/2017\/02\/gamla-bion.jpg?resize=700%2C400&ssl=1 2x, https:\/\/i0.wp.com\/www.fjardhundraland.se\/wp-content\/uploads\/2017\/02\/gamla-bion.jpg?resize=1050%2C600&ssl=1 3x, https:\/\/i0.wp.com\/www.fjardhundraland.se\/wp-content\/uploads\/2017\/02\/gamla-bion.jpg?resize=1400%2C800&ssl=1 4x"},"classes":[]},{"id":5183,"url":"https:\/\/www.fjardhundraland.se\/es\/gardsbutiker\/2018\/landsberga-gardsbutik-har-oppnat\/","url_meta":{"origin":1847,"position":1},"title":"Ha abierto la tienda de la granja Landsberga","author":"Mats Thorburn","date":"1 junio 2018","format":false,"excerpt":"Una granja-tienda abierta todos los d\u00edas y una cafeter\u00eda en un entorno hist\u00f3rico. La tienda de la granja Landsberga ofrece ambas cosas. En el antiguo establo del siglo XIX de la granja Landsberga, encontrar\u00e1s un aut\u00e9ntico centro de la cultura gastron\u00f3mica de Uppland. Abierta a partir del 2 de junio de 2018 los d\u00edas laborables de 11 a 18 y los fines de semana de 11 a 16. \u00a0","rel":"","context":"En \u00abG\u00e5rdsbutiker\u00bb","block_context":{"text":"G\u00e5rdsbutiker","link":"https:\/\/www.fjardhundraland.se\/es\/gardsbutiker\/"},"img":{"alt_text":"","src":"https:\/\/i0.wp.com\/www.fjardhundraland.se\/wp-content\/uploads\/2018\/06\/landsberga-gacc8ardsbutik-invigning-010618-39.jpg?resize=350%2C200&ssl=1","width":350,"height":200,"srcset":"https:\/\/i0.wp.com\/www.fjardhundraland.se\/wp-content\/uploads\/2018\/06\/landsberga-gacc8ardsbutik-invigning-010618-39.jpg?resize=350%2C200&ssl=1 1x, https:\/\/i0.wp.com\/www.fjardhundraland.se\/wp-content\/uploads\/2018\/06\/landsberga-gacc8ardsbutik-invigning-010618-39.jpg?resize=525%2C300&ssl=1 1.5x, https:\/\/i0.wp.com\/www.fjardhundraland.se\/wp-content\/uploads\/2018\/06\/landsberga-gacc8ardsbutik-invigning-010618-39.jpg?resize=700%2C400&ssl=1 2x, https:\/\/i0.wp.com\/www.fjardhundraland.se\/wp-content\/uploads\/2018\/06\/landsberga-gacc8ardsbutik-invigning-010618-39.jpg?resize=1050%2C600&ssl=1 3x, https:\/\/i0.wp.com\/www.fjardhundraland.se\/wp-content\/uploads\/2018\/06\/landsberga-gacc8ardsbutik-invigning-010618-39.jpg?resize=1400%2C800&ssl=1 4x"},"classes":[]},{"id":5416,"url":"https:\/\/www.fjardhundraland.se\/es\/mat-manniskor\/2018\/mat-manniskor-mathantverk-och-matupplevelser-pa-sondag\/","url_meta":{"origin":1847,"position":2},"title":"Comida y gente: artesan\u00eda alimentaria y experiencias gastron\u00f3micas","author":"Mats Thorburn","date":"18 septiembre 2018","format":false,"excerpt":"Food &amp; People es la gira gastron\u00f3mica de Fj\u00e4rdhundraland, en la que reunimos a nuestros artesanos de la alimentaci\u00f3n para pasar un d\u00eda de comida. Se va de un lugar a otro, se degusta, se compra y se tiene la oportunidad de ver c\u00f3mo se producen los alimentos. El domingo 23 de septiembre de 11 a 17 es la hora. M\u00e1s informaci\u00f3n en matomanniskor.se.","rel":"","context":"En \u00abMat &amp; m\u00e4nniskor\u00bb","block_context":{"text":"Mat &amp; m\u00e4nniskor","link":"https:\/\/www.fjardhundraland.se\/es\/mat-manniskor\/"},"img":{"alt_text":"Mat och ma\u0308nniskor bild med tomater och \u00e4gg i \u00e4ggkartong","src":"https:\/\/i0.wp.com\/www.fjardhundraland.se\/wp-content\/uploads\/2018\/08\/mat-och-macc88nniskor-header-2.jpg?resize=350%2C200&ssl=1","width":350,"height":200,"srcset":"https:\/\/i0.wp.com\/www.fjardhundraland.se\/wp-content\/uploads\/2018\/08\/mat-och-macc88nniskor-header-2.jpg?resize=350%2C200&ssl=1 1x, https:\/\/i0.wp.com\/www.fjardhundraland.se\/wp-content\/uploads\/2018\/08\/mat-och-macc88nniskor-header-2.jpg?resize=525%2C300&ssl=1 1.5x, https:\/\/i0.wp.com\/www.fjardhundraland.se\/wp-content\/uploads\/2018\/08\/mat-och-macc88nniskor-header-2.jpg?resize=700%2C400&ssl=1 2x, https:\/\/i0.wp.com\/www.fjardhundraland.se\/wp-content\/uploads\/2018\/08\/mat-och-macc88nniskor-header-2.jpg?resize=1050%2C600&ssl=1 3x, https:\/\/i0.wp.com\/www.fjardhundraland.se\/wp-content\/uploads\/2018\/08\/mat-och-macc88nniskor-header-2.jpg?resize=1400%2C800&ssl=1 4x"},"classes":[]},{"id":80,"url":"https:\/\/www.fjardhundraland.se\/es\/externt\/2011\/forsmak-pa-fjardhundraland-2\/","url_meta":{"origin":1847,"position":3},"title":"Viaje a Fj\u00e4rdhundraland","author":"Ylva Fontell","date":"3 mayo 2011","format":false,"excerpt":"Siga antiguos senderos vikingos en autob\u00fas hasta el Fj\u00e4rdhundraland y experimente con todos sus sentidos un viaje por la magn\u00edfica naturaleza.  Entre en antiguos recintos culturales, escuche hermosos cantos y marav\u00edllese con las pinturas de la iglesia de Pictor. Disfrute de caf\u00e9 y pasteles caseros en el hermoso H\u00e4rledsg\u00e5rden, que data del siglo XVIII. La excursi\u00f3n en autob\u00fas sale del plan Gustav Adolfs...","rel":"","context":"En \u00ab\u00c4ldre inl\u00e4gg\u00bb","block_context":{"text":"\u00c4ldre inl\u00e4gg","link":"https:\/\/www.fjardhundraland.se\/es\/aldre-inlagg\/"},"img":{"alt_text":"","src":"","width":0,"height":0},"classes":[]},{"id":3604,"url":"https:\/\/www.fjardhundraland.se\/es\/inlagg\/2016\/vad-tyckte-du-om-mat-manniskor\/","url_meta":{"origin":1847,"position":4},"title":"\u00bfQu\u00e9 le ha parecido Food &amp; People?","author":"Mats Thorburn","date":"25 septiembre 2016","format":false,"excerpt":"\u00bfHas tenido un buen d\u00eda en Fj\u00e4rdhundraland? Dinos lo que piensas aqu\u00ed. Tres ganadores recibir\u00e1n alimentos producidos localmente. Ya es demasiado tarde para participar en el concurso, pero a\u00fan puedes decirnos qu\u00e9 te parece. Los ganadores ya han recibido sus premios. \u00a1Enhorabuena a los ganadores!","rel":"","context":"En \u00ab\u00c4ldre inl\u00e4gg\u00bb","block_context":{"text":"\u00c4ldre inl\u00e4gg","link":"https:\/\/www.fjardhundraland.se\/es\/aldre-inlagg\/"},"img":{"alt_text":"","src":"https:\/\/i0.wp.com\/www.fjardhundraland.se\/wp-content\/uploads\/2016\/09\/mmfb.jpg?resize=350%2C200&ssl=1","width":350,"height":200,"srcset":"https:\/\/i0.wp.com\/www.fjardhundraland.se\/wp-content\/uploads\/2016\/09\/mmfb.jpg?resize=350%2C200&ssl=1 1x, https:\/\/i0.wp.com\/www.fjardhundraland.se\/wp-content\/uploads\/2016\/09\/mmfb.jpg?resize=525%2C300&ssl=1 1.5x, https:\/\/i0.wp.com\/www.fjardhundraland.se\/wp-content\/uploads\/2016\/09\/mmfb.jpg?resize=700%2C400&ssl=1 2x, https:\/\/i0.wp.com\/www.fjardhundraland.se\/wp-content\/uploads\/2016\/09\/mmfb.jpg?resize=1050%2C600&ssl=1 3x"},"classes":[]},{"id":3470,"url":"https:\/\/www.fjardhundraland.se\/es\/utflykt\/2016\/rebusrundan-salaheby-2016\/","url_meta":{"origin":1847,"position":5},"title":"Rotonda Rebus Sala\/Heby","author":"Mats Thorburn","date":"1 agosto 2016","format":false,"excerpt":"Det h\u00e4r \u00e4r v\u00e5rt f\u00f6rslag p\u00e5 en runda fr\u00e5n Sala eller Heby d\u00e4r du bes\u00f6ker femton\u00a0sp\u00e4nnande platser\u00a0av de 40 som \u00e4r med i 2016 \u00e5rs Rebusrunda i Fj\u00e4rdhundraland. Ladda ner kartan h\u00e4r\u00a0[pdf]. Rundan slingrar sig fram p\u00e5 sm\u00e5v\u00e4gar, genom sl\u00e4ttlandskap blandat med skog samt vackra dalg\u00e5ngar. Detta ger dig m\u00e5nga\u2026","rel":"","context":"En \u00abUtflykt\u00bb","block_context":{"text":"Utflykt","link":"https:\/\/www.fjardhundraland.se\/es\/utflykt\/"},"img":{"alt_text":"Karta Rebusrundan Sala Heby","src":"https:\/\/i0.wp.com\/www.fjardhundraland.se\/wp-content\/uploads\/2016\/08\/rebusrundan_salaheby_webb-1024x724.jpg?resize=350%2C200&ssl=1","width":350,"height":200,"srcset":"https:\/\/i0.wp.com\/www.fjardhundraland.se\/wp-content\/uploads\/2016\/08\/rebusrundan_salaheby_webb-1024x724.jpg?resize=350%2C200&ssl=1 1x, https:\/\/i0.wp.com\/www.fjardhundraland.se\/wp-content\/uploads\/2016\/08\/rebusrundan_salaheby_webb-1024x724.jpg?resize=525%2C300&ssl=1 1.5x, https:\/\/i0.wp.com\/www.fjardhundraland.se\/wp-content\/uploads\/2016\/08\/rebusrundan_salaheby_webb-1024x724.jpg?resize=700%2C400&ssl=1 2x"},"classes":[]}],"jetpack_sharing_enabled":true,"_links":{"self":[{"href":"https:\/\/www.fjardhundraland.se\/es\/wp-json\/wp\/v2\/posts\/1847","targetHints":{"allow":["GET"]}}],"collection":[{"href":"https:\/\/www.fjardhundraland.se\/es\/wp-json\/wp\/v2\/posts"}],"about":[{"href":"https:\/\/www.fjardhundraland.se\/es\/wp-json\/wp\/v2\/types\/post"}],"author":[{"embeddable":true,"href":"https:\/\/www.fjardhundraland.se\/es\/wp-json\/wp\/v2\/users\/1"}],"replies":[{"embeddable":true,"href":"https:\/\/www.fjardhundraland.se\/es\/wp-json\/wp\/v2\/comments?post=1847"}],"version-history":[{"count":1,"href":"https:\/\/www.fjardhundraland.se\/es\/wp-json\/wp\/v2\/posts\/1847\/revisions"}],"predecessor-version":[{"id":19682,"href":"https:\/\/www.fjardhundraland.se\/es\/wp-json\/wp\/v2\/posts\/1847\/revisions\/19682"}],"wp:attachment":[{"href":"https:\/\/www.fjardhundraland.se\/es\/wp-json\/wp\/v2\/media?parent=1847"}],"wp:term":[{"taxonomy":"category","embeddable":true,"href":"https:\/\/www.fjardhundraland.se\/es\/wp-json\/wp\/v2\/categories?post=1847"},{"taxonomy":"post_tag","embeddable":true,"href":"https:\/\/www.fjardhundraland.se\/es\/wp-json\/wp\/v2\/tags?post=1847"}],"curies":[{"name":"wp","href":"https:\/\/api.w.org\/{rel}","templated":true}]}}