
{"id":1444,"date":"2013-09-30T22:29:23","date_gmt":"2013-09-30T20:29:23","guid":{"rendered":"http:\/\/www.fjardhundraland.se\/?p=1444"},"modified":"2026-02-05T13:41:10","modified_gmt":"2026-02-05T12:41:10","slug":"fjardhundraland-hostglod","status":"publish","type":"post","link":"https:\/\/www.fjardhundraland.se\/es\/externt\/2013\/fjardhundralands-hostglod\/","title":{"rendered":"Fj\u00e4rdhundralands resplandor oto\u00f1al"},"content":{"rendered":"<p>El domingo 13 de octubre te invitamos a una colorida cabalgata oto\u00f1al en la Galer\u00eda Lundellska de Simtuna. Podr\u00e1s comprar productos locales, recibir consejos de salud y un masaje en el invernadero, asistir a una exposici\u00f3n de setas con la asesora Eva Allestedt o recibir consejos sobre las mejores variedades de manzana. <!--more-->Habr\u00e1 m\u00fasica y la experta en jardiner\u00eda Lena M\u00e5nsson hablar\u00e1 sobre bulbos. D\u00e9 un paseo en un tractor antiguo o pruebe a montar un gran y seguro caballo del norte de Suecia. La Galer\u00eda Lundellska y el hermoso jard\u00edn estar\u00e1n repletos de vendedores y actividades: \u00a1ven y vive el oto\u00f1o en el campo!<\/p>\n<p>Por supuesto, puedes comer y tomar un tentempi\u00e9.<br \/>\nAbierto 10-16<\/p>\n<p>\u00a1Bienvenido al programa!<\/p>\n<p><strong>Programa desde el escenario:<\/strong><\/p>\n<p>10.00 h El coro femenino inaugura Autumn Glow en el Fj\u00e4rdhundraland<strong><br \/>\n<\/strong>11 h El coro de la iglesia canta canciones de jard\u00edn<br \/>\n13:00 La experta en jardiner\u00eda Lena M\u00e5nsson habla de bulbos y compone un bonito parterre primaveral<\/p>\n<p><strong>Degustaci\u00f3n de cer\u00e1mica<\/strong> 11.00-14.30<br \/>\n<strong>Pruebe la acuarela<\/strong> a las 14.30-15<\/p>\n<p>&nbsp;<\/p>\n<h2><strong>Empresas y organizaciones participantes:<\/strong><\/h2>\n<p>BW Massage Spa: tratamientos de salud y mucho m\u00e1s<\/p>\n<p><a title=\"Velas y artesan\u00eda Dunderbo\" href=\"https:\/\/www.dunderbohantverk.se\/\" target=\"_blank\" rel=\"noopener\">Velas y artesan\u00eda Dunderbo<\/a>: ventas e informaciones sobre Krigsstigen en Dunderbo<\/p>\n<p><a title=\"El desv\u00e1n de las setas\" href=\"https:\/\/www.allestedt.se\/eva\/\" target=\"_blank\" rel=\"noopener\">Eva Allestedt<\/a><\/p>\n<p><a title=\"Abuela Elsa\" href=\"https:\/\/farmorelsa.se\/\" target=\"_blank\" rel=\"noopener\">Panader\u00eda de la granja de la abuela Elsa <\/a>(vendido por Lagerl\u00f6fska magasinet)<\/p>\n<p><a title=\"Granja ecol\u00f3gica de Fr\u00f6slunda\" href=\"https:\/\/froslunda.webs.com\/\" target=\"_blank\" rel=\"noopener\">Granja ecol\u00f3gica de Fr\u00f6slunda<\/a>: ventas y salchichas a la parrilla<\/p>\n<p><a title=\"Guarder\u00eda H\u00e4rnevi\" href=\"https:\/\/www.harneviplantskola.se\/\" target=\"_blank\" rel=\"noopener\">Guarder\u00eda H\u00e4rnevi<\/a>: venta y asesoramiento sobre manzanos y otros \u00e1rboles frutales<\/p>\n<p><a title=\"Potencia Fj\u00e4rdhundra\" href=\"https:\/\/www.hastkraftfjardhundra.se\/\" target=\"_blank\" rel=\"noopener\">Potencia Fj\u00e4rdhundra<\/a>a caballo en el norte de Suecia<\/p>\n<p><a title=\"Granja Kromsta\" href=\"https:\/\/www.kromstalantbruk.se\/\" target=\"_blank\" rel=\"noopener\">Granja Kromsta: <\/a>reserve su caja de carne<\/p>\n<p><a title=\"Panader\u00eda Crow&#039;s Will\" href=\"https:\/\/krakvilan.com\/\" target=\"_blank\" rel=\"noopener\">Panader\u00eda Crow's Will <\/a>(vendido por Lagerl\u00f6fska magasinet)<\/p>\n<p><a title=\"Revista Lagerl\u00f6fska\" href=\"https:\/\/lagerlofska.se\/\" target=\"_blank\" rel=\"noopener\">Revista Lagerl\u00f6fska<\/a>mermeladas y otros dulces<\/p>\n<p><a title=\"Lena M\u00e5nsson\" href=\"https:\/\/www.floramedia.se\/\" target=\"_blank\" rel=\"noopener\">Lena M\u00e5nsson<\/a><\/p>\n<p>Lisa Lansfors: venta de miel<\/p>\n<p>Lotta H\u00e4rnered: varios de la naturaleza<\/p>\n<p><a title=\"Galer\u00eda Lundellska\" href=\"https:\/\/www.lundellskagalleriet.se\/\" target=\"_blank\" rel=\"noopener\">Galer\u00eda Lundellska<\/a>Caf\u00e9 y sopa, exposici\u00f3n, degustaci\u00f3n de acuarelas y cer\u00e1mica<\/p>\n<p><a title=\"Jard\u00edn de M\u00e4lby\" href=\"https:\/\/malbytradgard.se\/\" target=\"_blank\" rel=\"noopener\">Jard\u00edn de M\u00e4lby<\/a>miel (vendida por Lagerl\u00f6fska magasinet)<\/p>\n<p><a title=\"El servicio diario de los mont\u00edculos de serpientes\" href=\"https:\/\/stallnestor.se\/aloe-vera\/\" target=\"_blank\" rel=\"noopener\">El servicio diario de los mont\u00edculos de serpientes<\/a>: vende productos de aloe vera<\/p>\n<p><a title=\"T\u00e9 ecol\u00f3gico Pekoe\" href=\"https:\/\/www.pekoe.se\/\" target=\"_blank\" rel=\"noopener\">T\u00e9 org\u00e1nico Pekoe: <\/a>venta y degustaci\u00f3n de t\u00e9<\/p>\n<p><a title=\"F\u00e1brica de tejidos Siggesta\" href=\"https:\/\/siggestavavstuga.se\/\" target=\"_blank\" rel=\"noopener\">F\u00e1brica de tejidos Siggesta<\/a>Exposici\u00f3n y venta de artesan\u00eda<\/p>\n<p><a title=\"Queso Skogsbacken\" href=\"https:\/\/www.skogsbackensost.se\/\" target=\"_blank\" rel=\"noopener\">Queso Skogsbacken<\/a> (vendido por Lagerl\u00f6fska magasinet)<\/p>\n<p><a title=\"S\u00f6rg\u00e5rden verde\" href=\"https:\/\/www.facebook.com\/sorgardengront\" target=\"_blank\" rel=\"noopener\">S\u00f6rg\u00e5rden verde<\/a>: venta de tomates<\/p>\n<p><a title=\"Mil y un libros\" href=\"https:\/\/www.gghus.se\/\" target=\"_blank\" rel=\"noopener\">Mil y un libros<\/a>: mercadillo de libros<\/p>\n<p><a title=\"Granja lechera de Vallgarn\" href=\"https:\/\/www.vallgarn.eu\/\" target=\"_blank\" rel=\"noopener\">Granja lechera de Vallgarn<\/a> (vendido por Lagerl\u00f6fska magasinet)<\/p>","protected":false},"excerpt":{"rendered":"<p>El domingo 13 de octubre te invitamos a una colorida cabalgata oto\u00f1al en la Galer\u00eda Lundellska de Simtuna. Podr\u00e1s comprar productos locales, recibir consejos de salud y un masaje en el invernadero, asistir a una exposici\u00f3n de setas con la asesora Eva Allestedt o recibir consejos sobre las mejores variedades de manzana.<\/p>","protected":false},"author":4,"featured_media":0,"comment_status":"open","ping_status":"open","sticky":false,"template":"","format":"standard","meta":{"_acf_changed":false,"_relevanssi_hide_post":"","_relevanssi_hide_content":"","_relevanssi_pin_for_all":"","_relevanssi_pin_keywords":"","_relevanssi_unpin_keywords":"","_relevanssi_related_keywords":"","_relevanssi_related_include_ids":"","_relevanssi_related_exclude_ids":"","_relevanssi_related_no_append":"","_relevanssi_related_not_related":"","_relevanssi_related_posts":"","_relevanssi_noindex_reason":"Rank Math Uteslut fr\u00e5n Relevanssi index","_genesis_hide_title":false,"_genesis_hide_breadcrumbs":false,"_genesis_hide_singular_image":false,"_genesis_hide_footer_widgets":false,"_genesis_custom_body_class":"","_genesis_custom_post_class":"","_genesis_layout":"","_jetpack_memberships_contains_paid_content":false,"footnotes":""},"categories":[353,18],"tags":[352],"class_list":{"0":"post-1444","1":"post","2":"type-post","3":"status-publish","4":"format-standard","6":"category-aldre-inlagg","7":"category-externt","8":"tag-aldre-inlagg","9":"entry"},"acf":[],"visa":null,"geo_latitude":null,"geo_longitude":null,"jetpack_featured_media_url":"","featured_image_src":null,"featured_image_src_square":null,"author_info":{"display_name":"Ylva Fontell","author_link":"https:\/\/www.fjardhundraland.se\/es\/author\/ylva\/"},"jetpack-related-posts":[{"id":419,"url":"https:\/\/www.fjardhundraland.se\/es\/externt\/2011\/konst-och-tradgardskonst-i-karleby\/","url_meta":{"origin":1444,"position":0},"title":"Arte y jardiner\u00eda en Kokkola","author":"Mats Thorburn","date":"8 julio 2011","format":false,"excerpt":"Excursi\u00f3n en un fin de semana de verano. \u00bfAd\u00f3nde ir? - En la Galer\u00eda Lundellska puedes combinar el caf\u00e9 con el arte y, de paso, inspirarte para tu jard\u00edn. La Galer\u00eda Lundellska est\u00e1 dirigida por la artista Gunnilla Lundell y se encuentra en Kokkola, justo al norte de Fj\u00e4rdhundra por la carretera 70 entre Enk\u00f6ping y Sala. Aproveche la oportunidad para...","rel":"","context":"En \u00ab\u00c4ldre inl\u00e4gg\u00bb","block_context":{"text":"\u00c4ldre inl\u00e4gg","link":"https:\/\/www.fjardhundraland.se\/es\/aldre-inlagg\/"},"img":{"alt_text":"","src":"https:\/\/i0.wp.com\/www.fjardhundraland.se\/wp-content\/uploads\/2011\/07\/lundellska1.jpg?resize=350%2C200&ssl=1","width":350,"height":200,"srcset":"https:\/\/i0.wp.com\/www.fjardhundraland.se\/wp-content\/uploads\/2011\/07\/lundellska1.jpg?resize=350%2C200&ssl=1 1x, https:\/\/i0.wp.com\/www.fjardhundraland.se\/wp-content\/uploads\/2011\/07\/lundellska1.jpg?resize=525%2C300&ssl=1 1.5x"},"classes":[]},{"id":858,"url":"https:\/\/www.fjardhundraland.se\/es\/gardsbutiker\/2023\/pask-i-fjardhundraland\/","url_meta":{"origin":1444,"position":1},"title":"Semana Santa en Fj\u00e4rdhundraland","author":"Mats Thorburn","date":"2 abril 2023","format":false,"excerpt":"Semana Santa significa salir. En todo el Fj\u00e4rdhundraland, las granjas, cafeter\u00edas y viveros empiezan a llenarse para la temporada de verano. D\u00e9 un paseo entre golosinas y vistas. Caf\u00e9 de Forsby Mill. D\u00eda de Pascua entre las 12 y las 16: Visita a la nueva cafeter\u00eda del molino de Forsby. El carpintero TB Lindblom muestra el edificio. Pozo dorado. D\u00edas de Pascua del viernes al lunes.","rel":"","context":"En \u00ab\u00c4ldre inl\u00e4gg\u00bb","block_context":{"text":"\u00c4ldre inl\u00e4gg","link":"https:\/\/www.fjardhundraland.se\/es\/aldre-inlagg\/"},"img":{"alt_text":"","src":"https:\/\/i0.wp.com\/www.fjardhundraland.se\/wp-content\/uploads\/2021\/04\/pask-i-fjardhundraland-tupp-och-hona.jpg?resize=350%2C200&ssl=1","width":350,"height":200,"srcset":"https:\/\/i0.wp.com\/www.fjardhundraland.se\/wp-content\/uploads\/2021\/04\/pask-i-fjardhundraland-tupp-och-hona.jpg?resize=350%2C200&ssl=1 1x, https:\/\/i0.wp.com\/www.fjardhundraland.se\/wp-content\/uploads\/2021\/04\/pask-i-fjardhundraland-tupp-och-hona.jpg?resize=525%2C300&ssl=1 1.5x, https:\/\/i0.wp.com\/www.fjardhundraland.se\/wp-content\/uploads\/2021\/04\/pask-i-fjardhundraland-tupp-och-hona.jpg?resize=700%2C400&ssl=1 2x, https:\/\/i0.wp.com\/www.fjardhundraland.se\/wp-content\/uploads\/2021\/04\/pask-i-fjardhundraland-tupp-och-hona.jpg?resize=1050%2C600&ssl=1 3x, https:\/\/i0.wp.com\/www.fjardhundraland.se\/wp-content\/uploads\/2021\/04\/pask-i-fjardhundraland-tupp-och-hona.jpg?resize=1400%2C800&ssl=1 4x"},"classes":[]},{"id":2196,"url":"https:\/\/www.fjardhundraland.se\/es\/gardsbutiker\/2014\/paskens-utflykter\/","url_meta":{"origin":1444,"position":2},"title":"Excursiones de Semana Santa","author":"Ylva Fontell","date":"9 abril 2014","format":false,"excerpt":"Es agradable tener unos d\u00edas libres, \u00a1luego toca una excursi\u00f3n al campo! En Fj\u00e4rdhundraland encontrar\u00e1s muchas cosas que hacer: comprar huevos y productos locales, contemplar obras de arte o comer y tomar un buen caf\u00e9. Tambi\u00e9n hay tiempo para visitar el centro de informaci\u00f3n tur\u00edstica de Fj\u00e4rdhundraland o el concesionario de coches m\u00e1s nost\u00e1lgico. Y mucho m\u00e1s... Bienvenido...","rel":"","context":"En \u00ab\u00c4ldre inl\u00e4gg\u00bb","block_context":{"text":"\u00c4ldre inl\u00e4gg","link":"https:\/\/www.fjardhundraland.se\/es\/aldre-inlagg\/"},"img":{"alt_text":"","src":"https:\/\/i0.wp.com\/www.fjardhundraland.se\/wp-content\/uploads\/2014\/04\/pasktupp-1.jpg?resize=350%2C200&ssl=1","width":350,"height":200,"srcset":"https:\/\/i0.wp.com\/www.fjardhundraland.se\/wp-content\/uploads\/2014\/04\/pasktupp-1.jpg?resize=350%2C200&ssl=1 1x, https:\/\/i0.wp.com\/www.fjardhundraland.se\/wp-content\/uploads\/2014\/04\/pasktupp-1.jpg?resize=525%2C300&ssl=1 1.5x, https:\/\/i0.wp.com\/www.fjardhundraland.se\/wp-content\/uploads\/2014\/04\/pasktupp-1.jpg?resize=700%2C400&ssl=1 2x, https:\/\/i0.wp.com\/www.fjardhundraland.se\/wp-content\/uploads\/2014\/04\/pasktupp-1.jpg?resize=1050%2C600&ssl=1 3x, https:\/\/i0.wp.com\/www.fjardhundraland.se\/wp-content\/uploads\/2014\/04\/pasktupp-1.jpg?resize=1400%2C800&ssl=1 4x"},"classes":[]},{"id":1485,"url":"https:\/\/www.fjardhundraland.se\/es\/externt\/2013\/adventstider-hos-lundellska-galleriet\/","url_meta":{"origin":1444,"position":3},"title":"Adviento en la Galer\u00eda Lundellska","author":"Ylva Fontell","date":"22 noviembre 2013","format":false,"excerpt":"La Galer\u00eda Lundellska de Kokkola abre el primer y el segundo fin de semana de Adviento e invita a hacer compras navide\u00f1as en un ambiente tranquilo y armonioso. Encontrar\u00e1s obras de arte y cer\u00e1mica de Gunilla Lundell, y los artesanos alimentarios locales ofrecen mermelada, queso, pan, mostaza y confitura. \u00a1Bienvenido a la tienda! Abierto los s\u00e1bados y domingos de 12 a 17 (30\/11-1\/12 y 7-8\/12) La galer\u00eda Lundelska...","rel":"","context":"En \u00ab\u00c4ldre inl\u00e4gg\u00bb","block_context":{"text":"\u00c4ldre inl\u00e4gg","link":"https:\/\/www.fjardhundraland.se\/es\/aldre-inlagg\/"},"img":{"alt_text":"ljusstake Gunilla Lundell","src":"https:\/\/i0.wp.com\/www.fjardhundraland.se\/wp-content\/uploads\/2013\/11\/hand_ljusstake-300x225.jpg?resize=350%2C200&ssl=1","width":350,"height":200},"classes":[]},{"id":3619,"url":"https:\/\/www.fjardhundraland.se\/es\/musik\/2016\/sprakande-hostglod-8-9-oktober\/","url_meta":{"origin":1444,"position":4},"title":"Brillante resplandor oto\u00f1al 8 y 9 de octubre","author":"Mats Thorburn","date":"29 septiembre 2016","format":false,"excerpt":"Helgen 8\u20139 oktober sprakar Fj\u00e4rdhundra av H\u00f6stgl\u00f6d. Tv\u00e5 dagar fyllda av samtal, m\u00e4nskliga ber\u00e4ttelser och m\u00e5ngfald f\u00f6r alla \u00e5ldrar! Gratis aktiviteter. Insamling till All V\u00e4rldens Barn! H\u00e4r finns programmet att skriva ut [pdf]. Mel\u2019s Drive in l\u00f6rdag och s\u00f6ndag kl 11\u00a0till 16 Marknad - Hantverkare och Mathantverkare fr\u00e5n Fj\u00e4rdhundraland och\u2026","rel":"","context":"En \u00ab\u00c4ldre inl\u00e4gg\u00bb","block_context":{"text":"\u00c4ldre inl\u00e4gg","link":"https:\/\/www.fjardhundraland.se\/es\/aldre-inlagg\/"},"img":{"alt_text":"","src":"https:\/\/i0.wp.com\/www.fjardhundraland.se\/wp-content\/uploads\/2015\/10\/hostglod-banner1.jpg?resize=350%2C200&ssl=1","width":350,"height":200,"srcset":"https:\/\/i0.wp.com\/www.fjardhundraland.se\/wp-content\/uploads\/2015\/10\/hostglod-banner1.jpg?resize=350%2C200&ssl=1 1x, https:\/\/i0.wp.com\/www.fjardhundraland.se\/wp-content\/uploads\/2015\/10\/hostglod-banner1.jpg?resize=525%2C300&ssl=1 1.5x, https:\/\/i0.wp.com\/www.fjardhundraland.se\/wp-content\/uploads\/2015\/10\/hostglod-banner1.jpg?resize=700%2C400&ssl=1 2x, https:\/\/i0.wp.com\/www.fjardhundraland.se\/wp-content\/uploads\/2015\/10\/hostglod-banner1.jpg?resize=1050%2C600&ssl=1 3x, https:\/\/i0.wp.com\/www.fjardhundraland.se\/wp-content\/uploads\/2015\/10\/hostglod-banner1.jpg?resize=1400%2C800&ssl=1 4x"},"classes":[]},{"id":2950,"url":"https:\/\/www.fjardhundraland.se\/es\/inlagg\/2015\/sekelskiftesmarknad-pa-hostglod-i-fjardhundraland\/","url_meta":{"origin":1444,"position":5},"title":"Mercado Sekelskiftes en H\u00f6stgl\u00f6d en Fj\u00e4rdhundraland","author":"Mats Thorburn","date":"28 septiembre 2015","format":false,"excerpt":"Los d\u00edas 10 y 11 de octubre, Fj\u00e4rdhundraland le invita a un mercado a la antigua usanza en el pueblo de Altuna. Conocer\u00e1 a miembros de Fj\u00e4rdhundraland y a varios expositores invitados, escuchar\u00e1 m\u00fasica y mucho m\u00e1s. M\u00e1s informaci\u00f3n aqu\u00ed.","rel":"","context":"En \u00ab\u00c4ldre inl\u00e4gg\u00bb","block_context":{"text":"\u00c4ldre inl\u00e4gg","link":"https:\/\/www.fjardhundraland.se\/es\/aldre-inlagg\/"},"img":{"alt_text":"","src":"","width":0,"height":0},"classes":[]}],"jetpack_sharing_enabled":true,"_links":{"self":[{"href":"https:\/\/www.fjardhundraland.se\/es\/wp-json\/wp\/v2\/posts\/1444","targetHints":{"allow":["GET"]}}],"collection":[{"href":"https:\/\/www.fjardhundraland.se\/es\/wp-json\/wp\/v2\/posts"}],"about":[{"href":"https:\/\/www.fjardhundraland.se\/es\/wp-json\/wp\/v2\/types\/post"}],"author":[{"embeddable":true,"href":"https:\/\/www.fjardhundraland.se\/es\/wp-json\/wp\/v2\/users\/4"}],"replies":[{"embeddable":true,"href":"https:\/\/www.fjardhundraland.se\/es\/wp-json\/wp\/v2\/comments?post=1444"}],"version-history":[{"count":1,"href":"https:\/\/www.fjardhundraland.se\/es\/wp-json\/wp\/v2\/posts\/1444\/revisions"}],"predecessor-version":[{"id":19688,"href":"https:\/\/www.fjardhundraland.se\/es\/wp-json\/wp\/v2\/posts\/1444\/revisions\/19688"}],"wp:attachment":[{"href":"https:\/\/www.fjardhundraland.se\/es\/wp-json\/wp\/v2\/media?parent=1444"}],"wp:term":[{"taxonomy":"category","embeddable":true,"href":"https:\/\/www.fjardhundraland.se\/es\/wp-json\/wp\/v2\/categories?post=1444"},{"taxonomy":"post_tag","embeddable":true,"href":"https:\/\/www.fjardhundraland.se\/es\/wp-json\/wp\/v2\/tags?post=1444"}],"curies":[{"name":"wp","href":"https:\/\/api.w.org\/{rel}","templated":true}]}}