
{"id":1345,"date":"2013-06-07T18:07:45","date_gmt":"2013-06-07T16:07:45","guid":{"rendered":"http:\/\/www.fjardhundraland.se\/?p=1345"},"modified":"2026-02-05T13:41:10","modified_gmt":"2026-02-05T12:41:10","slug":"balancearse-a","status":"publish","type":"post","link":"https:\/\/www.fjardhundraland.se\/es\/turistinformation\/2013\/svang-a\/","title":{"rendered":"Gire hacia el centro de informaci\u00f3n tur\u00edstica."},"content":{"rendered":"<p><img decoding=\"async\" class=\"alignnone size-full wp-image-1346\" alt=\"C\u00c1MARA DIGITAL OLYMPUS\" src=\"https:\/\/www.fjardhundraland.se\/wp-content\/uploads\/2013\/06\/turistskylt.jpg\" width=\"2288\" height=\"1712\" title=\"\"><\/p>\n<p>\u00bfQuieres saber m\u00e1s y recibir consejos personalizados sobre Fj\u00e4rdhundraland? Visite la p\u00e1gina <a title=\"Casas de hu\u00e9spedes\" href=\"https:\/\/www.gghus.se\/\" target=\"_blank\" rel=\"noopener\">Fj\u00e4rdhundralands informaci\u00f3n tur\u00edstica<\/a>, en G\u00e4stre, justo al sur de Fj\u00e4rdhundra por la carretera 70 Enk\u00f6ping-Sala.<\/p>\n<p>A partir de hoy, 7 de junio, abre los viernes y s\u00e1bados de 12.00 a 16.00 horas (hasta el 7 de septiembre, con algunas excepciones - v\u00e9ase <a title=\"Casas de hu\u00e9spedes\" href=\"https:\/\/www.gghus.se\/info.htm\" target=\"_blank\" rel=\"noopener\">el sitio web<\/a>).<\/p>\n<p>Bienvenido a la informaci\u00f3n tur\u00edstica personalizada<\/p>","protected":false},"excerpt":{"rendered":"<p>\u00bfQuiere saber m\u00e1s y obtener consejos personalizados sobre Fj\u00e4rdhundraland? Visite el Centro de Informaci\u00f3n Tur\u00edstica Fj\u00e4rdhundraland, en G\u00e4stre, justo al sur de Fj\u00e4rdhundra por la carretera 70 Enk\u00f6ping-Sala. A partir de hoy, 7 de junio, abre los viernes y s\u00e1bados de 12 a 16 (hasta el 7 de septiembre, con algunas excepciones - consulte el sitio web). \u00a1Bienvenido a un poco de informaci\u00f3n tur\u00edstica personalizada!<\/p>","protected":false},"author":1,"featured_media":0,"comment_status":"open","ping_status":"open","sticky":false,"template":"","format":"standard","meta":{"_acf_changed":false,"_relevanssi_hide_post":"","_relevanssi_hide_content":"","_relevanssi_pin_for_all":"","_relevanssi_pin_keywords":"","_relevanssi_unpin_keywords":"","_relevanssi_related_keywords":"","_relevanssi_related_include_ids":"","_relevanssi_related_exclude_ids":"","_relevanssi_related_no_append":"","_relevanssi_related_not_related":"","_relevanssi_related_posts":"","_relevanssi_noindex_reason":"Rank Math Uteslut fr\u00e5n Relevanssi index","_genesis_hide_title":false,"_genesis_hide_breadcrumbs":false,"_genesis_hide_singular_image":false,"_genesis_hide_footer_widgets":false,"_genesis_custom_body_class":"","_genesis_custom_post_class":"","_genesis_layout":"","_jetpack_memberships_contains_paid_content":false,"footnotes":""},"categories":[353,89],"tags":[352],"class_list":{"0":"post-1345","1":"post","2":"type-post","3":"status-publish","4":"format-standard","6":"category-aldre-inlagg","7":"category-turistinformation","8":"tag-aldre-inlagg","9":"entry"},"acf":[],"visa":null,"geo_latitude":null,"geo_longitude":null,"jetpack_featured_media_url":"","featured_image_src":null,"featured_image_src_square":null,"author_info":{"display_name":"Mats Thorburn","author_link":"https:\/\/www.fjardhundraland.se\/es\/author\/matst\/"},"jetpack-related-posts":[{"id":2196,"url":"https:\/\/www.fjardhundraland.se\/es\/gardsbutiker\/2014\/paskens-utflykter\/","url_meta":{"origin":1345,"position":0},"title":"Excursiones de Semana Santa","author":"Ylva Fontell","date":"9 abril 2014","format":false,"excerpt":"Es agradable tener unos d\u00edas libres, \u00a1luego toca una excursi\u00f3n al campo! En Fj\u00e4rdhundraland encontrar\u00e1s muchas cosas que hacer: comprar huevos y productos locales, contemplar obras de arte o comer y tomar un buen caf\u00e9. Tambi\u00e9n hay tiempo para visitar el centro de informaci\u00f3n tur\u00edstica de Fj\u00e4rdhundraland o el concesionario de coches m\u00e1s nost\u00e1lgico. Y mucho m\u00e1s... Bienvenido...","rel":"","context":"En \u00ab\u00c4ldre inl\u00e4gg\u00bb","block_context":{"text":"\u00c4ldre inl\u00e4gg","link":"https:\/\/www.fjardhundraland.se\/es\/aldre-inlagg\/"},"img":{"alt_text":"","src":"https:\/\/i0.wp.com\/www.fjardhundraland.se\/wp-content\/uploads\/2014\/04\/pasktupp-1.jpg?resize=350%2C200&ssl=1","width":350,"height":200,"srcset":"https:\/\/i0.wp.com\/www.fjardhundraland.se\/wp-content\/uploads\/2014\/04\/pasktupp-1.jpg?resize=350%2C200&ssl=1 1x, https:\/\/i0.wp.com\/www.fjardhundraland.se\/wp-content\/uploads\/2014\/04\/pasktupp-1.jpg?resize=525%2C300&ssl=1 1.5x, https:\/\/i0.wp.com\/www.fjardhundraland.se\/wp-content\/uploads\/2014\/04\/pasktupp-1.jpg?resize=700%2C400&ssl=1 2x, https:\/\/i0.wp.com\/www.fjardhundraland.se\/wp-content\/uploads\/2014\/04\/pasktupp-1.jpg?resize=1050%2C600&ssl=1 3x, https:\/\/i0.wp.com\/www.fjardhundraland.se\/wp-content\/uploads\/2014\/04\/pasktupp-1.jpg?resize=1400%2C800&ssl=1 4x"},"classes":[]},{"id":2863,"url":"https:\/\/www.fjardhundraland.se\/es\/mat\/2015\/smaka-pa-enkoping-och-fjardhundraland\/","url_meta":{"origin":1345,"position":1},"title":"Degustaci\u00f3n de Enk\u00f6ping y Fj\u00e4rdhundraland","author":"Mats Thorburn","date":"25 agosto 2015","format":false,"excerpt":"El s\u00e1bado 5 de septiembre, D\u00eda de la Huerta, le invitamos a degustar lo mejor de Fj\u00e4rdhundraland en Taste Enk\u00f6ping. En esta ocasi\u00f3n, muchos de los mejores alimentos ecol\u00f3gicos y de producci\u00f3n local se dan cita en una feria y mercado a lo largo del paseo fluvial de Enk\u00f6ping. Fj\u00e4rdhundraland participa con algunos de nuestros muchos productores de alimentos de alta calidad, y con informaci\u00f3n tur\u00edstica. Adem\u00e1s...","rel":"","context":"En \u00ab\u00c4ldre inl\u00e4gg\u00bb","block_context":{"text":"\u00c4ldre inl\u00e4gg","link":"https:\/\/www.fjardhundraland.se\/es\/aldre-inlagg\/"},"img":{"alt_text":"Skogsbacken","src":"https:\/\/i0.wp.com\/www.fjardhundraland.se\/wp-content\/uploads\/2014\/03\/skogsbacken-1.jpg?resize=350%2C200&ssl=1","width":350,"height":200,"srcset":"https:\/\/i0.wp.com\/www.fjardhundraland.se\/wp-content\/uploads\/2014\/03\/skogsbacken-1.jpg?resize=350%2C200&ssl=1 1x, https:\/\/i0.wp.com\/www.fjardhundraland.se\/wp-content\/uploads\/2014\/03\/skogsbacken-1.jpg?resize=525%2C300&ssl=1 1.5x, https:\/\/i0.wp.com\/www.fjardhundraland.se\/wp-content\/uploads\/2014\/03\/skogsbacken-1.jpg?resize=700%2C400&ssl=1 2x, https:\/\/i0.wp.com\/www.fjardhundraland.se\/wp-content\/uploads\/2014\/03\/skogsbacken-1.jpg?resize=1050%2C600&ssl=1 3x, https:\/\/i0.wp.com\/www.fjardhundraland.se\/wp-content\/uploads\/2014\/03\/skogsbacken-1.jpg?resize=1400%2C800&ssl=1 4x"},"classes":[]},{"id":2485,"url":"https:\/\/www.fjardhundraland.se\/es\/rebusrunda\/2014\/vinster-pa-rebusrundan\/","url_meta":{"origin":1345,"position":2},"title":"Ganancias en la ronda Rebus","author":"Mats Thorburn","date":"7 agosto 2014","format":false,"excerpt":"Puedes ganarla si has enviado cinco respuestas correctas a la ronda Rebus en Fj\u00e4rdhundraland. Visita guiada en Krigsstigen, m\u00e1x. 6 personas (Krigsstigen) 2 entradas para el Trivselkv\u00e4ll de la asociaci\u00f3n con comida a la antigua usanza 17 de agosto a las 18 (Altuna Hembygdsf\u00f6rening) Tarjeta regalo en pan (panader\u00eda de la granja de la abuela Elsa) Fika para dos personas por valor de...","rel":"","context":"En \u00ab\u00c4ldre inl\u00e4gg\u00bb","block_context":{"text":"\u00c4ldre inl\u00e4gg","link":"https:\/\/www.fjardhundraland.se\/es\/aldre-inlagg\/"},"img":{"alt_text":"","src":"","width":0,"height":0},"classes":[]},{"id":1042,"url":"https:\/\/www.fjardhundraland.se\/es\/gardsbutiker\/2012\/rebusrunda-i-fjardhundraland\/","url_meta":{"origin":1345,"position":3},"title":"Ronda Rebus en Fj\u00e4rdhundraland","author":"Mats Thorburn","date":"17 julio 2012","format":false,"excerpt":"Durante dos domingos de agosto, el 5\/8 y el 12\/8, de 10.00 a 17.00 horas, le invitamos a conocer el Fj\u00e4rdhundraland con la ayuda de una sencilla y divertida b\u00fasqueda del tesoro. Participan nada menos que veintis\u00e9is comercios y atracciones que merece la pena visitar. Estos d\u00edas ofrecen un peque\u00f1o extra, con generosos horarios de apertura y ofertas especiales. En cada lugar que...","rel":"","context":"En \u00ab\u00c4ldre inl\u00e4gg\u00bb","block_context":{"text":"\u00c4ldre inl\u00e4gg","link":"https:\/\/www.fjardhundraland.se\/es\/aldre-inlagg\/"},"img":{"alt_text":"","src":"https:\/\/i0.wp.com\/www.fjardhundraland.se\/wp-content\/uploads\/2012\/07\/Rebusrunda1-300x498.jpg?resize=350%2C200&ssl=1","width":350,"height":200},"classes":[]},{"id":7972,"url":"https:\/\/www.fjardhundraland.se\/es\/upplevelser\/2021\/magasinet-fjardhundraland\/","url_meta":{"origin":1345,"position":4},"title":"Revista Fj\u00e4rdhundralands y mapa 2021","author":"Mats Thorburn","date":"3 abril 2021","format":false,"excerpt":"\u00bfTe interesa el caf\u00e9, la comida, la cultura, la historia, las granjas, el dise\u00f1o y lo vintage, la naturaleza, la jardiner\u00eda y la agricultura? Hemos creado una revista y un mapa para ti. Hemos hecho esta revista para los que se sientan en un caf\u00e9 o un restaurante y se toman un respiro, para los que descansan...","rel":"","context":"En \u00ab\u00c4ldre inl\u00e4gg\u00bb","block_context":{"text":"\u00c4ldre inl\u00e4gg","link":"https:\/\/www.fjardhundraland.se\/es\/aldre-inlagg\/"},"img":{"alt_text":"Omslag Fja\u0308rdhundraland magasin","src":"https:\/\/i0.wp.com\/www.fjardhundraland.se\/wp-content\/uploads\/2021\/05\/omslag-fjardhundraland-magasin.jpg?resize=350%2C200&ssl=1","width":350,"height":200,"srcset":"https:\/\/i0.wp.com\/www.fjardhundraland.se\/wp-content\/uploads\/2021\/05\/omslag-fjardhundraland-magasin.jpg?resize=350%2C200&ssl=1 1x, https:\/\/i0.wp.com\/www.fjardhundraland.se\/wp-content\/uploads\/2021\/05\/omslag-fjardhundraland-magasin.jpg?resize=525%2C300&ssl=1 1.5x, https:\/\/i0.wp.com\/www.fjardhundraland.se\/wp-content\/uploads\/2021\/05\/omslag-fjardhundraland-magasin.jpg?resize=700%2C400&ssl=1 2x, https:\/\/i0.wp.com\/www.fjardhundraland.se\/wp-content\/uploads\/2021\/05\/omslag-fjardhundraland-magasin.jpg?resize=1050%2C600&ssl=1 3x, https:\/\/i0.wp.com\/www.fjardhundraland.se\/wp-content\/uploads\/2021\/05\/omslag-fjardhundraland-magasin.jpg?resize=1400%2C800&ssl=1 4x"},"classes":[]},{"id":2495,"url":"https:\/\/www.fjardhundraland.se\/es\/rebusrunda\/2014\/vinnarna-rebusrundan-2014\/","url_meta":{"origin":1345,"position":5},"title":"Ganadores de la ronda Rebus 2014","author":"Mats Thorburn","date":"29 agosto 2014","format":false,"excerpt":"\u00a1Aqu\u00ed est\u00e1n los ganadores de la Ronda Rebus de este a\u00f1o! La empresa con la que has ganado se pondr\u00e1 en contacto contigo (tambi\u00e9n puedes hacerlo t\u00fa mismo) Ulrika Skarp - Rotbrunna H\u00e4st och kursg\u00e5rd Lilian Ekh - Lundellska galleriet Ann-Mari Lundin - Dunderbo ljus och hantverk Joakim Dahlgren - H\u00e4stkraft Fj\u00e4rdhundra...","rel":"","context":"En \u00ab\u00c4ldre inl\u00e4gg\u00bb","block_context":{"text":"\u00c4ldre inl\u00e4gg","link":"https:\/\/www.fjardhundraland.se\/es\/aldre-inlagg\/"},"img":{"alt_text":"","src":"","width":0,"height":0},"classes":[]}],"jetpack_sharing_enabled":true,"_links":{"self":[{"href":"https:\/\/www.fjardhundraland.se\/es\/wp-json\/wp\/v2\/posts\/1345","targetHints":{"allow":["GET"]}}],"collection":[{"href":"https:\/\/www.fjardhundraland.se\/es\/wp-json\/wp\/v2\/posts"}],"about":[{"href":"https:\/\/www.fjardhundraland.se\/es\/wp-json\/wp\/v2\/types\/post"}],"author":[{"embeddable":true,"href":"https:\/\/www.fjardhundraland.se\/es\/wp-json\/wp\/v2\/users\/1"}],"replies":[{"embeddable":true,"href":"https:\/\/www.fjardhundraland.se\/es\/wp-json\/wp\/v2\/comments?post=1345"}],"version-history":[{"count":1,"href":"https:\/\/www.fjardhundraland.se\/es\/wp-json\/wp\/v2\/posts\/1345\/revisions"}],"predecessor-version":[{"id":19693,"href":"https:\/\/www.fjardhundraland.se\/es\/wp-json\/wp\/v2\/posts\/1345\/revisions\/19693"}],"wp:attachment":[{"href":"https:\/\/www.fjardhundraland.se\/es\/wp-json\/wp\/v2\/media?parent=1345"}],"wp:term":[{"taxonomy":"category","embeddable":true,"href":"https:\/\/www.fjardhundraland.se\/es\/wp-json\/wp\/v2\/categories?post=1345"},{"taxonomy":"post_tag","embeddable":true,"href":"https:\/\/www.fjardhundraland.se\/es\/wp-json\/wp\/v2\/tags?post=1345"}],"curies":[{"name":"wp","href":"https:\/\/api.w.org\/{rel}","templated":true}]}}