
{"id":1257,"date":"2013-03-17T16:43:42","date_gmt":"2013-03-17T15:43:42","guid":{"rendered":"http:\/\/www.fjardhundraland.se\/?p=1257"},"modified":"2026-02-05T13:41:11","modified_gmt":"2026-02-05T12:41:11","slug":"la-mercancia-prevista-en-dunderbo","status":"publish","type":"post","link":"https:\/\/www.fjardhundraland.se\/es\/gardsbutiker\/2013\/varen-planerad-i-dunderbo\/","title":{"rendered":"Primavera prevista en Dunderbo"},"content":{"rendered":"<p>El calendario de primavera ya est\u00e1 actualizado en\u00a0<a title=\"Dunderbo Luz y Artesan\u00eda\" href=\"https:\/\/www.dunderbohantverk.com\/\" target=\"_blank\" rel=\"noopener\">Dunderbo Luz y Artesan\u00eda<\/a>. Eche un vistazo y planifique una visita.<\/p>","protected":false},"excerpt":{"rendered":"<p>El calendario de primavera ya est\u00e1 actualizado en Dunderbo Ljus &amp; Hantverk. Eche un vistazo y planifique una visita.<\/p>","protected":false},"author":1,"featured_media":0,"comment_status":"open","ping_status":"open","sticky":false,"template":"","format":"standard","meta":{"_acf_changed":false,"_relevanssi_hide_post":"","_relevanssi_hide_content":"","_relevanssi_pin_for_all":"","_relevanssi_pin_keywords":"","_relevanssi_unpin_keywords":"","_relevanssi_related_keywords":"","_relevanssi_related_include_ids":"","_relevanssi_related_exclude_ids":"","_relevanssi_related_no_append":"","_relevanssi_related_not_related":"","_relevanssi_related_posts":"","_relevanssi_noindex_reason":"Rank Math Uteslut fr\u00e5n Relevanssi index","_genesis_hide_title":false,"_genesis_hide_breadcrumbs":false,"_genesis_hide_singular_image":false,"_genesis_hide_footer_widgets":false,"_genesis_custom_body_class":"","_genesis_custom_post_class":"","_genesis_layout":"","_jetpack_memberships_contains_paid_content":false,"footnotes":""},"categories":[353,18,9,15],"tags":[352],"class_list":{"0":"post-1257","1":"post","2":"type-post","3":"status-publish","4":"format-standard","6":"category-aldre-inlagg","7":"category-externt","8":"category-gardsbutiker","9":"category-hantverk","10":"tag-aldre-inlagg","11":"entry"},"acf":[],"visa":null,"geo_latitude":null,"geo_longitude":null,"jetpack_featured_media_url":"","featured_image_src":null,"featured_image_src_square":null,"author_info":{"display_name":"Mats Thorburn","author_link":"https:\/\/www.fjardhundraland.se\/es\/author\/matst\/"},"jetpack-related-posts":[{"id":590,"url":"https:\/\/www.fjardhundraland.se\/es\/hantverk\/2011\/ljus-hantverk-lordagskafe-i-dunderbo\/","url_meta":{"origin":1257,"position":0},"title":"Velas, artesan\u00eda y caf\u00e9 los s\u00e1bados en Dunderbo","author":"Mats Thorburn","date":"13 agosto 2011","format":false,"excerpt":"En Dunderbo Candles &amp; Crafts se pueden comprar velas hechas a mano y artesan\u00eda local, y los s\u00e1bados hay cafeter\u00eda.","rel":"","context":"En \u00ab\u00c4ldre inl\u00e4gg\u00bb","block_context":{"text":"\u00c4ldre inl\u00e4gg","link":"https:\/\/www.fjardhundraland.se\/es\/aldre-inlagg\/"},"img":{"alt_text":"Dunderbo ljus och hantverk","src":"https:\/\/dunderbohantverk.files.wordpress.com\/2010\/10\/boden1.jpg?w=350&h=200&crop=1","width":350,"height":200},"classes":[]},{"id":933,"url":"https:\/\/www.fjardhundraland.se\/es\/hantverk\/2012\/varmarknad-i-dunderbo\/","url_meta":{"origin":1257,"position":1},"title":"Mercado de primavera en Dunderbo","author":"Ylva Fontell","date":"12 mayo 2012","format":false,"excerpt":"El fin de semana del 19 y 20 de mayo, Dunderbo Ljus &amp; Hantverk celebra un mercado de primavera. Habr\u00e1 artesan\u00eda local en forma de, por ejemplo, cuchillos, joyas y alfombras de trapo. Tambi\u00e9n habr\u00e1 comida local a la venta: mermeladas, chutney, pan, miel y mucho m\u00e1s. En relaci\u00f3n con el mercado, tambi\u00e9n habr\u00e1 visitas guiadas por el Sendero de la Guerra. M\u00e1s informaci\u00f3n...","rel":"","context":"En \u00ab\u00c4ldre inl\u00e4gg\u00bb","block_context":{"text":"\u00c4ldre inl\u00e4gg","link":"https:\/\/www.fjardhundraland.se\/es\/aldre-inlagg\/"},"img":{"alt_text":"","src":"","width":0,"height":0},"classes":[]},{"id":2320,"url":"https:\/\/www.fjardhundraland.se\/es\/hantverk\/2014\/varmarknad-historia\/","url_meta":{"origin":1257,"position":2},"title":"Mercado de primavera con historia","author":"Mats Thorburn","date":"22 mayo 2014","format":false,"excerpt":"I helgen bjuder Dunderbo ljus & hantverk in till V\u00e5rmarknad. F\u00f6rutom f\u00f6rs\u00e4ljning av hantverk, och br\u00f6d och annat \u00e4tbart finns ett kaf\u00e9 d\u00e4r allt \u00e4r gott och hembakt. Dessutom kan du g\u00e5 den sp\u00e4nnande historiska vandringen Krigsstigen. Se programmet h\u00e4r.\u00a0[pdf].","rel":"","context":"En \u00ab\u00c4ldre inl\u00e4gg\u00bb","block_context":{"text":"\u00c4ldre inl\u00e4gg","link":"https:\/\/www.fjardhundraland.se\/es\/aldre-inlagg\/"},"img":{"alt_text":"","src":"https:\/\/i0.wp.com\/www.fjardhundraland.se\/wp-content\/uploads\/2014\/05\/DunderboHantverk-Banner-vitsippor.jpg?resize=350%2C200&ssl=1","width":350,"height":200,"srcset":"https:\/\/i0.wp.com\/www.fjardhundraland.se\/wp-content\/uploads\/2014\/05\/DunderboHantverk-Banner-vitsippor.jpg?resize=350%2C200&ssl=1 1x, https:\/\/i0.wp.com\/www.fjardhundraland.se\/wp-content\/uploads\/2014\/05\/DunderboHantverk-Banner-vitsippor.jpg?resize=525%2C300&ssl=1 1.5x, https:\/\/i0.wp.com\/www.fjardhundraland.se\/wp-content\/uploads\/2014\/05\/DunderboHantverk-Banner-vitsippor.jpg?resize=700%2C400&ssl=1 2x"},"classes":[]},{"id":683,"url":"https:\/\/www.fjardhundraland.se\/es\/hantverk\/2011\/skordemarknad-och-soldattorp\/","url_meta":{"origin":1257,"position":3},"title":"Mercado de la cosecha y aldea de soldados","author":"Mats Thorburn","date":"1 septiembre 2011","format":false,"excerpt":"En Dunderbo, Fj\u00e4rdhundra, los s\u00e1bados y domingos puede acudir al mercado de la cosecha, con un caf\u00e9 y un recorrido por la \"ruta de la guerra\" alrededor del pueblo de los soldados de Dunderbo.","rel":"","context":"En \u00ab\u00c4ldre inl\u00e4gg\u00bb","block_context":{"text":"\u00c4ldre inl\u00e4gg","link":"https:\/\/www.fjardhundraland.se\/es\/aldre-inlagg\/"},"img":{"alt_text":"Sk\u00f6rdemarknad i Dunderbo","src":"https:\/\/i0.wp.com\/www.fjardhundraland.se\/wp-content\/uploads\/2011\/09\/IMG_1215-630x472.jpg?resize=350%2C200&ssl=1","width":350,"height":200,"srcset":"https:\/\/i0.wp.com\/www.fjardhundraland.se\/wp-content\/uploads\/2011\/09\/IMG_1215-630x472.jpg?resize=350%2C200&ssl=1 1x, https:\/\/i0.wp.com\/www.fjardhundraland.se\/wp-content\/uploads\/2011\/09\/IMG_1215-630x472.jpg?resize=525%2C300&ssl=1 1.5x"},"classes":[]},{"id":1204,"url":"https:\/\/www.fjardhundraland.se\/es\/externt\/2012\/oppet-hus-i-dunderbo\/","url_meta":{"origin":1257,"position":4},"title":"Jornada de puertas abiertas en Dunderbo","author":"Ylva Fontell","date":"2 noviembre 2012","format":false,"excerpt":"Dunderbo Ljus &amp; Hantverk celebra una jornada de puertas abiertas del 2 al 4 de noviembre. Se venden velas caseras, alfombras de trapo y muchas otras artesan\u00edas del pueblo. El horario de apertura es de 10 a 18.","rel":"","context":"En \u00ab\u00c4ldre inl\u00e4gg\u00bb","block_context":{"text":"\u00c4ldre inl\u00e4gg","link":"https:\/\/www.fjardhundraland.se\/es\/aldre-inlagg\/"},"img":{"alt_text":"","src":"","width":0,"height":0},"classes":[]},{"id":1297,"url":"https:\/\/www.fjardhundraland.se\/es\/gardsbutiker\/2013\/varmarknad-i-dunderbo-2\/","url_meta":{"origin":1257,"position":5},"title":"Mercado de primavera en Dunderbo","author":"Ylva Fontell","date":"28 mayo 2013","format":false,"excerpt":"Este fin de semana, 1 y 2 de junio, llega la hora del mercado de primavera en Dunderbo ljus &amp; hantverk. El mercado se ha convertido en una apreciada tradici\u00f3n con una rica selecci\u00f3n de artesan\u00eda, flores de verano y delicias comestibles. A las 11 y a las 13 horas hay visitas guiadas por Krigsstigen. Por supuesto, \u00a1habr\u00e1 caf\u00e9 con reposter\u00eda casera! M\u00e1s...","rel":"","context":"En \u00ab\u00c4ldre inl\u00e4gg\u00bb","block_context":{"text":"\u00c4ldre inl\u00e4gg","link":"https:\/\/www.fjardhundraland.se\/es\/aldre-inlagg\/"},"img":{"alt_text":"Mattor-Annika-Jodensvi","src":"https:\/\/i0.wp.com\/www.fjardhundraland.se\/wp-content\/uploads\/2013\/05\/Mattor-Annika-Jodensvi-300x200.jpg?resize=350%2C200&ssl=1","width":350,"height":200},"classes":[]}],"jetpack_sharing_enabled":true,"_links":{"self":[{"href":"https:\/\/www.fjardhundraland.se\/es\/wp-json\/wp\/v2\/posts\/1257","targetHints":{"allow":["GET"]}}],"collection":[{"href":"https:\/\/www.fjardhundraland.se\/es\/wp-json\/wp\/v2\/posts"}],"about":[{"href":"https:\/\/www.fjardhundraland.se\/es\/wp-json\/wp\/v2\/types\/post"}],"author":[{"embeddable":true,"href":"https:\/\/www.fjardhundraland.se\/es\/wp-json\/wp\/v2\/users\/1"}],"replies":[{"embeddable":true,"href":"https:\/\/www.fjardhundraland.se\/es\/wp-json\/wp\/v2\/comments?post=1257"}],"version-history":[{"count":1,"href":"https:\/\/www.fjardhundraland.se\/es\/wp-json\/wp\/v2\/posts\/1257\/revisions"}],"predecessor-version":[{"id":19698,"href":"https:\/\/www.fjardhundraland.se\/es\/wp-json\/wp\/v2\/posts\/1257\/revisions\/19698"}],"wp:attachment":[{"href":"https:\/\/www.fjardhundraland.se\/es\/wp-json\/wp\/v2\/media?parent=1257"}],"wp:term":[{"taxonomy":"category","embeddable":true,"href":"https:\/\/www.fjardhundraland.se\/es\/wp-json\/wp\/v2\/categories?post=1257"},{"taxonomy":"post_tag","embeddable":true,"href":"https:\/\/www.fjardhundraland.se\/es\/wp-json\/wp\/v2\/tags?post=1257"}],"curies":[{"name":"wp","href":"https:\/\/api.w.org\/{rel}","templated":true}]}}