
{"id":1252,"date":"2013-01-31T09:07:44","date_gmt":"2013-01-31T08:07:44","guid":{"rendered":"http:\/\/www.fjardhundraland.se\/?p=1252"},"modified":"2026-02-05T13:41:11","modified_gmt":"2026-02-05T12:41:11","slug":"recepcion-de-mercancias-en-hammarby","status":"publish","type":"post","link":"https:\/\/www.fjardhundraland.se\/es\/hantverk\/2013\/varoppning-i-hammarby\/","title":{"rendered":"Invierno abierto en Hammarby"},"content":{"rendered":"<p>Inauguraci\u00f3n el domingo 3 de febrero <a title=\"Panader\u00eda, tienda y cafeter\u00eda Kr\u00e5kvilan\" href=\"https:\/\/krakvilan.com\" target=\"_blank\" rel=\"noopener\">Tienda, panader\u00eda y cafeter\u00eda Kr\u00e5kvilan<\/a> para la temporada. Abierto de 11.00 a 16.00.<\/p>","protected":false},"excerpt":{"rendered":"<p>El domingo 3 de febrero, Kr\u00e5kvilan abre su tienda, panader\u00eda y cafeter\u00eda para la temporada. Abierto de 11.00 a 16.00.<\/p>","protected":false},"author":1,"featured_media":0,"comment_status":"open","ping_status":"open","sticky":false,"template":"","format":"standard","meta":{"_acf_changed":false,"_relevanssi_hide_post":"","_relevanssi_hide_content":"","_relevanssi_pin_for_all":"","_relevanssi_pin_keywords":"","_relevanssi_unpin_keywords":"","_relevanssi_related_keywords":"","_relevanssi_related_include_ids":"","_relevanssi_related_exclude_ids":"","_relevanssi_related_no_append":"","_relevanssi_related_not_related":"","_relevanssi_related_posts":"","_relevanssi_noindex_reason":"Rank Math Uteslut fr\u00e5n Relevanssi index","_genesis_hide_title":false,"_genesis_hide_breadcrumbs":false,"_genesis_hide_singular_image":false,"_genesis_hide_footer_widgets":false,"_genesis_custom_body_class":"","_genesis_custom_post_class":"","_genesis_layout":"","_jetpack_memberships_contains_paid_content":false,"footnotes":""},"categories":[353,15,22],"tags":[352],"class_list":{"0":"post-1252","1":"post","2":"type-post","3":"status-publish","4":"format-standard","6":"category-aldre-inlagg","7":"category-hantverk","8":"category-mat","9":"tag-aldre-inlagg","10":"entry"},"acf":[],"visa":null,"geo_latitude":null,"geo_longitude":null,"jetpack_featured_media_url":"","featured_image_src":null,"featured_image_src_square":null,"author_info":{"display_name":"Mats Thorburn","author_link":"https:\/\/www.fjardhundraland.se\/es\/author\/matst\/"},"jetpack-related-posts":[{"id":2838,"url":"https:\/\/www.fjardhundraland.se\/es\/inlagg\/2015\/losningar-rebusrundan-2015\/","url_meta":{"origin":1252,"position":0},"title":"Soluciones Rebus Ronda 2015","author":"Mats Thorburn","date":"18 agosto 2015","format":false,"excerpt":"\u00bfDif\u00edcil? \u00bfTe lo sigues preguntando? Aqu\u00ed tienes todas las soluciones de la Ronda Rebus 2015.","rel":"","context":"En \u00ab\u00c4ldre inl\u00e4gg\u00bb","block_context":{"text":"\u00c4ldre inl\u00e4gg","link":"https:\/\/www.fjardhundraland.se\/es\/aldre-inlagg\/"},"img":{"alt_text":"","src":"","width":0,"height":0},"classes":[]},{"id":3604,"url":"https:\/\/www.fjardhundraland.se\/es\/inlagg\/2016\/vad-tyckte-du-om-mat-manniskor\/","url_meta":{"origin":1252,"position":1},"title":"\u00bfQu\u00e9 le ha parecido Food &amp; People?","author":"Mats Thorburn","date":"25 septiembre 2016","format":false,"excerpt":"\u00bfHas tenido un buen d\u00eda en Fj\u00e4rdhundraland? Dinos lo que piensas aqu\u00ed. Tres ganadores recibir\u00e1n alimentos producidos localmente. Ya es demasiado tarde para participar en el concurso, pero a\u00fan puedes decirnos qu\u00e9 te parece. Los ganadores ya han recibido sus premios. \u00a1Enhorabuena a los ganadores!","rel":"","context":"En \u00ab\u00c4ldre inl\u00e4gg\u00bb","block_context":{"text":"\u00c4ldre inl\u00e4gg","link":"https:\/\/www.fjardhundraland.se\/es\/aldre-inlagg\/"},"img":{"alt_text":"","src":"https:\/\/i0.wp.com\/www.fjardhundraland.se\/wp-content\/uploads\/2016\/09\/mmfb.jpg?resize=350%2C200&ssl=1","width":350,"height":200,"srcset":"https:\/\/i0.wp.com\/www.fjardhundraland.se\/wp-content\/uploads\/2016\/09\/mmfb.jpg?resize=350%2C200&ssl=1 1x, https:\/\/i0.wp.com\/www.fjardhundraland.se\/wp-content\/uploads\/2016\/09\/mmfb.jpg?resize=525%2C300&ssl=1 1.5x, https:\/\/i0.wp.com\/www.fjardhundraland.se\/wp-content\/uploads\/2016\/09\/mmfb.jpg?resize=700%2C400&ssl=1 2x, https:\/\/i0.wp.com\/www.fjardhundraland.se\/wp-content\/uploads\/2016\/09\/mmfb.jpg?resize=1050%2C600&ssl=1 3x"},"classes":[]},{"id":2950,"url":"https:\/\/www.fjardhundraland.se\/es\/inlagg\/2015\/sekelskiftesmarknad-pa-hostglod-i-fjardhundraland\/","url_meta":{"origin":1252,"position":2},"title":"Mercado Sekelskiftes en H\u00f6stgl\u00f6d en Fj\u00e4rdhundraland","author":"Mats Thorburn","date":"28 septiembre 2015","format":false,"excerpt":"Los d\u00edas 10 y 11 de octubre, Fj\u00e4rdhundraland le invita a un mercado a la antigua usanza en el pueblo de Altuna. Conocer\u00e1 a miembros de Fj\u00e4rdhundraland y a varios expositores invitados, escuchar\u00e1 m\u00fasica y mucho m\u00e1s. M\u00e1s informaci\u00f3n aqu\u00ed.","rel":"","context":"En \u00ab\u00c4ldre inl\u00e4gg\u00bb","block_context":{"text":"\u00c4ldre inl\u00e4gg","link":"https:\/\/www.fjardhundraland.se\/es\/aldre-inlagg\/"},"img":{"alt_text":"","src":"","width":0,"height":0},"classes":[]},{"id":1844,"url":"https:\/\/www.fjardhundraland.se\/es\/inlagg\/2014\/teater-i-frosthult\/","url_meta":{"origin":1252,"position":3},"title":"Teatro en Fr\u00f6sthult","author":"Mats Thorburn","date":"25 febrero 2014","format":false,"excerpt":"El viernes 14 de marzo a las 19:00, Panikteatern llega a la sala de fiestas de Fr\u00f6sthult y representa \u00c4lskade Elvis Una representaci\u00f3n teatral sobre los sue\u00f1os y la cruda realidad, sobre las esperanzas, sobre la reconciliaci\u00f3n, sobre lo que quer\u00edamos y sobre c\u00f3mo result\u00f3 todo. Un poco de coraz\u00f3n y un poco de dolor, una dosis de comedia y una pizca de tragedia, y todo el tinglado...","rel":"","context":"En \u00ab\u00c4ldre inl\u00e4gg\u00bb","block_context":{"text":"\u00c4ldre inl\u00e4gg","link":"https:\/\/www.fjardhundraland.se\/es\/aldre-inlagg\/"},"img":{"alt_text":"photo36","src":"https:\/\/i0.wp.com\/www.fjardhundraland.se\/wp-content\/uploads\/2014\/03\/photo36-300x200.jpg?resize=350%2C200&ssl=1","width":350,"height":200},"classes":[]},{"id":942,"url":"https:\/\/www.fjardhundraland.se\/es\/inlagg\/2012\/pa-krigsstigen-i-fjardhundraland\/","url_meta":{"origin":1252,"position":4},"title":"En pie de guerra en Fj\u00e4rdhundraland","author":"Mats Thorburn","date":"19 mayo 2012","format":false,"excerpt":"El s\u00e1bado y el domingo, a las 11.00 y a las 13.00 horas, G\u00f6ran Mellstr\u00f6m le guiar\u00e1 por la aldea de los soldados de Dunderbo. (Indicaciones.) Tambi\u00e9n hay un mercado de primavera en Dunderbo, de 10.00 a 16.00 horas; despu\u00e9s, vaya a una de las muchas cosas que ver en Fj\u00e4rdhundraland. Vea las an\u00e9monas blancas en H\u00e5rsb\u00e4cksdalen, el s\u00e1bado quiz\u00e1s combinado con una visita a Lagerl\u00f6fska...","rel":"","context":"En \u00ab\u00c4ldre inl\u00e4gg\u00bb","block_context":{"text":"\u00c4ldre inl\u00e4gg","link":"https:\/\/www.fjardhundraland.se\/es\/aldre-inlagg\/"},"img":{"alt_text":"Krigsstigen soldattorp","src":"https:\/\/i0.wp.com\/www.fjardhundraland.se\/wp-content\/uploads\/2012\/05\/krigsstigen-1024x682.jpg?resize=350%2C200&ssl=1","width":350,"height":200,"srcset":"https:\/\/i0.wp.com\/www.fjardhundraland.se\/wp-content\/uploads\/2012\/05\/krigsstigen-1024x682.jpg?resize=350%2C200&ssl=1 1x, https:\/\/i0.wp.com\/www.fjardhundraland.se\/wp-content\/uploads\/2012\/05\/krigsstigen-1024x682.jpg?resize=525%2C300&ssl=1 1.5x"},"classes":[]},{"id":2655,"url":"https:\/\/www.fjardhundraland.se\/es\/inlagg\/2015\/hotell-fjardhundraland\/","url_meta":{"origin":1252,"position":5},"title":"Hotel Fj\u00e4rdhundraland","author":"Mats Thorburn","date":"27 mayo 2015","format":false,"excerpt":"Es cierto que cada vez somos m\u00e1s los que tenemos un bed and breakfast o una casa de campo para alquilar. Pero no nos dimos cuenta hasta que lo reunimos todo en \u201dAlojamiento en Fj\u00e4rdhundraland\u201d. Hoy hay nada menos que 72 camas en Fj\u00e4rdhundraland, lo que supone un aumento de 3,600% desde que empezamos. Eso es...","rel":"","context":"En \u00ab\u00c4ldre inl\u00e4gg\u00bb","block_context":{"text":"\u00c4ldre inl\u00e4gg","link":"https:\/\/www.fjardhundraland.se\/es\/aldre-inlagg\/"},"img":{"alt_text":"Taj Maha Tower. Foto: Joe Ravi CC-BY-SA","src":"https:\/\/i0.wp.com\/www.fjardhundraland.se\/wp-content\/uploads\/2015\/05\/Taj_Mahal_Tower-200x300.jpg?resize=350%2C200&ssl=1","width":350,"height":200},"classes":[]}],"jetpack_sharing_enabled":true,"_links":{"self":[{"href":"https:\/\/www.fjardhundraland.se\/es\/wp-json\/wp\/v2\/posts\/1252","targetHints":{"allow":["GET"]}}],"collection":[{"href":"https:\/\/www.fjardhundraland.se\/es\/wp-json\/wp\/v2\/posts"}],"about":[{"href":"https:\/\/www.fjardhundraland.se\/es\/wp-json\/wp\/v2\/types\/post"}],"author":[{"embeddable":true,"href":"https:\/\/www.fjardhundraland.se\/es\/wp-json\/wp\/v2\/users\/1"}],"replies":[{"embeddable":true,"href":"https:\/\/www.fjardhundraland.se\/es\/wp-json\/wp\/v2\/comments?post=1252"}],"version-history":[{"count":1,"href":"https:\/\/www.fjardhundraland.se\/es\/wp-json\/wp\/v2\/posts\/1252\/revisions"}],"predecessor-version":[{"id":19699,"href":"https:\/\/www.fjardhundraland.se\/es\/wp-json\/wp\/v2\/posts\/1252\/revisions\/19699"}],"wp:attachment":[{"href":"https:\/\/www.fjardhundraland.se\/es\/wp-json\/wp\/v2\/media?parent=1252"}],"wp:term":[{"taxonomy":"category","embeddable":true,"href":"https:\/\/www.fjardhundraland.se\/es\/wp-json\/wp\/v2\/categories?post=1252"},{"taxonomy":"post_tag","embeddable":true,"href":"https:\/\/www.fjardhundraland.se\/es\/wp-json\/wp\/v2\/tags?post=1252"}],"curies":[{"name":"wp","href":"https:\/\/api.w.org\/{rel}","templated":true}]}}