
{"id":1155,"date":"2012-08-07T15:48:31","date_gmt":"2012-08-07T13:48:31","guid":{"rendered":"http:\/\/www.fjardhundraland.se\/?p=1155"},"modified":"2026-02-05T13:41:12","modified_gmt":"2026-02-05T12:41:12","slug":"victimas-en-la-cantera-de-verano","status":"publish","type":"post","link":"https:\/\/www.fjardhundraland.se\/es\/musik\/2012\/varoffer-i-sommarkvallen\/","title":{"rendered":"Sacrificios de primavera en la noche de verano"},"content":{"rendered":"<p><a href=\"https:\/\/www.fjardhundraland.se\/wp-content\/uploads\/2012\/08\/IMG_7095.jpg\"><img decoding=\"async\" class=\"alignleft size-large wp-image-1156\" title=\"Molino de Forsby. Fotograf\u00eda: Mats Thorburn.\" src=\"https:\/\/www.fjardhundraland.se\/wp-content\/uploads\/2012\/08\/IMG_7095-630x403.jpg\" alt=\"Molino de Forsby. Fotograf\u00eda: Mats Thorburn.\" width=\"630\" height=\"403\" \/><\/a><\/p>\n<p>El s\u00e1bado 11 de agosto llega el segundo concierto del a\u00f1o en <a title=\"Centro de m\u00fasica de Forsby Mill\" href=\"https:\/\/forsbykvarn.se\/konserter-2012\/\" target=\"_blank\" rel=\"noopener\">Escenario musical de Forsby mill<\/a>. A una versi\u00f3n a cuatro manos de la Consagraci\u00f3n de la Primavera de Igor Stravinsky con Kristine Scholz y Mats Persson le sigue el jazz con Monica Dominique y Palle Danielsson.<\/p>","protected":false},"excerpt":{"rendered":"<p>El s\u00e1bado 11 de agosto llega el segundo concierto del a\u00f1o en Forsby kvarn musikscen. Una versi\u00f3n a cuatro manos de la Consagraci\u00f3n de la Primavera de Igor Stravinsky con Kristine Scholz y Mats Persson ir\u00e1 seguida de jazz con Monica Dominique y Palle Danielsson.<\/p>","protected":false},"author":1,"featured_media":0,"comment_status":"open","ping_status":"open","sticky":false,"template":"","format":"standard","meta":{"_acf_changed":false,"_relevanssi_hide_post":"","_relevanssi_hide_content":"","_relevanssi_pin_for_all":"","_relevanssi_pin_keywords":"","_relevanssi_unpin_keywords":"","_relevanssi_related_keywords":"","_relevanssi_related_include_ids":"","_relevanssi_related_exclude_ids":"","_relevanssi_related_no_append":"","_relevanssi_related_not_related":"","_relevanssi_related_posts":"","_relevanssi_noindex_reason":"Rank Math Uteslut fr\u00e5n Relevanssi index","_genesis_hide_title":false,"_genesis_hide_breadcrumbs":false,"_genesis_hide_singular_image":false,"_genesis_hide_footer_widgets":false,"_genesis_custom_body_class":"","_genesis_custom_post_class":"","_genesis_layout":"","_jetpack_memberships_contains_paid_content":false,"footnotes":""},"categories":[353,23],"tags":[352],"class_list":{"0":"post-1155","1":"post","2":"type-post","3":"status-publish","4":"format-standard","6":"category-aldre-inlagg","7":"category-musik","8":"tag-aldre-inlagg","9":"entry"},"acf":[],"visa":null,"geo_latitude":null,"geo_longitude":null,"jetpack_featured_media_url":"","featured_image_src":null,"featured_image_src_square":null,"author_info":{"display_name":"Mats Thorburn","author_link":"https:\/\/www.fjardhundraland.se\/es\/author\/matst\/"},"jetpack-related-posts":[{"id":2838,"url":"https:\/\/www.fjardhundraland.se\/es\/inlagg\/2015\/losningar-rebusrundan-2015\/","url_meta":{"origin":1155,"position":0},"title":"Soluciones Rebus Ronda 2015","author":"Mats Thorburn","date":"18 agosto 2015","format":false,"excerpt":"\u00bfDif\u00edcil? \u00bfTe lo sigues preguntando? Aqu\u00ed tienes todas las soluciones de la Ronda Rebus 2015.","rel":"","context":"En \u00ab\u00c4ldre inl\u00e4gg\u00bb","block_context":{"text":"\u00c4ldre inl\u00e4gg","link":"https:\/\/www.fjardhundraland.se\/es\/aldre-inlagg\/"},"img":{"alt_text":"","src":"","width":0,"height":0},"classes":[]},{"id":2950,"url":"https:\/\/www.fjardhundraland.se\/es\/inlagg\/2015\/sekelskiftesmarknad-pa-hostglod-i-fjardhundraland\/","url_meta":{"origin":1155,"position":1},"title":"Mercado Sekelskiftes en H\u00f6stgl\u00f6d en Fj\u00e4rdhundraland","author":"Mats Thorburn","date":"28 septiembre 2015","format":false,"excerpt":"Los d\u00edas 10 y 11 de octubre, Fj\u00e4rdhundraland le invita a un mercado a la antigua usanza en el pueblo de Altuna. Conocer\u00e1 a miembros de Fj\u00e4rdhundraland y a varios expositores invitados, escuchar\u00e1 m\u00fasica y mucho m\u00e1s. M\u00e1s informaci\u00f3n aqu\u00ed.","rel":"","context":"En \u00ab\u00c4ldre inl\u00e4gg\u00bb","block_context":{"text":"\u00c4ldre inl\u00e4gg","link":"https:\/\/www.fjardhundraland.se\/es\/aldre-inlagg\/"},"img":{"alt_text":"","src":"","width":0,"height":0},"classes":[]},{"id":942,"url":"https:\/\/www.fjardhundraland.se\/es\/inlagg\/2012\/pa-krigsstigen-i-fjardhundraland\/","url_meta":{"origin":1155,"position":2},"title":"En pie de guerra en Fj\u00e4rdhundraland","author":"Mats Thorburn","date":"19 mayo 2012","format":false,"excerpt":"El s\u00e1bado y el domingo, a las 11.00 y a las 13.00 horas, G\u00f6ran Mellstr\u00f6m le guiar\u00e1 por la aldea de los soldados de Dunderbo. (Indicaciones.) Tambi\u00e9n hay un mercado de primavera en Dunderbo, de 10.00 a 16.00 horas; despu\u00e9s, vaya a una de las muchas cosas que ver en Fj\u00e4rdhundraland. Vea las an\u00e9monas blancas en H\u00e5rsb\u00e4cksdalen, el s\u00e1bado quiz\u00e1s combinado con una visita a Lagerl\u00f6fska...","rel":"","context":"En \u00ab\u00c4ldre inl\u00e4gg\u00bb","block_context":{"text":"\u00c4ldre inl\u00e4gg","link":"https:\/\/www.fjardhundraland.se\/es\/aldre-inlagg\/"},"img":{"alt_text":"Krigsstigen soldattorp","src":"https:\/\/i0.wp.com\/www.fjardhundraland.se\/wp-content\/uploads\/2012\/05\/krigsstigen-1024x682.jpg?resize=350%2C200&ssl=1","width":350,"height":200,"srcset":"https:\/\/i0.wp.com\/www.fjardhundraland.se\/wp-content\/uploads\/2012\/05\/krigsstigen-1024x682.jpg?resize=350%2C200&ssl=1 1x, https:\/\/i0.wp.com\/www.fjardhundraland.se\/wp-content\/uploads\/2012\/05\/krigsstigen-1024x682.jpg?resize=525%2C300&ssl=1 1.5x"},"classes":[]},{"id":1842,"url":"https:\/\/www.fjardhundraland.se\/es\/inlagg\/2014\/pa-glid-med-utsikt\/","url_meta":{"origin":1155,"position":3},"title":"Planear con vistas","author":"Mats Thorburn","date":"27 enero 2014","format":false,"excerpt":"Skattmans\u00f6backen, la hermosa pista de esqu\u00ed de Fj\u00e4rdhundraland, ha abierto sus puertas esta temporada. Se trata de una pista de esqu\u00ed familiar con un ambiente estupendo y un personal alegre y servicial. Dos remontes, alquiler de esqu\u00eds, una cafeter\u00eda y varias zonas de barbacoa la convierten en un destino obvio durante todo el invierno.  Abre los s\u00e1bados y domingos de 10.00 a 16.00 h. y los martes por la tarde de 18.00 a 21.00 h. M\u00e1s informaci\u00f3n en www.skattman.nu P. S....","rel":"","context":"En \u00ab\u00c4ldre inl\u00e4gg\u00bb","block_context":{"text":"\u00c4ldre inl\u00e4gg","link":"https:\/\/www.fjardhundraland.se\/es\/aldre-inlagg\/"},"img":{"alt_text":"Skattmans\u00f6backen","src":"https:\/\/i0.wp.com\/www.fjardhundraland.se\/wp-content\/uploads\/2014\/01\/Skattmans%C3%B6backen.jpg?resize=350%2C200&ssl=1","width":350,"height":200,"srcset":"https:\/\/i0.wp.com\/www.fjardhundraland.se\/wp-content\/uploads\/2014\/01\/Skattmans%C3%B6backen.jpg?resize=350%2C200&ssl=1 1x, https:\/\/i0.wp.com\/www.fjardhundraland.se\/wp-content\/uploads\/2014\/01\/Skattmans%C3%B6backen.jpg?resize=525%2C300&ssl=1 1.5x, https:\/\/i0.wp.com\/www.fjardhundraland.se\/wp-content\/uploads\/2014\/01\/Skattmans%C3%B6backen.jpg?resize=700%2C400&ssl=1 2x, https:\/\/i0.wp.com\/www.fjardhundraland.se\/wp-content\/uploads\/2014\/01\/Skattmans%C3%B6backen.jpg?resize=1050%2C600&ssl=1 3x, https:\/\/i0.wp.com\/www.fjardhundraland.se\/wp-content\/uploads\/2014\/01\/Skattmans%C3%B6backen.jpg?resize=1400%2C800&ssl=1 4x"},"classes":[]},{"id":4866,"url":"https:\/\/www.fjardhundraland.se\/es\/inlagg\/2018\/textila-spar-pa-antikmassan\/","url_meta":{"origin":1155,"position":4},"title":"Rastros textiles en la Feria de Antig\u00fcedades","author":"Ylva Fontell","date":"8 febrero 2018","format":false,"excerpt":"En la Feria de Antig\u00fcedades de \u00c4lvsj\u00f6, del 15 al 18 de febrero, no puede dejar de visitar la exposici\u00f3n Huellas Textiles, que abarca cuatro d\u00e9cadas, de los a\u00f1os 40 a los 70. Las telas de \u00e9poca con bonitos estampados son una parte importante de la exposici\u00f3n, pero los visitantes tambi\u00e9n conocer\u00e1n a personas vestidas con prendas t\u00edpicas de la \u00e9poca. Huellas Textiles ha sido creada por Margareta...","rel":"","context":"En \u00ab\u00c4ldre inl\u00e4gg\u00bb","block_context":{"text":"\u00c4ldre inl\u00e4gg","link":"https:\/\/www.fjardhundraland.se\/es\/aldre-inlagg\/"},"img":{"alt_text":"","src":"https:\/\/i0.wp.com\/www.fjardhundraland.se\/wp-content\/uploads\/2018\/02\/antikmassan-lata-pigan-tyg.jpg?resize=350%2C200&ssl=1","width":350,"height":200,"srcset":"https:\/\/i0.wp.com\/www.fjardhundraland.se\/wp-content\/uploads\/2018\/02\/antikmassan-lata-pigan-tyg.jpg?resize=350%2C200&ssl=1 1x, https:\/\/i0.wp.com\/www.fjardhundraland.se\/wp-content\/uploads\/2018\/02\/antikmassan-lata-pigan-tyg.jpg?resize=525%2C300&ssl=1 1.5x, https:\/\/i0.wp.com\/www.fjardhundraland.se\/wp-content\/uploads\/2018\/02\/antikmassan-lata-pigan-tyg.jpg?resize=700%2C400&ssl=1 2x, https:\/\/i0.wp.com\/www.fjardhundraland.se\/wp-content\/uploads\/2018\/02\/antikmassan-lata-pigan-tyg.jpg?resize=1050%2C600&ssl=1 3x, https:\/\/i0.wp.com\/www.fjardhundraland.se\/wp-content\/uploads\/2018\/02\/antikmassan-lata-pigan-tyg.jpg?resize=1400%2C800&ssl=1 4x"},"classes":[]},{"id":1844,"url":"https:\/\/www.fjardhundraland.se\/es\/inlagg\/2014\/teater-i-frosthult\/","url_meta":{"origin":1155,"position":5},"title":"Teatro en Fr\u00f6sthult","author":"Mats Thorburn","date":"25 febrero 2014","format":false,"excerpt":"El viernes 14 de marzo a las 19:00, Panikteatern llega a la sala de fiestas de Fr\u00f6sthult y representa \u00c4lskade Elvis Una representaci\u00f3n teatral sobre los sue\u00f1os y la cruda realidad, sobre las esperanzas, sobre la reconciliaci\u00f3n, sobre lo que quer\u00edamos y sobre c\u00f3mo result\u00f3 todo. Un poco de coraz\u00f3n y un poco de dolor, una dosis de comedia y una pizca de tragedia, y todo el tinglado...","rel":"","context":"En \u00ab\u00c4ldre inl\u00e4gg\u00bb","block_context":{"text":"\u00c4ldre inl\u00e4gg","link":"https:\/\/www.fjardhundraland.se\/es\/aldre-inlagg\/"},"img":{"alt_text":"photo36","src":"https:\/\/i0.wp.com\/www.fjardhundraland.se\/wp-content\/uploads\/2014\/03\/photo36-300x200.jpg?resize=350%2C200&ssl=1","width":350,"height":200},"classes":[]}],"jetpack_sharing_enabled":true,"_links":{"self":[{"href":"https:\/\/www.fjardhundraland.se\/es\/wp-json\/wp\/v2\/posts\/1155","targetHints":{"allow":["GET"]}}],"collection":[{"href":"https:\/\/www.fjardhundraland.se\/es\/wp-json\/wp\/v2\/posts"}],"about":[{"href":"https:\/\/www.fjardhundraland.se\/es\/wp-json\/wp\/v2\/types\/post"}],"author":[{"embeddable":true,"href":"https:\/\/www.fjardhundraland.se\/es\/wp-json\/wp\/v2\/users\/1"}],"replies":[{"embeddable":true,"href":"https:\/\/www.fjardhundraland.se\/es\/wp-json\/wp\/v2\/comments?post=1155"}],"version-history":[{"count":1,"href":"https:\/\/www.fjardhundraland.se\/es\/wp-json\/wp\/v2\/posts\/1155\/revisions"}],"predecessor-version":[{"id":19710,"href":"https:\/\/www.fjardhundraland.se\/es\/wp-json\/wp\/v2\/posts\/1155\/revisions\/19710"}],"wp:attachment":[{"href":"https:\/\/www.fjardhundraland.se\/es\/wp-json\/wp\/v2\/media?parent=1155"}],"wp:term":[{"taxonomy":"category","embeddable":true,"href":"https:\/\/www.fjardhundraland.se\/es\/wp-json\/wp\/v2\/categories?post=1155"},{"taxonomy":"post_tag","embeddable":true,"href":"https:\/\/www.fjardhundraland.se\/es\/wp-json\/wp\/v2\/tags?post=1155"}],"curies":[{"name":"wp","href":"https:\/\/api.w.org\/{rel}","templated":true}]}}