
{"id":11478,"date":"2022-09-23T21:25:01","date_gmt":"2022-09-23T19:25:01","guid":{"rendered":"https:\/\/www.fjardhundraland.se\/?p=11478"},"modified":"2022-09-23T21:49:47","modified_gmt":"2022-09-23T19:49:47","slug":"linea-electrica-martillo-munga","status":"publish","type":"post","link":"https:\/\/www.fjardhundraland.se\/es\/inlagg\/2022\/kraftledning-munga-hamra\/","title":{"rendered":"Nueva l\u00ednea el\u00e9ctrica Munga-Hamra"},"content":{"rendered":"<p class=\"wp-block-paragraph\"><a href=\"https:\/\/www.svk.se\/utveckling-av-kraftsystemet\/transmissionsnatet\/transmissionsnatsprojekt\/munga-hamra\/\" target=\"_blank\" rel=\"noopener\">Svenska kraftn\u00e4t planea construir una gran l\u00ednea el\u00e9ctrica<\/a> a trav\u00e9s de las zonas centrales de Fj\u00e4rdhundraland, lo que corre el riesgo de perjudicar tanto a la muy animada industria tur\u00edstica como a los principales valores culturales. <\/p>\n\n\n\n<p class=\"wp-block-paragraph\">La Asociaci\u00f3n Econ\u00f3mica Fj\u00e4rdhundraland ha presentado un dictamen en la consulta que finaliz\u00f3 el 30 de agosto de 2022. L\u00e9alo aqu\u00ed:<\/p>\n\n\n\n<div class=\"wp-block-file\"><a id=\"wp-block-file--media-09be87cf-8f3d-4287-9a3d-f8e6064c50c2\" href=\"https:\/\/www.fjardhundraland.se\/wp-content\/uploads\/2022\/09\/svk-2021589-yttrande-fran-sakagare-fjardhundraland-ekonomisk-forening-gallande-planerad-400-kv-ledning-mellan-munga-och-hamra.pdf\" target=\"_blank\" rel=\"noreferrer noopener\">Svk 2021:589 - Declaraci\u00f3n de la parte interesada Fj\u00e4rdhundraland ekonomisk f\u00f6rening, relativa al proyecto de l\u00ednea de 400 kV entre Munga y Hamra<\/a><\/div>\n\n\n\n<p class=\"wp-block-paragraph\">Se\u00f1alamos las deficiencias de la documentaci\u00f3n de Svenska kraftn\u00e4t para la l\u00ednea el\u00e9ctrica Munga-Hamra, y la importancia de tener en cuenta los grandes valores econ\u00f3micos y culturales de la industria tur\u00edstica de la zona. <\/p>\n\n\n\n<p class=\"wp-block-paragraph\">Tambi\u00e9n insistimos en la necesidad de realizar los refuerzos necesarios en la red el\u00e9ctrica de forma que no se da\u00f1en los valores rurales, del mismo modo que se protegen los valores urbanos con costosas medidas en proyectos similares. <\/p>","protected":false},"excerpt":{"rendered":"<p>Svenska kraftn\u00e4t planerar att bygga en stor kraftledning genom centrala omr\u00e5den i Fj\u00e4rdhundraland, vilket riskerar att skada b\u00e5de den mycket livaktiga bes\u00f6ksn\u00e4ringen och stora kulturv\u00e4rden. Fj\u00e4rdhundraland ekonomisk f\u00f6rening har l\u00e4mnat ett yttrande i det samr\u00e5d som avslutades 30 augusti 2022. L\u00e4s det h\u00e4r: Vi pekar p\u00e5 brister i Svenska kraftn\u00e4ts underlag f\u00f6r kraftledningen Munga\u2013Hamra, och [&hellip;]<\/p>\n","protected":false},"author":1,"featured_media":11490,"comment_status":"closed","ping_status":"closed","sticky":false,"template":"","format":"standard","meta":{"_acf_changed":false,"_relevanssi_hide_post":"","_relevanssi_hide_content":"","_relevanssi_pin_for_all":"","_relevanssi_pin_keywords":"","_relevanssi_unpin_keywords":"","_relevanssi_related_keywords":"","_relevanssi_related_include_ids":"","_relevanssi_related_exclude_ids":"","_relevanssi_related_no_append":"","_relevanssi_related_not_related":"","_relevanssi_related_posts":"","_relevanssi_noindex_reason":"","_genesis_hide_title":false,"_genesis_hide_breadcrumbs":false,"_genesis_hide_singular_image":false,"_genesis_hide_footer_widgets":false,"_genesis_custom_body_class":"","_genesis_custom_post_class":"","_genesis_layout":"","_jetpack_newsletter_access":"","_jetpack_dont_email_post_to_subs":false,"_jetpack_newsletter_tier_id":0,"_jetpack_memberships_contains_paywalled_content":false,"_jetpack_memberships_contains_paid_content":false,"footnotes":"","jetpack_post_was_ever_published":false},"categories":[1],"tags":[],"class_list":["post-11478","post","type-post","status-publish","format-standard","has-post-thumbnail","category-inlagg","entry"],"acf":[],"featured_image_src":"https:\/\/www.fjardhundraland.se\/wp-content\/uploads\/2022\/09\/kyrkan-och-kraftledningen.jpg","featured_image_src_square":"https:\/\/www.fjardhundraland.se\/wp-content\/uploads\/2022\/09\/kyrkan-och-kraftledningen.jpg","author_info":{"display_name":"Mats Thorburn","author_link":"https:\/\/www.fjardhundraland.se\/es\/author\/matst\/"},"jetpack-related-posts":[{"id":31,"url":"https:\/\/www.fjardhundraland.se\/es\/externt\/2010\/welcome-to-fjardhundraland\/","url_meta":{"origin":11478,"position":0},"title":"Bienvenido a Fj\u00e4rdhundraland","author":"Mats Thorburn","date":"12 octubre 2010","format":false,"excerpt":"La provincia medieval de Fj\u00e4drundaland forma parte hoy en d\u00eda de Uppland, Suecia. Hoy trabajamos con una adaptaci\u00f3n moderna; Fj\u00e4rdhundraland. El campo que rodea el municipio Fj\u00e4rdhundra puede ofrecerle una visita a una de las regiones hist\u00f3ricas m\u00e1s antiguas e interesantes de Suecia - y una pr\u00f3spera comunidad empresarial esperando para servirle...","rel":"","context":"En \u00ab\u00c4ldre inl\u00e4gg\u00bb","block_context":{"text":"\u00c4ldre inl\u00e4gg","link":"https:\/\/www.fjardhundraland.se\/es\/aldre-inlagg\/"},"img":{"alt_text":"","src":"","width":0,"height":0},"classes":[]}],"jetpack_sharing_enabled":true,"jetpack_featured_media_url":"https:\/\/www.fjardhundraland.se\/wp-content\/uploads\/2022\/09\/kyrkan-och-kraftledningen.jpg","_links":{"self":[{"href":"https:\/\/www.fjardhundraland.se\/es\/wp-json\/wp\/v2\/posts\/11478","targetHints":{"allow":["GET"]}}],"collection":[{"href":"https:\/\/www.fjardhundraland.se\/es\/wp-json\/wp\/v2\/posts"}],"about":[{"href":"https:\/\/www.fjardhundraland.se\/es\/wp-json\/wp\/v2\/types\/post"}],"author":[{"embeddable":true,"href":"https:\/\/www.fjardhundraland.se\/es\/wp-json\/wp\/v2\/users\/1"}],"replies":[{"embeddable":true,"href":"https:\/\/www.fjardhundraland.se\/es\/wp-json\/wp\/v2\/comments?post=11478"}],"version-history":[{"count":0,"href":"https:\/\/www.fjardhundraland.se\/es\/wp-json\/wp\/v2\/posts\/11478\/revisions"}],"wp:featuredmedia":[{"embeddable":true,"href":"https:\/\/www.fjardhundraland.se\/es\/wp-json\/wp\/v2\/media\/11490"}],"wp:attachment":[{"href":"https:\/\/www.fjardhundraland.se\/es\/wp-json\/wp\/v2\/media?parent=11478"}],"wp:term":[{"taxonomy":"category","embeddable":true,"href":"https:\/\/www.fjardhundraland.se\/es\/wp-json\/wp\/v2\/categories?post=11478"},{"taxonomy":"post_tag","embeddable":true,"href":"https:\/\/www.fjardhundraland.se\/es\/wp-json\/wp\/v2\/tags?post=11478"}],"curies":[{"name":"wp","href":"https:\/\/api.w.org\/{rel}","templated":true}]}}