
{"id":10783,"date":"2022-06-21T22:57:30","date_gmt":"2022-06-21T20:57:30","guid":{"rendered":"https:\/\/www.fjardhundraland.se\/?p=10783"},"modified":"2022-07-27T10:52:03","modified_gmt":"2022-07-27T08:52:03","slug":"jornada-de-actividades-oringen","status":"publish","type":"post","link":"https:\/\/www.fjardhundraland.se\/es\/utflykt\/2022\/aktivitetsdag-oringen\/","title":{"rendered":"D\u00eda de la actividad t\u00f3rica 27 de julio"},"content":{"rendered":"<h2 class=\"wp-block-heading\">Abrimos al menos de 11 a 17 el d\u00eda de la actividad durante <a href=\"https:\/\/www.fjardhundraland.se\/es\/2022\/06\/o-ringen-uppsala-2022-excursiones-actividades\/\" data-type=\"post\" data-id=\"5950\">Juntas t\u00f3ricas Uppsala 2022<\/a><\/h2>\n\n\n\n<p><strong>Todas las sedes est\u00e1n abiertas durante el d\u00eda de actividad 27\/7<\/strong>.<\/p>\n\n\n\n<ul class=\"wp-block-list\"><li><a href=\"https:\/\/www.google.com\/maps\/d\/edit?mid=1dP73kF59RG1e5f7Bb2aoXiAbc04_3TQ&amp;usp=sharing\" target=\"_blank\" rel=\"noreferrer noopener\">Aqu\u00ed tiene un mapa con todos los lugares<\/a> (Google maps)<\/li><li>Haga clic en la direcci\u00f3n para ver el mapa de Google de cada ubicaci\u00f3n<\/li><li>Haga clic en el t\u00edtulo para obtener m\u00e1s informaci\u00f3n sobre cada lugar.<\/li><\/ul>\n\n\n\n<p><strong>El horario de apertura 27\/7 es de 11-17<\/strong> o m\u00e1s. <\/p>\n\n\n\n<hr class=\"wp-block-separator has-alpha-channel-opacity is-style-wide\"\/>\n\n\n\n<h3 class=\"wp-block-heading\"><a href=\"https:\/\/www.fjardhundraland.se\/es\/platos\/eje-rama\/\" data-type=\"plats\" data-id=\"8072\">Axel&amp;Gren<\/a><\/h3>\n\n\n\n<p>Bienvenido a la tienda de nuestra peque\u00f1a granja, a s\u00f3lo 8 km del centro de Uppsala. Aqu\u00ed podr\u00e1 elegir entre 26 sabores de helado ecol\u00f3gico de calidad, pan de caf\u00e9 casero, artesan\u00eda alimentaria sueca y ecol\u00f3gica, regalos y decoraci\u00f3n. Durante el final del verano, florecen nuestros girasoles de auto-recogida (si est\u00e1 listo para la auto-recogida el 27\/7 s\u00f3lo lo sabremos esa semana).&nbsp;<\/p>\n\n\n\n<p><em>Abierto del 11 al 17 de julio.<\/em><br>Tambi\u00e9n abierto de mi\u00e9rcoles a domingo, de 11 a 16 h.<\/p>\n\n\n\n<p>Direcci\u00f3n: <a href=\"https:\/\/goo.gl\/maps\/UkVjdYhJFey79WHi6\" target=\"_blank\" rel=\"noreferrer noopener\">Uppsala Stabby 186, 755 91 Uppsala<\/a><\/p>\n\n\n\n<hr class=\"wp-block-separator has-alpha-channel-opacity is-style-wide\"\/>\n\n\n\n<h3 class=\"wp-block-heading\"><a href=\"https:\/\/www.fjardhundraland.se\/es\/platos\/molino-de-arte-backa\/\" data-type=\"plats\" data-id=\"8168\">Backa KonstKvarn<\/a><\/h3>\n\n\n\n<p>Nos encontramos cerca de la iglesia de Villberga, en un entorno estimulante para todos los sentidos que data del siglo XVIII. Aqu\u00ed encontrar\u00e1 un mercadillo en un gran molino de viento antiguo, una librer\u00eda anticuaria con m\u00e1s de 20.000 libros y un taller de arte y cer\u00e1mica, as\u00ed como pan de caf\u00e9 casero. <\/p>\n\n\n\n<p><em>Abierto del 24 al 27 de julio, de 10.00 a 18.00 h.<\/em><\/p>\n\n\n\n<p>Direcci\u00f3n: <a href=\"https:\/\/goo.gl\/maps\/sbM33ZdZBtWoqsa96\" target=\"_blank\" rel=\"noreferrer noopener\">Villberga-Backa kvarn 4, 749 51 Grillby<\/a><\/p>\n\n\n\n<hr class=\"wp-block-separator has-alpha-channel-opacity is-style-wide\"\/>\n\n\n\n<h3 class=\"wp-block-heading\"><a href=\"https:\/\/www.fjardhundraland.se\/es\/platos\/camion-de-comida-feliz\/\" data-type=\"plats\" data-id=\"8603\">Dr\u00f6mparken Enk\u00f6ping \u00c5gatan Happy Foodtruck<\/a><\/h3>\n\n\n\n<p>En directo con Nykan y Danne 18-22 en Dr\u00f6mparken Enk\u00f6ping. Noche m\u00e1gica con hamburguesas locales, costillas y patatas fritas. Plato de verano y ensaladas. Licencia de cerveza y vino.<\/p>\n\n\n\n<p><em>Abierto el 27 de julio, de 11.00 a 24.00 horas.<\/em><\/p>\n\n\n\n<p>Direcci\u00f3n: <a href=\"https:\/\/goo.gl\/maps\/scCGDvvAGDAx3yrv8\" target=\"_blank\" rel=\"noreferrer noopener\">\u00c5gatan 33, 745 31 Enk\u00f6ping<\/a><\/p>\n\n\n\n<hr class=\"wp-block-separator has-alpha-channel-opacity is-style-wide\"\/>\n\n\n\n<h3 class=\"wp-block-heading\"><a href=\"https:\/\/www.fjardhundraland.se\/es\/platos\/dunderbo-velas-y-artesania\/\" data-type=\"plats\" data-id=\"1008\">Velas y artesan\u00eda Dunderbo<\/a><\/h3>\n\n\n\n<p><em>Velas y otras artesan\u00edas.<\/em> <br>Visita guiada por el camino de la guerra entre la aldea de los soldados en Dunderbo, a las 10, 12, 14, 16, 18 y 20. Paseo de 1,5 km, en su mayor parte camino de grava. 20 SEK por persona por gu\u00eda.<\/p>\n\n\n\n<p><em>Abierto el 27 de julio, de 10.00 a 21.00 h.<\/em><\/p>\n\n\n\n<p>Direcci\u00f3n: <a href=\"https:\/\/goo.gl\/maps\/cmvGGEBpRvcwX6bQ7\" target=\"_blank\" rel=\"noreferrer noopener\">Fr\u00f6sthult Dunderbo 14, 749 71 Fj\u00e4rdhundra<\/a><\/p>\n\n\n\n<hr class=\"wp-block-separator has-alpha-channel-opacity is-style-wide\"\/>\n\n\n\n<h3 class=\"wp-block-heading\"><a href=\"https:\/\/www.fjardhundraland.se\/es\/platos\/granja-ekbolanda\/\" data-type=\"plats\" data-id=\"6407\">Granja Ekbolanda<\/a><\/h3>\n\n\n\n<p>Combinamos tienda y cafeter\u00eda en un entorno rural. Aqu\u00ed podr\u00e1 encontrar deliciosos manjares: ternera, salchichas y biscotes de la granja, as\u00ed como huevos, miel, mosto y queso de proveedores locales. Hay hermosos art\u00edculos para el hogar, como macetas, faroles, cestas y mucho m\u00e1s.&nbsp;<\/p>\n\n\n\n<p>Fiket ofrece pan de caf\u00e9 casero, todo horneado desde cero con mucho amor, ingredientes locales con inspiraci\u00f3n en lo que la naturaleza ofrece en sabores. En el patio servimos hamburguesas populares de la propia carne de vacuno de la granja y un ali\u00f1o casero de parmesano, ajo y guindilla.&nbsp;<\/p>\n\n\n\n<p>No se pierda la oportunidad de conocer a las vacas de la granja.&nbsp;<\/p>\n\n\n\n<p><em>Abierto el 27 de julio, de 11.00 a 17.00 h.<\/em><br>Tambi\u00e9n abierto 24\/7 11-16, 30\/7 11-16.&nbsp;<\/p>\n\n\n\n<p>Direcci\u00f3n: <a href=\"https:\/\/goo.gl\/maps\/e1CrsiHcTwhsc9rx9\" target=\"_blank\" rel=\"noreferrer noopener\">Ekbolanda G\u00e5rd 15, 740 20 V\u00e4nge<\/a><\/p>\n\n\n\n<hr class=\"wp-block-separator has-alpha-channel-opacity is-style-wide\"\/>\n\n\n\n<h3 class=\"wp-block-heading\"><a href=\"https:\/\/www.fjardhundraland.se\/es\/platos\/charcuteria-franzens\/\" data-type=\"plats\" data-id=\"2312\">Franz\u00e9ns Charkuterier<\/a><\/h3>\n\n\n\n<p>La tienda de la granja est\u00e1 abierta todo el d\u00eda y ofrece cortes y productos elaborados de cerdos criados al aire libre en Uppland. Salchichas artesanales tradicionales y modernas sin nitritos ni otros aditivos innecesarios, tanto frescas como crudas, secadas al aire y ahumadas en fr\u00edo. Tiras de tocino agrio, salchichas pr\u00edncipe, salsiccia de hinojo, salchichas de lim\u00f3n\/comino\/mejorana, muslos exteriores secados al aire y panceta de cerdo ahumada en fr\u00edo son s\u00f3lo algunos de los productos de la gama.<\/p>\n\n\n\n<p>El Charkuterier de Franz\u00e9n \u201dhace unas salchichas que hacen palidecer a todo lo dem\u00e1s\u201d. \u201dSus salchichas son m\u00e1gicas\u201d. - Erik Videg\u00e5rd<\/p>\n\n\n\n<p>Direcci\u00f3n: <a href=\"https:\/\/goo.gl\/maps\/smZmyS4W9sXmFJmW7\" target=\"_blank\" rel=\"noreferrer noopener\">Biskopskulla-R\u00f6nna 1, 749 63 \u00d6rsundsbro<\/a><\/p>\n\n\n\n<hr class=\"wp-block-separator has-alpha-channel-opacity is-style-wide\"\/>\n\n\n\n<h3 class=\"wp-block-heading\"><a href=\"https:\/\/www.fjardhundraland.se\/es\/platos\/furface-dogs\/\" data-type=\"plats\" data-id=\"9520\">perros FURFACE<\/a><\/h3>\n\n\n\n<p>Extra abierto en la tienda. Venta de jabones para perros hechos a mano, ropa para perros, correas, velas perfumadas. Yo trabajo en la producci\u00f3n durante el d\u00eda para que pueda ver c\u00f3mo se hacen jabones, ropa de perro o velas perfumadas (depende de lo que elijo hacer para el d\u00eda).&nbsp;<\/p>\n\n\n\n<p><em>Abierto el 27 de julio, de 11.00 a 17.00 h.<\/em><br>Tambi\u00e9n abierto el viernes 29 de julio de 12.00 a 16.00 horas.<\/p>\n\n\n\n<p>Direcci\u00f3n: <a href=\"https:\/\/goo.gl\/maps\/tuCGsM3hT5m35zYV8\" target=\"_blank\" rel=\"noreferrer noopener\">Enk\u00f6pingsv\u00e4gen 12A, 749 60 \u00d6rsundsbro<\/a><\/p>\n\n\n\n<hr class=\"wp-block-separator has-alpha-channel-opacity is-style-wide\"\/>\n\n\n\n<h3 class=\"wp-block-heading\"><a href=\"https:\/\/www.fjardhundraland.se\/es\/platos\/antiguo-cine\/\" data-type=\"plats\" data-id=\"3871\">Cine antiguo en \u00d6rsundsbro<\/a><\/h3>\n\n\n\n<p>Visitas al antiguo cine de los a\u00f1os 20 con museo de carpinter\u00eda adjunto.<\/p>\n\n\n\n<p><em>Abierto el mi\u00e9rcoles 27 de julio, de 11.00 a 17.00 h.<\/em><\/p>\n\n\n\n<p>Direcci\u00f3n: <a href=\"https:\/\/goo.gl\/maps\/TyqKbseZhgjanEsH7\" target=\"_blank\" rel=\"noreferrer noopener\">Uppsalav\u00e4gen 11, 749 61 \u00d6rsundsbro<\/a><\/p>\n\n\n\n<hr class=\"wp-block-separator has-alpha-channel-opacity is-style-wide\"\/>\n\n\n\n<h3 class=\"wp-block-heading\"><a href=\"https:\/\/www.fjardhundraland.se\/es\/platos\/mujer-trabajadora\/\" data-type=\"plats\" data-id=\"9684\">Mujer trabajadora<\/a><\/h3>\n\n\n\n<p>Carpinter\u00eda de jard\u00edn. Jard\u00edn de exposici\u00f3n.<\/p>\n\n\n\n<p><em>Abierto el 27 de julio, de 10.00 a 18.00 h.<\/em><\/p>\n\n\n\n<p>Direcci\u00f3n: <a href=\"https:\/\/goo.gl\/maps\/M85ex3sJLZUpHT479\" target=\"_blank\" rel=\"noreferrer noopener\">Broad Hamby 3, 745 95 Enk\u00f6ping<\/a><\/p>\n\n\n\n<hr class=\"wp-block-separator has-alpha-channel-opacity is-style-wide\"\/>\n\n\n\n<h3 class=\"wp-block-heading\"><a href=\"https:\/\/www.fjardhundraland.se\/es\/platos\/harsbacks-bed-breakfast\/\" data-type=\"plats\" data-id=\"2298\">H\u00e5rsb\u00e4cks Bed &amp; Breakfast y Kajsa-Karins Comercio diverso<\/a><\/h3>\n\n\n\n<p>El mercadillo de Kajsa Karin y la nost\u00e1lgica tienda del granero del abuelo estar\u00e1n abiertos todo el d\u00eda. \u00a1Ven y \u00fanete a nosotros!<\/p>\n\n\n\n<p><em>Abierto el mi\u00e9rcoles 27 de julio, de 11.00 a 17.00 h.<\/em><\/p>\n\n\n\n<p>Direcci\u00f3n: <a href=\"https:\/\/goo.gl\/maps\/3qyFs1DhrYFWGRuV9\" target=\"_blank\" rel=\"noreferrer noopener\">Norr H\u00e5rsb\u00e4ck 313, 744 91 Heby<\/a><\/p>\n\n\n\n<hr class=\"wp-block-separator has-alpha-channel-opacity is-style-wide\"\/>\n\n\n\n<h3 class=\"wp-block-heading\"><a href=\"https:\/\/www.fjardhundraland.se\/es\/platos\/la-prisa-y-el-hortelano\/\" data-type=\"plats\" data-id=\"3606\">Granjero de caballos y hortalizas&nbsp;<\/a><\/h3>\n\n\n\n<p>La tienda est\u00e1 abierta con verduras frescas, puedes montar a pelo en Ardennes. Prueba a conducir un coche de caballos.&nbsp;<\/p>\n\n\n\n<p><em>Abierto el mi\u00e9rcoles 27 de julio, de 11.00 a 17.00 h.<\/em><br>Tambi\u00e9n abierto de lunes a jueves (s\u00f3lo tienda), de 13 a 16 h.<\/p>\n\n\n\n<p>Direcci\u00f3n: <a href=\"https:\/\/goo.gl\/maps\/miNLZ4z9EMmLK4PT7\" target=\"_blank\" rel=\"noreferrer noopener\">Castillo de \u00c4ngs\u00f6, 72598 V\u00e4ster\u00e5s<\/a><\/p>\n\n\n\n<hr class=\"wp-block-separator has-alpha-channel-opacity is-style-wide\"\/>\n\n\n\n<h3 class=\"wp-block-heading\"><a href=\"https:\/\/www.fjardhundraland.se\/es\/platos\/kaffestugan-pa-landet\/\" data-type=\"plats\" data-id=\"6809\">El caf\u00e9 en el campo<\/a><\/h3>\n\n\n\n<p>\u00a1Bienvenido a Kaffestugan p\u00e5 landet!&nbsp;<\/p>\n\n\n\n<p>Si\u00e9ntese en nuestro exuberante jard\u00edn y disfrute de un caf\u00e9 casero o un almuerzo ligero, mientras el trovador Mats Persson ameniza con buenas canciones.<\/p>\n\n\n\n<p>Dentro de Kaffestugan encontrar\u00e1s una gran selecci\u00f3n de fika sin gluten\/l\u00e1cteos\/veganos\/crudos. O \u00bfpor qu\u00e9 no disfrutar de un delicioso bocadillo de gambas con huevo y mayonesa? Tambi\u00e9n disponible en pan sin gluten ni l\u00e1cteos.<\/p>\n\n\n\n<p>El vivero vecino tiene una amplia gama de plantas perennes, flores de verano, arbustos, \u00e1rboles y rosas. En su tienda de regalos encontrar\u00e1s muchas cosas bonitas tanto para el hogar como para el jard\u00edn.<\/p>\n\n\n\n<p>En la \u201dplacita\u201d encontrar\u00e1s a Carina y Liselotte con sus productos de Aloe Vera de Forever Living, y a Qia vendiendo su miel, cuidadosamente producida y maravillosamente sabrosa.<\/p>\n\n\n\n<p>Cerca de Kaffestugan tambi\u00e9n se encuentra \u00c4s\u00e5sen, con su magn\u00edfica ruta de senderismo de 2,4 km. Sigue un camino que ha existido durante miles de a\u00f1os y que ahora forma parte de Upplandsleden.&nbsp;<\/p>\n\n\n\n<p>Aqu\u00ed y all\u00e1 hay miradores con amplias vistas del paisaje. En la cresta hay varios cementerios antiguos, incluido un gran t\u00famulo.&nbsp;<\/p>\n\n\n\n<p>Para los que en lugar de un caf\u00e9 en el jard\u00edn de Kaffestugan quieran un picnic en \u00c4s\u00e5sen, podemos organizar una cesta de picnic con cualquier contenido de nuestra carta y nuestra selecci\u00f3n de caf\u00e9.<\/p>\n\n\n\n<p><em>Abierto el mi\u00e9rcoles 27 de julio, de 10.00 a 17.00 h.<\/em><br>Tambi\u00e9n abierto de jueves a domingo, de 10.00 a 15.30 h.<\/p>\n\n\n\n<p>Direcci\u00f3n: <a href=\"https:\/\/goo.gl\/maps\/4DUTbVDPCmq5xUKM9\" target=\"_blank\" rel=\"noreferrer noopener\">Lilla H\u00e4rnevi 23, 745 96 Enk\u00f6ping<\/a><\/p>\n\n\n\n<hr class=\"wp-block-separator has-alpha-channel-opacity is-style-wide\"\/>\n\n\n\n<h3 class=\"wp-block-heading\"><a href=\"https:\/\/www.fjardhundraland.se\/es\/platos\/landsberga-gard\/\" data-type=\"plats\" data-id=\"2215\">Granja Landsberga<\/a><\/h3>\n\n\n\n<p>Ven a reponer fuerzas a nuestra hist\u00f3rica granja real, Landsberga G\u00e5rd. Aqu\u00ed podr\u00e1s abastecerte de alimentos locales de toda Uppland, incluidos los huevos de nuestras gallinas de exterior. Tambi\u00e9n ofrecemos platos de comida elaborados con productos locales y productos de cafeter\u00eda horneados con nuestra propia harina, y en el pabell\u00f3n de verano podr\u00e1s comprar helados de diferentes sabores.<\/p>\n\n\n\n<p>Unas vistas \u00fanicas de las llanuras de Uppland en nuestra terraza al aire libre y una sensaci\u00f3n maravillosa en un entorno de granja hist\u00f3rica y gallinas al aire libre en la hierba verde. \u00a1Bienvenido a Landsberga G\u00e5rdsbutik &amp; caf\u00e9!<\/p>\n\n\n\n<p><em>Abierto todos los d\u00edas, de 11 a 17 h.<\/em><\/p>\n\n\n\n<p>Direcci\u00f3n: <a href=\"https:\/\/goo.gl\/maps\/C8Z9RNCCxDvaEap17\" target=\"_blank\" rel=\"noreferrer noopener\">Biskopskulla Landsberga 5, 749 63 \u00d6rsundsbro<\/a><\/p>\n\n\n\n<hr class=\"wp-block-separator has-alpha-channel-opacity is-style-wide\"\/>\n\n\n\n<h3 class=\"wp-block-heading\"><a href=\"https:\/\/www.fjardhundraland.se\/es\/oferta\/john-alinder-lovskugga\/\">La sombra de la hoja - John Alinder: Retratos 1910-32<\/a><\/h3>\n\n\n\n<p>Vea las impresionantes im\u00e1genes del fot\u00f3grafo John Alinder desde Altuna. Son a la vez interesantes testimonios de la Suecia de hace cien a\u00f1os y una fotograf\u00eda est\u00e9ticamente perfecta de categor\u00eda mundial. La exposici\u00f3n presenta m\u00e1s de cien de sus retratos, que son im\u00e1genes inusualmente v\u00edvidas de personas que vivieron aqu\u00ed hace un siglo, muy recientemente.<\/p>\n\n\n\n<p>Altunag\u00e5rden sirve caf\u00e9 con pan casero.<\/p>\n\n\n\n<p><em>Abierto de martes a domingo, de 11.00 a 17.00 horas.<\/em><\/p>\n\n\n\n<p>Direcci\u00f3n: <a href=\"https:\/\/goo.gl\/maps\/UeDjQeoZMCu1UisN9\" target=\"_blank\" rel=\"noreferrer noopener\">Altunag\u00e5rden, Altuna-H\u00e4sselby 1, 749 71 Fj\u00e4rdhundra<\/a><\/p>\n\n\n\n<hr class=\"wp-block-separator has-alpha-channel-opacity is-style-wide\"\/>\n\n\n\n<h3 class=\"wp-block-heading\"><a href=\"https:\/\/www.fjardhundraland.se\/wp-content\/uploads\/2014\/08\/B8N0iNECIAA-CjN.jpg-large.jpeg\" data-type=\"attachment\" data-id=\"2978\">Garaje de Mel<\/a><\/h3>\n\n\n\n<p>Venta de coches cl\u00e1sicos, helader\u00eda y cafeter\u00eda.<\/p>\n\n\n\n<p><em>Abierto el mi\u00e9rcoles 27 de julio, de 10.00 a 20.00 h.<\/em><br>Tambi\u00e9n abierto lunes, martes, jueves 10-18, viernes 10-17, s\u00e1bado 9-16 (venta de coches 10-14).<\/p>\n\n\n\n<p>Direcci\u00f3n: <a href=\"https:\/\/g.page\/melsgarage?share\" target=\"_blank\" rel=\"noreferrer noopener\">\u00c5kerbygatan 4, 745 37 Enk\u00f6ping<\/a><\/p>\n\n\n\n<hr class=\"wp-block-separator has-alpha-channel-opacity is-style-wide\"\/>\n\n\n\n<h3 class=\"wp-block-heading\"><a href=\"https:\/\/www.fjardhundraland.se\/es\/platos\/diseno-interior-de-mona-charlotte\/\" data-type=\"plats\" data-id=\"9467\">Dise\u00f1o interior de Mona Charlotte&nbsp;<\/a><\/h3>\n\n\n\n<p>Small Farm Shop &amp; Caf\u00e9 con dise\u00f1o de interiores e inspiraci\u00f3n para el jard\u00edn. Cosas divertidas para el hogar y el jard\u00edn. En la cafeter\u00eda tenemos helados R\u00e4ttvik y gofres belgas y alg\u00fan que otro caf\u00e9. Los asientos de la cafeter\u00eda est\u00e1n en nuestro precioso jard\u00edn con flores, bosque, prados y vistas al r\u00edo. Tenemos muchas Dalias en el jard\u00edn. Si tienes suerte, podr\u00e1s ver los toros de las Highlands de los vecinos pastando en el prado que hay debajo de nosotros. Una c\u00e1lida bienvenida ?&nbsp;<\/p>\n\n\n\n<p><em>Abierto el mi\u00e9rcoles 27 de julio, de 11.00 a 18.00 h.<\/em><\/p>\n\n\n\n<p>Direcci\u00f3n: <a href=\"https:\/\/goo.gl\/maps\/4XS6cYdDGvta7pwZ9\" target=\"_blank\" rel=\"noreferrer noopener\">Stj\u00e4rnan 210, 744 91 Heby<\/a><\/p>\n\n\n\n<hr class=\"wp-block-separator has-alpha-channel-opacity is-style-wide\"\/>\n\n\n\n<h3 class=\"wp-block-heading\"><a href=\"https:\/\/www.fjardhundraland.se\/es\/platos\/rabano-picante-ciudad-tradgard-artesania\/\" data-type=\"plats\" data-id=\"5614\">Horseradish City Garden &amp; Crafts<\/a><\/h3>\n\n\n\n<p>En esta peque\u00f1a tienda del barrio m\u00e1s acogedor de Enk\u00f6ping encontrar\u00e1 artesan\u00eda local, as\u00ed como inspiraci\u00f3n y herramientas para el jard\u00edn.<\/p>\n\n\n\n<p><em>Abierto el mi\u00e9rcoles 27 de julio, de 11.00 a 18.00 h.<\/em><\/p>\n\n\n\n<p>Direcci\u00f3n: <a href=\"https:\/\/g.page\/pepparrotsstadens?share\" target=\"_blank\" rel=\"noreferrer noopener\">Calle del Ayuntamiento 2, 745 31 Enk\u00f6ping<\/a><\/p>\n\n\n\n<hr class=\"wp-block-separator has-alpha-channel-opacity is-style-wide\"\/>\n\n\n\n<h3 class=\"wp-block-heading\"><a href=\"https:\/\/www.fjardhundraland.se\/es\/platos\/guardia-restante\/\" data-type=\"plats\" data-id=\"1826\">Granja Resta<\/a><\/h3>\n\n\n\n<p>La granja con todos los animales de granja cl\u00e1sicos se puede ver pastando en corrales en praderas y pastizales. Ahora mismo tenemos unos cerditos que son especialmente monos. Nuestra tienda de la granja est\u00e1 llena de carne, embutidos y productos l\u00e1cteos de la charcuter\u00eda y lecher\u00eda de la granja. Servimos delicioso caf\u00e9 casero de la cafeter\u00eda espresso, gofres belgas, sustanciosos bocadillos y, si el tiempo lo permite, tenemos un fuego abierto con salchichas a la parrilla de nuestras propias salchichas que s\u00f3lo contienen carne, especias y sal com\u00fan, sin aditivos.&nbsp;<\/p>\n\n\n\n<p><em>Abierto el mi\u00e9rcoles 27 de julio, de 11.00 a 17.00 h.<\/em><br>Tambi\u00e9n abierto los s\u00e1bados y domingos de 11 a 16 y la tienda de confianza <em>Establo lechero<\/em> que siempre est\u00e1 abierto.<\/p>\n\n\n\n<p>Direcci\u00f3n: <a href=\"https:\/\/g.page\/restagard?share\" target=\"_blank\" rel=\"noreferrer noopener\">Nys\u00e4tra Resta granja 13, 749 63 \u00d6rsundsbro<\/a><\/p>\n\n\n\n<hr class=\"wp-block-separator has-alpha-channel-opacity is-style-wide\"\/>\n\n\n\n<h3 class=\"wp-block-heading\"><a href=\"https:\/\/www.fjardhundraland.se\/es\/platos\/queso-skogsbacken\/\" data-type=\"plats\" data-id=\"1855\">Queso Skogsbacken<\/a><\/h3>\n\n\n\n<p>Degustaci\u00f3n y venta de queso casero y accesorios como galletas y mermeladas. Observaci\u00f3n de pollos, Fika en el bosque. Caf\u00e9 y pasteles.<\/p>\n\n\n\n<p><em>Abierto el mi\u00e9rcoles 27 de julio, de 10.00 a 18.00 h.<\/em><br>Tambi\u00e9n abierto en la tienda todos los d\u00edas de 8.00 a 20.00, con autoservicio.<\/p>\n\n\n\n<p>Direcci\u00f3n: <a href=\"https:\/\/goo.gl\/maps\/u5DpZx7EqUiR9wFX9\" target=\"_blank\" rel=\"noreferrer noopener\">Fittja H\u00e4ssle 14, 749 62 \u00d6rsundsbro<\/a><\/p>\n\n\n\n<hr class=\"wp-block-separator has-alpha-channel-opacity is-style-wide\"\/>\n\n\n\n<h3 class=\"wp-block-heading\"><a href=\"https:\/\/www.fjardhundraland.se\/es\/platos\/el-cafe-de-las-sombras-2\/\" data-type=\"plats\" data-id=\"8359\">El caf\u00e9 de las sombras&nbsp;<\/a><\/h3>\n\n\n\n<p>Cafeter\u00eda rural con galettes, crepes, bocadillos de gambas, ensaladas y un delicioso caf\u00e9 casero.&nbsp;<\/p>\n\n\n\n<p><em>Abierto el mi\u00e9rcoles 27 de julio, de 11.00 a 17.00 h.<\/em><\/p>\n\n\n\n<p>Direcci\u00f3n: <a href=\"https:\/\/goo.gl\/maps\/JEe81Gc64hTZotWC9\" target=\"_blank\" rel=\"noreferrer noopener\">L\u00e5ngtora 11, 745 96 Enk\u00f6ping<\/a><\/p>\n\n\n\n<hr class=\"wp-block-separator has-alpha-channel-opacity is-style-wide\"\/>\n\n\n\n<h3 class=\"wp-block-heading\"><a href=\"https:\/\/www.fjardhundraland.se\/es\/platos\/smak-ost-chark-deli\/\" target=\"_blank\" data-type=\"plats\" data-id=\"7230\" rel=\"noreferrer noopener\">Sabor queso charcuter\u00eda charcuter\u00eda<\/a><\/h3>\n\n\n\n<p>Tenemos quesos, embutidos de diferentes pa\u00edses y productos locales, as\u00ed como caf\u00e9, t\u00e9, pralin\u00e9s de chocolate, regaliz, aceites y varias delicias excitantes.<\/p>\n\n\n\n<p><em>Abierto el mi\u00e9rcoles 27 de julio, de 10.00 a 18.00 h.<\/em><\/p>\n\n\n\n<p>Abierto de martes a viernes de 10.00 a 18.00 h., s\u00e1bados de 10.00 a 15.00 h., domingos y lunes cerrado.<\/p>\n\n\n\n<p>Direcci\u00f3n: <a href=\"https:\/\/goo.gl\/maps\/osxyBgoLZQwNjVwBA\" target=\"_blank\" rel=\"noreferrer noopener\">K\u00e4llgatan 11, 745 31 Enk\u00f6ping<\/a><\/p>\n\n\n\n<hr class=\"wp-block-separator has-alpha-channel-opacity is-style-wide\"\/>\n\n\n\n<h3 class=\"wp-block-heading\"><a href=\"https:\/\/www.fjardhundraland.se\/es\/platos\/tradgard-tjanster-de-susanne-lennarth\/\" data-type=\"plats\" data-id=\"8349\">SoL Jard\u00edn y Servicios<\/a><\/h3>\n\n\n\n<p>Jard\u00edn ecol\u00f3gico y respetuoso con el medio ambiente, con reciclaje y naturaleza a la puerta, donde mostramos el camino al queso Skogsbacken, entre otras cosas.&nbsp;<\/p>\n\n\n\n<p>PellaCake con bebida 40kr.&nbsp;<\/p>\n\n\n\n<p>Extra para los visitantes de hoy:&nbsp;<br>\u00a1Recorrido l\u00fadico por nuestro jard\u00edn cada hora de 12 a 16!<\/p>\n\n\n\n<p><em>Abierto el mi\u00e9rcoles 27 de julio, de 11.00 a 17.00 h.<\/em><\/p>\n\n\n\n<p>Venta ambulante las 24 horas del d\u00eda. La tienda de la minigranja est\u00e1 abierta de 11 a 17 de domingo a domingo durante el O-ring.<\/p>\n\n\n\n<p>Direcci\u00f3n: <a href=\"https:\/\/goo.gl\/maps\/7Mn1i7dQ2CwWuc1fA\" target=\"_blank\" rel=\"noreferrer noopener\">Fittja H\u00e4ssle 14, 749 62 \u00d6rsundsbro<\/a><\/p>\n\n\n\n<hr class=\"wp-block-separator has-alpha-channel-opacity is-style-wide\"\/>\n\n\n\n<h3 class=\"wp-block-heading\"><a href=\"https:\/\/www.fjardhundraland.se\/es\/platos\/bosque-alimentario-de-girasoles\/\" data-type=\"plats\" data-id=\"10170\">Solkulla Matskog<\/a><\/h3>\n\n\n\n<p>Un jard\u00edn con muchas plantas comestibles perennes, lo llamamos Matskog\/Skogstr\u00e4dg\u00e5rd y plantamos el primer \u00e1rbol en 2019. Vendemos fika. Lia est\u00e1 en el sitio para guiar y responder preguntas. Cerca hay una zona de ba\u00f1o y un restaurante de golf.&nbsp;&nbsp;<\/p>\n\n\n\n<p><em>Abierto el mi\u00e9rcoles 27 de julio, de 11.00 a 17.00 h.<\/em><\/p>\n\n\n\n<p>Direcci\u00f3n: <a href=\"https:\/\/goo.gl\/maps\/RGS42WtreCAcCeaj9\" target=\"_blank\" rel=\"noreferrer noopener\">Kulla 5, 749 62 \u00d6rsundsbro<\/a><\/p>\n\n\n\n<hr class=\"wp-block-separator has-alpha-channel-opacity is-style-wide\"\/>\n\n\n\n<h3 class=\"wp-block-heading\"><a href=\"https:\/\/www.fjardhundraland.se\/es\/platos\/anabben-bar-jam\/\" data-type=\"plats\" data-id=\"9963\">El garaje de mermeladas<\/a><\/h3>\n\n\n\n<p>El taller de mermeladas tendr\u00e1 una amplia gama de confituras y mermeladas. Oferta extra en mermeladas de verano durante el d\u00eda. Todas las confituras y mermeladas contienen 69% de bayas y solo 100% de bayas suecas.<\/p>\n\n\n\n<p>Tambi\u00e9n habr\u00e1 caf\u00e9, bocadillos y pasteles a la venta.<\/p>\n\n\n\n<p><a href=\"https:\/\/www.anabben.com\" target=\"_blank\" rel=\"noopener\">www.anabben.com<\/a><\/p>\n\n\n\n<p><em>Abierto el mi\u00e9rcoles 27 de julio, de 11.00 a 17.00 h.<\/em><\/p>\n\n\n\n<p>Direcci\u00f3n: <a href=\"https:\/\/goo.gl\/maps\/iS6sqAKnPNV76X3M8\" target=\"_blank\" rel=\"noreferrer noopener\">Verkstadsv\u00e4gen 11, 749 60 \u00d6rsundsbro<\/a><\/p>\n\n\n\n<hr class=\"wp-block-separator has-alpha-channel-opacity is-style-wide\"\/>\n\n\n\n<h3 class=\"wp-block-heading\"><a href=\"https:\/\/www.fjardhundraland.se\/es\/platos\/atun-tradgard\/\" data-type=\"plats\" data-id=\"4018\">Jard\u00edn de at\u00fan<\/a><\/h3>\n\n\n\n<p>Bienvenido a nuestro bien surtido vivero. Aqu\u00ed podr\u00e1 orientarse entre rosales, arbustos y \u00e1rboles ornamentales, plantas vivaces y una amplia gama de arbustos frutales y bayas.<br>En nuestra cafeter\u00eda podr\u00e1 disfrutar de un caf\u00e9 o un helado.<br>Para m\u00e1s informaci\u00f3n, vis\u00edtenos en <a href=\"https:\/\/www.tunatradgard.se\/\" target=\"_blank\" rel=\"noopener\">www.tunatradgard.<\/a><a href=\"https:\/\/www.tunatradgard.se\/\" target=\"_blank\" rel=\"noreferrer noopener\">v\u00e9ase<\/a>, <a href=\"https:\/\/www.instagram.com\/tunatradgard\/\" target=\"_blank\" rel=\"noreferrer noopener\">instagram<\/a> o <a href=\"https:\/\/www.facebook.com\/tunatradgard\" target=\"_blank\" rel=\"noreferrer noopener\">facebook<\/a>.<\/p>\n\n\n\n<p><em>Abierto el mi\u00e9rcoles 27 de julio, de 10.00 a 18.00 h.<\/em><br>Horario habitual: Laborables 10-18, Fines de semana 10-16.<\/p>\n\n\n\n<p>Direcci\u00f3n: <a href=\"https:\/\/goo.gl\/maps\/LngyLveWDwqc2CdS6\" target=\"_blank\" rel=\"noreferrer noopener\">Hj\u00e4lsta Tuna 37, 749 62 \u00d6rsundsbro<\/a><\/p>\n\n\n\n<hr class=\"wp-block-separator has-alpha-channel-opacity is-style-wide\"\/>\n\n\n\n<h3 class=\"wp-block-heading\"><a href=\"https:\/\/www.fjardhundraland.se\/es\/platos\/tradgard-turismo-en-enkoping\/\" data-type=\"plats\" data-id=\"6970\">Turismo de jard\u00edn Enk\u00f6ping<\/a><\/h3>\n\n\n\n<p>Visita guiada a los parques Enk\u00f6ping o paquete de d\u00eda completo a Enk\u00f6ping con visita guiada a los parques Enk\u00f6ping y visita a la granja Westerlundska. Vea la <a href=\"https:\/\/www.tradgardsturismenkoping.se\/dagsutflykt-parker-och-enkopings-museum\/\" target=\"_blank\" rel=\"noreferrer noopener\">https:\/\/www.tradgardsturismenkoping.se\/dagsutflykt-parker-och-enkopings-museum\/<\/a><\/p>\n\n\n\n<p><em>Excursi\u00f3n de un d\u00eda Mi\u00e9rcoles 27 de julio, 11-17.<\/em> Reserve su plaza a trav\u00e9s de <a href=\"https:\/\/www.tradgardsturismenkoping.se\/dagsutflykt-parker-och-enkopings-museum\/\" target=\"_blank\" rel=\"noreferrer noopener\">el sitio web<\/a>.&nbsp;<\/p>\n\n\n\n<hr class=\"wp-block-separator has-alpha-channel-opacity is-style-wide\"\/>\n\n\n\n<h3 class=\"wp-block-heading\"><a href=\"https:\/\/www.fjardhundraland.se\/es\/platos\/vallgarns-gardsmejeri\/\" data-type=\"plats\" data-id=\"1941\">Granja lechera de Vallgarn<\/a><\/h3>\n\n\n\n<p>Quesos de suero elaborados con leche de vaca y de cabra. Queso de fuego y tarta de queso.<\/p>\n\n\n\n<p><em>Abierto el mi\u00e9rcoles 27 de julio, de 10.00 a 17.00 h.<\/em><\/p>\n\n\n\n<p>Direcci\u00f3n: <a href=\"https:\/\/goo.gl\/maps\/1GVXAHwUBDQpUgud6\" target=\"_blank\" rel=\"noreferrer noopener\">Vallgarn 17, 745 96 Enk\u00f6ping<\/a><\/p>\n\n\n\n<hr class=\"wp-block-separator has-alpha-channel-opacity is-style-wide\"\/>\n\n\n\n<h3 class=\"wp-block-heading\"><a href=\"https:\/\/www.fjardhundraland.se\/es\/platos\/cafe-100\/\" data-type=\"plats\" data-id=\"8357\">Viltmakeriet\/Caf\u00e9 100<\/a><\/h3>\n\n\n\n<p>Viltmakeriet y Caf\u00e9 100 es una combinaci\u00f3n \u00fanica en la que puede comprar carne de caza en nuestro matadero y tambi\u00e9n disfrutar de pan de caf\u00e9 casero, comer un buen almuerzo sencillo y, para los que quieran, tambi\u00e9n disfrutar de una copa de vino en nuestro caf\u00e9 con asientos al aire libre. Actualmente, en nuestro matadero nos centramos en el jabal\u00ed, pero durante la temporada de caza tambi\u00e9n hay carne de corzo y ciervo. \u00a1Le damos una calurosa bienvenida!<\/p>\n\n\n\n<p><em>Abierto el mi\u00e9rcoles 27 de julio, de 11.00 a 17.00 h.<\/em><br>Abierto tambi\u00e9n los d\u00edas 29 y 30 de julio, de 11.00 a 16.00 h.<\/p>\n\n\n\n<p>Direcci\u00f3n: <a href=\"https:\/\/goo.gl\/maps\/bW6zaQAa49HoTZuz5\" target=\"_blank\" rel=\"noreferrer noopener\">Stationsv\u00e4gen 6, 749 70 Fj\u00e4rdhundra<\/a><\/p>\n\n\n\n<hr class=\"wp-block-separator has-alpha-channel-opacity is-style-wide\"\/>\n\n\n\n<h3 class=\"wp-block-heading\"><a href=\"https:\/\/www.fjardhundraland.se\/es\/platos\/castillo-de-wiks\/\" data-type=\"plats\" data-id=\"4901\">Castillo de Wik<\/a><\/h3>\n\n\n\n<p>El bar del jard\u00edn abre de 11.30 a 15 y de 15 a 22. El quiosco de Sj\u00f6stugan abre de 11 a 17 con helados y caf\u00e9. O dar un agradable paseo por el parque del castillo. Wikstigen (3,2 km) te lleva a trav\u00e9s de bosques caducifolios, pastos y m\u00e1s all\u00e1 del manzanar. La zona de ba\u00f1o es un destino popular, que adem\u00e1s cuenta con una rampa de ba\u00f1o accesible. Kojbyggarlandet es una aventura en la que todos pueden construir sus propias caba\u00f1as.<\/p>\n\n\n\n<p><em>Abierto el mi\u00e9rcoles 27 de julio, de 11.00 a 17.00 h.<\/em> (El quiosco de Sj\u00f6stugan.)<br>El parque est\u00e1 siempre abierto. La recepci\u00f3n est\u00e1 abierta de 07.30 a 18.30.<\/p>\n\n\n\n<p>Direcci\u00f3n: <a href=\"https:\/\/g.page\/Wiksslott?share\" target=\"_blank\" rel=\"noreferrer noopener\">Viks Mur 29, 755 91 Uppsala<\/a><\/p>","protected":false},"excerpt":{"rendered":"<p>Vi har \u00f6ppet minst 11\u201317 p\u00e5 aktivitetsdagen under O-ringen Uppsala 2022 Samtliga st\u00e4llen h\u00e4r har \u00f6ppet under aktivitetsdagen 27\/7. H\u00e4r \u00e4r en karta med alla st\u00e4llen (Google maps) Klicka p\u00e5 adressen f\u00f6r Google-karta f\u00f6r enskilt st\u00e4lle Klicka p\u00e5 rubriken f\u00f6r mer info om varje st\u00e4lle. \u00d6ppettiderna 27\/7 \u00e4r 11\u201317 eller l\u00e4ngre! Axel&amp;Gren V\u00e4lkommen till v\u00e5r [&hellip;]<\/p>\n","protected":false},"author":1,"featured_media":10784,"comment_status":"closed","ping_status":"closed","sticky":false,"template":"","format":"standard","meta":{"_acf_changed":false,"_relevanssi_hide_post":"","_relevanssi_hide_content":"","_relevanssi_pin_for_all":"","_relevanssi_pin_keywords":"","_relevanssi_unpin_keywords":"","_relevanssi_related_keywords":"","_relevanssi_related_include_ids":"","_relevanssi_related_exclude_ids":"","_relevanssi_related_no_append":"","_relevanssi_related_not_related":"","_relevanssi_related_posts":"","_relevanssi_noindex_reason":"","_genesis_hide_title":false,"_genesis_hide_breadcrumbs":false,"_genesis_hide_singular_image":false,"_genesis_hide_footer_widgets":false,"_genesis_custom_body_class":"","_genesis_custom_post_class":"","_genesis_layout":"","_jetpack_memberships_contains_paid_content":false,"footnotes":""},"categories":[285,87],"tags":[],"class_list":{"0":"post-10783","1":"post","2":"type-post","3":"status-publish","4":"format-standard","5":"has-post-thumbnail","7":"category-orientering","8":"category-utflykt","9":"entry"},"acf":[],"visa":null,"geo_latitude":null,"geo_longitude":null,"jetpack_featured_media_url":"https:\/\/www.fjardhundraland.se\/wp-content\/uploads\/2022\/06\/orintering-oringen-uppsala-aktivitetsdag.jpg","featured_image_src":"https:\/\/www.fjardhundraland.se\/wp-content\/uploads\/2022\/06\/orintering-oringen-uppsala-aktivitetsdag.jpg","featured_image_src_square":"https:\/\/www.fjardhundraland.se\/wp-content\/uploads\/2022\/06\/orintering-oringen-uppsala-aktivitetsdag.jpg","author_info":{"display_name":"Mats Thorburn","author_link":"https:\/\/www.fjardhundraland.se\/es\/author\/matst\/"},"jetpack-related-posts":[{"id":5950,"url":"https:\/\/www.fjardhundraland.se\/es\/utflykt\/2022\/o-ringen-uppsala-2022-utflykter-aktiviteter\/","url_meta":{"origin":10783,"position":0},"title":"Juntas t\u00f3ricas Uppsala 2022","author":"Mats Thorburn","date":"1 junio 2022","format":false,"excerpt":"O-ringen Uppsala - excursiones, actividades y destinos tur\u00edsticos \u00bfEst\u00e1 en el O-ringen Uppsala y planea una excursi\u00f3n? A un corto trayecto en coche o bicicleta, encontrar\u00e1s Fj\u00e4rdhundraland, la tierra entre Uppsala, V\u00e4ster\u00e5s, Enk\u00f6ping y Estocolmo, con lo mejor de la naturaleza, la gastronom\u00eda y la cultura. \u00a1Una Toscana en miniatura a una c\u00f3moda distancia de la ciudad del anillo O! 29 plazas...","rel":"","context":"En \u00abUtflykt\u00bb","block_context":{"text":"Utflykt","link":"https:\/\/www.fjardhundraland.se\/es\/utflykt\/"},"img":{"alt_text":"Orientering Oringen Uppsala aktivitetsdag","src":"https:\/\/i0.wp.com\/www.fjardhundraland.se\/wp-content\/uploads\/2022\/06\/orintering-oringen-uppsala-aktivitetsdag.jpg?resize=350%2C200&ssl=1","width":350,"height":200,"srcset":"https:\/\/i0.wp.com\/www.fjardhundraland.se\/wp-content\/uploads\/2022\/06\/orintering-oringen-uppsala-aktivitetsdag.jpg?resize=350%2C200&ssl=1 1x, https:\/\/i0.wp.com\/www.fjardhundraland.se\/wp-content\/uploads\/2022\/06\/orintering-oringen-uppsala-aktivitetsdag.jpg?resize=525%2C300&ssl=1 1.5x, https:\/\/i0.wp.com\/www.fjardhundraland.se\/wp-content\/uploads\/2022\/06\/orintering-oringen-uppsala-aktivitetsdag.jpg?resize=700%2C400&ssl=1 2x, https:\/\/i0.wp.com\/www.fjardhundraland.se\/wp-content\/uploads\/2022\/06\/orintering-oringen-uppsala-aktivitetsdag.jpg?resize=1050%2C600&ssl=1 3x, https:\/\/i0.wp.com\/www.fjardhundraland.se\/wp-content\/uploads\/2022\/06\/orintering-oringen-uppsala-aktivitetsdag.jpg?resize=1400%2C800&ssl=1 4x"},"classes":[]},{"id":4590,"url":"https:\/\/www.fjardhundraland.se\/es\/rebusrunda\/2017\/startkort-kartor-till-rebusrundan-2017\/","url_meta":{"origin":10783,"position":1},"title":"Fichas de salida y mapas para Rebusrundan 2017","author":"Mats Thorburn","date":"31 julio 2017","format":false,"excerpt":"Dags att \u00e5ka p\u00e5 Rebusrundan! Hur hittar du till alla 40 st\u00e4llena? Startkort med karta\u00a0att skriva ut [pdf] \u2022\u00a0Alternativ version om du har problem med utskriften\u00a0[pdf] Karta med alla medverkande\u00a0[Google Maps] \u2013 h\u00e4r kan du f\u00e5 v\u00e4gvisning i telefonen.\u00a0Har du inte navigerat med hj\u00e4lp av Google Maps tidigare?\u00a0S\u00e5 h\u00e4r g\u00f6r\u2026","rel":"","context":"En \u00abRebusrunda\u00bb","block_context":{"text":"Rebusrunda","link":"https:\/\/www.fjardhundraland.se\/es\/rebusrunda\/"},"img":{"alt_text":"Startkort rebusrundan","src":"https:\/\/i0.wp.com\/www.fjardhundraland.se\/wp-content\/uploads\/2017\/07\/startkortrebus17-tryck.jpg?resize=350%2C200&ssl=1","width":350,"height":200,"srcset":"https:\/\/i0.wp.com\/www.fjardhundraland.se\/wp-content\/uploads\/2017\/07\/startkortrebus17-tryck.jpg?resize=350%2C200&ssl=1 1x, https:\/\/i0.wp.com\/www.fjardhundraland.se\/wp-content\/uploads\/2017\/07\/startkortrebus17-tryck.jpg?resize=525%2C300&ssl=1 1.5x, https:\/\/i0.wp.com\/www.fjardhundraland.se\/wp-content\/uploads\/2017\/07\/startkortrebus17-tryck.jpg?resize=700%2C400&ssl=1 2x, https:\/\/i0.wp.com\/www.fjardhundraland.se\/wp-content\/uploads\/2017\/07\/startkortrebus17-tryck.jpg?resize=1050%2C600&ssl=1 3x, https:\/\/i0.wp.com\/www.fjardhundraland.se\/wp-content\/uploads\/2017\/07\/startkortrebus17-tryck.jpg?resize=1400%2C800&ssl=1 4x"},"classes":[]},{"id":4687,"url":"https:\/\/www.fjardhundraland.se\/es\/mat-manniskor\/2017\/mat-manniskor-2017\/","url_meta":{"origin":10783,"position":2},"title":"Comida y gente 2017","author":"Mats Thorburn","date":"21 agosto 2017","format":false,"excerpt":"El Food &amp; People food tour fue un gran \u00e9xito los dos primeros a\u00f1os, con miles de visitantes en busca de experiencias gastron\u00f3micas. El domingo 24 de septiembre de 2017, de 11:00 a 17:00, llega el turno de la tercera edici\u00f3n. Visita a productores y amantes de la gastronom\u00eda en plena \u00e9poca de cosecha. Usted elige entre quince lugares diferentes. En algunos lugares hay varios...","rel":"","context":"En \u00abMat &amp; m\u00e4nniskor\u00bb","block_context":{"text":"Mat &amp; m\u00e4nniskor","link":"https:\/\/www.fjardhundraland.se\/es\/mat-manniskor\/"},"img":{"alt_text":"S\u00f6rg\u00e5rden gr\u00f6nt Chili","src":"https:\/\/i0.wp.com\/www.fjardhundraland.se\/wp-content\/uploads\/2017\/08\/socc88rgacc8arden-grocc88nt-chili.jpg?resize=350%2C200&ssl=1","width":350,"height":200,"srcset":"https:\/\/i0.wp.com\/www.fjardhundraland.se\/wp-content\/uploads\/2017\/08\/socc88rgacc8arden-grocc88nt-chili.jpg?resize=350%2C200&ssl=1 1x, https:\/\/i0.wp.com\/www.fjardhundraland.se\/wp-content\/uploads\/2017\/08\/socc88rgacc8arden-grocc88nt-chili.jpg?resize=525%2C300&ssl=1 1.5x, https:\/\/i0.wp.com\/www.fjardhundraland.se\/wp-content\/uploads\/2017\/08\/socc88rgacc8arden-grocc88nt-chili.jpg?resize=700%2C400&ssl=1 2x, https:\/\/i0.wp.com\/www.fjardhundraland.se\/wp-content\/uploads\/2017\/08\/socc88rgacc8arden-grocc88nt-chili.jpg?resize=1050%2C600&ssl=1 3x, https:\/\/i0.wp.com\/www.fjardhundraland.se\/wp-content\/uploads\/2017\/08\/socc88rgacc8arden-grocc88nt-chili.jpg?resize=1400%2C800&ssl=1 4x"},"classes":[]},{"id":3098,"url":"https:\/\/www.fjardhundraland.se\/es\/utflykt\/2016\/paskoppet-i-fjardhundraland\/","url_meta":{"origin":10783,"position":3},"title":"Compras de Semana Santa en Fj\u00e4rdhundraland 2016","author":"Mats Thorburn","date":"23 marzo 2016","format":false,"excerpt":"Esta Semana Santa, muchas de las joyas del Fj\u00e4rdhundraland se abren a los visitantes a principios de primavera. Es hora de salir del invierno y hacer un viaje, por las carreteras secundarias, a la tranquilidad, la naturaleza y la comida de verdad. Abierto en Semana Santa: Alsta Tr\u00e4dg\u00e5rdar abre de viernes a lunes, del 11 al 16, con la primera exposici\u00f3n de la primavera, con orfebrer\u00eda,...","rel":"","context":"En \u00abUtflykt\u00bb","block_context":{"text":"Utflykt","link":"https:\/\/www.fjardhundraland.se\/es\/utflykt\/"},"img":{"alt_text":"","src":"https:\/\/i0.wp.com\/www.fjardhundraland.se\/wp-content\/uploads\/2016\/03\/egg.jpg?resize=350%2C200&ssl=1","width":350,"height":200,"srcset":"https:\/\/i0.wp.com\/www.fjardhundraland.se\/wp-content\/uploads\/2016\/03\/egg.jpg?resize=350%2C200&ssl=1 1x, https:\/\/i0.wp.com\/www.fjardhundraland.se\/wp-content\/uploads\/2016\/03\/egg.jpg?resize=525%2C300&ssl=1 1.5x, https:\/\/i0.wp.com\/www.fjardhundraland.se\/wp-content\/uploads\/2016\/03\/egg.jpg?resize=700%2C400&ssl=1 2x, https:\/\/i0.wp.com\/www.fjardhundraland.se\/wp-content\/uploads\/2016\/03\/egg.jpg?resize=1050%2C600&ssl=1 3x, https:\/\/i0.wp.com\/www.fjardhundraland.se\/wp-content\/uploads\/2016\/03\/egg.jpg?resize=1400%2C800&ssl=1 4x"},"classes":[]},{"id":4023,"url":"https:\/\/www.fjardhundraland.se\/es\/utflykt\/2017\/paskoppet-fjardhundraland-2017\/","url_meta":{"origin":10783,"position":4},"title":"Compras de Semana Santa en Fj\u00e4rdhundraland 2017","author":"Ylva Fontell","date":"5 abril 2017","format":false,"excerpt":"Esta Semana Santa, muchas de las joyas del Fj\u00e4rdhundraland se abren a los visitantes. Recorra sinuosos caminos rurales, encuentre paz y tranquilidad, escuche el canto de los p\u00e1jaros y saboree las delicias de Pascua. Abierto en Semana Santa: Alsta Gardens abre del Viernes Santo al Lunes de Pascua, del 11 al 16. La primera exposici\u00f3n de la primavera con tejidos de Eva Sundstr\u00f6m y cer\u00e1mica,...","rel":"","context":"En \u00abUtflykt\u00bb","block_context":{"text":"Utflykt","link":"https:\/\/www.fjardhundraland.se\/es\/utflykt\/"},"img":{"alt_text":"P\u00e5sktupp","src":"https:\/\/i0.wp.com\/www.fjardhundraland.se\/wp-content\/uploads\/2015\/04\/pasktupp-1.jpg?resize=350%2C200&ssl=1","width":350,"height":200,"srcset":"https:\/\/i0.wp.com\/www.fjardhundraland.se\/wp-content\/uploads\/2015\/04\/pasktupp-1.jpg?resize=350%2C200&ssl=1 1x, https:\/\/i0.wp.com\/www.fjardhundraland.se\/wp-content\/uploads\/2015\/04\/pasktupp-1.jpg?resize=525%2C300&ssl=1 1.5x, https:\/\/i0.wp.com\/www.fjardhundraland.se\/wp-content\/uploads\/2015\/04\/pasktupp-1.jpg?resize=700%2C400&ssl=1 2x, https:\/\/i0.wp.com\/www.fjardhundraland.se\/wp-content\/uploads\/2015\/04\/pasktupp-1.jpg?resize=1050%2C600&ssl=1 3x, https:\/\/i0.wp.com\/www.fjardhundraland.se\/wp-content\/uploads\/2015\/04\/pasktupp-1.jpg?resize=1400%2C800&ssl=1 4x"},"classes":[]},{"id":8656,"url":"https:\/\/www.fjardhundraland.se\/es\/tradgard\/2021\/tuva-tappa-2021\/","url_meta":{"origin":10783,"position":5},"title":"Tuva y t\u00e4ppa 2021","author":"Carl-Erik Ekblom","date":"26 mayo 2021","format":false,"excerpt":"Bienvenido a Tuva &amp; T\u00e4ppa 2021 Domingo 4 de julio a las 11-17 Tuva &amp; T\u00e4ppa es un recorrido por jardines en el campo entre Estocolmo, Uppsala, V\u00e4ster\u00e5s, Sala y Enk\u00f6ping. 16 participantes - viveros, cultivadores y jardines privados - participan en la edici\u00f3n de este a\u00f1o de Tuva &amp; T\u00e4ppa.  En los viveros y cultivadores obtendr\u00e1 tanto inspiraci\u00f3n como la oportunidad de...","rel":"","context":"En \u00ab\u00c4ldre inl\u00e4gg\u00bb","block_context":{"text":"\u00c4ldre inl\u00e4gg","link":"https:\/\/www.fjardhundraland.se\/es\/aldre-inlagg\/"},"img":{"alt_text":"Tuva & t\u00e4ppa","src":"https:\/\/i0.wp.com\/www.fjardhundraland.se\/wp-content\/uploads\/2021\/05\/tuva.jpg?resize=350%2C200&ssl=1","width":350,"height":200,"srcset":"https:\/\/i0.wp.com\/www.fjardhundraland.se\/wp-content\/uploads\/2021\/05\/tuva.jpg?resize=350%2C200&ssl=1 1x, https:\/\/i0.wp.com\/www.fjardhundraland.se\/wp-content\/uploads\/2021\/05\/tuva.jpg?resize=525%2C300&ssl=1 1.5x, https:\/\/i0.wp.com\/www.fjardhundraland.se\/wp-content\/uploads\/2021\/05\/tuva.jpg?resize=700%2C400&ssl=1 2x, https:\/\/i0.wp.com\/www.fjardhundraland.se\/wp-content\/uploads\/2021\/05\/tuva.jpg?resize=1050%2C600&ssl=1 3x, https:\/\/i0.wp.com\/www.fjardhundraland.se\/wp-content\/uploads\/2021\/05\/tuva.jpg?resize=1400%2C800&ssl=1 4x"},"classes":[]}],"jetpack_sharing_enabled":true,"_links":{"self":[{"href":"https:\/\/www.fjardhundraland.se\/es\/wp-json\/wp\/v2\/posts\/10783","targetHints":{"allow":["GET"]}}],"collection":[{"href":"https:\/\/www.fjardhundraland.se\/es\/wp-json\/wp\/v2\/posts"}],"about":[{"href":"https:\/\/www.fjardhundraland.se\/es\/wp-json\/wp\/v2\/types\/post"}],"author":[{"embeddable":true,"href":"https:\/\/www.fjardhundraland.se\/es\/wp-json\/wp\/v2\/users\/1"}],"replies":[{"embeddable":true,"href":"https:\/\/www.fjardhundraland.se\/es\/wp-json\/wp\/v2\/comments?post=10783"}],"version-history":[{"count":0,"href":"https:\/\/www.fjardhundraland.se\/es\/wp-json\/wp\/v2\/posts\/10783\/revisions"}],"wp:featuredmedia":[{"embeddable":true,"href":"https:\/\/www.fjardhundraland.se\/es\/wp-json\/wp\/v2\/media\/10784"}],"wp:attachment":[{"href":"https:\/\/www.fjardhundraland.se\/es\/wp-json\/wp\/v2\/media?parent=10783"}],"wp:term":[{"taxonomy":"category","embeddable":true,"href":"https:\/\/www.fjardhundraland.se\/es\/wp-json\/wp\/v2\/categories?post=10783"},{"taxonomy":"post_tag","embeddable":true,"href":"https:\/\/www.fjardhundraland.se\/es\/wp-json\/wp\/v2\/tags?post=10783"}],"curies":[{"name":"wp","href":"https:\/\/api.w.org\/{rel}","templated":true}]}}