
{"id":10641,"date":"2022-06-13T16:20:24","date_gmt":"2022-06-13T14:20:24","guid":{"rendered":"https:\/\/www.fjardhundraland.se\/?p=10641"},"modified":"2026-02-05T13:42:56","modified_gmt":"2026-02-05T12:42:56","slug":"nuevas-colaboraciones-sobre-produccion-alimentaria-en-uppland-2","status":"publish","type":"post","link":"https:\/\/www.fjardhundraland.se\/es\/inlagg\/2022\/nya-samarbeten-kring-narproducerad-mat-i-uppland-2\/","title":{"rendered":"Nuevas colaboraciones sobre alimentos producidos localmente en Uppland"},"content":{"rendered":"<p>Fj\u00e4rdhundraland dirigi\u00f3 el proyecto <em>Nuevas colaboraciones sobre alimentos producidos localmente en Uppland<\/em>. Los socios de cooperaci\u00f3n son, adem\u00e1s de Fj\u00e4rdhundraland, Smaka p\u00e5 V\u00e4stmanland, Bondens mat i Uppland y los REKO-rings de Uppsala y Enk\u00f6ping. La idea del proyecto era establecer una cooperaci\u00f3n entre varias redes diferentes de productores de alimentos. Como parte del proyecto, el 10 de agosto celebramos un acto de creaci\u00f3n de redes para artesanos alimentarios en el castillo de Wik. Y el 3 de septiembre de 2022, se llevaron a cabo actividades en un mercado de alimentos con comida local en el D\u00eda del Jard\u00edn en Enk\u00f6ping. En la zona del mercado de alimentos, ofrecimos un programa esc\u00e9nico en el que destacamos a los artesanos alimentarios y los productos locales. Todo para facilitar a los consumidores la b\u00fasqueda de alimentos buenos y locales.<\/p>\n\n\n\n<figure class=\"wp-block-image size-large is-resized\"><img decoding=\"async\" width=\"713\" height=\"680\" data-attachment-id=\"10642\" data-permalink=\"https:\/\/www.fjardhundraland.se\/es\/inlagg\/2022\/nya-samarbeten-kring-narproducerad-mat-i-uppland-2\/attachment\/eu-logo-jordbruksfonden-farg\/\" data-orig-file=\"https:\/\/www.fjardhundraland.se\/wp-content\/uploads\/2022\/06\/eu-logo-jordbruksfonden-farg.svg\" data-orig-size=\"713,680\" data-comments-opened=\"0\" data-image-meta=\"[]\" data-image-title=\"EU-logo-jordbruksfonden-farg\" data-image-description=\"\" data-image-caption=\"\" data-large-file=\"https:\/\/www.fjardhundraland.se\/wp-content\/uploads\/2022\/06\/eu-logo-jordbruksfonden-farg.svg\" src=\"https:\/\/www.fjardhundraland.se\/wp-content\/uploads\/2022\/06\/eu-logo-jordbruksfonden-farg.svg\" alt=\"Logotipo UE fondo agr\u00edcola\" class=\"wp-image-10642\" style=\"width:131px;height:125px\" title=\"\"><\/figure>","protected":false},"excerpt":{"rendered":"<p>Fj\u00e4rdhundraland drev projektet Nya samarbeten kring n\u00e4rproducerad mat i Uppland. Samarbetspartnerna \u00e4r \u2013 f\u00f6rutom Fj\u00e4rdhundraland \u2013 Smaka p\u00e5 V\u00e4stmanland, Bondens mat i Uppland och REKO-ringarna i Uppsala och Enk\u00f6ping. Projektid\u00e9n syftade till att etablera samarbete mellan flera olika n\u00e4tverk av livsmedelsproducenter. I projektet genomf\u00f6rde vi en n\u00e4tverkstr\u00e4ff f\u00f6r mathantverkare den 10 augusti p\u00e5 Wiks slott. [&hellip;]<\/p>\n","protected":false},"author":1,"featured_media":15844,"comment_status":"closed","ping_status":"closed","sticky":false,"template":"","format":"standard","meta":{"_acf_changed":false,"_relevanssi_hide_post":"","_relevanssi_hide_content":"","_relevanssi_pin_for_all":"","_relevanssi_pin_keywords":"","_relevanssi_unpin_keywords":"","_relevanssi_related_keywords":"","_relevanssi_related_include_ids":"","_relevanssi_related_exclude_ids":"","_relevanssi_related_no_append":"","_relevanssi_related_not_related":"","_relevanssi_related_posts":"6753,12584,5379,3905,4863,2677","_relevanssi_noindex_reason":"","_genesis_hide_title":false,"_genesis_hide_breadcrumbs":false,"_genesis_hide_singular_image":false,"_genesis_hide_footer_widgets":false,"_genesis_custom_body_class":"","_genesis_custom_post_class":"","_genesis_layout":"","_jetpack_memberships_contains_paid_content":false,"footnotes":""},"categories":[353,1],"tags":[],"class_list":{"0":"post-10641","1":"post","2":"type-post","3":"status-publish","4":"format-standard","5":"has-post-thumbnail","7":"category-aldre-inlagg","8":"category-inlagg","9":"entry"},"acf":[],"visa":null,"geo_latitude":null,"geo_longitude":null,"jetpack_featured_media_url":"https:\/\/www.fjardhundraland.se\/wp-content\/uploads\/2022\/06\/img-6445.jpg","featured_image_src":"https:\/\/www.fjardhundraland.se\/wp-content\/uploads\/2022\/06\/img-6445-600x400.jpg","featured_image_src_square":"https:\/\/www.fjardhundraland.se\/wp-content\/uploads\/2022\/06\/img-6445-600x600.jpg","author_info":{"display_name":"Mats Thorburn","author_link":"https:\/\/www.fjardhundraland.se\/es\/author\/matst\/"},"jetpack-related-posts":[{"id":6753,"url":"https:\/\/www.fjardhundraland.se\/es\/inlagg\/2020\/nya-samarbeten-kring-narproducerad-mat-i-uppland\/","url_meta":{"origin":10641,"position":0},"title":"Nuevas colaboraciones sobre alimentos producidos localmente en Uppland","author":"Mats Thorburn","date":"21 abril 2020","format":false,"excerpt":"Fj\u00e4rdhundraland ek. f\u00f6r. ha recibido una ayuda dentro del Programa de Desarrollo Rural para el proyecto Nuevas colaboraciones en alimentos producidos localmente en Uppland. El proyecto se lleva a cabo en estrecha colaboraci\u00f3n con otros agentes de la alimentaci\u00f3n local: Bondens Mat i Uppland, Smaka p\u00e5 V\u00e4stmanland y los anillos REKO de Enk\u00f6ping y Uppsala. Tambi\u00e9n hemos explorado el inter\u00e9s de S\u00f6rmlands Matkluster y...","rel":"","context":"En \u00abInl\u00e4gg\u00bb","block_context":{"text":"Inl\u00e4gg","link":"https:\/\/www.fjardhundraland.se\/es\/inlagg\/"},"img":{"alt_text":"R\u00f6dbetor och gulbetor","src":"https:\/\/i0.wp.com\/www.fjardhundraland.se\/wp-content\/uploads\/2017\/11\/svartbackengronsaks.jpg?resize=350%2C200&ssl=1","width":350,"height":200,"srcset":"https:\/\/i0.wp.com\/www.fjardhundraland.se\/wp-content\/uploads\/2017\/11\/svartbackengronsaks.jpg?resize=350%2C200&ssl=1 1x, https:\/\/i0.wp.com\/www.fjardhundraland.se\/wp-content\/uploads\/2017\/11\/svartbackengronsaks.jpg?resize=525%2C300&ssl=1 1.5x, https:\/\/i0.wp.com\/www.fjardhundraland.se\/wp-content\/uploads\/2017\/11\/svartbackengronsaks.jpg?resize=700%2C400&ssl=1 2x, https:\/\/i0.wp.com\/www.fjardhundraland.se\/wp-content\/uploads\/2017\/11\/svartbackengronsaks.jpg?resize=1050%2C600&ssl=1 3x, https:\/\/i0.wp.com\/www.fjardhundraland.se\/wp-content\/uploads\/2017\/11\/svartbackengronsaks.jpg?resize=1400%2C800&ssl=1 4x"},"classes":[]},{"id":3905,"url":"https:\/\/www.fjardhundraland.se\/es\/turismutveckling\/2017\/augmented-export\/","url_meta":{"origin":10641,"position":1},"title":"Exportaci\u00f3n aumentada - sobre comida, naturaleza y cultura","author":"Mats Thorburn","date":"11 febrero 2017","format":false,"excerpt":"\u00bfQu\u00e9 tipo de comida quieren los visitantes cuando visitan Escandinavia? \u00bfC\u00f3mo podemos aprovechar la calidad que tenemos para encontrar visitantes que quieran una estancia personalizada a peque\u00f1a escala en Suecia? Para responder a estas preguntas, estamos llevando a cabo un proyecto sobre la comida en combinaci\u00f3n con la naturaleza...","rel":"","context":"En \u00abTurismutveckling\u00bb","block_context":{"text":"Turismutveckling","link":"https:\/\/www.fjardhundraland.se\/es\/turismutveckling\/"},"img":{"alt_text":"","src":"","width":0,"height":0},"classes":[]},{"id":4786,"url":"https:\/\/www.fjardhundraland.se\/es\/press\/2020\/fjardhundraland-drivkrafter-samarbete\/","url_meta":{"origin":10641,"position":2},"title":"Fj\u00e4rdhundraland - conductores y cooperaci\u00f3n","author":"Mats Thorburn","date":"31 octubre 2020","format":false,"excerpt":"\u00bfQu\u00e9 es Fj\u00e4rdhundraland? Fj\u00e4rdhundraland es un destino rural en la zona H\u00e5bo-Enk\u00f6ping-V\u00e4ster\u00e5s-Sala-Uppsala gestionado por Fj\u00e4rdhundraland ekonomisk f\u00f6rening. Fj\u00e4rdhundraland tiene su origen en un proyecto Leader 2009-2011 en Fj\u00e4rdhundrabygden. Cuando empez\u00f3, part\u00eda de cero: muy pocas empresas trabajaban con visitantes. Pero r\u00e1pidamente se hizo evidente que hab\u00eda una...","rel":"","context":"En \u00abPress\u00bb","block_context":{"text":"Press","link":"https:\/\/www.fjardhundraland.se\/es\/press\/"},"img":{"alt_text":"Fj\u00e4rdhundraland solnedg\u00e5ng","src":"https:\/\/i0.wp.com\/www.fjardhundraland.se\/wp-content\/uploads\/2017\/10\/fjardhundraland-solnedgang.jpg?resize=350%2C200&ssl=1","width":350,"height":200,"srcset":"https:\/\/i0.wp.com\/www.fjardhundraland.se\/wp-content\/uploads\/2017\/10\/fjardhundraland-solnedgang.jpg?resize=350%2C200&ssl=1 1x, https:\/\/i0.wp.com\/www.fjardhundraland.se\/wp-content\/uploads\/2017\/10\/fjardhundraland-solnedgang.jpg?resize=525%2C300&ssl=1 1.5x, https:\/\/i0.wp.com\/www.fjardhundraland.se\/wp-content\/uploads\/2017\/10\/fjardhundraland-solnedgang.jpg?resize=700%2C400&ssl=1 2x, https:\/\/i0.wp.com\/www.fjardhundraland.se\/wp-content\/uploads\/2017\/10\/fjardhundraland-solnedgang.jpg?resize=1050%2C600&ssl=1 3x, https:\/\/i0.wp.com\/www.fjardhundraland.se\/wp-content\/uploads\/2017\/10\/fjardhundraland-solnedgang.jpg?resize=1400%2C800&ssl=1 4x"},"classes":[]},{"id":5439,"url":"https:\/\/www.fjardhundraland.se\/es\/marknad-2\/2018\/julmarknad-salnecke-slott-2018\/","url_meta":{"origin":10641,"position":3},"title":"Mercado navide\u00f1o en el castillo de Salnecke","author":"Mats Thorburn","date":"7 noviembre 2018","format":false,"excerpt":"\u00a1El 16 de diciembre a las 11-16 es el estreno del nuevo mercado navide\u00f1o en el castillo de Salnecke, \u00d6rsundsbro! En el gran invernadero situado bajo el castillo, se servir\u00e1n productos artesanales hist\u00f3ricos y modernos para la mesa navide\u00f1a: queso, salchichas, pan, Upplandskubb. Adem\u00e1s, complementamos con artesan\u00eda local de alto nivel y actividades alrededor del castillo. Un castillo del siglo XVII en...","rel":"","context":"En \u00abMarknad\u00bb","block_context":{"text":"Marknad","link":"https:\/\/www.fjardhundraland.se\/es\/marknad-2\/"},"img":{"alt_text":"Salnecke julmarknad","src":"https:\/\/i0.wp.com\/www.fjardhundraland.se\/wp-content\/uploads\/2018\/11\/salnecke-julmarknad.jpg?resize=350%2C200&ssl=1","width":350,"height":200,"srcset":"https:\/\/i0.wp.com\/www.fjardhundraland.se\/wp-content\/uploads\/2018\/11\/salnecke-julmarknad.jpg?resize=350%2C200&ssl=1 1x, https:\/\/i0.wp.com\/www.fjardhundraland.se\/wp-content\/uploads\/2018\/11\/salnecke-julmarknad.jpg?resize=525%2C300&ssl=1 1.5x, https:\/\/i0.wp.com\/www.fjardhundraland.se\/wp-content\/uploads\/2018\/11\/salnecke-julmarknad.jpg?resize=700%2C400&ssl=1 2x, https:\/\/i0.wp.com\/www.fjardhundraland.se\/wp-content\/uploads\/2018\/11\/salnecke-julmarknad.jpg?resize=1050%2C600&ssl=1 3x, https:\/\/i0.wp.com\/www.fjardhundraland.se\/wp-content\/uploads\/2018\/11\/salnecke-julmarknad.jpg?resize=1400%2C800&ssl=1 4x"},"classes":[]},{"id":5379,"url":"https:\/\/www.fjardhundraland.se\/es\/mat\/2018\/smaker-pa-kvek\/","url_meta":{"origin":10641,"position":4},"title":"Sabores de Kvek","author":"Mats Thorburn","date":"11 agosto 2018","format":false,"excerpt":"El Kvekg\u00e5rden del siglo XIX se encuentra con el Fj\u00e4rdhundraland de 2018 El domingo 19\/8, el proyecto Comida Hist\u00f3rica en el Fj\u00e4rdhundraland le invita a un d\u00eda de comida e historia a peque\u00f1a escala en el Kvekg\u00e5rden, la antigua granja bien conservada situada a las afueras del \u00d6rsundsbro. El evento ofrece una experiencia de degustaci\u00f3n diferente de la \u00e9poca en que se utilizaba la granja, pero...","rel":"","context":"En \u00ab\u00c4ldre inl\u00e4gg\u00bb","block_context":{"text":"\u00c4ldre inl\u00e4gg","link":"https:\/\/www.fjardhundraland.se\/es\/aldre-inlagg\/"},"img":{"alt_text":"Kvekga\u030arden","src":"https:\/\/i0.wp.com\/www.fjardhundraland.se\/wp-content\/uploads\/2018\/08\/kvekgacc8arden.jpg?resize=350%2C200&ssl=1","width":350,"height":200,"srcset":"https:\/\/i0.wp.com\/www.fjardhundraland.se\/wp-content\/uploads\/2018\/08\/kvekgacc8arden.jpg?resize=350%2C200&ssl=1 1x, https:\/\/i0.wp.com\/www.fjardhundraland.se\/wp-content\/uploads\/2018\/08\/kvekgacc8arden.jpg?resize=525%2C300&ssl=1 1.5x, https:\/\/i0.wp.com\/www.fjardhundraland.se\/wp-content\/uploads\/2018\/08\/kvekgacc8arden.jpg?resize=700%2C400&ssl=1 2x, https:\/\/i0.wp.com\/www.fjardhundraland.se\/wp-content\/uploads\/2018\/08\/kvekgacc8arden.jpg?resize=1050%2C600&ssl=1 3x, https:\/\/i0.wp.com\/www.fjardhundraland.se\/wp-content\/uploads\/2018\/08\/kvekgacc8arden.jpg?resize=1400%2C800&ssl=1 4x"},"classes":[]},{"id":572,"url":"https:\/\/www.fjardhundraland.se\/es\/gardsbutiker\/2011\/lagerlofska-magasinet\/","url_meta":{"origin":10641,"position":5},"title":"Tienda de alimentaci\u00f3n y curiosidades","author":"Mats Thorburn","date":"9 agosto 2011","format":false,"excerpt":"A 3 km al norte de Enk\u00f6ping, a tiro de piedra de la autopista 70, se encuentra la tienda agr\u00edcola Lagerl\u00f6fska magasinet. Aqu\u00ed puedes comprar alimentos de producci\u00f3n local, artesan\u00eda y arte de artesanos locales.","rel":"","context":"En \u00ab\u00c4ldre inl\u00e4gg\u00bb","block_context":{"text":"\u00c4ldre inl\u00e4gg","link":"https:\/\/www.fjardhundraland.se\/es\/aldre-inlagg\/"},"img":{"alt_text":"Lagerl\u00f6fska magasinet","src":"https:\/\/i0.wp.com\/www.fjardhundraland.se\/wp-content\/uploads\/2011\/08\/2011-bilder-239-1024x768-630x472.jpg?resize=350%2C200&ssl=1","width":350,"height":200,"srcset":"https:\/\/i0.wp.com\/www.fjardhundraland.se\/wp-content\/uploads\/2011\/08\/2011-bilder-239-1024x768-630x472.jpg?resize=350%2C200&ssl=1 1x, https:\/\/i0.wp.com\/www.fjardhundraland.se\/wp-content\/uploads\/2011\/08\/2011-bilder-239-1024x768-630x472.jpg?resize=525%2C300&ssl=1 1.5x"},"classes":[]}],"jetpack_sharing_enabled":true,"_links":{"self":[{"href":"https:\/\/www.fjardhundraland.se\/es\/wp-json\/wp\/v2\/posts\/10641","targetHints":{"allow":["GET"]}}],"collection":[{"href":"https:\/\/www.fjardhundraland.se\/es\/wp-json\/wp\/v2\/posts"}],"about":[{"href":"https:\/\/www.fjardhundraland.se\/es\/wp-json\/wp\/v2\/types\/post"}],"author":[{"embeddable":true,"href":"https:\/\/www.fjardhundraland.se\/es\/wp-json\/wp\/v2\/users\/1"}],"replies":[{"embeddable":true,"href":"https:\/\/www.fjardhundraland.se\/es\/wp-json\/wp\/v2\/comments?post=10641"}],"version-history":[{"count":1,"href":"https:\/\/www.fjardhundraland.se\/es\/wp-json\/wp\/v2\/posts\/10641\/revisions"}],"predecessor-version":[{"id":19778,"href":"https:\/\/www.fjardhundraland.se\/es\/wp-json\/wp\/v2\/posts\/10641\/revisions\/19778"}],"wp:featuredmedia":[{"embeddable":true,"href":"https:\/\/www.fjardhundraland.se\/es\/wp-json\/wp\/v2\/media\/15844"}],"wp:attachment":[{"href":"https:\/\/www.fjardhundraland.se\/es\/wp-json\/wp\/v2\/media?parent=10641"}],"wp:term":[{"taxonomy":"category","embeddable":true,"href":"https:\/\/www.fjardhundraland.se\/es\/wp-json\/wp\/v2\/categories?post=10641"},{"taxonomy":"post_tag","embeddable":true,"href":"https:\/\/www.fjardhundraland.se\/es\/wp-json\/wp\/v2\/tags?post=10641"}],"curies":[{"name":"wp","href":"https:\/\/api.w.org\/{rel}","templated":true}]}}