
{"id":10606,"date":"2022-06-09T10:12:14","date_gmt":"2022-06-09T08:12:14","guid":{"rendered":"https:\/\/www.fjardhundraland.se\/?p=10606"},"modified":"2026-02-05T13:42:56","modified_gmt":"2026-02-05T12:42:56","slug":"arte-del-retrato-con-presencia-las-fotografias-de-john-alinder-se-exponen-ahora-en-fjardhundraland","status":"publish","type":"post","link":"https:\/\/www.fjardhundraland.se\/es\/inlagg\/2022\/portrattkonst-med-narvaro-nu-visas-john-alinders-fotografier-i-fjardhundraland\/","title":{"rendered":"Retrato con presencia: vea las fotograf\u00edas de John Alinder"},"content":{"rendered":"<p><strong>Este verano, los retratos del fot\u00f3grafo John Alinder se presentar\u00e1n en una gran exposici\u00f3n en una colaboraci\u00f3n entre Fj\u00e4rdhundraland y Upplandsmuseet. Le damos la bienvenida a la inauguraci\u00f3n el domingo 19 de junio a las 11 de la ma\u00f1ana.<\/strong><\/p>\n\n\n\n<p>El d\u00eda de la inauguraci\u00f3n, el 19 de junio, abriremos la exposici\u00f3n, pero tambi\u00e9n celebraremos un D\u00eda de la Cultura, con m\u00fasica, teatro infantil y un mercado de artesan\u00eda. <a href=\"https:\/\/www.fjardhundraland.se\/es\/oferta\/kulturdag-vernissage\/\" data-type=\"erbjudande\" data-id=\"10573\">M\u00e1s informaci\u00f3n<\/a><\/p>\n\n\n\n<p><a href=\"https:\/\/www.mynewsdesk.com\/se\/fjardhundraland\/pressreleases\/portraettkonst-med-naervaro-nu-visas-john-alinders-fotografier-paa-plats-i-fjaerdhundraland-3186348\" target=\"_blank\" rel=\"noopener\">M\u00e1s informaci\u00f3n en Mynewsdesk.<\/a><\/p>","protected":false},"excerpt":{"rendered":"<p>Este verano, los retratos del fot\u00f3grafo John Alinder se presentar\u00e1n en una gran exposici\u00f3n en colaboraci\u00f3n entre Fj\u00e4rdhundraland y Upplandsmuseet. Le damos la bienvenida a la inauguraci\u00f3n el domingo 19 de junio a las 11 de la ma\u00f1ana. El d\u00eda de la inauguraci\u00f3n 19\/6 inauguraremos la exposici\u00f3n, pero tambi\u00e9n celebraremos un D\u00eda de la Cultura, con m\u00fasica, teatro infantil y mercado de artesan\u00eda. M\u00e1s informaci\u00f3n M\u00e1s informaci\u00f3n en Mynewsdesk.<\/p>","protected":false},"author":1,"featured_media":10493,"comment_status":"closed","ping_status":"closed","sticky":false,"template":"","format":"standard","meta":{"_acf_changed":false,"_relevanssi_hide_post":"","_relevanssi_hide_content":"","_relevanssi_pin_for_all":"","_relevanssi_pin_keywords":"","_relevanssi_unpin_keywords":"","_relevanssi_related_keywords":"","_relevanssi_related_include_ids":"","_relevanssi_related_exclude_ids":"","_relevanssi_related_no_append":"","_relevanssi_related_not_related":"","_relevanssi_related_posts":"","_relevanssi_noindex_reason":"","_genesis_hide_title":false,"_genesis_hide_breadcrumbs":false,"_genesis_hide_singular_image":false,"_genesis_hide_footer_widgets":false,"_genesis_custom_body_class":"","_genesis_custom_post_class":"","_genesis_layout":"","_jetpack_memberships_contains_paid_content":false,"footnotes":""},"categories":[353,1],"tags":[],"class_list":{"0":"post-10606","1":"post","2":"type-post","3":"status-publish","4":"format-standard","5":"has-post-thumbnail","7":"category-aldre-inlagg","8":"category-inlagg","9":"entry"},"acf":[],"visa":null,"geo_latitude":null,"geo_longitude":null,"jetpack_featured_media_url":"https:\/\/www.fjardhundraland.se\/wp-content\/uploads\/2022\/05\/alinder-trad.jpg","featured_image_src":"https:\/\/www.fjardhundraland.se\/wp-content\/uploads\/2022\/05\/alinder-trad.jpg","featured_image_src_square":"https:\/\/www.fjardhundraland.se\/wp-content\/uploads\/2022\/05\/alinder-trad.jpg","author_info":{"display_name":"Mats Thorburn","author_link":"https:\/\/www.fjardhundraland.se\/es\/author\/matst\/"},"jetpack-related-posts":[{"id":9741,"url":"https:\/\/www.fjardhundraland.se\/es\/inlagg\/2022\/fjardhundraland-2022\/","url_meta":{"origin":10606,"position":0},"title":"Fj\u00e4rdhundraland 2022","author":"Mats Thorburn","date":"10 febrero 2022","format":false,"excerpt":"\u00a1Bienvenidos a 2022! Esperamos un gran a\u00f1o, esperemos que con menos impacto de la pandemia, pero todav\u00eda grandes experiencias en el campo cerca de la gran ciudad. Aqu\u00ed est\u00e1n algunas de las cosas que est\u00e1n sucediendo durante el a\u00f1o: Consejos actuales se a\u00f1aden continuamente a la p\u00e1gina Fj\u00e4rdhundraland now.The exposici\u00f3n fotogr\u00e1fica L\u00f6vskugga con los retratos internacionalmente aclamados de John Alinder...","rel":"","context":"En \u00ab\u00c4ldre inl\u00e4gg\u00bb","block_context":{"text":"\u00c4ldre inl\u00e4gg","link":"https:\/\/www.fjardhundraland.se\/es\/aldre-inlagg\/"},"img":{"alt_text":"","src":"https:\/\/i0.wp.com\/www.fjardhundraland.se\/wp-content\/uploads\/2022\/02\/vag-raps-fjardhundraland.jpeg?resize=350%2C200&ssl=1","width":350,"height":200,"srcset":"https:\/\/i0.wp.com\/www.fjardhundraland.se\/wp-content\/uploads\/2022\/02\/vag-raps-fjardhundraland.jpeg?resize=350%2C200&ssl=1 1x, https:\/\/i0.wp.com\/www.fjardhundraland.se\/wp-content\/uploads\/2022\/02\/vag-raps-fjardhundraland.jpeg?resize=525%2C300&ssl=1 1.5x, https:\/\/i0.wp.com\/www.fjardhundraland.se\/wp-content\/uploads\/2022\/02\/vag-raps-fjardhundraland.jpeg?resize=700%2C400&ssl=1 2x, https:\/\/i0.wp.com\/www.fjardhundraland.se\/wp-content\/uploads\/2022\/02\/vag-raps-fjardhundraland.jpeg?resize=1050%2C600&ssl=1 3x, https:\/\/i0.wp.com\/www.fjardhundraland.se\/wp-content\/uploads\/2022\/02\/vag-raps-fjardhundraland.jpeg?resize=1400%2C800&ssl=1 4x"},"classes":[]},{"id":933,"url":"https:\/\/www.fjardhundraland.se\/es\/hantverk\/2012\/varmarknad-i-dunderbo\/","url_meta":{"origin":10606,"position":1},"title":"Mercado de primavera en Dunderbo","author":"Ylva Fontell","date":"12 mayo 2012","format":false,"excerpt":"El fin de semana del 19 y 20 de mayo, Dunderbo Ljus &amp; Hantverk celebra un mercado de primavera. Habr\u00e1 artesan\u00eda local en forma de, por ejemplo, cuchillos, joyas y alfombras de trapo. Tambi\u00e9n habr\u00e1 comida local a la venta: mermeladas, chutney, pan, miel y mucho m\u00e1s. En relaci\u00f3n con el mercado, tambi\u00e9n habr\u00e1 visitas guiadas por el Sendero de la Guerra. M\u00e1s informaci\u00f3n...","rel":"","context":"En \u00ab\u00c4ldre inl\u00e4gg\u00bb","block_context":{"text":"\u00c4ldre inl\u00e4gg","link":"https:\/\/www.fjardhundraland.se\/es\/aldre-inlagg\/"},"img":{"alt_text":"","src":"","width":0,"height":0},"classes":[]},{"id":397,"url":"https:\/\/www.fjardhundraland.se\/es\/gardsbutiker\/2011\/mattips-ystat-fran-skogsbacken\/","url_meta":{"origin":10606,"position":2},"title":"Recomendaci\u00f3n gastron\u00f3mica: Queso de Skogsbacken","author":"Mats Thorburn","date":"14 julio 2011","format":false,"excerpt":"Skogsbacken's cheese es una queser\u00eda que empez\u00f3 a funcionar en abril de 2010. Elaboran queso a partir de leche de vaca ecol\u00f3gica, como queso de moho azul, queso de masilla, queso de moho blanco, queso curado duro, queso fresco y queso de ensalada. \u00a1El queso artesanal sabe mejor! Uno de los favoritos es el azul de Skogsbacken con un higo o algo dulce, como mermelada de ruibarbo o espino amarillo... La mayor\u00eda de las veces...","rel":"","context":"En \u00ab\u00c4ldre inl\u00e4gg\u00bb","block_context":{"text":"\u00c4ldre inl\u00e4gg","link":"https:\/\/www.fjardhundraland.se\/es\/aldre-inlagg\/"},"img":{"alt_text":"","src":"https:\/\/i0.wp.com\/www.fjardhundraland.se\/wp-content\/uploads\/2011\/07\/skogsb.jpg?resize=350%2C200&ssl=1","width":350,"height":200,"srcset":"https:\/\/i0.wp.com\/www.fjardhundraland.se\/wp-content\/uploads\/2011\/07\/skogsb.jpg?resize=350%2C200&ssl=1 1x, https:\/\/i0.wp.com\/www.fjardhundraland.se\/wp-content\/uploads\/2011\/07\/skogsb.jpg?resize=525%2C300&ssl=1 1.5x"},"classes":[]},{"id":4866,"url":"https:\/\/www.fjardhundraland.se\/es\/inlagg\/2018\/textila-spar-pa-antikmassan\/","url_meta":{"origin":10606,"position":3},"title":"Rastros textiles en la Feria de Antig\u00fcedades","author":"Ylva Fontell","date":"8 febrero 2018","format":false,"excerpt":"En la Feria de Antig\u00fcedades de \u00c4lvsj\u00f6, del 15 al 18 de febrero, no puede dejar de visitar la exposici\u00f3n Huellas Textiles, que abarca cuatro d\u00e9cadas, de los a\u00f1os 40 a los 70. Las telas de \u00e9poca con bonitos estampados son una parte importante de la exposici\u00f3n, pero los visitantes tambi\u00e9n conocer\u00e1n a personas vestidas con prendas t\u00edpicas de la \u00e9poca. Huellas Textiles ha sido creada por Margareta...","rel":"","context":"En \u00ab\u00c4ldre inl\u00e4gg\u00bb","block_context":{"text":"\u00c4ldre inl\u00e4gg","link":"https:\/\/www.fjardhundraland.se\/es\/aldre-inlagg\/"},"img":{"alt_text":"","src":"https:\/\/i0.wp.com\/www.fjardhundraland.se\/wp-content\/uploads\/2018\/02\/antikmassan-lata-pigan-tyg.jpg?resize=350%2C200&ssl=1","width":350,"height":200,"srcset":"https:\/\/i0.wp.com\/www.fjardhundraland.se\/wp-content\/uploads\/2018\/02\/antikmassan-lata-pigan-tyg.jpg?resize=350%2C200&ssl=1 1x, https:\/\/i0.wp.com\/www.fjardhundraland.se\/wp-content\/uploads\/2018\/02\/antikmassan-lata-pigan-tyg.jpg?resize=525%2C300&ssl=1 1.5x, https:\/\/i0.wp.com\/www.fjardhundraland.se\/wp-content\/uploads\/2018\/02\/antikmassan-lata-pigan-tyg.jpg?resize=700%2C400&ssl=1 2x, https:\/\/i0.wp.com\/www.fjardhundraland.se\/wp-content\/uploads\/2018\/02\/antikmassan-lata-pigan-tyg.jpg?resize=1050%2C600&ssl=1 3x, https:\/\/i0.wp.com\/www.fjardhundraland.se\/wp-content\/uploads\/2018\/02\/antikmassan-lata-pigan-tyg.jpg?resize=1400%2C800&ssl=1 4x"},"classes":[]},{"id":1844,"url":"https:\/\/www.fjardhundraland.se\/es\/inlagg\/2014\/teater-i-frosthult\/","url_meta":{"origin":10606,"position":4},"title":"Teatro en Fr\u00f6sthult","author":"Mats Thorburn","date":"25 febrero 2014","format":false,"excerpt":"El viernes 14 de marzo a las 19:00, Panikteatern llega a la sala de fiestas de Fr\u00f6sthult y representa \u00c4lskade Elvis Una representaci\u00f3n teatral sobre los sue\u00f1os y la cruda realidad, sobre las esperanzas, sobre la reconciliaci\u00f3n, sobre lo que quer\u00edamos y sobre c\u00f3mo result\u00f3 todo. Un poco de coraz\u00f3n y un poco de dolor, una dosis de comedia y una pizca de tragedia, y todo el tinglado...","rel":"","context":"En \u00ab\u00c4ldre inl\u00e4gg\u00bb","block_context":{"text":"\u00c4ldre inl\u00e4gg","link":"https:\/\/www.fjardhundraland.se\/es\/aldre-inlagg\/"},"img":{"alt_text":"photo36","src":"https:\/\/i0.wp.com\/www.fjardhundraland.se\/wp-content\/uploads\/2014\/03\/photo36-300x200.jpg?resize=350%2C200&ssl=1","width":350,"height":200},"classes":[]},{"id":1274,"url":"https:\/\/www.fjardhundraland.se\/es\/externt\/2013\/grattis\/","url_meta":{"origin":10606,"position":5},"title":"\u00a1Felicidades!","author":"Ylva Fontell","date":"7 mayo 2013","format":false,"excerpt":"La tejedur\u00eda Siggesta cumple 20 a\u00f1os y lo celebra con una exposici\u00f3n de aniversario en el molino de Forsby el s\u00e1bado y el domingo 11 y 12 de mayo. La exposici\u00f3n lleva el nombre de \"Del pa\u00f1o de altar a la alfombra de trapo\", lo que da idea de la amplitud de lo expuesto. Por supuesto, la cafeter\u00eda de Forsby Mill estar\u00e1 abierta al mismo tiempo. Abierto del 12 al 17","rel":"","context":"En \u00ab\u00c4ldre inl\u00e4gg\u00bb","block_context":{"text":"\u00c4ldre inl\u00e4gg","link":"https:\/\/www.fjardhundraland.se\/es\/aldre-inlagg\/"},"img":{"alt_text":"IMG_2384","src":"https:\/\/i0.wp.com\/www.fjardhundraland.se\/wp-content\/uploads\/2013\/05\/IMG_2384-300x200.jpg?resize=350%2C200&ssl=1","width":350,"height":200},"classes":[]}],"jetpack_sharing_enabled":true,"_links":{"self":[{"href":"https:\/\/www.fjardhundraland.se\/es\/wp-json\/wp\/v2\/posts\/10606","targetHints":{"allow":["GET"]}}],"collection":[{"href":"https:\/\/www.fjardhundraland.se\/es\/wp-json\/wp\/v2\/posts"}],"about":[{"href":"https:\/\/www.fjardhundraland.se\/es\/wp-json\/wp\/v2\/types\/post"}],"author":[{"embeddable":true,"href":"https:\/\/www.fjardhundraland.se\/es\/wp-json\/wp\/v2\/users\/1"}],"replies":[{"embeddable":true,"href":"https:\/\/www.fjardhundraland.se\/es\/wp-json\/wp\/v2\/comments?post=10606"}],"version-history":[{"count":1,"href":"https:\/\/www.fjardhundraland.se\/es\/wp-json\/wp\/v2\/posts\/10606\/revisions"}],"predecessor-version":[{"id":19779,"href":"https:\/\/www.fjardhundraland.se\/es\/wp-json\/wp\/v2\/posts\/10606\/revisions\/19779"}],"wp:featuredmedia":[{"embeddable":true,"href":"https:\/\/www.fjardhundraland.se\/es\/wp-json\/wp\/v2\/media\/10493"}],"wp:attachment":[{"href":"https:\/\/www.fjardhundraland.se\/es\/wp-json\/wp\/v2\/media?parent=10606"}],"wp:term":[{"taxonomy":"category","embeddable":true,"href":"https:\/\/www.fjardhundraland.se\/es\/wp-json\/wp\/v2\/categories?post=10606"},{"taxonomy":"post_tag","embeddable":true,"href":"https:\/\/www.fjardhundraland.se\/es\/wp-json\/wp\/v2\/tags?post=10606"}],"curies":[{"name":"wp","href":"https:\/\/api.w.org\/{rel}","templated":true}]}}