
{"id":1025,"date":"2012-06-26T10:10:36","date_gmt":"2012-06-26T08:10:36","guid":{"rendered":"http:\/\/www.fjardhundraland.se\/?p=1025"},"modified":"2026-02-05T13:41:12","modified_gmt":"2026-02-05T12:41:12","slug":"un-billete-a-los-anos-cincuenta","status":"publish","type":"post","link":"https:\/\/www.fjardhundraland.se\/es\/externt\/2012\/en-biljett-till-femtiotalet\/","title":{"rendered":"Un billete a los a\u00f1os cincuenta"},"content":{"rendered":"<p><img decoding=\"async\" class=\"alignnone\" title=\"Ensayo del coro femenino\" src=\"https:\/\/fbcdn-sphotos-a.akamaihd.net\/hphotos-ak-ash3\/600747_10151028904635325_1111507348_n.jpg\" alt=\"Ensayo del coro femenino\" width=\"576\" height=\"432\" \/><\/p>\n<p>El viernes 29 de junio es el d\u00eda: estreno de <em>Hay un zumbido<\/em>El gran proyecto teatral de la Asociaci\u00f3n Cultural Paddebo en Fj\u00e4rdhundra, en el que seguimos a tres chicas en sus sue\u00f1os, anhelos y realidad, sobre el valor, la amistad y los coches. La historia transcurre en los a\u00f1os 40 y 50, en alg\u00fan lugar de Suecia. Reserve sus entradas: \u00a1ser\u00e1 toda una experiencia!<\/p>\n<p><a title=\"Hay un zumbido\" href=\"https:\/\/www.paddebo.se\/det-susar\/\" target=\"_blank\" rel=\"noopener\">Hay un zumbido<\/a><\/p>","protected":false},"excerpt":{"rendered":"<p>El viernes 29\/6 se estrena Det susar, el gran proyecto teatral de Paddebo kulturf\u00f6reningen en Fj\u00e4rdhundra, en el que seguimos a tres chicas en sus sue\u00f1os, anhelos y realidad, sobre el valor, la amistad y los coches. La historia transcurre en los a\u00f1os 40 y 50, en alg\u00fan lugar de Suecia. Reserve sus entradas: \u00a1ser\u00e1 toda una experiencia! Hay un rumor<\/p>","protected":false},"author":1,"featured_media":0,"comment_status":"open","ping_status":"open","sticky":false,"template":"","format":"standard","meta":{"_acf_changed":false,"_relevanssi_hide_post":"","_relevanssi_hide_content":"","_relevanssi_pin_for_all":"","_relevanssi_pin_keywords":"","_relevanssi_unpin_keywords":"","_relevanssi_related_keywords":"","_relevanssi_related_include_ids":"","_relevanssi_related_exclude_ids":"","_relevanssi_related_no_append":"","_relevanssi_related_not_related":"","_relevanssi_related_posts":"","_relevanssi_noindex_reason":"Rank Math Uteslut fr\u00e5n Relevanssi index","_genesis_hide_title":false,"_genesis_hide_breadcrumbs":false,"_genesis_hide_singular_image":false,"_genesis_hide_footer_widgets":false,"_genesis_custom_body_class":"","_genesis_custom_post_class":"","_genesis_layout":"","_jetpack_memberships_contains_paid_content":false,"footnotes":""},"categories":[353,18,45,50],"tags":[352],"class_list":{"0":"post-1025","1":"post","2":"type-post","3":"status-publish","4":"format-standard","6":"category-aldre-inlagg","7":"category-externt","8":"category-kultur","9":"category-teater","10":"tag-aldre-inlagg","11":"entry"},"acf":[],"visa":null,"geo_latitude":null,"geo_longitude":null,"jetpack_featured_media_url":"","featured_image_src":null,"featured_image_src_square":null,"author_info":{"display_name":"Mats Thorburn","author_link":"https:\/\/www.fjardhundraland.se\/es\/author\/matst\/"},"jetpack-related-posts":[{"id":925,"url":"https:\/\/www.fjardhundraland.se\/es\/externt\/2012\/925\/","url_meta":{"origin":1025,"position":0},"title":"El rumor de este verano","author":"Mats Thorburn","date":"4 mayo 2012","format":false,"excerpt":"Es hora de comprar las entradas para la experiencia teatral de este verano, en Fj\u00e4rdhundra norte de Enk\u00f6ping. Ochenta actores, m\u00fasicos y bailarines de entre seis y setenta a\u00f1os te dan la bienvenida a una experiencia veraniega inolvidable. A\u00f1os 50, coches y tres chicas j\u00f3venes con el sue\u00f1o de correr un rally, montar un caf\u00e9 y un taller. \u00a1Es un zumbido!","rel":"","context":"En \u00ab\u00c4ldre inl\u00e4gg\u00bb","block_context":{"text":"\u00c4ldre inl\u00e4gg","link":"https:\/\/www.fjardhundraland.se\/es\/aldre-inlagg\/"},"img":{"alt_text":"Det susar","src":"https:\/\/i0.wp.com\/www.paddebo.se\/wp-content\/uploads\/2012\/01\/Det.jpg?resize=350%2C200&ssl=1","width":350,"height":200},"classes":[]},{"id":889,"url":"https:\/\/www.fjardhundraland.se\/es\/externt\/2012\/fjardhundraland-pa-foretagsmassa\/","url_meta":{"origin":1025,"position":1},"title":"Fj\u00e4rdhundraland en una feria de negocios","author":"Mats Thorburn","date":"19 abril 2012","format":false,"excerpt":"\u00a1Ma\u00f1ana y el s\u00e1bado puedes hablar de Fj\u00e4rdhundraland con nosotros en la Feria Empresarial Enk\u00f6ping2012! La asociaci\u00f3n econ\u00f3mica Fj\u00e4rdhundraland est\u00e1 en la feria y presenta sus actividades y el proyecto \u201dEmprendimiento en Fj\u00e4rdhundaland\u201d. En el stand tambi\u00e9n est\u00e1n la granja lechera de Vallgarn, el queso de Skogsbacken, Lagerl\u00f6fska magasinet, la asociaci\u00f3n cultural Paddebo y H\u00e4stkraft Fj\u00e4rdhundra. Ac\u00e9rcate, habla con nosotros, compra buenos quesos...","rel":"","context":"En \u00ab\u00c4ldre inl\u00e4gg\u00bb","block_context":{"text":"\u00c4ldre inl\u00e4gg","link":"https:\/\/www.fjardhundraland.se\/es\/aldre-inlagg\/"},"img":{"alt_text":"","src":"","width":0,"height":0},"classes":[]},{"id":1191,"url":"https:\/\/www.fjardhundraland.se\/es\/inlagg\/2012\/oppet-hus-i-fjardhundraland-18-november\/","url_meta":{"origin":1025,"position":2},"title":"Jornada de puertas abiertas en Fj\u00e4rdhundraland 18 de noviembre","author":"Mats Thorburn","date":"2 octubre 2012","format":false,"excerpt":"El domingo 18 de noviembre, de 16 a 19.30 horas, le invitamos a hablar de Fj\u00e4rdhundraland en la Casa de la Iglesia de Fj\u00e4rdhundra. Proyectamos un extracto de la pel\u00edcula del \u00e9xito teatral de este verano \u201dDet susar\u201d a las 17-18. Mini feria con los peque\u00f1os comercios del pueblo. Aproveche la oportunidad de comprar alimentos y caf\u00e9 de producci\u00f3n local. Aprende m\u00e1s sobre iniciativa empresarial con el proyecto Iniciativa empresarial en...","rel":"","context":"En \u00ab\u00c4ldre inl\u00e4gg\u00bb","block_context":{"text":"\u00c4ldre inl\u00e4gg","link":"https:\/\/www.fjardhundraland.se\/es\/aldre-inlagg\/"},"img":{"alt_text":"Det susar","src":"https:\/\/i0.wp.com\/www.fjardhundraland.se\/wp-content\/uploads\/2012\/10\/detsusar-630x403.jpg?resize=350%2C200&ssl=1","width":350,"height":200,"srcset":"https:\/\/i0.wp.com\/www.fjardhundraland.se\/wp-content\/uploads\/2012\/10\/detsusar-630x403.jpg?resize=350%2C200&ssl=1 1x, https:\/\/i0.wp.com\/www.fjardhundraland.se\/wp-content\/uploads\/2012\/10\/detsusar-630x403.jpg?resize=525%2C300&ssl=1 1.5x"},"classes":[]},{"id":1206,"url":"https:\/\/www.fjardhundraland.se\/es\/hantverk\/2012\/oppet-hus-18-november\/","url_meta":{"origin":1025,"position":3},"title":"Jornada de puertas abiertas 18 de noviembre","author":"Ylva Fontell","date":"4 noviembre 2012","format":false,"excerpt":"El domingo 18 de noviembre podr\u00e1 echar un vistazo a todo lo que ofrece Fj\u00e4rdhundraland. La asociaci\u00f3n se presentar\u00e1, muchos miembros hablar\u00e1n de sus actividades\/vender\u00e1n sus productos, podr\u00e1 comer y tomar caf\u00e9 de producci\u00f3n local y ver pel\u00edculas o teatro infantil. \u00a1Bienvenidos a una velada emocionante en la oscuridad del oto\u00f1o! La guarder\u00eda H\u00e4rnevi est\u00e1 en el lugar ...","rel":"","context":"En \u00ab\u00c4ldre inl\u00e4gg\u00bb","block_context":{"text":"\u00c4ldre inl\u00e4gg","link":"https:\/\/www.fjardhundraland.se\/es\/aldre-inlagg\/"},"img":{"alt_text":"","src":"","width":0,"height":0},"classes":[]},{"id":80,"url":"https:\/\/www.fjardhundraland.se\/es\/externt\/2011\/forsmak-pa-fjardhundraland-2\/","url_meta":{"origin":1025,"position":4},"title":"Viaje a Fj\u00e4rdhundraland","author":"Ylva Fontell","date":"3 mayo 2011","format":false,"excerpt":"Siga antiguos senderos vikingos en autob\u00fas hasta el Fj\u00e4rdhundraland y experimente con todos sus sentidos un viaje por la magn\u00edfica naturaleza.  Entre en antiguos recintos culturales, escuche hermosos cantos y marav\u00edllese con las pinturas de la iglesia de Pictor. Disfrute de caf\u00e9 y pasteles caseros en el hermoso H\u00e4rledsg\u00e5rden, que data del siglo XVIII. La excursi\u00f3n en autob\u00fas sale del plan Gustav Adolfs...","rel":"","context":"En \u00ab\u00c4ldre inl\u00e4gg\u00bb","block_context":{"text":"\u00c4ldre inl\u00e4gg","link":"https:\/\/www.fjardhundraland.se\/es\/aldre-inlagg\/"},"img":{"alt_text":"","src":"","width":0,"height":0},"classes":[]},{"id":600,"url":"https:\/\/www.fjardhundraland.se\/es\/externt\/2011\/musik-du-aldrig-mer-kommer-att-fa-hora\/","url_meta":{"origin":1025,"position":5},"title":"M\u00fasica para el momento en el molino de Forsby","author":"Mats Thorburn","date":"16 agosto 2011","format":false,"excerpt":"Forsby Mill, la sala de conciertos de Forsby, a las afueras de Fj\u00e4rdhundra, le invita a su segundo concierto del a\u00f1o, el s\u00e1bado 20 de agosto. Esta noche escuchar\u00e1 m\u00fasica improvisada: \u00a1m\u00fasica tocada para no repetirse nunca m\u00e1s!","rel":"","context":"En \u00ab\u00c4ldre inl\u00e4gg\u00bb","block_context":{"text":"\u00c4ldre inl\u00e4gg","link":"https:\/\/www.fjardhundraland.se\/es\/aldre-inlagg\/"},"img":{"alt_text":"Torbj\u00f6rn Lillieqvist, Forsby kvarn","src":"https:\/\/i0.wp.com\/www.fjardhundraland.se\/wp-content\/uploads\/2011\/08\/forsby-1-630x289.jpg?resize=350%2C200&ssl=1","width":350,"height":200,"srcset":"https:\/\/i0.wp.com\/www.fjardhundraland.se\/wp-content\/uploads\/2011\/08\/forsby-1-630x289.jpg?resize=350%2C200&ssl=1 1x, https:\/\/i0.wp.com\/www.fjardhundraland.se\/wp-content\/uploads\/2011\/08\/forsby-1-630x289.jpg?resize=525%2C300&ssl=1 1.5x"},"classes":[]}],"jetpack_sharing_enabled":true,"_links":{"self":[{"href":"https:\/\/www.fjardhundraland.se\/es\/wp-json\/wp\/v2\/posts\/1025","targetHints":{"allow":["GET"]}}],"collection":[{"href":"https:\/\/www.fjardhundraland.se\/es\/wp-json\/wp\/v2\/posts"}],"about":[{"href":"https:\/\/www.fjardhundraland.se\/es\/wp-json\/wp\/v2\/types\/post"}],"author":[{"embeddable":true,"href":"https:\/\/www.fjardhundraland.se\/es\/wp-json\/wp\/v2\/users\/1"}],"replies":[{"embeddable":true,"href":"https:\/\/www.fjardhundraland.se\/es\/wp-json\/wp\/v2\/comments?post=1025"}],"version-history":[{"count":1,"href":"https:\/\/www.fjardhundraland.se\/es\/wp-json\/wp\/v2\/posts\/1025\/revisions"}],"predecessor-version":[{"id":19712,"href":"https:\/\/www.fjardhundraland.se\/es\/wp-json\/wp\/v2\/posts\/1025\/revisions\/19712"}],"wp:attachment":[{"href":"https:\/\/www.fjardhundraland.se\/es\/wp-json\/wp\/v2\/media?parent=1025"}],"wp:term":[{"taxonomy":"category","embeddable":true,"href":"https:\/\/www.fjardhundraland.se\/es\/wp-json\/wp\/v2\/categories?post=1025"},{"taxonomy":"post_tag","embeddable":true,"href":"https:\/\/www.fjardhundraland.se\/es\/wp-json\/wp\/v2\/tags?post=1025"}],"curies":[{"name":"wp","href":"https:\/\/api.w.org\/{rel}","templated":true}]}}