
{"id":1024,"date":"2012-06-25T00:14:40","date_gmt":"2012-06-24T22:14:40","guid":{"rendered":"http:\/\/www.fjardhundraland.se\/?p=1018"},"modified":"2026-02-05T13:41:12","modified_gmt":"2026-02-05T12:41:12","slug":"acercarse-al-enemigo","status":"publish","type":"post","link":"https:\/\/www.fjardhundraland.se\/es\/tradgard\/2012\/kom-nara-fjarilarna\/","title":{"rendered":"Ac\u00e9rquese a las mariposas"},"content":{"rendered":"<p><a href=\"https:\/\/vansjofjarilstradgard.se\/files\/2011\/10\/UN-v31-fj1.jpg1-1024x682.jpg\" target=\"_blank\" rel=\"noopener\"><img decoding=\"async\" class=\"alignnone\" title=\"Mariposa\" src=\"https:\/\/vansjofjarilstradgard.se\/files\/2011\/10\/UN-v31-fj1.jpg1-1024x682.jpg\" alt=\"\" width=\"645\" height=\"429\"><\/a><\/p>\n<p>Martes 26 de junio <a title=\"Jard\u00edn de mariposas de V\u00e5nsj\u00f6\" href=\"https:\/\/vansjofjarilstradgard.se\/\" target=\"_blank\" rel=\"noopener\">Jard\u00edn de mariposas de V\u00e5nsj\u00f6<\/a> para la temporada. Aqu\u00ed podr\u00e1 acercarse a las mariposas y otros insectos, en un hermoso jard\u00edn, con plantas en flor seleccionadas para ser un smorgasbord para los insectos polinizadores. Tambi\u00e9n podr\u00e1 degustar delicias de <a title=\"Tienda de la granja Domta\" href=\"https:\/\/domtagrisen.se\/\" target=\"_blank\" rel=\"noopener\">Tienda de la granja Domta<\/a>, que gestiona el caf\u00e9 este a\u00f1o. M\u00e1s informaci\u00f3n en <a title=\"Jard\u00edn de mariposas de V\u00e5nsj\u00f6\" href=\"https:\/\/vansjofjarilstradgard.se\/\" target=\"_blank\" rel=\"noopener\">www.vansjofjarilstradgard.se<\/a>!<\/p>","protected":false},"excerpt":{"rendered":"<p>El martes 26 de junio se inaugura el Jard\u00edn de Mariposas de V\u00e5nsj\u00f6. Aqu\u00ed podr\u00e1s acercarte a las mariposas y otros insectos, en un hermoso jard\u00edn, con plantas en flor seleccionadas para ser un smorgasbord para los insectos polinizadores. Tambi\u00e9n podr\u00e1 degustar las delicias de la tienda de la granja Domta, que este a\u00f1o gestiona la cafeter\u00eda. M\u00e1s informaci\u00f3n en www.vansjofjarilstradgard.se.<\/p>","protected":false},"author":1,"featured_media":0,"comment_status":"open","ping_status":"open","sticky":false,"template":"","format":"standard","meta":{"_acf_changed":false,"_relevanssi_hide_post":"","_relevanssi_hide_content":"","_relevanssi_pin_for_all":"","_relevanssi_pin_keywords":"","_relevanssi_unpin_keywords":"","_relevanssi_related_keywords":"","_relevanssi_related_include_ids":"","_relevanssi_related_exclude_ids":"","_relevanssi_related_no_append":"","_relevanssi_related_not_related":"","_relevanssi_related_posts":"","_relevanssi_noindex_reason":"Rank Math Uteslut fr\u00e5n Relevanssi index","_genesis_hide_title":false,"_genesis_hide_breadcrumbs":false,"_genesis_hide_singular_image":false,"_genesis_hide_footer_widgets":false,"_genesis_custom_body_class":"","_genesis_custom_post_class":"","_genesis_layout":"","_jetpack_memberships_contains_paid_content":false,"footnotes":""},"categories":[353,51,24,25,87],"tags":[352],"class_list":{"0":"post-1024","1":"post","2":"type-post","3":"status-publish","4":"format-standard","6":"category-aldre-inlagg","7":"category-natur","8":"category-tradgard","9":"category-upplevelser","10":"category-utflykt","11":"tag-aldre-inlagg","12":"entry"},"acf":[],"visa":null,"geo_latitude":null,"geo_longitude":null,"jetpack_featured_media_url":"","featured_image_src":null,"featured_image_src_square":null,"author_info":{"display_name":"Mats Thorburn","author_link":"https:\/\/www.fjardhundraland.se\/es\/author\/matst\/"},"jetpack-related-posts":[{"id":85,"url":"https:\/\/www.fjardhundraland.se\/es\/externt\/2011\/historia-och-fjarilar-i-eget-talt\/","url_meta":{"origin":1024,"position":0},"title":"Historia y mariposas en su propia tienda","author":"Ylva Fontell","date":"5 mayo 2011","format":false,"excerpt":"Durante los dos s\u00e1bados de mayo en que Fj\u00e4rdhundraland se presenta en la plaza en Enk\u00f6ping, la Carpa de los Cuentos es un lugar dado para sentarse. Habr\u00e1 charlas sobre piedras r\u00fanicas, Albertus Pictor y mariposas. Entre charla y charla, se proyectar\u00e1 la pel\u00edcula sobre las atracciones de Fj\u00e4rdhundraland. Est\u00e9 atento a esta p\u00e1gina...","rel":"","context":"En \u00ab\u00c4ldre inl\u00e4gg\u00bb","block_context":{"text":"\u00c4ldre inl\u00e4gg","link":"https:\/\/www.fjardhundraland.se\/es\/aldre-inlagg\/"},"img":{"alt_text":"","src":"","width":0,"height":0},"classes":[]},{"id":2799,"url":"https:\/\/www.fjardhundraland.se\/es\/utflykt\/2015\/vinster-pa-rebusrundan-2015\/","url_meta":{"origin":1024,"position":1},"title":"Ganadores de la ronda Rebus 2015","author":"Mats Thorburn","date":"1 agosto 2015","format":false,"excerpt":"\u00bfSabes que puedes ganar premios donados por los participantes de la Ronda Rebus? Puedes elegir los premios en el formulario de inscripci\u00f3n aqu\u00ed. Aqu\u00ed est\u00e1 la lista: Dos entradas para un buffet de pasteles, para una de las tres ocasiones durante el a\u00f1o (Altuna bygdeg\u00e5rdsf\u00f6rening) 2 entradas para la acogedora velada de comida de anta\u00f1o el 16 de agosto, tarjeta regalo alternativa (Altuna hembygdsf\u00f6rening)...","rel":"","context":"En \u00ab\u00c4ldre inl\u00e4gg\u00bb","block_context":{"text":"\u00c4ldre inl\u00e4gg","link":"https:\/\/www.fjardhundraland.se\/es\/aldre-inlagg\/"},"img":{"alt_text":"Rebusrundan","src":"https:\/\/i0.wp.com\/www.fjardhundraland.se\/wp-content\/uploads\/2015\/08\/biskopskulla-rebusbild.jpg?resize=350%2C200&ssl=1","width":350,"height":200,"srcset":"https:\/\/i0.wp.com\/www.fjardhundraland.se\/wp-content\/uploads\/2015\/08\/biskopskulla-rebusbild.jpg?resize=350%2C200&ssl=1 1x, https:\/\/i0.wp.com\/www.fjardhundraland.se\/wp-content\/uploads\/2015\/08\/biskopskulla-rebusbild.jpg?resize=525%2C300&ssl=1 1.5x, https:\/\/i0.wp.com\/www.fjardhundraland.se\/wp-content\/uploads\/2015\/08\/biskopskulla-rebusbild.jpg?resize=700%2C400&ssl=1 2x, https:\/\/i0.wp.com\/www.fjardhundraland.se\/wp-content\/uploads\/2015\/08\/biskopskulla-rebusbild.jpg?resize=1050%2C600&ssl=1 3x, https:\/\/i0.wp.com\/www.fjardhundraland.se\/wp-content\/uploads\/2015\/08\/biskopskulla-rebusbild.jpg?resize=1400%2C800&ssl=1 4x"},"classes":[]},{"id":4654,"url":"https:\/\/www.fjardhundraland.se\/es\/rebusrunda\/2017\/ratta-svaren-pa-alla-rebusar\/","url_meta":{"origin":1024,"position":2},"title":"Corrige las respuestas de todas las reprimendas","author":"Ylva Fontell","date":"17 agosto 2017","format":false,"excerpt":"\u00bfLlevas sin dormir d\u00e1ndole vueltas a los rebus desde la Ronda Rebus? Aqu\u00ed encontrar\u00e1s todas las soluciones. Los ganadores se anunciar\u00e1n el domingo. 1. Alsta Tr\u00e4dg\u00e5rdar: Aqu\u00ed encontrar\u00e1s chatarra y grano de T\u00e4xas. 2. Altuna Bygdeg\u00e5rd: El fuego anual de la Noche de Walpurgis es visible en todo el barrio. 3. Altuna Hembygdsf\u00f6rening: Leer y no entender es como...","rel":"","context":"En \u00abRebusrunda\u00bb","block_context":{"text":"Rebusrunda","link":"https:\/\/www.fjardhundraland.se\/es\/rebusrunda\/"},"img":{"alt_text":"Rebusrundan - bild p\u00e5 rebus","src":"https:\/\/i0.wp.com\/www.fjardhundraland.se\/wp-content\/uploads\/2014\/07\/2012-08-12-at-16-06-46.jpg?resize=350%2C200&ssl=1","width":350,"height":200,"srcset":"https:\/\/i0.wp.com\/www.fjardhundraland.se\/wp-content\/uploads\/2014\/07\/2012-08-12-at-16-06-46.jpg?resize=350%2C200&ssl=1 1x, https:\/\/i0.wp.com\/www.fjardhundraland.se\/wp-content\/uploads\/2014\/07\/2012-08-12-at-16-06-46.jpg?resize=525%2C300&ssl=1 1.5x, https:\/\/i0.wp.com\/www.fjardhundraland.se\/wp-content\/uploads\/2014\/07\/2012-08-12-at-16-06-46.jpg?resize=700%2C400&ssl=1 2x, https:\/\/i0.wp.com\/www.fjardhundraland.se\/wp-content\/uploads\/2014\/07\/2012-08-12-at-16-06-46.jpg?resize=1050%2C600&ssl=1 3x, https:\/\/i0.wp.com\/www.fjardhundraland.se\/wp-content\/uploads\/2014\/07\/2012-08-12-at-16-06-46.jpg?resize=1400%2C800&ssl=1 4x"},"classes":[]},{"id":3526,"url":"https:\/\/www.fjardhundraland.se\/es\/rebusrunda\/2016\/losningar-till-alla-rebusar\/","url_meta":{"origin":1024,"position":3},"title":"Soluciones a todos los rebusques","author":"Ylva Fontell","date":"18 agosto 2016","format":false,"excerpt":"\u00bfHubo alg\u00fan rebus que no pudieras descifrar? O fueron pan comido? Aqu\u00ed puedes ver las soluciones a todos los acertijos de la Ronda Rebus 2016. Los ganadores se anunciar\u00e1n en unos d\u00edas. Alsta Tr\u00e4dg\u00e5rdar: Exposiciones y pausas para el caf\u00e9 entre flores y hojas en los invernaderos. Altuna Bygdeg\u00e5rdsf\u00f6rening: Aqu\u00ed encontrar\u00e1s atracciones: saqueo de \u00e1rboles de Navidad, buffer de tartas,...","rel":"","context":"En \u00abRebusrunda\u00bb","block_context":{"text":"Rebusrunda","link":"https:\/\/www.fjardhundraland.se\/es\/rebusrunda\/"},"img":{"alt_text":"","src":"https:\/\/i0.wp.com\/www.fjardhundraland.se\/wp-content\/uploads\/2016\/07\/startkortrebus16_webb.jpg?resize=350%2C200&ssl=1","width":350,"height":200,"srcset":"https:\/\/i0.wp.com\/www.fjardhundraland.se\/wp-content\/uploads\/2016\/07\/startkortrebus16_webb.jpg?resize=350%2C200&ssl=1 1x, https:\/\/i0.wp.com\/www.fjardhundraland.se\/wp-content\/uploads\/2016\/07\/startkortrebus16_webb.jpg?resize=525%2C300&ssl=1 1.5x, https:\/\/i0.wp.com\/www.fjardhundraland.se\/wp-content\/uploads\/2016\/07\/startkortrebus16_webb.jpg?resize=700%2C400&ssl=1 2x, https:\/\/i0.wp.com\/www.fjardhundraland.se\/wp-content\/uploads\/2016\/07\/startkortrebus16_webb.jpg?resize=1050%2C600&ssl=1 3x, https:\/\/i0.wp.com\/www.fjardhundraland.se\/wp-content\/uploads\/2016\/07\/startkortrebus16_webb.jpg?resize=1400%2C800&ssl=1 4x"},"classes":[]},{"id":4259,"url":"https:\/\/www.fjardhundraland.se\/es\/rebusrunda\/2017\/medverkande-rebusrundan-2017\/","url_meta":{"origin":1024,"position":4},"title":"Participantes en la Ronda Rebus 2017","author":"Ylva Fontell","date":"5 junio 2017","format":false,"excerpt":"Este a\u00f1o podr\u00e1 visitar nada menos que 40 organizaciones diferentes en la Gira Rebus. Aqu\u00ed tiene la lista completa. Haga clic en los enlaces para obtener m\u00e1s informaci\u00f3n sobre cada lugar. Alsta tr\u00e4dg\u00e5rdar - Caf\u00e9 jard\u00edn, galer\u00eda y jard\u00edn inspirador. Comida y caf\u00e9 de nuestra propia cocina. Exposiciones divertidas e imaginativas. Altuna bygdeg\u00e5rdsf\u00f6rening - Catering con caf\u00e9...","rel":"","context":"En \u00abRebusrunda\u00bb","block_context":{"text":"Rebusrunda","link":"https:\/\/www.fjardhundraland.se\/es\/rebusrunda\/"},"img":{"alt_text":"Startkort Rebusrundan","src":"https:\/\/i0.wp.com\/www.fjardhundraland.se\/wp-content\/uploads\/2017\/07\/startkort.jpg?resize=350%2C200&ssl=1","width":350,"height":200,"srcset":"https:\/\/i0.wp.com\/www.fjardhundraland.se\/wp-content\/uploads\/2017\/07\/startkort.jpg?resize=350%2C200&ssl=1 1x, https:\/\/i0.wp.com\/www.fjardhundraland.se\/wp-content\/uploads\/2017\/07\/startkort.jpg?resize=525%2C300&ssl=1 1.5x, https:\/\/i0.wp.com\/www.fjardhundraland.se\/wp-content\/uploads\/2017\/07\/startkort.jpg?resize=700%2C400&ssl=1 2x, https:\/\/i0.wp.com\/www.fjardhundraland.se\/wp-content\/uploads\/2017\/07\/startkort.jpg?resize=1050%2C600&ssl=1 3x, https:\/\/i0.wp.com\/www.fjardhundraland.se\/wp-content\/uploads\/2017\/07\/startkort.jpg?resize=1400%2C800&ssl=1 4x"},"classes":[]},{"id":2690,"url":"https:\/\/www.fjardhundraland.se\/es\/rebusrunda\/2016\/medverkande-rebusrundan\/","url_meta":{"origin":1024,"position":5},"title":"Participantes en la Ronda Rebus 2016","author":"","date":"2 marzo 2016","format":false,"excerpt":"Aqu\u00ed encontrar\u00e1s todas las tiendas, caf\u00e9s y restaurantes, monumentos y lugares bonitos que visitar durante el Rebus Tour. Llena tu coche de amigos y familiares y visita tantos lugares como puedas. O lleva a tu mejor amigo a una aventura en bicicleta por el campo. Pero sobre todo, resuelve rebus mientras coleccionas experiencias, buenas...","rel":"","context":"En \u00abRebusrunda\u00bb","block_context":{"text":"Rebusrunda","link":"https:\/\/www.fjardhundraland.se\/es\/rebusrunda\/"},"img":{"alt_text":"Rebusrundan 2016","src":"https:\/\/i0.wp.com\/www.fjardhundraland.se\/wp-content\/uploads\/2016\/07\/rebusrundan2016.jpg?resize=350%2C200&ssl=1","width":350,"height":200,"srcset":"https:\/\/i0.wp.com\/www.fjardhundraland.se\/wp-content\/uploads\/2016\/07\/rebusrundan2016.jpg?resize=350%2C200&ssl=1 1x, https:\/\/i0.wp.com\/www.fjardhundraland.se\/wp-content\/uploads\/2016\/07\/rebusrundan2016.jpg?resize=525%2C300&ssl=1 1.5x, https:\/\/i0.wp.com\/www.fjardhundraland.se\/wp-content\/uploads\/2016\/07\/rebusrundan2016.jpg?resize=700%2C400&ssl=1 2x, https:\/\/i0.wp.com\/www.fjardhundraland.se\/wp-content\/uploads\/2016\/07\/rebusrundan2016.jpg?resize=1050%2C600&ssl=1 3x, https:\/\/i0.wp.com\/www.fjardhundraland.se\/wp-content\/uploads\/2016\/07\/rebusrundan2016.jpg?resize=1400%2C800&ssl=1 4x"},"classes":[]}],"jetpack_sharing_enabled":true,"_links":{"self":[{"href":"https:\/\/www.fjardhundraland.se\/es\/wp-json\/wp\/v2\/posts\/1024","targetHints":{"allow":["GET"]}}],"collection":[{"href":"https:\/\/www.fjardhundraland.se\/es\/wp-json\/wp\/v2\/posts"}],"about":[{"href":"https:\/\/www.fjardhundraland.se\/es\/wp-json\/wp\/v2\/types\/post"}],"author":[{"embeddable":true,"href":"https:\/\/www.fjardhundraland.se\/es\/wp-json\/wp\/v2\/users\/1"}],"replies":[{"embeddable":true,"href":"https:\/\/www.fjardhundraland.se\/es\/wp-json\/wp\/v2\/comments?post=1024"}],"version-history":[{"count":1,"href":"https:\/\/www.fjardhundraland.se\/es\/wp-json\/wp\/v2\/posts\/1024\/revisions"}],"predecessor-version":[{"id":19713,"href":"https:\/\/www.fjardhundraland.se\/es\/wp-json\/wp\/v2\/posts\/1024\/revisions\/19713"}],"wp:attachment":[{"href":"https:\/\/www.fjardhundraland.se\/es\/wp-json\/wp\/v2\/media?parent=1024"}],"wp:term":[{"taxonomy":"category","embeddable":true,"href":"https:\/\/www.fjardhundraland.se\/es\/wp-json\/wp\/v2\/categories?post=1024"},{"taxonomy":"post_tag","embeddable":true,"href":"https:\/\/www.fjardhundraland.se\/es\/wp-json\/wp\/v2\/tags?post=1024"}],"curies":[{"name":"wp","href":"https:\/\/api.w.org\/{rel}","templated":true}]}}