
{"id":1023,"date":"2012-06-19T11:36:07","date_gmt":"2012-06-19T09:36:07","guid":{"rendered":"http:\/\/www.fjardhundraland.se\/?p=1008"},"modified":"2026-02-05T13:41:12","modified_gmt":"2026-02-05T12:41:12","slug":"mediados-de-verano-de-2012-harkeberga-harled-altuna-y-frosthult","status":"publish","type":"post","link":"https:\/\/www.fjardhundraland.se\/es\/externt\/2012\/midsommar-2012-harkeberga-harled-altuna-och-frosthult\/","title":{"rendered":"Mediados de verano de 2012 en H\u00e4rkeberga, H\u00e4rled, Altuna y Fr\u00f6sthult"},"content":{"rendered":"<h1><span style=\"color: #008000;\"><strong><a title=\"Solsticio de verano en Fj\u00e4rdhundraland 2014\" href=\"https:\/\/www.fjardhundraland.se\/es\/2014\/06\/fjardhundraland-2014-en-pleno-verano\/\"><span style=\"color: #008000;\">Mediados de verano de 2014: \u00a1haga clic aqu\u00ed!<\/span><\/a><\/strong><\/span><\/h1>\n<p><a href=\"https:\/\/www.fjardhundraland.se\/wp-content\/uploads\/2011\/06\/MG_6913.jpg\"><img decoding=\"async\" class=\"alignnone size-large wp-image-374\" title=\"Polo del solsticio de verano, H\u00e4rledg\u00e5rden\" src=\"https:\/\/www.fjardhundraland.se\/wp-content\/uploads\/2011\/06\/MG_6913-1024x682.jpg\" alt=\"\" width=\"640\" height=\"426\"><\/a><\/p>\n<p>\u00a1Celebra el solsticio de verano en el hermoso Fj\u00e4rdhundraland!<\/p>\n<h2>Noche de San Juan en Altuna, H\u00e4rledg\u00e5rden, H\u00e4rkeberga y Fr\u00f6sthult<\/h2>\n<p><a title=\"Finca Altuna\" href=\"https:\/\/www.hembygd.se\/aktivitet\/id\/2708\/midsommarfest\/\" target=\"_blank\" rel=\"noopener\">Finca Altuna<\/a>. 13:30. Fiesta de verano en Altuna hembygdsg\u00e5rd. Baile alrededor del poste del solsticio de verano, concurso y loter\u00eda. Caf\u00e9 y pan casero. \u00a1Bienvenidos a la fiesta!<\/p>\n<p><a title=\"Ayuntamiento de Fr\u00f6sthults\" href=\"https:\/\/www.frosthult.se\" target=\"_blank\" rel=\"noopener\">Ayuntamiento de Fr\u00f6sthults<\/a>. 13.30 h. Celebraci\u00f3n del solsticio de verano. Trae flores y hojas para el palo de solsticio, amigos con los que disfrutar y una cesta de caf\u00e9 para disfrutar en la hierba verde. Bailaremos alrededor del palo de solsticio, daremos un paseo y compraremos loter\u00eda. No dude en traer su propio veh\u00edculo a la celebraci\u00f3n del solsticio de verano. En caso de mal tiempo, la celebraci\u00f3n tendr\u00e1 lugar en el interior.<\/p>\n<p><a title=\"H\u00e4rledg\u00e5rden - Sociedad de Historia Local de Torstuna\" href=\"https:\/\/www.hembygd.se\/torstuna\/\" target=\"_blank\" rel=\"noopener\">H\u00e4rledg\u00e5rden<\/a>. 13.30. Celebraci\u00f3n del solsticio de verano con baile alrededor del poste, actuaci\u00f3n, espect\u00e1culo de danza folcl\u00f3rica, juegos y refrescos. Entrada gratuita.<\/p>\n<p><a title=\"Kaplansg\u00e5rden\" href=\"https:\/\/www.nordiskamuseet.se\/category.asp?cat=177&amp;catname=&amp;tmpid=1028\" target=\"_blank\" rel=\"noopener\">Kaplansg\u00e5rden, H\u00e4rkeberga<\/a>. Bienvenido a celebrar el solsticio de verano en H\u00e4rkeberga, en Kaplansg\u00e5rden. El poste del solsticio de verano se erige a las 13.00. Enk\u00f6pings Folkdansgille comienza con un espect\u00e1culo de danza folcl\u00f3rica. G\u00f6ran e Ingrid y otros bailar\u00e1n y jugar\u00e1n alrededor del poste. M\u00fasica de Tr\u00f6gds spelmanslag. Paseo de propina, juegos, visita al museo de Kaplansg\u00e5rden. Servicio de caf\u00e9, salchichas y helado. Organiza: H\u00e4rkeberga Gille.<\/p>\n<p><a href=\"https:\/\/www.fjardhundraland.se\/wp-content\/uploads\/2011\/06\/MG_6853.jpg\"><img decoding=\"async\" class=\"alignnone size-large wp-image-376\" title=\"Solsticio de verano, H\u00e4rledg\u00e5rden. Fotograf\u00eda: Mats Thorburn.\" src=\"https:\/\/www.fjardhundraland.se\/wp-content\/uploads\/2011\/06\/MG_6853-682x1024.jpg\" alt=\"\" width=\"640\" height=\"960\"><\/a><\/p>","protected":false},"excerpt":{"rendered":"<p>Midsommar 2014: klicka h\u00e4r! Fira midsommar i vackra Fj\u00e4rdhundraland! Midsommarafton i Altuna, H\u00e4rledg\u00e5rden, H\u00e4rkeberga och Fr\u00f6sthult Altuna hembygdsg\u00e5rd. Kl&nbsp;13:30.&nbsp;Midsommarfest i Altuna hembygdsg\u00e5rd.&nbsp;Dans kring midsommarst\u00e5ngen, tipspromenad och lotteri. Kaffe och hembakat br\u00f6d. V\u00e4lkommen! Fr\u00f6sthults Bygdeg\u00e5rd. Kl 13.30. Midsommarfirande.&nbsp;Ta med blommor och l\u00f6v till midsommarst\u00e5ngen, v\u00e4nner att trivas med och kaffekorg att njuta av i gr\u00f6ngr\u00e4set. Vi [&hellip;]<\/p>\n","protected":false},"author":1,"featured_media":374,"comment_status":"open","ping_status":"open","sticky":false,"template":"","format":"standard","meta":{"_acf_changed":false,"_relevanssi_hide_post":"","_relevanssi_hide_content":"","_relevanssi_pin_for_all":"","_relevanssi_pin_keywords":"","_relevanssi_unpin_keywords":"","_relevanssi_related_keywords":"","_relevanssi_related_include_ids":"","_relevanssi_related_exclude_ids":"","_relevanssi_related_no_append":"","_relevanssi_related_not_related":"","_relevanssi_related_posts":"","_relevanssi_noindex_reason":"Rank Math Uteslut fr\u00e5n Relevanssi index","_genesis_hide_title":false,"_genesis_hide_breadcrumbs":false,"_genesis_hide_singular_image":false,"_genesis_hide_footer_widgets":false,"_genesis_custom_body_class":"","_genesis_custom_post_class":"","_genesis_layout":"","_jetpack_memberships_contains_paid_content":false,"footnotes":""},"categories":[353,18,25,87],"tags":[352,29,30,31,32,33],"class_list":{"0":"post-1023","1":"post","2":"type-post","3":"status-publish","4":"format-standard","5":"has-post-thumbnail","7":"category-aldre-inlagg","8":"category-externt","9":"category-upplevelser","10":"category-utflykt","11":"tag-aldre-inlagg","12":"tag-altuna","13":"tag-frosthults-bygdegard","14":"tag-harkeberga","15":"tag-harledgarden","16":"tag-midsommar","17":"entry"},"acf":[],"visa":null,"geo_latitude":null,"geo_longitude":null,"jetpack_featured_media_url":"","featured_image_src":null,"featured_image_src_square":null,"author_info":{"display_name":"Mats Thorburn","author_link":"https:\/\/www.fjardhundraland.se\/es\/author\/matst\/"},"jetpack-related-posts":[{"id":1354,"url":"https:\/\/www.fjardhundraland.se\/es\/utflykt\/2013\/midsommar-i-fjardhundraland-2013\/","url_meta":{"origin":1023,"position":0},"title":"Solsticio de verano en Fj\u00e4rdhundraland 2013 - H\u00e4rkeberga, H\u00e4rled, Altuna y Fr\u00f6sthult","author":"Mats Thorburn","date":"14 junio 2013","format":false,"excerpt":"Ya estamos en 2014: lea aqu\u00ed sobre el solsticio de verano de 2014. Fiesta del solsticio de verano en H\u00e4rledg\u00e5rden, Torstuna 13.30 Fiesta del solsticio de verano en H\u00e4rled. Organizadores 2013 K\u00e4llinge, Ekeby, Str\u00f6msta, Nydala. Baile alrededor del poste, animaci\u00f3n, baile folcl\u00f3rico con Enk\u00f6pings Folkdansgille, servicio de caf\u00e9, loter\u00edas. Organizador: Torstuna Hembygdsf\u00f6rening, Lugar: H\u00e4rledg\u00e5rden. Correo electr\u00f3nico: katarina.wall@telia.com Sitio web Solsticio de verano en H\u00e4rkeberga Bienvenidos a celebrar...","rel":"","context":"En \u00ab\u00c4ldre inl\u00e4gg\u00bb","block_context":{"text":"\u00c4ldre inl\u00e4gg","link":"https:\/\/www.fjardhundraland.se\/es\/aldre-inlagg\/"},"img":{"alt_text":"midsommar","src":"https:\/\/i0.wp.com\/www.fjardhundraland.se\/wp-content\/uploads\/2013\/06\/mids-1-630x419.jpg?resize=350%2C200&ssl=1","width":350,"height":200,"srcset":"https:\/\/i0.wp.com\/www.fjardhundraland.se\/wp-content\/uploads\/2013\/06\/mids-1-630x419.jpg?resize=350%2C200&ssl=1 1x, https:\/\/i0.wp.com\/www.fjardhundraland.se\/wp-content\/uploads\/2013\/06\/mids-1-630x419.jpg?resize=525%2C300&ssl=1 1.5x"},"classes":[]},{"id":2677,"url":"https:\/\/www.fjardhundraland.se\/es\/inlagg\/2015\/midsommar-i-fjardhundraland-2015\/","url_meta":{"origin":1023,"position":1},"title":"Solsticio de verano en Fj\u00e4rdhundraland 2015","author":"","date":"10 junio 2015","format":false,"excerpt":"Por supuesto, pensamos que el solsticio de verano debe celebrarse en el campo. Y entonces encaja bien con el campo que est\u00e1 tan cerca de Enk\u00f6ping as\u00ed como de V\u00e4ster\u00e5s, Sala, Uppsala y Estocolmo. \u00a1Bienvenido a una excursi\u00f3n en pleno verano! Aqu\u00ed puedes ver lo que las celebraciones de verano son en 2015 en Fj\u00e4rdhundraland: Fiesta de verano en H\u00e4rledg\u00e5rden en Torstuna. Bailando alrededor del poste en...","rel":"","context":"En \u00ab\u00c4ldre inl\u00e4gg\u00bb","block_context":{"text":"\u00c4ldre inl\u00e4gg","link":"https:\/\/www.fjardhundraland.se\/es\/aldre-inlagg\/"},"img":{"alt_text":"Folkdanslag p\u00e5 H\u00e4rledg\u00e5rden p\u00e5 midsommar","src":"https:\/\/i0.wp.com\/www.fjardhundraland.se\/wp-content\/uploads\/2012\/05\/H%C3%A4rledg%C3%A5rden.jpg?resize=350%2C200&ssl=1","width":350,"height":200,"srcset":"https:\/\/i0.wp.com\/www.fjardhundraland.se\/wp-content\/uploads\/2012\/05\/H%C3%A4rledg%C3%A5rden.jpg?resize=350%2C200&ssl=1 1x, https:\/\/i0.wp.com\/www.fjardhundraland.se\/wp-content\/uploads\/2012\/05\/H%C3%A4rledg%C3%A5rden.jpg?resize=525%2C300&ssl=1 1.5x, https:\/\/i0.wp.com\/www.fjardhundraland.se\/wp-content\/uploads\/2012\/05\/H%C3%A4rledg%C3%A5rden.jpg?resize=700%2C400&ssl=1 2x, https:\/\/i0.wp.com\/www.fjardhundraland.se\/wp-content\/uploads\/2012\/05\/H%C3%A4rledg%C3%A5rden.jpg?resize=1050%2C600&ssl=1 3x, https:\/\/i0.wp.com\/www.fjardhundraland.se\/wp-content\/uploads\/2012\/05\/H%C3%A4rledg%C3%A5rden.jpg?resize=1400%2C800&ssl=1 4x"},"classes":[]},{"id":3363,"url":"https:\/\/www.fjardhundraland.se\/es\/inlagg\/2016\/midsommar-fjardhundraland-2016\/","url_meta":{"origin":1023,"position":2},"title":"Solsticio de verano en Fj\u00e4rdhundraland 2016","author":"Ylva Fontell","date":"21 junio 2016","format":false,"excerpt":"El solsticio de verano debe celebrarse en el campo. Y entonces encaja bien con el campo que est\u00e1 cerca tanto de Enk\u00f6ping como de V\u00e4ster\u00e5s, Sala, Uppsala y Estocolmo. \u00a1Bienvenido a una excursi\u00f3n de solsticio de verano! Fiesta de verano en H\u00e4rledg\u00e5rden, Torstuna. Baile alrededor del poste en H\u00e4rledg\u00e5rden. Entretenimiento. Baile folcl\u00f3rico. Servicio de caf\u00e9. Entrada gratuita. 13.30 h Entrada y montaje del m\u00e1stil de verano m\u00e1s informaci\u00f3n Fiesta de verano...","rel":"","context":"En \u00ab\u00c4ldre inl\u00e4gg\u00bb","block_context":{"text":"\u00c4ldre inl\u00e4gg","link":"https:\/\/www.fjardhundraland.se\/es\/aldre-inlagg\/"},"img":{"alt_text":"Folkdanslag p\u00e5 H\u00e4rledg\u00e5rden p\u00e5 midsommar","src":"https:\/\/i0.wp.com\/www.fjardhundraland.se\/wp-content\/uploads\/2012\/05\/H%C3%A4rledg%C3%A5rden.jpg?resize=350%2C200&ssl=1","width":350,"height":200,"srcset":"https:\/\/i0.wp.com\/www.fjardhundraland.se\/wp-content\/uploads\/2012\/05\/H%C3%A4rledg%C3%A5rden.jpg?resize=350%2C200&ssl=1 1x, https:\/\/i0.wp.com\/www.fjardhundraland.se\/wp-content\/uploads\/2012\/05\/H%C3%A4rledg%C3%A5rden.jpg?resize=525%2C300&ssl=1 1.5x, https:\/\/i0.wp.com\/www.fjardhundraland.se\/wp-content\/uploads\/2012\/05\/H%C3%A4rledg%C3%A5rden.jpg?resize=700%2C400&ssl=1 2x, https:\/\/i0.wp.com\/www.fjardhundraland.se\/wp-content\/uploads\/2012\/05\/H%C3%A4rledg%C3%A5rden.jpg?resize=1050%2C600&ssl=1 3x, https:\/\/i0.wp.com\/www.fjardhundraland.se\/wp-content\/uploads\/2012\/05\/H%C3%A4rledg%C3%A5rden.jpg?resize=1400%2C800&ssl=1 4x"},"classes":[]},{"id":2376,"url":"https:\/\/www.fjardhundraland.se\/es\/inlagg\/2014\/midsommar-fjardhundraland-2014\/","url_meta":{"origin":1023,"position":3},"title":"Solsticio de verano en Fj\u00e4rdhundraland 2014","author":"Mats Thorburn","date":"5 junio 2014","format":false,"excerpt":"Celebre el solsticio de verano en el hermoso Fj\u00e4rdhundraland, en H\u00e4rkeberga, H\u00e4rledg\u00e5rden, Altuna, Biskopskulla y Fr\u00f6sthult. Haga una excursi\u00f3n de verano desde Enk\u00f6ping, V\u00e4ster\u00e5s, Sala o Uppsala: \u00a1un verano perfecto en el campo! Fiesta de San Juan a las 13:30 en H\u00e4rledg\u00e5rden. Baile alrededor del poste. Entretenimiento. Baile folcl\u00f3rico. Servicio de caf\u00e9. Entrada gratuita. Organiza: Torstuna Hembygdsf\u00f6rening Tel: 070-859 32 84 https:\/\/www.hembygd.se\/uppland\/torstuna Fiesta de San Juan en Altuna...","rel":"","context":"En \u00ab\u00c4ldre inl\u00e4gg\u00bb","block_context":{"text":"\u00c4ldre inl\u00e4gg","link":"https:\/\/www.fjardhundraland.se\/es\/aldre-inlagg\/"},"img":{"alt_text":"Folkdanslag p\u00e5 H\u00e4rledg\u00e5rden p\u00e5 midsommar","src":"https:\/\/i0.wp.com\/www.fjardhundraland.se\/wp-content\/uploads\/2012\/05\/H%C3%A4rledg%C3%A5rden.jpg?resize=350%2C200&ssl=1","width":350,"height":200,"srcset":"https:\/\/i0.wp.com\/www.fjardhundraland.se\/wp-content\/uploads\/2012\/05\/H%C3%A4rledg%C3%A5rden.jpg?resize=350%2C200&ssl=1 1x, https:\/\/i0.wp.com\/www.fjardhundraland.se\/wp-content\/uploads\/2012\/05\/H%C3%A4rledg%C3%A5rden.jpg?resize=525%2C300&ssl=1 1.5x, https:\/\/i0.wp.com\/www.fjardhundraland.se\/wp-content\/uploads\/2012\/05\/H%C3%A4rledg%C3%A5rden.jpg?resize=700%2C400&ssl=1 2x, https:\/\/i0.wp.com\/www.fjardhundraland.se\/wp-content\/uploads\/2012\/05\/H%C3%A4rledg%C3%A5rden.jpg?resize=1050%2C600&ssl=1 3x, https:\/\/i0.wp.com\/www.fjardhundraland.se\/wp-content\/uploads\/2012\/05\/H%C3%A4rledg%C3%A5rden.jpg?resize=1400%2C800&ssl=1 4x"},"classes":[]},{"id":367,"url":"https:\/\/www.fjardhundraland.se\/es\/externt\/2011\/midsommar-i-det-grona\/","url_meta":{"origin":1023,"position":4},"title":"Solsticio de verano en el verde","author":"Mats Thorburn","date":"23 junio 2011","format":false,"excerpt":"Midsummer 2013: \u00a1haga clic aqu\u00ed! \u00a1Celebra el solsticio de verano en el hermoso Fj\u00e4rdhundraland! Ya el 23\/6 puedes montar el palo de mayo en Biskopskulla Day a las 19 o en Kaplansg\u00e5rden, H\u00e4rkeberga, a las 19. V\u00edspera de San Juan: Altuna hembygdsg\u00e5rd. 13:30-16:30. Baile alrededor del poste con m\u00fasica de acorde\u00f3n, mago Micke Ramsell, paseo de propinas, loter\u00eda para ni\u00f1os y adultos, adivinar el peso del conejo, juegos, oportunidad de visitar la exposici\u00f3n de colgaduras ...","rel":"","context":"En \u00ab\u00c4ldre inl\u00e4gg\u00bb","block_context":{"text":"\u00c4ldre inl\u00e4gg","link":"https:\/\/www.fjardhundraland.se\/es\/aldre-inlagg\/"},"img":{"alt_text":"","src":"https:\/\/i0.wp.com\/www.fjardhundraland.se\/wp-content\/uploads\/2011\/06\/MG_6913-1024x682.jpg?resize=350%2C200&ssl=1","width":350,"height":200,"srcset":"https:\/\/i0.wp.com\/www.fjardhundraland.se\/wp-content\/uploads\/2011\/06\/MG_6913-1024x682.jpg?resize=350%2C200&ssl=1 1x, https:\/\/i0.wp.com\/www.fjardhundraland.se\/wp-content\/uploads\/2011\/06\/MG_6913-1024x682.jpg?resize=525%2C300&ssl=1 1.5x"},"classes":[]},{"id":10768,"url":"https:\/\/www.fjardhundraland.se\/es\/inlagg\/2022\/midsommarafton-fjardhundraland-2022\/","url_meta":{"origin":1023,"position":5},"title":"Solsticio de verano en Fj\u00e4rdhundraland 2023","author":"Mats Thorburn","date":"21 junio 2022","format":false,"excerpt":"He aqu\u00ed algunas celebraciones tradicionales del solsticio de verano entre los miembros de Fj\u00e4rdhundraland. Se trata de celebraciones rurales del solsticio de verano, con un poste, cantos, hierba y flores, \u00a1como debe ser! Husby-Sjutolftsg\u00e5rden a las 13.00 h. Levantamiento y baile alrededor del poste del solsticio de verano, Spelem\u00e4n. Paseo en un frondoso serpent\u00edn, estanque de peces y loter\u00edas. Venta de fika casero. No dude en traer ...","rel":"","context":"En \u00ab\u00c4ldre inl\u00e4gg\u00bb","block_context":{"text":"\u00c4ldre inl\u00e4gg","link":"https:\/\/www.fjardhundraland.se\/es\/aldre-inlagg\/"},"img":{"alt_text":"Folkdanslag p\u00e5 H\u00e4rledg\u00e5rden p\u00e5 midsommar","src":"https:\/\/i0.wp.com\/www.fjardhundraland.se\/wp-content\/uploads\/2012\/05\/H%C3%A4rledg%C3%A5rden.jpg?resize=350%2C200&ssl=1","width":350,"height":200,"srcset":"https:\/\/i0.wp.com\/www.fjardhundraland.se\/wp-content\/uploads\/2012\/05\/H%C3%A4rledg%C3%A5rden.jpg?resize=350%2C200&ssl=1 1x, https:\/\/i0.wp.com\/www.fjardhundraland.se\/wp-content\/uploads\/2012\/05\/H%C3%A4rledg%C3%A5rden.jpg?resize=525%2C300&ssl=1 1.5x, https:\/\/i0.wp.com\/www.fjardhundraland.se\/wp-content\/uploads\/2012\/05\/H%C3%A4rledg%C3%A5rden.jpg?resize=700%2C400&ssl=1 2x, https:\/\/i0.wp.com\/www.fjardhundraland.se\/wp-content\/uploads\/2012\/05\/H%C3%A4rledg%C3%A5rden.jpg?resize=1050%2C600&ssl=1 3x, https:\/\/i0.wp.com\/www.fjardhundraland.se\/wp-content\/uploads\/2012\/05\/H%C3%A4rledg%C3%A5rden.jpg?resize=1400%2C800&ssl=1 4x"},"classes":[]}],"jetpack_sharing_enabled":true,"_links":{"self":[{"href":"https:\/\/www.fjardhundraland.se\/es\/wp-json\/wp\/v2\/posts\/1023","targetHints":{"allow":["GET"]}}],"collection":[{"href":"https:\/\/www.fjardhundraland.se\/es\/wp-json\/wp\/v2\/posts"}],"about":[{"href":"https:\/\/www.fjardhundraland.se\/es\/wp-json\/wp\/v2\/types\/post"}],"author":[{"embeddable":true,"href":"https:\/\/www.fjardhundraland.se\/es\/wp-json\/wp\/v2\/users\/1"}],"replies":[{"embeddable":true,"href":"https:\/\/www.fjardhundraland.se\/es\/wp-json\/wp\/v2\/comments?post=1023"}],"version-history":[{"count":1,"href":"https:\/\/www.fjardhundraland.se\/es\/wp-json\/wp\/v2\/posts\/1023\/revisions"}],"predecessor-version":[{"id":19714,"href":"https:\/\/www.fjardhundraland.se\/es\/wp-json\/wp\/v2\/posts\/1023\/revisions\/19714"}],"wp:featuredmedia":[{"embeddable":true,"href":"https:\/\/www.fjardhundraland.se\/es\/wp-json\/"}],"wp:attachment":[{"href":"https:\/\/www.fjardhundraland.se\/es\/wp-json\/wp\/v2\/media?parent=1023"}],"wp:term":[{"taxonomy":"category","embeddable":true,"href":"https:\/\/www.fjardhundraland.se\/es\/wp-json\/wp\/v2\/categories?post=1023"},{"taxonomy":"post_tag","embeddable":true,"href":"https:\/\/www.fjardhundraland.se\/es\/wp-json\/wp\/v2\/tags?post=1023"}],"curies":[{"name":"wp","href":"https:\/\/api.w.org\/{rel}","templated":true}]}}