
{"id":925,"date":"2012-05-04T22:10:30","date_gmt":"2012-05-04T20:10:30","guid":{"rendered":"http:\/\/www.fjardhundraland.se\/?p=925"},"modified":"2026-02-05T13:41:12","modified_gmt":"2026-02-05T12:41:12","slug":"925","status":"publish","type":"post","link":"https:\/\/www.fjardhundraland.se\/en\/externt\/2012\/925\/","title":{"rendered":"It is buzzing this summer"},"content":{"rendered":"<p>Time to buy ticket for summer theater experience, in Fj\u00e4rdhundra north of Enk\u00f6ping. Eighty actors, musicians and dancers aged six to seventy welcome you to an unforgettable summer experience. 1950s, cars and three young girls in focus with dreams to run rally, start coffee shop and workshop.\u00a0<em><a title=\"It hurts\" href=\"https:\/\/www.paddebo.se\/det-susar\/\" target=\"_blank\" rel=\"noopener\">It hurts!<\/a><\/em><\/p>\n<p><img decoding=\"async\" class=\"alignnone\" title=\"It hurts\" src=\"https:\/\/www.paddebo.se\/wp-content\/uploads\/2012\/01\/Det.jpg\" alt=\"It hurts\" width=\"480\" height=\"320\" \/><\/p>","protected":false},"excerpt":{"rendered":"<p>Time to buy ticket for summer theater experience, in Fj\u00e4rdhundra north of Enk\u00f6ping. Eighty actors, musicians and dancers aged six to seventy welcome you to an unforgettable summer experience. 1950s, cars and three young girls in focus with dreams to run rally, start coffee shop and workshop. It hurts!<\/p>","protected":false},"author":1,"featured_media":0,"comment_status":"open","ping_status":"open","sticky":false,"template":"","format":"standard","meta":{"_acf_changed":false,"_relevanssi_hide_post":"","_relevanssi_hide_content":"","_relevanssi_pin_for_all":"","_relevanssi_pin_keywords":"","_relevanssi_unpin_keywords":"","_relevanssi_related_keywords":"","_relevanssi_related_include_ids":"","_relevanssi_related_exclude_ids":"","_relevanssi_related_no_append":"","_relevanssi_related_not_related":"","_relevanssi_related_posts":"","_relevanssi_noindex_reason":"Rank Math Uteslut fr\u00e5n Relevanssi index","_genesis_hide_title":false,"_genesis_hide_breadcrumbs":false,"_genesis_hide_singular_image":false,"_genesis_hide_footer_widgets":false,"_genesis_custom_body_class":"","_genesis_custom_post_class":"","_genesis_layout":"","_jetpack_memberships_contains_paid_content":false,"footnotes":""},"categories":[353,18,50,25],"tags":[352],"class_list":{"0":"post-925","1":"post","2":"type-post","3":"status-publish","4":"format-standard","6":"category-aldre-inlagg","7":"category-externt","8":"category-teater","9":"category-upplevelser","10":"tag-aldre-inlagg","11":"entry"},"acf":[],"visa":null,"geo_latitude":null,"geo_longitude":null,"jetpack_featured_media_url":"","featured_image_src":null,"featured_image_src_square":null,"author_info":{"display_name":"Mats Thorburn","author_link":"https:\/\/www.fjardhundraland.se\/en\/author\/matst\/"},"jetpack-related-posts":[{"id":1191,"url":"https:\/\/www.fjardhundraland.se\/en\/inlagg\/2012\/oppet-hus-i-fjardhundraland-18-november\/","url_meta":{"origin":925,"position":0},"title":"Open house in Fj\u00e4rdhundraland 18 November","author":"Mats Thorburn","date":"2 October 2012","format":false,"excerpt":"On Sunday, November 18 at 16-19.30 you are welcome to talk Fj\u00e4rdhundraland in the Church House in Fj\u00e4rdhundra! We show an excerpt from the movie from this summer's theatrical success \u201dDet susar\u201d at 17-18. Mini fair with the village's small businesses. Take the opportunity to buy locally produced food and coffee. Learn more about entrepreneurship with the project Entrepreneurship in...","rel":"","context":"In &quot;\u00c4ldre inl\u00e4gg&quot;","block_context":{"text":"\u00c4ldre inl\u00e4gg","link":"https:\/\/www.fjardhundraland.se\/en\/aldre-inlagg\/"},"img":{"alt_text":"Det susar","src":"https:\/\/i0.wp.com\/www.fjardhundraland.se\/wp-content\/uploads\/2012\/10\/detsusar-630x403.jpg?resize=350%2C200&ssl=1","width":350,"height":200,"srcset":"https:\/\/i0.wp.com\/www.fjardhundraland.se\/wp-content\/uploads\/2012\/10\/detsusar-630x403.jpg?resize=350%2C200&ssl=1 1x, https:\/\/i0.wp.com\/www.fjardhundraland.se\/wp-content\/uploads\/2012\/10\/detsusar-630x403.jpg?resize=525%2C300&ssl=1 1.5x"},"classes":[]},{"id":889,"url":"https:\/\/www.fjardhundraland.se\/en\/externt\/2012\/fjardhundraland-pa-foretagsmassa\/","url_meta":{"origin":925,"position":1},"title":"Bay Dogs at Business Fair","author":"Mats Thorburn","date":"19 April 2012","format":false,"excerpt":"Tomorrow and Saturday you can talk Fj\u00e4rdhundraland with us at the Business Fair Enk\u00f6ping2012! Fj\u00e4rdhundraland economic association is at the fair and presents its activities and the project \u201dEntrepreneurship in Fj\u00e4rdhundaland\u201d. In the stand there is also Vallgarn's farm dairy, Skogsbacken's cheese, Lagerl\u00f6fska magasinet, Paddebo cultural association and H\u00e4stkraft Fj\u00e4rdhundra. Come by and talk to us, buy good cheeses ...","rel":"","context":"In &quot;\u00c4ldre inl\u00e4gg&quot;","block_context":{"text":"\u00c4ldre inl\u00e4gg","link":"https:\/\/www.fjardhundraland.se\/en\/aldre-inlagg\/"},"img":{"alt_text":"","src":"","width":0,"height":0},"classes":[]},{"id":1025,"url":"https:\/\/www.fjardhundraland.se\/en\/externt\/2012\/en-biljett-till-femtiotalet\/","url_meta":{"origin":925,"position":2},"title":"A ticket to the fifties","author":"Mats Thorburn","date":"26 June 2012","format":false,"excerpt":"On Friday 29\/6 it's time for the premiere of Det susar, Paddebo Kulturf\u00f6reningen's big theater project in Fj\u00e4rdhundra, where we get to follow three girls in their dreams, longing and reality, about courage, friendship and cars. The story takes place in the 1940s and 50s, somewhere in Sweden. Book your tickets - it will be an experience!","rel":"","context":"In &quot;\u00c4ldre inl\u00e4gg&quot;","block_context":{"text":"\u00c4ldre inl\u00e4gg","link":"https:\/\/www.fjardhundraland.se\/en\/aldre-inlagg\/"},"img":{"alt_text":"Damk\u00f6ren \u00f6var","src":"https:\/\/i0.wp.com\/fbcdn-sphotos-a.akamaihd.net\/hphotos-ak-ash3\/600747_10151028904635325_1111507348_n.jpg?resize=350%2C200&ssl=1","width":350,"height":200,"srcset":"https:\/\/i0.wp.com\/fbcdn-sphotos-a.akamaihd.net\/hphotos-ak-ash3\/600747_10151028904635325_1111507348_n.jpg?resize=350%2C200&ssl=1 1x, https:\/\/i0.wp.com\/fbcdn-sphotos-a.akamaihd.net\/hphotos-ak-ash3\/600747_10151028904635325_1111507348_n.jpg?resize=525%2C300&ssl=1 1.5x"},"classes":[]},{"id":1206,"url":"https:\/\/www.fjardhundraland.se\/en\/hantverk\/2012\/oppet-hus-18-november\/","url_meta":{"origin":925,"position":3},"title":"Open House November 18th","author":"Ylva Fontell","date":"4 November 2012","format":false,"excerpt":"On Sunday, November 18, you will get a glimpse of all that Fj\u00e4rdhundraland has to offer. The association presents itself, many members tell about their activities \/ sell their products, you can eat and coffee locally produced and watch movies or children's theater. Welcome to an exciting evening in the fall darkness! H\u00e4rnevi nursery is in place ...","rel":"","context":"In &quot;\u00c4ldre inl\u00e4gg&quot;","block_context":{"text":"\u00c4ldre inl\u00e4gg","link":"https:\/\/www.fjardhundraland.se\/en\/aldre-inlagg\/"},"img":{"alt_text":"","src":"","width":0,"height":0},"classes":[]},{"id":1020,"url":"https:\/\/www.fjardhundraland.se\/en\/externt\/2012\/nationaldag-i-fjardhundraland\/","url_meta":{"origin":925,"position":4},"title":"National Day in Fjordhundraland","author":"Mats Thorburn","date":"6 June 2012","format":false,"excerpt":"Today Fj\u00e4rdhundraland is in Skolparken, Enk\u00f6ping 11 - 15.30. The food producers Skogsbackens Ost, Kr\u00e5kvilan and Lagerl\u00f6fska Magasinet serve goodies. Welcome to pick up your map and get tips on summer excursions! You can also celebrate the national day in Altuna hembygdsg\u00e5rd at 17 and H\u00e4rledg\u00e5rden at 9-12.","rel":"","context":"In &quot;\u00c4ldre inl\u00e4gg&quot;","block_context":{"text":"\u00c4ldre inl\u00e4gg","link":"https:\/\/www.fjardhundraland.se\/en\/aldre-inlagg\/"},"img":{"alt_text":"","src":"","width":0,"height":0},"classes":[]},{"id":6999,"url":"https:\/\/www.fjardhundraland.se\/en\/inlagg\/2020\/midsommar-i-fjardhundraland-2020\/","url_meta":{"origin":925,"position":5},"title":"Midsummer in Fj\u00e4rdhundraland 2020","author":"Mats Thorburn","date":"17 June 2020","format":false,"excerpt":"Want to celebrate Midsummer in the countryside, near Stockholm, Uppsala, V\u00e4ster\u00e5s and Enk\u00f6ping? This year it will be different. The big Midsummer celebrations are canceled, but the small celebration you arrange yourself. Book yourself into one of our nice accommodations, and celebrate midsummer close to nature! Here you will find tips on accommodation. And here...","rel":"","context":"In &quot;\u00c4ldre inl\u00e4gg&quot;","block_context":{"text":"\u00c4ldre inl\u00e4gg","link":"https:\/\/www.fjardhundraland.se\/en\/aldre-inlagg\/"},"img":{"alt_text":"A\u0308ng med pra\u0308stkragar midsommar","src":"https:\/\/i0.wp.com\/www.fjardhundraland.se\/wp-content\/uploads\/2020\/06\/acc88ng-pracc88stkragar-midsommar-fjacc88rdhundraland.jpg?resize=350%2C200&ssl=1","width":350,"height":200,"srcset":"https:\/\/i0.wp.com\/www.fjardhundraland.se\/wp-content\/uploads\/2020\/06\/acc88ng-pracc88stkragar-midsommar-fjacc88rdhundraland.jpg?resize=350%2C200&ssl=1 1x, https:\/\/i0.wp.com\/www.fjardhundraland.se\/wp-content\/uploads\/2020\/06\/acc88ng-pracc88stkragar-midsommar-fjacc88rdhundraland.jpg?resize=525%2C300&ssl=1 1.5x, https:\/\/i0.wp.com\/www.fjardhundraland.se\/wp-content\/uploads\/2020\/06\/acc88ng-pracc88stkragar-midsommar-fjacc88rdhundraland.jpg?resize=700%2C400&ssl=1 2x, https:\/\/i0.wp.com\/www.fjardhundraland.se\/wp-content\/uploads\/2020\/06\/acc88ng-pracc88stkragar-midsommar-fjacc88rdhundraland.jpg?resize=1050%2C600&ssl=1 3x, https:\/\/i0.wp.com\/www.fjardhundraland.se\/wp-content\/uploads\/2020\/06\/acc88ng-pracc88stkragar-midsommar-fjacc88rdhundraland.jpg?resize=1400%2C800&ssl=1 4x"},"classes":[]}],"jetpack_sharing_enabled":true,"_links":{"self":[{"href":"https:\/\/www.fjardhundraland.se\/en\/wp-json\/wp\/v2\/posts\/925","targetHints":{"allow":["GET"]}}],"collection":[{"href":"https:\/\/www.fjardhundraland.se\/en\/wp-json\/wp\/v2\/posts"}],"about":[{"href":"https:\/\/www.fjardhundraland.se\/en\/wp-json\/wp\/v2\/types\/post"}],"author":[{"embeddable":true,"href":"https:\/\/www.fjardhundraland.se\/en\/wp-json\/wp\/v2\/users\/1"}],"replies":[{"embeddable":true,"href":"https:\/\/www.fjardhundraland.se\/en\/wp-json\/wp\/v2\/comments?post=925"}],"version-history":[{"count":1,"href":"https:\/\/www.fjardhundraland.se\/en\/wp-json\/wp\/v2\/posts\/925\/revisions"}],"predecessor-version":[{"id":19722,"href":"https:\/\/www.fjardhundraland.se\/en\/wp-json\/wp\/v2\/posts\/925\/revisions\/19722"}],"wp:attachment":[{"href":"https:\/\/www.fjardhundraland.se\/en\/wp-json\/wp\/v2\/media?parent=925"}],"wp:term":[{"taxonomy":"category","embeddable":true,"href":"https:\/\/www.fjardhundraland.se\/en\/wp-json\/wp\/v2\/categories?post=925"},{"taxonomy":"post_tag","embeddable":true,"href":"https:\/\/www.fjardhundraland.se\/en\/wp-json\/wp\/v2\/tags?post=925"}],"curies":[{"name":"wp","href":"https:\/\/api.w.org\/{rel}","templated":true}]}}