
{"id":714,"date":"2011-11-17T13:36:36","date_gmt":"2011-11-17T12:36:36","guid":{"rendered":"http:\/\/www.fjardhundraland.se\/?p=714"},"modified":"2026-02-05T13:40:40","modified_gmt":"2026-02-05T12:40:40","slug":"christina-won-a-sm-medal-in-food-crafts","status":"publish","type":"post","link":"https:\/\/www.fjardhundraland.se\/en\/gardsbutiker\/2011\/christina-tog-sm-medalj-i-mathantverk\/","title":{"rendered":"Christina took the SM medal in food crafts"},"content":{"rendered":"<p>Congratulations to Christina Lagerl\u00f6f on <a title=\"Lagerl\u00f6fska Magasinet\" href=\"https:\/\/lagerlofska.se\/\" target=\"_blank\" rel=\"noopener\">Lagerl\u00f6fska Magasinet<\/a>\u00a0who took SM silver in Math&#039;s work! Christina attended the class Other marmalade with her &quot;Pistage&quot; - apple and citrus marmalade.<\/p>\n<p>Here&#039;s how the jury motivated:<br \/>\n<em>\u201cA modern and exciting marmalade with a fine balance and fresh acid from self-made apple vinegar. The pistachios were well integrated with the fine apple pieces of the Magelemer variety. &quot;<\/em><\/p>\n<p>The SM in food crafts was held November 10-11 during the Mitt K\u00f6k exhibition in \u00c4lvsj\u00f6.<\/p>","protected":false},"excerpt":{"rendered":"<p>Grattis till Christina Lagerl\u00f6f p\u00e5 Lagerl\u00f6fska Magasinet\u00a0som tog SM-silver i Mathantverk! Christina deltog i klassen \u00d6vrig marmelad med sin \u201dPistage\u201d &#8211; \u00e4ppel- och citrusmarmelad. S\u00e5 h\u00e4r l\u00f6d juryns motivering: \u201dEn nymodig och sp\u00e4nnande marmelad med fin balans och frisk syra av egentillverkad \u00e4ppelvin\u00e4ger. Pistagen\u00f6tterna integrerades v\u00e4l med de fina \u00e4ppelbitarna av sorten Magelemer.\u201d SM i [&hellip;]<\/p>\n","protected":false},"author":4,"featured_media":0,"comment_status":"open","ping_status":"open","sticky":false,"template":"","format":"standard","meta":{"_acf_changed":false,"_relevanssi_hide_post":"","_relevanssi_hide_content":"","_relevanssi_pin_for_all":"","_relevanssi_pin_keywords":"","_relevanssi_unpin_keywords":"","_relevanssi_related_keywords":"","_relevanssi_related_include_ids":"","_relevanssi_related_exclude_ids":"","_relevanssi_related_no_append":"","_relevanssi_related_not_related":"","_relevanssi_related_posts":"","_relevanssi_noindex_reason":"Rank Math Uteslut fr\u00e5n Relevanssi index","_genesis_hide_title":false,"_genesis_hide_breadcrumbs":false,"_genesis_hide_singular_image":false,"_genesis_hide_footer_widgets":false,"_genesis_custom_body_class":"","_genesis_custom_post_class":"","_genesis_layout":"","_jetpack_memberships_contains_paid_content":false,"footnotes":""},"categories":[353,18,9,22],"tags":[352],"class_list":{"0":"post-714","1":"post","2":"type-post","3":"status-publish","4":"format-standard","6":"category-aldre-inlagg","7":"category-externt","8":"category-gardsbutiker","9":"category-mat","10":"tag-aldre-inlagg","11":"entry"},"acf":[],"visa":null,"geo_latitude":null,"geo_longitude":null,"jetpack_featured_media_url":"","featured_image_src":null,"featured_image_src_square":null,"author_info":{"display_name":"Ylva Fontell","author_link":"https:\/\/www.fjardhundraland.se\/en\/author\/ylva\/"},"jetpack-related-posts":[{"id":1182,"url":"https:\/\/www.fjardhundraland.se\/en\/gardsbutiker\/2012\/bronsmedalj-i-mathantverk\/","url_meta":{"origin":714,"position":0},"title":"Bronze medal in food crafts","author":"Ylva Fontell","date":"11 September 2012","format":false,"excerpt":"Congratulations to Skogsbacken's cheese that took Uppsala county's only medal in the Swedish Championship in Food Crafts 2012! The blue mold cheese Skogsbackens Bl\u00e5 took the bronze place with a score of 15.5 and the motivation: Beautiful and rustic cheese. The cut surface is homogeneous both in terms of color and mold spread. It is at a very good stage of ripening. Long...","rel":"","context":"In &quot;\u00c4ldre inl\u00e4gg&quot;","block_context":{"text":"\u00c4ldre inl\u00e4gg","link":"https:\/\/www.fjardhundraland.se\/en\/aldre-inlagg\/"},"img":{"alt_text":"","src":"","width":0,"height":0},"classes":[]},{"id":1485,"url":"https:\/\/www.fjardhundraland.se\/en\/externt\/2013\/adventstider-hos-lundellska-galleriet\/","url_meta":{"origin":714,"position":1},"title":"Advent times at Lundellska gallery","author":"Ylva Fontell","date":"22 November 2013","format":false,"excerpt":"The Lundellska Gallery in Kokkola is open on both the first and second weekends of Advent and invites you to do some Christmas shopping in a calm and harmonious environment. You will find art and ceramics by Gunilla Lundell and local food artisans offer marmalade, cheese, bread, mustard and jam. Welcome to the shop! Open Saturday and Sunday 12-17 (30\/11-1\/12 and 7-8\/12) Lundelska gallery is located...","rel":"","context":"In &quot;\u00c4ldre inl\u00e4gg&quot;","block_context":{"text":"\u00c4ldre inl\u00e4gg","link":"https:\/\/www.fjardhundraland.se\/en\/aldre-inlagg\/"},"img":{"alt_text":"ljusstake Gunilla Lundell","src":"https:\/\/i0.wp.com\/www.fjardhundraland.se\/wp-content\/uploads\/2013\/11\/hand_ljusstake-300x225.jpg?resize=350%2C200&ssl=1","width":350,"height":200},"classes":[]},{"id":5416,"url":"https:\/\/www.fjardhundraland.se\/en\/mat-manniskor\/2018\/mat-manniskor-mathantverk-och-matupplevelser-pa-sondag\/","url_meta":{"origin":714,"position":2},"title":"Food &amp; people - food crafts and food experiences","author":"Mats Thorburn","date":"18 September 2018","format":false,"excerpt":"Food &amp; People is the Fj\u00e4rdhundraland Food Round where we gather our food craftsmen for a day in the sign of food. You go around from place to place, taste and shop and have the opportunity to see how the food is produced. On Sunday 23\/9 11-17 it is time. Read more at matomanniskor.se!","rel":"","context":"In &quot;Mat &amp; m\u00e4nniskor&quot;","block_context":{"text":"Mat &amp; m\u00e4nniskor","link":"https:\/\/www.fjardhundraland.se\/en\/mat-manniskor\/"},"img":{"alt_text":"Mat och ma\u0308nniskor bild med tomater och \u00e4gg i \u00e4ggkartong","src":"https:\/\/i0.wp.com\/www.fjardhundraland.se\/wp-content\/uploads\/2018\/08\/mat-och-macc88nniskor-header-2.jpg?resize=350%2C200&ssl=1","width":350,"height":200,"srcset":"https:\/\/i0.wp.com\/www.fjardhundraland.se\/wp-content\/uploads\/2018\/08\/mat-och-macc88nniskor-header-2.jpg?resize=350%2C200&ssl=1 1x, https:\/\/i0.wp.com\/www.fjardhundraland.se\/wp-content\/uploads\/2018\/08\/mat-och-macc88nniskor-header-2.jpg?resize=525%2C300&ssl=1 1.5x, https:\/\/i0.wp.com\/www.fjardhundraland.se\/wp-content\/uploads\/2018\/08\/mat-och-macc88nniskor-header-2.jpg?resize=700%2C400&ssl=1 2x, https:\/\/i0.wp.com\/www.fjardhundraland.se\/wp-content\/uploads\/2018\/08\/mat-och-macc88nniskor-header-2.jpg?resize=1050%2C600&ssl=1 3x, https:\/\/i0.wp.com\/www.fjardhundraland.se\/wp-content\/uploads\/2018\/08\/mat-och-macc88nniskor-header-2.jpg?resize=1400%2C800&ssl=1 4x"},"classes":[]},{"id":5439,"url":"https:\/\/www.fjardhundraland.se\/en\/marknad-2\/2018\/julmarknad-salnecke-slott-2018\/","url_meta":{"origin":714,"position":3},"title":"Christmas market at Salnecke castle","author":"Mats Thorburn","date":"7 November 2018","format":false,"excerpt":"On December 16, 11-16, it is the premiere of the new Christmas market at Salnecke Castle, \u00d6rsundsbro! In the large greenhouse below the castle, historical and modern food crafts are set up for the Christmas table - cheese, sausages, bread, Upplandskubb. In addition, we complement with high-class, local crafts and activities around the castle. A 17th century castle in a...","rel":"","context":"In &quot;Marknad&quot;","block_context":{"text":"Marknad","link":"https:\/\/www.fjardhundraland.se\/en\/marknad-2\/"},"img":{"alt_text":"Salnecke julmarknad","src":"https:\/\/i0.wp.com\/www.fjardhundraland.se\/wp-content\/uploads\/2018\/11\/salnecke-julmarknad.jpg?resize=350%2C200&ssl=1","width":350,"height":200,"srcset":"https:\/\/i0.wp.com\/www.fjardhundraland.se\/wp-content\/uploads\/2018\/11\/salnecke-julmarknad.jpg?resize=350%2C200&ssl=1 1x, https:\/\/i0.wp.com\/www.fjardhundraland.se\/wp-content\/uploads\/2018\/11\/salnecke-julmarknad.jpg?resize=525%2C300&ssl=1 1.5x, https:\/\/i0.wp.com\/www.fjardhundraland.se\/wp-content\/uploads\/2018\/11\/salnecke-julmarknad.jpg?resize=700%2C400&ssl=1 2x, https:\/\/i0.wp.com\/www.fjardhundraland.se\/wp-content\/uploads\/2018\/11\/salnecke-julmarknad.jpg?resize=1050%2C600&ssl=1 3x, https:\/\/i0.wp.com\/www.fjardhundraland.se\/wp-content\/uploads\/2018\/11\/salnecke-julmarknad.jpg?resize=1400%2C800&ssl=1 4x"},"classes":[]},{"id":10641,"url":"https:\/\/www.fjardhundraland.se\/en\/inlagg\/2022\/nya-samarbeten-kring-narproducerad-mat-i-uppland-2\/","url_meta":{"origin":714,"position":4},"title":"New collaborations on locally produced food in Uppland","author":"Mats Thorburn","date":"13 June 2022","format":false,"excerpt":"Fj\u00e4rdhundraland ran the project New collaborations on locally produced food in Uppland. The partners are - in addition to Fj\u00e4rdhundraland - Smaka p\u00e5 V\u00e4stmanland, Bondens mat i Uppland and the REKO rings in Uppsala and Enk\u00f6ping. The project idea aimed to establish cooperation between several different networks of food producers. In the project, we conducted a network meeting for food artisans on...","rel":"","context":"In &quot;\u00c4ldre inl\u00e4gg&quot;","block_context":{"text":"\u00c4ldre inl\u00e4gg","link":"https:\/\/www.fjardhundraland.se\/en\/aldre-inlagg\/"},"img":{"alt_text":"","src":"https:\/\/i0.wp.com\/www.fjardhundraland.se\/wp-content\/uploads\/2022\/06\/img-6445.jpg?resize=350%2C200&ssl=1","width":350,"height":200,"srcset":"https:\/\/i0.wp.com\/www.fjardhundraland.se\/wp-content\/uploads\/2022\/06\/img-6445.jpg?resize=350%2C200&ssl=1 1x, https:\/\/i0.wp.com\/www.fjardhundraland.se\/wp-content\/uploads\/2022\/06\/img-6445.jpg?resize=525%2C300&ssl=1 1.5x, https:\/\/i0.wp.com\/www.fjardhundraland.se\/wp-content\/uploads\/2022\/06\/img-6445.jpg?resize=700%2C400&ssl=1 2x, https:\/\/i0.wp.com\/www.fjardhundraland.se\/wp-content\/uploads\/2022\/06\/img-6445.jpg?resize=1050%2C600&ssl=1 3x, https:\/\/i0.wp.com\/www.fjardhundraland.se\/wp-content\/uploads\/2022\/06\/img-6445.jpg?resize=1400%2C800&ssl=1 4x"},"classes":[]},{"id":1022,"url":"https:\/\/www.fjardhundraland.se\/en\/mat\/2012\/harnevi-bymarknad\/","url_meta":{"origin":714,"position":5},"title":"Nervous city market","author":"Mats Thorburn","date":"16 June 2012","format":false,"excerpt":"On Sunday, it is H\u00e4rnevi village market. There you can shop locally produced, watch veteran tractors, find bargains on flea markets, buy books and much more. Always a nice excursion!","rel":"","context":"In &quot;\u00c4ldre inl\u00e4gg&quot;","block_context":{"text":"\u00c4ldre inl\u00e4gg","link":"https:\/\/www.fjardhundraland.se\/en\/aldre-inlagg\/"},"img":{"alt_text":"Fj\u00e4rdhundralands mathantverkare p\u00e5 H\u00e4rnevi bymarknad 2011","src":"https:\/\/i0.wp.com\/www.harnevibymarknad.se\/_private\/images\/2011\/khe_bymarknad2011_2.jpg?resize=350%2C200&ssl=1","width":350,"height":200,"srcset":"https:\/\/i0.wp.com\/www.harnevibymarknad.se\/_private\/images\/2011\/khe_bymarknad2011_2.jpg?resize=350%2C200&ssl=1 1x, https:\/\/i0.wp.com\/www.harnevibymarknad.se\/_private\/images\/2011\/khe_bymarknad2011_2.jpg?resize=525%2C300&ssl=1 1.5x"},"classes":[]}],"jetpack_sharing_enabled":true,"_links":{"self":[{"href":"https:\/\/www.fjardhundraland.se\/en\/wp-json\/wp\/v2\/posts\/714","targetHints":{"allow":["GET"]}}],"collection":[{"href":"https:\/\/www.fjardhundraland.se\/en\/wp-json\/wp\/v2\/posts"}],"about":[{"href":"https:\/\/www.fjardhundraland.se\/en\/wp-json\/wp\/v2\/types\/post"}],"author":[{"embeddable":true,"href":"https:\/\/www.fjardhundraland.se\/en\/wp-json\/wp\/v2\/users\/4"}],"replies":[{"embeddable":true,"href":"https:\/\/www.fjardhundraland.se\/en\/wp-json\/wp\/v2\/comments?post=714"}],"version-history":[{"count":1,"href":"https:\/\/www.fjardhundraland.se\/en\/wp-json\/wp\/v2\/posts\/714\/revisions"}],"predecessor-version":[{"id":19732,"href":"https:\/\/www.fjardhundraland.se\/en\/wp-json\/wp\/v2\/posts\/714\/revisions\/19732"}],"wp:attachment":[{"href":"https:\/\/www.fjardhundraland.se\/en\/wp-json\/wp\/v2\/media?parent=714"}],"wp:term":[{"taxonomy":"category","embeddable":true,"href":"https:\/\/www.fjardhundraland.se\/en\/wp-json\/wp\/v2\/categories?post=714"},{"taxonomy":"post_tag","embeddable":true,"href":"https:\/\/www.fjardhundraland.se\/en\/wp-json\/wp\/v2\/tags?post=714"}],"curies":[{"name":"wp","href":"https:\/\/api.w.org\/{rel}","templated":true}]}}