
{"id":674,"date":"2011-08-31T14:50:49","date_gmt":"2011-08-31T12:50:49","guid":{"rendered":"http:\/\/www.fjardhundraland.se\/?p=674"},"modified":"2026-02-05T13:40:40","modified_gmt":"2026-02-05T12:40:40","slug":"music-and-ancient-finds-from-osterunda","status":"publish","type":"post","link":"https:\/\/www.fjardhundraland.se\/en\/externt\/2011\/musik-och-fornfynd-fran-osterunda\/","title":{"rendered":"Music and ancient finds from \u00d6sterunda"},"content":{"rendered":"<p>Tomorrow, Thursday, September 1 at 19, Berndt Andersson and Sture Eriksson will tell about ancient finds and play music written in \u00d6sterunda. Bring a coffee basket and come to the church cabin at \u00d6sterunda church!<br \/>\n<a href=\"https:\/\/www.fjardhundraland.se\/en\/blog\/2011\/08\/31\/music-and-ancient-finds-from-osterunda\/osterunda_kyrka\/\" rel=\"attachment wp-att-676\"><br \/>\n<img decoding=\"async\" src=\"https:\/\/www.fjardhundraland.se\/wp-content\/uploads\/2011\/08\/Osterunda_kyrka-630x419.jpg\" alt=\"\" title=\"Osterunda_kyrka\" width=\"630\" height=\"419\" class=\"alignleft size-medium wp-image-676\"><\/a><\/p>","protected":false},"excerpt":{"rendered":"<p>Tomorrow, Thursday, September 1 at 19, Berndt Andersson and Sture Eriksson will tell about ancient finds and play music written in \u00d6sterunda.<\/p>","protected":false},"author":1,"featured_media":0,"comment_status":"open","ping_status":"open","sticky":false,"template":"","format":"standard","meta":{"_acf_changed":false,"_relevanssi_hide_post":"","_relevanssi_hide_content":"","_relevanssi_pin_for_all":"","_relevanssi_pin_keywords":"","_relevanssi_unpin_keywords":"","_relevanssi_related_keywords":"","_relevanssi_related_include_ids":"","_relevanssi_related_exclude_ids":"","_relevanssi_related_no_append":"","_relevanssi_related_not_related":"","_relevanssi_related_posts":"","_relevanssi_noindex_reason":"Rank Math Uteslut fr\u00e5n Relevanssi index","_genesis_hide_title":false,"_genesis_hide_breadcrumbs":false,"_genesis_hide_singular_image":false,"_genesis_hide_footer_widgets":false,"_genesis_custom_body_class":"","_genesis_custom_post_class":"","_genesis_layout":"","_jetpack_memberships_contains_paid_content":false,"footnotes":""},"categories":[353,18,23],"tags":[352],"class_list":{"0":"post-674","1":"post","2":"type-post","3":"status-publish","4":"format-standard","6":"category-aldre-inlagg","7":"category-externt","8":"category-musik","9":"tag-aldre-inlagg","10":"entry"},"acf":[],"visa":null,"geo_latitude":null,"geo_longitude":null,"jetpack_featured_media_url":"","featured_image_src":null,"featured_image_src_square":null,"author_info":{"display_name":"Mats Thorburn","author_link":"https:\/\/www.fjardhundraland.se\/en\/author\/matst\/"},"jetpack-related-posts":[{"id":699,"url":"https:\/\/www.fjardhundraland.se\/en\/externt\/2011\/flamenco-fusion\/","url_meta":{"origin":674,"position":0},"title":"Flamenco Fusion","author":"Mats Thorburn","date":"16 September 2011","format":false,"excerpt":"Ready for an evening with Flamenco in the country? In the district of \u00d6sterunda, you will be offering an evening with Erik Steen Flamenco Fusion tomorrow, September 17th.","rel":"","context":"In &quot;\u00c4ldre inl\u00e4gg&quot;","block_context":{"text":"\u00c4ldre inl\u00e4gg","link":"https:\/\/www.fjardhundraland.se\/en\/aldre-inlagg\/"},"img":{"alt_text":"","src":"","width":0,"height":0},"classes":[]},{"id":298,"url":"https:\/\/www.fjardhundraland.se\/en\/externt\/2011\/det-har-hander-i-helgen\/","url_meta":{"origin":674,"position":1},"title":"This is happening this weekend","author":"Mats Thorburn","date":"27 May 2011","format":false,"excerpt":"Here are some tips on activities around Fj\u00e4rdhundraland during the coming weekend: Saturday-Sunday, May 28-29, 10-16: Spring market in Dunderbo. Traditional food exhibition, coffee service with home baking. Summer flowers, jams, knitwear, candles etc. Guided tours on Krigsstigen at 11 am and 2 pm. 073-65 77 906 Arr: Dunderbo Ljus &amp; hantverk. Saturday-Sunday May 28-29 ...","rel":"","context":"In &quot;\u00c4ldre inl\u00e4gg&quot;","block_context":{"text":"\u00c4ldre inl\u00e4gg","link":"https:\/\/www.fjardhundraland.se\/en\/aldre-inlagg\/"},"img":{"alt_text":"","src":"","width":0,"height":0},"classes":[]},{"id":417,"url":"https:\/\/www.fjardhundraland.se\/en\/gardsbutiker\/2011\/bed-breakfast-brod-hantverk\/","url_meta":{"origin":674,"position":2},"title":"Bed &amp; breakfast, bread &amp; crafts","author":"Mats Thorburn","date":"21 July 2011","format":false,"excerpt":"Every Sunday you can snack and shop in the Kr\u00e5kvilan bakery in Hammarby. Cookies, crispbread, fine sheepskin and felted crafts are on sale. Now Kr\u00e5kvilan has opened a bed and breakfast! In the bakery you can stay in one of the two homely rooms.","rel":"","context":"In &quot;\u00c4ldre inl\u00e4gg&quot;","block_context":{"text":"\u00c4ldre inl\u00e4gg","link":"https:\/\/www.fjardhundraland.se\/en\/aldre-inlagg\/"},"img":{"alt_text":"","src":"","width":0,"height":0},"classes":[]},{"id":2376,"url":"https:\/\/www.fjardhundraland.se\/en\/inlagg\/2014\/midsommar-fjardhundraland-2014\/","url_meta":{"origin":674,"position":3},"title":"Midsummer in Fj\u00e4rdhundraland 2014","author":"Mats Thorburn","date":"5 June 2014","format":false,"excerpt":"Celebrate Midsummer in beautiful Fj\u00e4rdhundraland - in H\u00e4rkeberga, at H\u00e4rledg\u00e5rden, Altuna, Biskopskulla and in Fr\u00f6sthult. Make a midsummer excursion from Enk\u00f6ping, V\u00e4ster\u00e5s, Sala or Uppsala - a perfect midsummer in the countryside! Midsummer party at 13:30 at H\u00e4rledg\u00e5rden. Dancing around the pole. Entertainment. Folk dancing. Coffee service. Free entrance. Organizer: Torstuna Hembygdsf\u00f6rening Tel: 070-859 32 84 https:\/\/www.hembygd.se\/uppland\/torstuna Midsummer party in Altuna...","rel":"","context":"In &quot;\u00c4ldre inl\u00e4gg&quot;","block_context":{"text":"\u00c4ldre inl\u00e4gg","link":"https:\/\/www.fjardhundraland.se\/en\/aldre-inlagg\/"},"img":{"alt_text":"Folkdanslag p\u00e5 H\u00e4rledg\u00e5rden p\u00e5 midsommar","src":"https:\/\/i0.wp.com\/www.fjardhundraland.se\/wp-content\/uploads\/2012\/05\/H%C3%A4rledg%C3%A5rden.jpg?resize=350%2C200&ssl=1","width":350,"height":200,"srcset":"https:\/\/i0.wp.com\/www.fjardhundraland.se\/wp-content\/uploads\/2012\/05\/H%C3%A4rledg%C3%A5rden.jpg?resize=350%2C200&ssl=1 1x, https:\/\/i0.wp.com\/www.fjardhundraland.se\/wp-content\/uploads\/2012\/05\/H%C3%A4rledg%C3%A5rden.jpg?resize=525%2C300&ssl=1 1.5x, https:\/\/i0.wp.com\/www.fjardhundraland.se\/wp-content\/uploads\/2012\/05\/H%C3%A4rledg%C3%A5rden.jpg?resize=700%2C400&ssl=1 2x, https:\/\/i0.wp.com\/www.fjardhundraland.se\/wp-content\/uploads\/2012\/05\/H%C3%A4rledg%C3%A5rden.jpg?resize=1050%2C600&ssl=1 3x, https:\/\/i0.wp.com\/www.fjardhundraland.se\/wp-content\/uploads\/2012\/05\/H%C3%A4rledg%C3%A5rden.jpg?resize=1400%2C800&ssl=1 4x"},"classes":[]},{"id":1844,"url":"https:\/\/www.fjardhundraland.se\/en\/inlagg\/2014\/teater-i-frosthult\/","url_meta":{"origin":674,"position":4},"title":"Theater in Fr\u00f6sthult","author":"Mats Thorburn","date":"25 February 2014","format":false,"excerpt":"On Friday, March 14 at 19, Panikteatern comes to Fr\u00f6sthult's village hall and plays \u00c4lskade Elvis A theater performance about dreams and stark reality, about hopes, about reconciliation, about what we wanted and about how everything turned out. A little heart and a little pain, a dose of comedy and a splash of tragedy, and the whole dish to ...","rel":"","context":"In &quot;\u00c4ldre inl\u00e4gg&quot;","block_context":{"text":"\u00c4ldre inl\u00e4gg","link":"https:\/\/www.fjardhundraland.se\/en\/aldre-inlagg\/"},"img":{"alt_text":"photo36","src":"https:\/\/i0.wp.com\/www.fjardhundraland.se\/wp-content\/uploads\/2014\/03\/photo36-300x200.jpg?resize=350%2C200&ssl=1","width":350,"height":200},"classes":[]},{"id":5762,"url":"https:\/\/www.fjardhundraland.se\/en\/tuva-tappa\/2019\/tuva-tappa-2019\/","url_meta":{"origin":674,"position":5},"title":"Tuva &amp; t\u00e4ppa 2019","author":"Mats Thorburn","date":"4 June 2019","format":false,"excerpt":"It's green time! We celebrate this with a summer tour of private gardens and nurseries that are open and offer experiences and knowledge. You can visit these places on Saturday, June 29 at 11-17. (Here is a printable map.) Participants Lundellska Galleriet Simtuna Karleby 8 74971 Fj\u00e4rdhundra Vernissage with KreaLera, garden-related stoneware...","rel":"","context":"In &quot;Tuva &amp; T\u00e4ppa&quot;","block_context":{"text":"Tuva &amp; T\u00e4ppa","link":"https:\/\/www.fjardhundraland.se\/en\/tuva-tappa\/"},"img":{"alt_text":"Bild p\u00e5 blomsterrabatt under tr\u00e4dg\u00e5rdsrundan Tuva & T\u00e4ppa","src":"https:\/\/i0.wp.com\/www.fjardhundraland.se\/wp-content\/uploads\/2019\/06\/tuva-tacc88ppa-tracc88dgacc8ardsrunda.jpg?resize=350%2C200&ssl=1","width":350,"height":200,"srcset":"https:\/\/i0.wp.com\/www.fjardhundraland.se\/wp-content\/uploads\/2019\/06\/tuva-tacc88ppa-tracc88dgacc8ardsrunda.jpg?resize=350%2C200&ssl=1 1x, https:\/\/i0.wp.com\/www.fjardhundraland.se\/wp-content\/uploads\/2019\/06\/tuva-tacc88ppa-tracc88dgacc8ardsrunda.jpg?resize=525%2C300&ssl=1 1.5x, https:\/\/i0.wp.com\/www.fjardhundraland.se\/wp-content\/uploads\/2019\/06\/tuva-tacc88ppa-tracc88dgacc8ardsrunda.jpg?resize=700%2C400&ssl=1 2x, https:\/\/i0.wp.com\/www.fjardhundraland.se\/wp-content\/uploads\/2019\/06\/tuva-tacc88ppa-tracc88dgacc8ardsrunda.jpg?resize=1050%2C600&ssl=1 3x, https:\/\/i0.wp.com\/www.fjardhundraland.se\/wp-content\/uploads\/2019\/06\/tuva-tacc88ppa-tracc88dgacc8ardsrunda.jpg?resize=1400%2C800&ssl=1 4x"},"classes":[]}],"jetpack_sharing_enabled":true,"_links":{"self":[{"href":"https:\/\/www.fjardhundraland.se\/en\/wp-json\/wp\/v2\/posts\/674","targetHints":{"allow":["GET"]}}],"collection":[{"href":"https:\/\/www.fjardhundraland.se\/en\/wp-json\/wp\/v2\/posts"}],"about":[{"href":"https:\/\/www.fjardhundraland.se\/en\/wp-json\/wp\/v2\/types\/post"}],"author":[{"embeddable":true,"href":"https:\/\/www.fjardhundraland.se\/en\/wp-json\/wp\/v2\/users\/1"}],"replies":[{"embeddable":true,"href":"https:\/\/www.fjardhundraland.se\/en\/wp-json\/wp\/v2\/comments?post=674"}],"version-history":[{"count":1,"href":"https:\/\/www.fjardhundraland.se\/en\/wp-json\/wp\/v2\/posts\/674\/revisions"}],"predecessor-version":[{"id":19736,"href":"https:\/\/www.fjardhundraland.se\/en\/wp-json\/wp\/v2\/posts\/674\/revisions\/19736"}],"wp:attachment":[{"href":"https:\/\/www.fjardhundraland.se\/en\/wp-json\/wp\/v2\/media?parent=674"}],"wp:term":[{"taxonomy":"category","embeddable":true,"href":"https:\/\/www.fjardhundraland.se\/en\/wp-json\/wp\/v2\/categories?post=674"},{"taxonomy":"post_tag","embeddable":true,"href":"https:\/\/www.fjardhundraland.se\/en\/wp-json\/wp\/v2\/tags?post=674"}],"curies":[{"name":"wp","href":"https:\/\/api.w.org\/{rel}","templated":true}]}}