
{"id":671,"date":"2011-08-26T16:42:42","date_gmt":"2011-08-26T14:42:42","guid":{"rendered":"http:\/\/www.fjardhundraland.se\/blog\/2011\/08\/26\/aventyrslajv-och-medeltidsby-i-skattmanso\/"},"modified":"2026-02-05T13:40:40","modified_gmt":"2026-02-05T12:40:40","slug":"adventure-camp-and-medieval-village-in-the-treasure-trail","status":"publish","type":"post","link":"https:\/\/www.fjardhundraland.se\/en\/externt\/2011\/aventyrslajv-och-medeltidsby-i-skattmanso\/","title":{"rendered":"Adventure camp and medieval village in Skattmans\u00f6"},"content":{"rendered":"<p>Tomorrow, Saturday 27 August, you can visit a fabulous medieval village and market in Skattmans\u00f6\u00e5dalen. Nice weather is promised! There, food service and sales of vegetables, bread, ceramics, herbal salads, experiences and other things are waiting for. It is buzzing with life and movement in the village\u2026<br \/>\nFor those of you who are 7-14 years old, it is Adventure Slave. Through the portal, you get to enter the live area in Skattmans\u00f6, you get to dress up and get a role, solve tasks and who you meet is a secret for just you, your group and game leader. Cost SEK 80. You register at hannah@rydstedt.info or call \/ text 070-2525518.<br \/>\n<img decoding=\"async\" class=\"alignnone\" title=\"From the Battle of Gestilren, Paddebo cultural association\" src=\"https:\/\/a5.sphotos.ak.fbcdn.net\/hphotos-ak-ash2\/45432_419186919233_624654233_4834790_8326518_n.jpg\" alt=\"From the Battle of the Gestilren\" width=\"604\" height=\"403\" \/><\/p>\n<p><img decoding=\"async\" class=\"alignnone\" title=\"From the Battle of the Gestilren\" src=\"https:\/\/a2.sphotos.ak.fbcdn.net\/hphotos-ak-snc4\/40788_419186044233_624654233_4834768_7922618_n.jpg\" alt=\"From the Battle of the Gestilren\" width=\"604\" height=\"403\" \/><\/p>","protected":false},"excerpt":{"rendered":"<p>I morgon l\u00f6rdag 27 augusti kan du bes\u00f6ka en sagolik medeltidsby och marknad i Skattmans\u00f6\u00e5dalen. Fint v\u00e4der \u00e4r utlovat! D\u00e4r v\u00e4ntar matservering och f\u00f6rs\u00e4ljning av gr\u00f6nsaker, br\u00f6d, keramik, \u00f6rtsalvor, upplevelser och annat sm\u00e5tt och gott. Det sjuder av liv och r\u00f6relse i byn&#8230; F\u00f6r dig som \u00e4r \u00e4r 7-14 \u00e5r det \u00c4ventyrslajv. Du f\u00e5r genom [&hellip;]<\/p>\n","protected":false},"author":1,"featured_media":0,"comment_status":"open","ping_status":"open","sticky":false,"template":"","format":"standard","meta":{"_acf_changed":false,"_relevanssi_hide_post":"","_relevanssi_hide_content":"","_relevanssi_pin_for_all":"","_relevanssi_pin_keywords":"","_relevanssi_unpin_keywords":"","_relevanssi_related_keywords":"","_relevanssi_related_include_ids":"","_relevanssi_related_exclude_ids":"","_relevanssi_related_no_append":"","_relevanssi_related_not_related":"","_relevanssi_related_posts":"","_relevanssi_noindex_reason":"Rank Math Uteslut fr\u00e5n Relevanssi index","_genesis_hide_title":false,"_genesis_hide_breadcrumbs":false,"_genesis_hide_singular_image":false,"_genesis_hide_footer_widgets":false,"_genesis_custom_body_class":"","_genesis_custom_post_class":"","_genesis_layout":"","_jetpack_memberships_contains_paid_content":false,"footnotes":""},"categories":[353,48,18,45,22,51,50,25],"tags":[352,49,74,75],"class_list":{"0":"post-671","1":"post","2":"type-post","3":"status-publish","4":"format-standard","6":"category-aldre-inlagg","7":"category-barn","8":"category-externt","9":"category-kultur","10":"category-mat","11":"category-natur","12":"category-teater","13":"category-upplevelser","14":"tag-aldre-inlagg","15":"tag-lajv","16":"tag-medeltid","17":"tag-skattmanso","18":"entry"},"acf":[],"visa":null,"geo_latitude":"59.768286","geo_longitude":"17.396302","jetpack_featured_media_url":"","featured_image_src":null,"featured_image_src_square":null,"author_info":{"display_name":"Mats Thorburn","author_link":"https:\/\/www.fjardhundraland.se\/en\/author\/matst\/"},"jetpack-related-posts":[{"id":425,"url":"https:\/\/www.fjardhundraland.se\/en\/externt\/2011\/valkommen-pa-medeltida-lajvaventyr\/","url_meta":{"origin":671,"position":0},"title":"Welcome to medieval lawn adventure!","author":"Mats Thorburn","date":"28 July 2011","format":false,"excerpt":"Are you 7-14 years old and like adventure? Come to Skattmans\u00f6 on August 27 at 11-16 and step into a medieval world ...","rel":"","context":"In &quot;\u00c4ldre inl\u00e4gg&quot;","block_context":{"text":"\u00c4ldre inl\u00e4gg","link":"https:\/\/www.fjardhundraland.se\/en\/aldre-inlagg\/"},"img":{"alt_text":"Fr\u00e5n Slaget vid Gestilren","src":"https:\/\/a5.sphotos.ak.fbcdn.net\/hphotos-ak-ash2\/45432_419186919233_624654233_4834790_8326518_n.jpg","width":350,"height":200,"srcset":"https:\/\/a5.sphotos.ak.fbcdn.net\/hphotos-ak-ash2\/45432_419186919233_624654233_4834790_8326518_n.jpg 1x, https:\/\/a5.sphotos.ak.fbcdn.net\/hphotos-ak-ash2\/45432_419186919233_624654233_4834790_8326518_n.jpg 1.5x"},"classes":[]},{"id":5226,"url":"https:\/\/www.fjardhundraland.se\/en\/upplevelser\/2018\/filmsommar-pa-gamla-bion\/","url_meta":{"origin":671,"position":1},"title":"Movie summer at Gamla Bion","author":"Ylva Fontell","date":"27 June 2018","format":false,"excerpt":"Wow, what a summer of movies awaits! The Old Cinema in \u00d6rsundsbro has put together an extensive program of brand new quality films, complemented by this year's new addition, Classics Week. The calendar of events presents all the films in more detail, but here's a sneak peek: 3\/7 Aquarius, 10\/7 Three Billboards outside Ebbing, Missouri, 17\/7 Loving Vincent, 24\/7 Amateurs, 31\/7...","rel":"","context":"In &quot;\u00c4ldre inl\u00e4gg&quot;","block_context":{"text":"\u00c4ldre inl\u00e4gg","link":"https:\/\/www.fjardhundraland.se\/en\/aldre-inlagg\/"},"img":{"alt_text":"Gamla bion i \u00d6rsundsbro","src":"https:\/\/i0.wp.com\/www.fjardhundraland.se\/wp-content\/uploads\/2017\/02\/gamla-bion.jpg?resize=350%2C200&ssl=1","width":350,"height":200,"srcset":"https:\/\/i0.wp.com\/www.fjardhundraland.se\/wp-content\/uploads\/2017\/02\/gamla-bion.jpg?resize=350%2C200&ssl=1 1x, https:\/\/i0.wp.com\/www.fjardhundraland.se\/wp-content\/uploads\/2017\/02\/gamla-bion.jpg?resize=525%2C300&ssl=1 1.5x, https:\/\/i0.wp.com\/www.fjardhundraland.se\/wp-content\/uploads\/2017\/02\/gamla-bion.jpg?resize=700%2C400&ssl=1 2x, https:\/\/i0.wp.com\/www.fjardhundraland.se\/wp-content\/uploads\/2017\/02\/gamla-bion.jpg?resize=1050%2C600&ssl=1 3x, https:\/\/i0.wp.com\/www.fjardhundraland.se\/wp-content\/uploads\/2017\/02\/gamla-bion.jpg?resize=1400%2C800&ssl=1 4x"},"classes":[]},{"id":5295,"url":"https:\/\/www.fjardhundraland.se\/en\/upplevelser\/2018\/tva-sommarjubileer\/","url_meta":{"origin":671,"position":2},"title":"Two summer anniversaries","author":"Ylva Fontell","date":"10 July 2018","format":false,"excerpt":"Congratulations to Salnecke Slottscaf\u00e9 and Dunderbo Ljus &amp; Hantverk who celebrate their anniversary in July! They are two wonderful places that make life in the countryside a more pleasant experience. One year ago, Salnecke Castle Caf\u00e9, Cheese &amp; Deli started its business. The one-year anniversary should of course be celebrated! On Saturday, July 14, there will be...","rel":"","context":"In &quot;\u00c4ldre inl\u00e4gg&quot;","block_context":{"text":"\u00c4ldre inl\u00e4gg","link":"https:\/\/www.fjardhundraland.se\/en\/aldre-inlagg\/"},"img":{"alt_text":"","src":"https:\/\/i0.wp.com\/www.fjardhundraland.se\/wp-content\/uploads\/2018\/07\/pr_stkragar-2017-juni-28-20-57-09-59_4852_-n-17_632_-e-1.jpg?resize=350%2C200&ssl=1","width":350,"height":200,"srcset":"https:\/\/i0.wp.com\/www.fjardhundraland.se\/wp-content\/uploads\/2018\/07\/pr_stkragar-2017-juni-28-20-57-09-59_4852_-n-17_632_-e-1.jpg?resize=350%2C200&ssl=1 1x, https:\/\/i0.wp.com\/www.fjardhundraland.se\/wp-content\/uploads\/2018\/07\/pr_stkragar-2017-juni-28-20-57-09-59_4852_-n-17_632_-e-1.jpg?resize=525%2C300&ssl=1 1.5x, https:\/\/i0.wp.com\/www.fjardhundraland.se\/wp-content\/uploads\/2018\/07\/pr_stkragar-2017-juni-28-20-57-09-59_4852_-n-17_632_-e-1.jpg?resize=700%2C400&ssl=1 2x, https:\/\/i0.wp.com\/www.fjardhundraland.se\/wp-content\/uploads\/2018\/07\/pr_stkragar-2017-juni-28-20-57-09-59_4852_-n-17_632_-e-1.jpg?resize=1050%2C600&ssl=1 3x, https:\/\/i0.wp.com\/www.fjardhundraland.se\/wp-content\/uploads\/2018\/07\/pr_stkragar-2017-juni-28-20-57-09-59_4852_-n-17_632_-e-1.jpg?resize=1400%2C800&ssl=1 4x"},"classes":[]},{"id":4872,"url":"https:\/\/www.fjardhundraland.se\/en\/djur\/2018\/algen-olivia-fjardhundraland\/","url_meta":{"origin":671,"position":3},"title":"The Elven Olivia in Fj\u00e4rdhundraland","author":"Ylva Fontell","date":"9 February 2018","format":false,"excerpt":"Olivia the moose from G\u00e5rdsj\u00f6 Moose Park as a tulip thief has become a mega success that is spreading worldwide. At G\u00e5rdsj\u00f6 Moose Park you get close to the moose and meet them in their natural environment (no, it's not inside Leffe and Ilona's kitchen, but outside in the enclosure). It is powerful and becomes a...","rel":"","context":"In &quot;Djur&quot;","block_context":{"text":"Djur","link":"https:\/\/www.fjardhundraland.se\/en\/djur\/"},"img":{"alt_text":"M\u00f6t \u00e4lgar i G\u00e5rdsj\u00f6 \u00e4lgpark","src":"https:\/\/i0.wp.com\/www.fjardhundraland.se\/wp-content\/uploads\/2018\/02\/algsafari3.jpg?resize=350%2C200&ssl=1","width":350,"height":200,"srcset":"https:\/\/i0.wp.com\/www.fjardhundraland.se\/wp-content\/uploads\/2018\/02\/algsafari3.jpg?resize=350%2C200&ssl=1 1x, https:\/\/i0.wp.com\/www.fjardhundraland.se\/wp-content\/uploads\/2018\/02\/algsafari3.jpg?resize=525%2C300&ssl=1 1.5x, https:\/\/i0.wp.com\/www.fjardhundraland.se\/wp-content\/uploads\/2018\/02\/algsafari3.jpg?resize=700%2C400&ssl=1 2x, https:\/\/i0.wp.com\/www.fjardhundraland.se\/wp-content\/uploads\/2018\/02\/algsafari3.jpg?resize=1050%2C600&ssl=1 3x, https:\/\/i0.wp.com\/www.fjardhundraland.se\/wp-content\/uploads\/2018\/02\/algsafari3.jpg?resize=1400%2C800&ssl=1 4x"},"classes":[]},{"id":4945,"url":"https:\/\/www.fjardhundraland.se\/en\/inlagg\/2018\/jag-vantar-vid-min-mila\/","url_meta":{"origin":671,"position":4},"title":"I&#039;m waiting for my mile ...","author":"Ylva Fontell","date":"8 March 2018","format":false,"excerpt":"Dan Andersson has created the image of the lonely charcoal keeper in the forest like no one else. In the old days, charcoal smouldered everywhere in the forests, but nowadays we usually come into contact with charcoal in a bag. In Messkog, along the church path between Skekarsbo and Nora, many milas have been erected and the charcoal hut is there ...","rel":"","context":"In &quot;\u00c4ldre inl\u00e4gg&quot;","block_context":{"text":"\u00c4ldre inl\u00e4gg","link":"https:\/\/www.fjardhundraland.se\/en\/aldre-inlagg\/"},"img":{"alt_text":"Kolmila","src":"https:\/\/i0.wp.com\/www.fjardhundraland.se\/wp-content\/uploads\/2018\/03\/kolmilan-2017-1-2.jpg?resize=350%2C200&ssl=1","width":350,"height":200,"srcset":"https:\/\/i0.wp.com\/www.fjardhundraland.se\/wp-content\/uploads\/2018\/03\/kolmilan-2017-1-2.jpg?resize=350%2C200&ssl=1 1x, https:\/\/i0.wp.com\/www.fjardhundraland.se\/wp-content\/uploads\/2018\/03\/kolmilan-2017-1-2.jpg?resize=525%2C300&ssl=1 1.5x, https:\/\/i0.wp.com\/www.fjardhundraland.se\/wp-content\/uploads\/2018\/03\/kolmilan-2017-1-2.jpg?resize=700%2C400&ssl=1 2x, https:\/\/i0.wp.com\/www.fjardhundraland.se\/wp-content\/uploads\/2018\/03\/kolmilan-2017-1-2.jpg?resize=1050%2C600&ssl=1 3x, https:\/\/i0.wp.com\/www.fjardhundraland.se\/wp-content\/uploads\/2018\/03\/kolmilan-2017-1-2.jpg?resize=1400%2C800&ssl=1 4x"},"classes":[]},{"id":3905,"url":"https:\/\/www.fjardhundraland.se\/en\/turismutveckling\/2017\/augmented-export\/","url_meta":{"origin":671,"position":5},"title":"Augmented Export - about food, nature and culture","author":"Mats Thorburn","date":"11 February 2017","format":false,"excerpt":"What kind of food do visitors want when they visit Scandinavia? How can we use the quality we have to find visitors who want a small-scale, personalized stay in Sweden? To answer these questions, we are now conducting a project on food in combination with nature...","rel":"","context":"In &quot;Turismutveckling&quot;","block_context":{"text":"Turismutveckling","link":"https:\/\/www.fjardhundraland.se\/en\/turismutveckling\/"},"img":{"alt_text":"","src":"","width":0,"height":0},"classes":[]}],"jetpack_sharing_enabled":true,"_links":{"self":[{"href":"https:\/\/www.fjardhundraland.se\/en\/wp-json\/wp\/v2\/posts\/671","targetHints":{"allow":["GET"]}}],"collection":[{"href":"https:\/\/www.fjardhundraland.se\/en\/wp-json\/wp\/v2\/posts"}],"about":[{"href":"https:\/\/www.fjardhundraland.se\/en\/wp-json\/wp\/v2\/types\/post"}],"author":[{"embeddable":true,"href":"https:\/\/www.fjardhundraland.se\/en\/wp-json\/wp\/v2\/users\/1"}],"replies":[{"embeddable":true,"href":"https:\/\/www.fjardhundraland.se\/en\/wp-json\/wp\/v2\/comments?post=671"}],"version-history":[{"count":1,"href":"https:\/\/www.fjardhundraland.se\/en\/wp-json\/wp\/v2\/posts\/671\/revisions"}],"predecessor-version":[{"id":19737,"href":"https:\/\/www.fjardhundraland.se\/en\/wp-json\/wp\/v2\/posts\/671\/revisions\/19737"}],"wp:attachment":[{"href":"https:\/\/www.fjardhundraland.se\/en\/wp-json\/wp\/v2\/media?parent=671"}],"wp:term":[{"taxonomy":"category","embeddable":true,"href":"https:\/\/www.fjardhundraland.se\/en\/wp-json\/wp\/v2\/categories?post=671"},{"taxonomy":"post_tag","embeddable":true,"href":"https:\/\/www.fjardhundraland.se\/en\/wp-json\/wp\/v2\/tags?post=671"}],"curies":[{"name":"wp","href":"https:\/\/api.w.org\/{rel}","templated":true}]}}