
{"id":4872,"date":"2018-02-09T09:40:16","date_gmt":"2018-02-09T08:40:16","guid":{"rendered":"http:\/\/www.fjardhundraland.se\/?p=4872"},"modified":"2026-02-05T13:43:00","modified_gmt":"2026-02-05T12:43:00","slug":"algae-olivia-fjardhundraland","status":"publish","type":"post","link":"https:\/\/www.fjardhundraland.se\/en\/djur\/2018\/algen-olivia-fjardhundraland\/","title":{"rendered":"The Elven Olivia in Fj\u00e4rdhundraland"},"content":{"rendered":"<p>Olivia the Moose from <a href=\"https:\/\/www.fjardhundraland.se\/en\/place-2\/gardsjo-%c3%a4lgpark\/\">G\u00e5rdsjo Moose Park<\/a> as a tulip thief has become <a href=\"https:\/\/www.facebook.com\/gardsjoalgpark\/videos\/957495431074227\/\" target=\"_blank\" rel=\"noopener\">a mega success that spreads all over the world<\/a>. On <a href=\"https:\/\/www.fjardhundraland.se\/en\/place-2\/gardsjo-%c3%a4lgpark\/\">G\u00e5rdsjo Moose Park<\/a> you come close to the moose and meet them in their natural environment (no, it is not inside Leffe and Ilona&#039;s kitchen, but out in the yard). It is powerful and will be a great experience to take with you! This year&#039;s first moose safari is in early May and then there are many opportunities to meet the moose during the summer.<\/p>\n<p>Combine the visit with Olivia with other experiences in Fj\u00e4rdhundraland. Here it is close between the beads!<\/p>\n<p>Watch the movie here!<\/p>\n<p><iframe style=\"border: none; overflow: hidden;\" src=\"https:\/\/www.facebook.com\/plugins\/video.php?href=https%3A%2F%2Fwww.facebook.com%2Fgardsjoalgpark%2Fvideos%2F957495431074227%2F&amp;show_text=0&amp;width=267\" width=\"267\" height=\"476\" frameborder=\"0\" scrolling=\"no\" allowfullscreen=\"allowfullscreen\"><\/iframe><\/p>","protected":false},"excerpt":{"rendered":"<p>\u00c4lgen Olivia fr\u00e5n G\u00e5rdsj\u00f6 \u00e4lgpark som tulpantjuv har blivit en megasucc\u00e9 som sprider sig v\u00e4rlden \u00f6ver. P\u00e5 G\u00e5rdsj\u00f6 \u00e4lgpark kommer du n\u00e4ra \u00e4lgarna och m\u00f6ter dem i deras naturliga milj\u00f6 (nej, det \u00e4r inte inne i Leffe och Ilonas k\u00f6k, utan ute i h\u00e4gnet). Det \u00e4r m\u00e4ktigt och blir en fin upplevelse att ta med [&hellip;]<\/p>\n","protected":false},"author":4,"featured_media":4877,"comment_status":"closed","ping_status":"closed","sticky":false,"template":"","format":"standard","meta":{"_acf_changed":false,"_relevanssi_hide_post":"","_relevanssi_hide_content":"","_relevanssi_pin_for_all":"","_relevanssi_pin_keywords":"","_relevanssi_unpin_keywords":"","_relevanssi_related_keywords":"","_relevanssi_related_include_ids":"","_relevanssi_related_exclude_ids":"","_relevanssi_related_no_append":"","_relevanssi_related_not_related":"","_relevanssi_related_posts":"","_relevanssi_noindex_reason":"Rank Math Uteslut fr\u00e5n Relevanssi index","_genesis_hide_title":false,"_genesis_hide_breadcrumbs":false,"_genesis_hide_singular_image":false,"_genesis_hide_footer_widgets":false,"_genesis_custom_body_class":"","_genesis_custom_post_class":"","_genesis_layout":"","_jetpack_memberships_contains_paid_content":false,"footnotes":""},"categories":[43,353,51,25,87],"tags":[352],"class_list":{"0":"post-4872","1":"post","2":"type-post","3":"status-publish","4":"format-standard","5":"has-post-thumbnail","7":"category-djur","8":"category-aldre-inlagg","9":"category-natur","10":"category-upplevelser","11":"category-utflykt","12":"tag-aldre-inlagg","13":"entry"},"acf":[],"visa":null,"geo_latitude":null,"geo_longitude":null,"jetpack_featured_media_url":"https:\/\/www.fjardhundraland.se\/wp-content\/uploads\/2018\/02\/algsafari3.jpg","featured_image_src":"https:\/\/www.fjardhundraland.se\/wp-content\/uploads\/2018\/02\/algsafari3.jpg","featured_image_src_square":"https:\/\/www.fjardhundraland.se\/wp-content\/uploads\/2018\/02\/algsafari3.jpg","author_info":{"display_name":"Ylva Fontell","author_link":"https:\/\/www.fjardhundraland.se\/en\/author\/ylva\/"},"jetpack-related-posts":[{"id":4590,"url":"https:\/\/www.fjardhundraland.se\/en\/rebusrunda\/2017\/startkort-kartor-till-rebusrundan-2017\/","url_meta":{"origin":4872,"position":0},"title":"Starting cards and maps for the Rebus round 2017","author":"Mats Thorburn","date":"31 July 2017","format":false,"excerpt":"Dags att \u00e5ka p\u00e5 Rebusrundan! Hur hittar du till alla 40 st\u00e4llena? Startkort med karta\u00a0att skriva ut [pdf] \u2022\u00a0Alternativ version om du har problem med utskriften\u00a0[pdf] Karta med alla medverkande\u00a0[Google Maps] \u2013 h\u00e4r kan du f\u00e5 v\u00e4gvisning i telefonen.\u00a0Har du inte navigerat med hj\u00e4lp av Google Maps tidigare?\u00a0S\u00e5 h\u00e4r g\u00f6r\u2026","rel":"","context":"In &quot;Rebusrunda&quot;","block_context":{"text":"Rebusrunda","link":"https:\/\/www.fjardhundraland.se\/en\/rebusrunda\/"},"img":{"alt_text":"Startkort rebusrundan","src":"https:\/\/i0.wp.com\/www.fjardhundraland.se\/wp-content\/uploads\/2017\/07\/startkortrebus17-tryck.jpg?resize=350%2C200&ssl=1","width":350,"height":200,"srcset":"https:\/\/i0.wp.com\/www.fjardhundraland.se\/wp-content\/uploads\/2017\/07\/startkortrebus17-tryck.jpg?resize=350%2C200&ssl=1 1x, https:\/\/i0.wp.com\/www.fjardhundraland.se\/wp-content\/uploads\/2017\/07\/startkortrebus17-tryck.jpg?resize=525%2C300&ssl=1 1.5x, https:\/\/i0.wp.com\/www.fjardhundraland.se\/wp-content\/uploads\/2017\/07\/startkortrebus17-tryck.jpg?resize=700%2C400&ssl=1 2x, https:\/\/i0.wp.com\/www.fjardhundraland.se\/wp-content\/uploads\/2017\/07\/startkortrebus17-tryck.jpg?resize=1050%2C600&ssl=1 3x, https:\/\/i0.wp.com\/www.fjardhundraland.se\/wp-content\/uploads\/2017\/07\/startkortrebus17-tryck.jpg?resize=1400%2C800&ssl=1 4x"},"classes":[]},{"id":4259,"url":"https:\/\/www.fjardhundraland.se\/en\/rebusrunda\/2017\/medverkande-rebusrundan-2017\/","url_meta":{"origin":4872,"position":1},"title":"Participating Rebus round 2017","author":"Ylva Fontell","date":"5 June 2017","format":false,"excerpt":"This year, you can visit no less than 40 different businesses on the Rebus Tour! Here is the full list. Click on the links to read more about each place. Alsta tr\u00e4dg\u00e5rdar - Garden caf\u00e9, gallery and inspirational garden. Food &amp; coffee breads from our own kitchen. Fun &amp; imaginative exhibition! Altuna bygdeg\u00e5rdsf\u00f6rening - Serving with coffee...","rel":"","context":"In &quot;Rebusrunda&quot;","block_context":{"text":"Rebusrunda","link":"https:\/\/www.fjardhundraland.se\/en\/rebusrunda\/"},"img":{"alt_text":"Startkort Rebusrundan","src":"https:\/\/i0.wp.com\/www.fjardhundraland.se\/wp-content\/uploads\/2017\/07\/startkort.jpg?resize=350%2C200&ssl=1","width":350,"height":200,"srcset":"https:\/\/i0.wp.com\/www.fjardhundraland.se\/wp-content\/uploads\/2017\/07\/startkort.jpg?resize=350%2C200&ssl=1 1x, https:\/\/i0.wp.com\/www.fjardhundraland.se\/wp-content\/uploads\/2017\/07\/startkort.jpg?resize=525%2C300&ssl=1 1.5x, https:\/\/i0.wp.com\/www.fjardhundraland.se\/wp-content\/uploads\/2017\/07\/startkort.jpg?resize=700%2C400&ssl=1 2x, https:\/\/i0.wp.com\/www.fjardhundraland.se\/wp-content\/uploads\/2017\/07\/startkort.jpg?resize=1050%2C600&ssl=1 3x, https:\/\/i0.wp.com\/www.fjardhundraland.se\/wp-content\/uploads\/2017\/07\/startkort.jpg?resize=1400%2C800&ssl=1 4x"},"classes":[]},{"id":3905,"url":"https:\/\/www.fjardhundraland.se\/en\/turismutveckling\/2017\/augmented-export\/","url_meta":{"origin":4872,"position":2},"title":"Augmented Export - about food, nature and culture","author":"Mats Thorburn","date":"11 February 2017","format":false,"excerpt":"What kind of food do visitors want when they visit Scandinavia? How can we use the quality we have to find visitors who want a small-scale, personalized stay in Sweden? To answer these questions, we are now conducting a project on food in combination with nature...","rel":"","context":"In &quot;Turismutveckling&quot;","block_context":{"text":"Turismutveckling","link":"https:\/\/www.fjardhundraland.se\/en\/turismutveckling\/"},"img":{"alt_text":"","src":"","width":0,"height":0},"classes":[]},{"id":4654,"url":"https:\/\/www.fjardhundraland.se\/en\/rebusrunda\/2017\/ratta-svaren-pa-alla-rebusar\/","url_meta":{"origin":4872,"position":3},"title":"Correct answers to all rebuses","author":"Ylva Fontell","date":"17 August 2017","format":false,"excerpt":"Have you been losing sleep trying to figure out riddles since the Rebus Round? You can find all the solutions here. The winners will be announced on Sunday! 1. Alsta Tr\u00e4dg\u00e5rdar: Here you will find scrap and grain from T\u00e4xas. 2. Altuna bygdeg\u00e5rd: The annual Walpurgis Night fire is visible all over the village. 3. Altuna hembygdsf\u00f6rening: Reading and not understanding is like...","rel":"","context":"In &quot;Rebusrunda&quot;","block_context":{"text":"Rebusrunda","link":"https:\/\/www.fjardhundraland.se\/en\/rebusrunda\/"},"img":{"alt_text":"Rebusrundan - bild p\u00e5 rebus","src":"https:\/\/i0.wp.com\/www.fjardhundraland.se\/wp-content\/uploads\/2014\/07\/2012-08-12-at-16-06-46.jpg?resize=350%2C200&ssl=1","width":350,"height":200,"srcset":"https:\/\/i0.wp.com\/www.fjardhundraland.se\/wp-content\/uploads\/2014\/07\/2012-08-12-at-16-06-46.jpg?resize=350%2C200&ssl=1 1x, https:\/\/i0.wp.com\/www.fjardhundraland.se\/wp-content\/uploads\/2014\/07\/2012-08-12-at-16-06-46.jpg?resize=525%2C300&ssl=1 1.5x, https:\/\/i0.wp.com\/www.fjardhundraland.se\/wp-content\/uploads\/2014\/07\/2012-08-12-at-16-06-46.jpg?resize=700%2C400&ssl=1 2x, https:\/\/i0.wp.com\/www.fjardhundraland.se\/wp-content\/uploads\/2014\/07\/2012-08-12-at-16-06-46.jpg?resize=1050%2C600&ssl=1 3x, https:\/\/i0.wp.com\/www.fjardhundraland.se\/wp-content\/uploads\/2014\/07\/2012-08-12-at-16-06-46.jpg?resize=1400%2C800&ssl=1 4x"},"classes":[]},{"id":671,"url":"https:\/\/www.fjardhundraland.se\/en\/externt\/2011\/aventyrslajv-och-medeltidsby-i-skattmanso\/","url_meta":{"origin":4872,"position":4},"title":"Adventure camp and medieval village in Skattmans\u00f6","author":"Mats Thorburn","date":"26 August 2011","format":false,"excerpt":"Tomorrow, Saturday, August 27, you can visit a fabulous medieval village and market in Skattmans\u00f6\u00e5dalen. Good weather is promised! There will be food and sales of vegetables, bread, pottery, herbal salves, experiences and other goodies. The village is buzzing with life and activity... For those who are 7-14 years old...","rel":"","context":"In &quot;\u00c4ldre inl\u00e4gg&quot;","block_context":{"text":"\u00c4ldre inl\u00e4gg","link":"https:\/\/www.fjardhundraland.se\/en\/aldre-inlagg\/"},"img":{"alt_text":"Fr\u00e5n Slaget vid Gestilren","src":"https:\/\/a5.sphotos.ak.fbcdn.net\/hphotos-ak-ash2\/45432_419186919233_624654233_4834790_8326518_n.jpg","width":350,"height":200,"srcset":"https:\/\/a5.sphotos.ak.fbcdn.net\/hphotos-ak-ash2\/45432_419186919233_624654233_4834790_8326518_n.jpg 1x, https:\/\/a5.sphotos.ak.fbcdn.net\/hphotos-ak-ash2\/45432_419186919233_624654233_4834790_8326518_n.jpg 1.5x"},"classes":[]},{"id":4945,"url":"https:\/\/www.fjardhundraland.se\/en\/inlagg\/2018\/jag-vantar-vid-min-mila\/","url_meta":{"origin":4872,"position":5},"title":"I&#039;m waiting for my mile ...","author":"Ylva Fontell","date":"8 March 2018","format":false,"excerpt":"Dan Andersson has created the image of the lonely charcoal keeper in the forest like no one else. In the old days, charcoal smouldered everywhere in the forests, but nowadays we usually come into contact with charcoal in a bag. In Messkog, along the church path between Skekarsbo and Nora, many milas have been erected and the charcoal hut is there ...","rel":"","context":"In &quot;\u00c4ldre inl\u00e4gg&quot;","block_context":{"text":"\u00c4ldre inl\u00e4gg","link":"https:\/\/www.fjardhundraland.se\/en\/aldre-inlagg\/"},"img":{"alt_text":"Kolmila","src":"https:\/\/i0.wp.com\/www.fjardhundraland.se\/wp-content\/uploads\/2018\/03\/kolmilan-2017-1-2.jpg?resize=350%2C200&ssl=1","width":350,"height":200,"srcset":"https:\/\/i0.wp.com\/www.fjardhundraland.se\/wp-content\/uploads\/2018\/03\/kolmilan-2017-1-2.jpg?resize=350%2C200&ssl=1 1x, https:\/\/i0.wp.com\/www.fjardhundraland.se\/wp-content\/uploads\/2018\/03\/kolmilan-2017-1-2.jpg?resize=525%2C300&ssl=1 1.5x, https:\/\/i0.wp.com\/www.fjardhundraland.se\/wp-content\/uploads\/2018\/03\/kolmilan-2017-1-2.jpg?resize=700%2C400&ssl=1 2x, https:\/\/i0.wp.com\/www.fjardhundraland.se\/wp-content\/uploads\/2018\/03\/kolmilan-2017-1-2.jpg?resize=1050%2C600&ssl=1 3x, https:\/\/i0.wp.com\/www.fjardhundraland.se\/wp-content\/uploads\/2018\/03\/kolmilan-2017-1-2.jpg?resize=1400%2C800&ssl=1 4x"},"classes":[]}],"jetpack_sharing_enabled":true,"_links":{"self":[{"href":"https:\/\/www.fjardhundraland.se\/en\/wp-json\/wp\/v2\/posts\/4872","targetHints":{"allow":["GET"]}}],"collection":[{"href":"https:\/\/www.fjardhundraland.se\/en\/wp-json\/wp\/v2\/posts"}],"about":[{"href":"https:\/\/www.fjardhundraland.se\/en\/wp-json\/wp\/v2\/types\/post"}],"author":[{"embeddable":true,"href":"https:\/\/www.fjardhundraland.se\/en\/wp-json\/wp\/v2\/users\/4"}],"replies":[{"embeddable":true,"href":"https:\/\/www.fjardhundraland.se\/en\/wp-json\/wp\/v2\/comments?post=4872"}],"version-history":[{"count":1,"href":"https:\/\/www.fjardhundraland.se\/en\/wp-json\/wp\/v2\/posts\/4872\/revisions"}],"predecessor-version":[{"id":19610,"href":"https:\/\/www.fjardhundraland.se\/en\/wp-json\/wp\/v2\/posts\/4872\/revisions\/19610"}],"wp:featuredmedia":[{"embeddable":true,"href":"https:\/\/www.fjardhundraland.se\/en\/wp-json\/wp\/v2\/media\/4877"}],"wp:attachment":[{"href":"https:\/\/www.fjardhundraland.se\/en\/wp-json\/wp\/v2\/media?parent=4872"}],"wp:term":[{"taxonomy":"category","embeddable":true,"href":"https:\/\/www.fjardhundraland.se\/en\/wp-json\/wp\/v2\/categories?post=4872"},{"taxonomy":"post_tag","embeddable":true,"href":"https:\/\/www.fjardhundraland.se\/en\/wp-json\/wp\/v2\/tags?post=4872"}],"curies":[{"name":"wp","href":"https:\/\/api.w.org\/{rel}","templated":true}]}}