
{"id":483,"date":"2011-07-19T07:12:03","date_gmt":"2011-07-19T05:12:03","guid":{"rendered":"http:\/\/www.fjardhundraland.se\/?p=483"},"modified":"2026-02-05T13:40:41","modified_gmt":"2026-02-05T12:40:41","slug":"music-on-memory-and-oblivion","status":"publish","type":"post","link":"https:\/\/www.fjardhundraland.se\/en\/externt\/2011\/musik-om-minne-och-glomska\/","title":{"rendered":"Music experiences in Forsby mill"},"content":{"rendered":"<p>In Forsby mill, just outside Fj\u00e4rdhundra, for the sixth year, you are invited to concerts of high class - which are always well attended, and great experiences! This year the theme is &quot;Memory and forgetfulness&quot;.<\/p>\n<p>The first concert, &quot;The Memory&quot;, is July 30, and offers, among other things, music by the Swedish-German composer Josef Martin Kraus and his living artist Fredrik Samuel Silver Stolpe. There will also be texts by and with Magnus Florin and theater by CJL Almqvist with the Turteatern.<\/p>\n<p>All this in one evening, to the noise of the rapids in an old mill! Don&#039;t miss this - order tickets <a title=\"Forsby kvarn\" href=\"https:\/\/www.forsbykvarn.se\/\" target=\"_blank\" rel=\"noopener\">www.forsbykvarn.se<\/a>. An enjoyable evening is promised!<\/p>\n<p><a href=\"https:\/\/www.fjardhundraland.se\/wp-content\/uploads\/2011\/07\/forsby1.jpg\"><img decoding=\"async\" class=\"alignnone size-full wp-image-502\" title=\"Soon concert in Forsby mill\" src=\"https:\/\/www.fjardhundraland.se\/wp-content\/uploads\/2011\/07\/forsby1.jpg\" alt=\"Soon concert in Forsby mill\" width=\"600\" height=\"400\" \/><\/a><\/p>\n<p><a href=\"https:\/\/www.fjardhundraland.se\/wp-content\/uploads\/2011\/07\/forsby-ljus.jpg\"><img decoding=\"async\" class=\"alignnone size-full wp-image-503\" title=\"Koskenkyl\u00e4 light\" src=\"https:\/\/www.fjardhundraland.se\/wp-content\/uploads\/2011\/07\/forsby-ljus.jpg\" alt=\"\" width=\"600\" height=\"815\"><\/a><\/p>","protected":false},"excerpt":{"rendered":"<p>In Forsby mill, just outside Fj\u00e4rdhundra, for the sixth year, you are invited to concerts of high class - which are always well attended, and great experiences! This year the theme is &quot;Memory and forgetfulness&quot;.<\/p>","protected":false},"author":1,"featured_media":503,"comment_status":"open","ping_status":"open","sticky":false,"template":"","format":"standard","meta":{"_acf_changed":false,"_relevanssi_hide_post":"","_relevanssi_hide_content":"","_relevanssi_pin_for_all":"","_relevanssi_pin_keywords":"","_relevanssi_unpin_keywords":"","_relevanssi_related_keywords":"","_relevanssi_related_include_ids":"","_relevanssi_related_exclude_ids":"","_relevanssi_related_no_append":"","_relevanssi_related_not_related":"","_relevanssi_related_posts":"","_relevanssi_noindex_reason":"Rank Math Uteslut fr\u00e5n Relevanssi index","_genesis_hide_title":false,"_genesis_hide_breadcrumbs":false,"_genesis_hide_singular_image":false,"_genesis_hide_footer_widgets":false,"_genesis_custom_body_class":"","_genesis_custom_post_class":"","_genesis_layout":"","_jetpack_memberships_contains_paid_content":false,"footnotes":""},"categories":[353,18,45,23,50],"tags":[352,38,57,58,204],"class_list":{"0":"post-483","1":"post","2":"type-post","3":"status-publish","4":"format-standard","5":"has-post-thumbnail","7":"category-aldre-inlagg","8":"category-externt","9":"category-kultur","10":"category-musik","11":"category-teater","12":"tag-aldre-inlagg","13":"tag-forsby-kvarn","14":"tag-klassisk-musik","15":"tag-kraus","16":"tag-teater","17":"entry"},"acf":[],"visa":null,"geo_latitude":null,"geo_longitude":null,"jetpack_featured_media_url":"","featured_image_src":null,"featured_image_src_square":null,"author_info":{"display_name":"Mats Thorburn","author_link":"https:\/\/www.fjardhundraland.se\/en\/author\/matst\/"},"jetpack-related-posts":[{"id":600,"url":"https:\/\/www.fjardhundraland.se\/en\/externt\/2011\/musik-du-aldrig-mer-kommer-att-fa-hora\/","url_meta":{"origin":483,"position":0},"title":"Music for the moment in Forsby mill","author":"Mats Thorburn","date":"16 August 2011","format":false,"excerpt":"Forsby mill, the concert hall in Forsby just outside Fj\u00e4rdhundra, invites you to this year&#039;s second concert on Saturday, August 20th. This evening you will hear impromptu music - music played for never being repeated!","rel":"","context":"In &quot;\u00c4ldre inl\u00e4gg&quot;","block_context":{"text":"\u00c4ldre inl\u00e4gg","link":"https:\/\/www.fjardhundraland.se\/en\/aldre-inlagg\/"},"img":{"alt_text":"Torbj\u00f6rn Lillieqvist, Forsby kvarn","src":"https:\/\/i0.wp.com\/www.fjardhundraland.se\/wp-content\/uploads\/2011\/08\/forsby-1-630x289.jpg?resize=350%2C200&ssl=1","width":350,"height":200,"srcset":"https:\/\/i0.wp.com\/www.fjardhundraland.se\/wp-content\/uploads\/2011\/08\/forsby-1-630x289.jpg?resize=350%2C200&ssl=1 1x, https:\/\/i0.wp.com\/www.fjardhundraland.se\/wp-content\/uploads\/2011\/08\/forsby-1-630x289.jpg?resize=525%2C300&ssl=1 1.5x"},"classes":[]},{"id":1155,"url":"https:\/\/www.fjardhundraland.se\/en\/musik\/2012\/varoffer-i-sommarkvallen\/","url_meta":{"origin":483,"position":1},"title":"Wildfire in the summer evening","author":"Mats Thorburn","date":"7 August 2012","format":false,"excerpt":"On Saturday, August 11, it is time for this year&#039;s second concert on the Forsby mill music scene. Four-handed version of Igor Stravinsky&#039;s Spring presents with Kristine Scholz and Mats Persson are replaced by jazz with Monica Dominique and Palle Danielsson.","rel":"","context":"In &quot;\u00c4ldre inl\u00e4gg&quot;","block_context":{"text":"\u00c4ldre inl\u00e4gg","link":"https:\/\/www.fjardhundraland.se\/en\/aldre-inlagg\/"},"img":{"alt_text":"Forsby kvarn. Foto: Mats Thorburn.","src":"https:\/\/i0.wp.com\/www.fjardhundraland.se\/wp-content\/uploads\/2012\/08\/IMG_7095-630x403.jpg?resize=350%2C200&ssl=1","width":350,"height":200,"srcset":"https:\/\/i0.wp.com\/www.fjardhundraland.se\/wp-content\/uploads\/2012\/08\/IMG_7095-630x403.jpg?resize=350%2C200&ssl=1 1x, https:\/\/i0.wp.com\/www.fjardhundraland.se\/wp-content\/uploads\/2012\/08\/IMG_7095-630x403.jpg?resize=525%2C300&ssl=1 1.5x"},"classes":[]},{"id":2490,"url":"https:\/\/www.fjardhundraland.se\/en\/rebusrunda\/2014\/medverkande-pa-rebusrundan-2014\/","url_meta":{"origin":483,"position":2},"title":"Participants at the Rebus Round 2014","author":"Mats Thorburn","date":"10 August 2014","format":false,"excerpt":"Alsta Gardens - Garden caf\u00e9 and gallery. Exhibitions in progress: watercolorist\/book illustrator Maj Fagerberg flower pictures, artist Lars Wallin, bird pictures. Franz\u00e9n's charcuterie - Organic sausages and world-class charcuterie from our own Linder\u00f6d pigs. Gula Stallets Butik &amp; Kaf\u00e9 - Caf\u00e9 with homemade and light lunch and farm shop with locally produced and organic delicacies. Ducks, chickens, rabbits, sheep, horses, dogs &amp; cats. Indoor ...","rel":"","context":"In &quot;\u00c4ldre inl\u00e4gg&quot;","block_context":{"text":"\u00c4ldre inl\u00e4gg","link":"https:\/\/www.fjardhundraland.se\/en\/aldre-inlagg\/"},"img":{"alt_text":"","src":"","width":0,"height":0},"classes":[]},{"id":1206,"url":"https:\/\/www.fjardhundraland.se\/en\/hantverk\/2012\/oppet-hus-18-november\/","url_meta":{"origin":483,"position":3},"title":"Open House November 18th","author":"Ylva Fontell","date":"4 November 2012","format":false,"excerpt":"On Sunday, November 18, you will get a glimpse of all that Fj\u00e4rdhundraland has to offer. The association presents itself, many members tell about their activities \/ sell their products, you can eat and coffee locally produced and watch movies or children's theater. Welcome to an exciting evening in the fall darkness! H\u00e4rnevi nursery is in place ...","rel":"","context":"In &quot;\u00c4ldre inl\u00e4gg&quot;","block_context":{"text":"\u00c4ldre inl\u00e4gg","link":"https:\/\/www.fjardhundraland.se\/en\/aldre-inlagg\/"},"img":{"alt_text":"","src":"","width":0,"height":0},"classes":[]},{"id":3293,"url":"https:\/\/www.fjardhundraland.se\/en\/press\/2016\/tre-kafeer-fran-fjardhundraland-nya-white-guide\/","url_meta":{"origin":483,"position":4},"title":"Three cafes from Fj\u00e4rdhundraland in the new White Guide","author":"Mats Thorburn","date":"13 May 2016","format":false,"excerpt":"It has now been revealed which caf\u00e9s will be included in this year's edition of White Guide Caf\u00e9. Previously, nine caf\u00e9s from Uppland have passed the eye of the needle - and this year they are joined by no less than three caf\u00e9s from Fj\u00e4rdhundraland. It is Forsby kvarn caf\u00e9, Kr\u00e5kvilan bakery and Resta farm that...","rel":"","context":"In &quot;Press&quot;","block_context":{"text":"Press","link":"https:\/\/www.fjardhundraland.se\/en\/press\/"},"img":{"alt_text":"Kr\u00e5kvilan Marianne","src":"https:\/\/i0.wp.com\/www.fjardhundraland.se\/wp-content\/uploads\/2014\/02\/Krakvilan_Marianne.jpg?resize=350%2C200&ssl=1","width":350,"height":200,"srcset":"https:\/\/i0.wp.com\/www.fjardhundraland.se\/wp-content\/uploads\/2014\/02\/Krakvilan_Marianne.jpg?resize=350%2C200&ssl=1 1x, https:\/\/i0.wp.com\/www.fjardhundraland.se\/wp-content\/uploads\/2014\/02\/Krakvilan_Marianne.jpg?resize=525%2C300&ssl=1 1.5x, https:\/\/i0.wp.com\/www.fjardhundraland.se\/wp-content\/uploads\/2014\/02\/Krakvilan_Marianne.jpg?resize=700%2C400&ssl=1 2x, https:\/\/i0.wp.com\/www.fjardhundraland.se\/wp-content\/uploads\/2014\/02\/Krakvilan_Marianne.jpg?resize=1050%2C600&ssl=1 3x, https:\/\/i0.wp.com\/www.fjardhundraland.se\/wp-content\/uploads\/2014\/02\/Krakvilan_Marianne.jpg?resize=1400%2C800&ssl=1 4x"},"classes":[]},{"id":914,"url":"https:\/\/www.fjardhundraland.se\/en\/mat\/2012\/nu-oppnar-forsby-kvarn-kafe\/","url_meta":{"origin":483,"position":5},"title":"Now Forsby opens a coffee shop","author":"Mats Thorburn","date":"26 April 2012","format":false,"excerpt":"On Saturday, the long-awaited caf\u00e9 in Forsby mill opens. Where the locomotive once operated the mill and sawmills, Ibbas&#039;s pastry is now emerging. Goods are promised, and also a little useful. Read more on the new web!","rel":"","context":"In &quot;\u00c4ldre inl\u00e4gg&quot;","block_context":{"text":"\u00c4ldre inl\u00e4gg","link":"https:\/\/www.fjardhundraland.se\/en\/aldre-inlagg\/"},"img":{"alt_text":"","src":"https:\/\/i0.wp.com\/forsbykvarn.se\/wp-content\/uploads\/2011\/08\/Forsbybageriets-gamla-monter.jpg?resize=350%2C200&ssl=1","width":350,"height":200},"classes":[]}],"jetpack_sharing_enabled":true,"_links":{"self":[{"href":"https:\/\/www.fjardhundraland.se\/en\/wp-json\/wp\/v2\/posts\/483","targetHints":{"allow":["GET"]}}],"collection":[{"href":"https:\/\/www.fjardhundraland.se\/en\/wp-json\/wp\/v2\/posts"}],"about":[{"href":"https:\/\/www.fjardhundraland.se\/en\/wp-json\/wp\/v2\/types\/post"}],"author":[{"embeddable":true,"href":"https:\/\/www.fjardhundraland.se\/en\/wp-json\/wp\/v2\/users\/1"}],"replies":[{"embeddable":true,"href":"https:\/\/www.fjardhundraland.se\/en\/wp-json\/wp\/v2\/comments?post=483"}],"version-history":[{"count":1,"href":"https:\/\/www.fjardhundraland.se\/en\/wp-json\/wp\/v2\/posts\/483\/revisions"}],"predecessor-version":[{"id":19749,"href":"https:\/\/www.fjardhundraland.se\/en\/wp-json\/wp\/v2\/posts\/483\/revisions\/19749"}],"wp:featuredmedia":[{"embeddable":true,"href":"https:\/\/www.fjardhundraland.se\/en\/wp-json\/"}],"wp:attachment":[{"href":"https:\/\/www.fjardhundraland.se\/en\/wp-json\/wp\/v2\/media?parent=483"}],"wp:term":[{"taxonomy":"category","embeddable":true,"href":"https:\/\/www.fjardhundraland.se\/en\/wp-json\/wp\/v2\/categories?post=483"},{"taxonomy":"post_tag","embeddable":true,"href":"https:\/\/www.fjardhundraland.se\/en\/wp-json\/wp\/v2\/tags?post=483"}],"curies":[{"name":"wp","href":"https:\/\/api.w.org\/{rel}","templated":true}]}}