
{"id":4111,"date":"2017-04-28T19:04:50","date_gmt":"2017-04-28T17:04:50","guid":{"rendered":"http:\/\/www.fjardhundraland.se\/?p=4111"},"modified":"2026-02-05T13:43:01","modified_gmt":"2026-02-05T12:43:01","slug":"join-the-sale-at-the-rally-flea-market","status":"publish","type":"post","link":"https:\/\/www.fjardhundraland.se\/en\/loppis\/2017\/var-med-och-salj-pa-rallyloppis\/","title":{"rendered":"Join us at the Rallyloppis"},"content":{"rendered":"<p>July 1-2 will be <a href=\"https:\/\/www.fjardhundraland.se\/en\/event\/rally-race\/\">Rally Flea<\/a> in Fj\u00e4rdhundraland. Visitors go around 15 nice places - there will be a lot of people!<\/p>\n<p>Do you want to sell your stuff at Rallyloppis? In these places you can rent yourself. Book yourself today while there is space left!<\/p>\n<p><a href=\"https:\/\/www.fjardhundraland.se\/en\/place-2\/butiken-i-loth\/\">The shop in L\u00f6th<\/a>\u00a0\u2013 Sara L\u00f6theg\u00e5rd sara@butikeniloth.se 070-250 13 12<br \/>\n<a href=\"https:\/\/www.fjardhundraland.se\/en\/place-2\/altunagarden\/\">Altuna Bygdeg\u00e5rd<\/a>\u00a0- Lis-Britt Eriksson lisbritt@hotmail.com 070-7301814<br \/>\n<a href=\"https:\/\/www.fjardhundraland.se\/en\/place-2\/axels-hus\/\">Axels Hus &amp; bod<\/a>\u00a0\u2013 Pia Sundqvist axelshusochbod@gmail.com 070-776 66 48<br \/>\n<a href=\"https:\/\/www.fjardhundraland.se\/en\/place-2\/krakvilan-bakery\/\">Crow Vilan <\/a>\u00a0- Marianne Sj\u00f6din marianne@kr\u00e5kvilan.com +46 (0) 70-688 63 32<br \/>\n<a href=\"https:\/\/www.fjardhundraland.se\/en\/place-2\/asgarden-uniki-d-sign\/\">Uniki D Sign<\/a>\u00a0- Anders Nilverud info@uniki.se 070-766 60 69<br \/>\n<a href=\"https:\/\/www.fjardhundraland.se\/en\/place-2\/osterundagarden\/\">\u00d6sterundag\u00e5rden<\/a> Karl Andersson 070-512 70 25<br \/>\n<a href=\"https:\/\/www.fjardhundraland.se\/en\/place-2\/lundellska-gallery\/\">Lundellska gallery<\/a>\u00a0\u2013 Gunilla Lundell lundellska.galleriet@telia.com0705-39 04 82<br \/>\n<a href=\"https:\/\/www.fjardhundraland.se\/en\/place-2\/yellow-stable-store-cafe\/\">Yellow Stall Shop &amp; Cafe<\/a>\u00a0- \u00c5sa Slobodnik info@gulastallet.se 070-605 22 64<br \/>\n<a href=\"https:\/\/www.fjardhundraland.se\/en\/place-2\/harsbacks-bed-breakfast\/\">KajsaKarins Diversehandel<\/a> (H\u00e5rsb\u00e4ck&#039;s B&amp;B) \u2013 Karin Serrander karin.serrander@telia.com 070-620 14 30<br \/>\n<a href=\"https:\/\/www.fjardhundraland.se\/en\/place-2\/dunderbo-candles-and-crafts\/\">Dunderbo Ljus &amp; Hantverk<\/a>\u00a0- Annika Jodensvi annikajodensvi@hotmail.com<br \/>\n<a href=\"https:\/\/www.fjardhundraland.se\/en\/place-2\/bluefin-tuna\/\">Tuna Garden<\/a>\u00a0\u2013 Birgitta Jerpdal birgitta.jerpdal@telia.com 0171-46 41 60<br \/>\n<a href=\"https:\/\/www.bygdegardarna.se\/safsta\/\" target=\"_blank\" rel=\"noopener\">S\u00e4fsta Bygdeg\u00e5rd<\/a>\u00a0- Sofia Lindeqvist fia.lindeqvist@telia.com 070-5177104<br \/>\n<a href=\"https:\/\/www.fjardhundraland.se\/en\/place-2\/h%c3%a4rnevi-nursery\/\">H\u00e4rnevi plant nursery<\/a><br \/>\n<a href=\"https:\/\/www.fjardhundraland.se\/en\/place-2\/lazy-girl\/\">Laugh the maid<\/a><\/p>\n<p>&nbsp;<\/p>\n<div><\/div>","protected":false},"excerpt":{"rendered":"<p>1\u20132 juli blir det Rallyloppis i Fj\u00e4rdhundraland. Bes\u00f6karna \u00e5ker runt mellan 15 fina st\u00e4llen \u2013 d\u00e4r kommer det att bli mycket folk! Vill du s\u00e4lja dina grejer p\u00e5 Rallyloppis? P\u00e5 de h\u00e4r platserna kan du hyra in dig. Boka in dig idag medan det finns plats kvar! Butiken i L\u00f6th\u00a0\u2013\u00a0Sara L\u00f6theg\u00e5rd sara@butikeniloth.se 070-250 13 12 [&hellip;]<\/p>\n","protected":false},"author":1,"featured_media":0,"comment_status":"closed","ping_status":"closed","sticky":false,"template":"","format":"standard","meta":{"_acf_changed":false,"_relevanssi_hide_post":"","_relevanssi_hide_content":"","_relevanssi_pin_for_all":"","_relevanssi_pin_keywords":"","_relevanssi_unpin_keywords":"","_relevanssi_related_keywords":"","_relevanssi_related_include_ids":"","_relevanssi_related_exclude_ids":"","_relevanssi_related_no_append":"","_relevanssi_related_not_related":"","_relevanssi_related_posts":"","_relevanssi_noindex_reason":"Rank Math Uteslut fr\u00e5n Relevanssi index","_genesis_hide_title":false,"_genesis_hide_breadcrumbs":false,"_genesis_hide_singular_image":false,"_genesis_hide_footer_widgets":false,"_genesis_custom_body_class":"","_genesis_custom_post_class":"","_genesis_layout":"","_jetpack_memberships_contains_paid_content":false,"footnotes":""},"categories":[65,353,25],"tags":[352,243],"class_list":{"0":"post-4111","1":"post","2":"type-post","3":"status-publish","4":"format-standard","6":"category-loppis","7":"category-aldre-inlagg","8":"category-upplevelser","9":"tag-aldre-inlagg","10":"tag-rallyloppis","11":"entry"},"acf":[],"visa":null,"geo_latitude":null,"geo_longitude":null,"jetpack_featured_media_url":"","featured_image_src":null,"featured_image_src_square":null,"author_info":{"display_name":"Mats Thorburn","author_link":"https:\/\/www.fjardhundraland.se\/en\/author\/matst\/"},"jetpack-related-posts":[{"id":5270,"url":"https:\/\/www.fjardhundraland.se\/en\/loppis\/2018\/rallyloppis-2018\/","url_meta":{"origin":4111,"position":0},"title":"Rallyloppis 2018 not in Fj\u00e4rdhundraland&#039;s direction","author":"Mats Thorburn","date":"4 July 2018","format":false,"excerpt":"This year, Fj\u00e4rdhundraland is not involved in organizing Rallyloppis in Fj\u00e4rdhundrabygden. Instead, we organized Loppisrundan in May. But 7-8 July, the association Fj\u00e4rd100% invites you to Rallyloppis, with, among others, our members Lundellska Galleriet, Altunag\u00e5rden, H\u00e5rsb\u00e4cks Bed &amp; Breakfast (Kajsa Karins Diversehandel) and H\u00e4rnevi Plantskola. For more info contact Tina Bergman,...","rel":"","context":"In &quot;Loppis&quot;","block_context":{"text":"Loppis","link":"https:\/\/www.fjardhundraland.se\/en\/loppis\/"},"img":{"alt_text":"Annons f\u00f6r Rallyloppis","src":"https:\/\/i0.wp.com\/www.fjardhundraland.se\/wp-content\/uploads\/2018\/07\/rallyloppis.jpg?resize=350%2C200&ssl=1","width":350,"height":200,"srcset":"https:\/\/i0.wp.com\/www.fjardhundraland.se\/wp-content\/uploads\/2018\/07\/rallyloppis.jpg?resize=350%2C200&ssl=1 1x, https:\/\/i0.wp.com\/www.fjardhundraland.se\/wp-content\/uploads\/2018\/07\/rallyloppis.jpg?resize=525%2C300&ssl=1 1.5x, https:\/\/i0.wp.com\/www.fjardhundraland.se\/wp-content\/uploads\/2018\/07\/rallyloppis.jpg?resize=700%2C400&ssl=1 2x, https:\/\/i0.wp.com\/www.fjardhundraland.se\/wp-content\/uploads\/2018\/07\/rallyloppis.jpg?resize=1050%2C600&ssl=1 3x, https:\/\/i0.wp.com\/www.fjardhundraland.se\/wp-content\/uploads\/2018\/07\/rallyloppis.jpg?resize=1400%2C800&ssl=1 4x"},"classes":[]},{"id":4235,"url":"https:\/\/www.fjardhundraland.se\/en\/utflykt\/2017\/ak-pa-rallyloppis-1-och-2-juli\/","url_meta":{"origin":4111,"position":1},"title":"Go on Rallyloppis 1 and 2 July!","author":"Mats Thorburn","date":"24 May 2017","format":false,"excerpt":"The time is now! The weekend of July 1 and 2 is the Rallyloppis - a round of 80 vendors at 14 locations there! Where: see the map. When: July 1 and 2, 2017 at 11-16. Participants Butiken i L\u00f6th - Seven sellers + Butiken i L\u00f6th's own flea market. Fika available! Altuna Bygdeg\u00e5rd - 12 exhibitors with everything between...","rel":"","context":"In &quot;Utflykt&quot;","block_context":{"text":"Utflykt","link":"https:\/\/www.fjardhundraland.se\/en\/utflykt\/"},"img":{"alt_text":"","src":"https:\/\/i0.wp.com\/www.fjardhundraland.se\/wp-content\/uploads\/2017\/05\/raps-vag-rallyloppis.jpg?resize=350%2C200&ssl=1","width":350,"height":200,"srcset":"https:\/\/i0.wp.com\/www.fjardhundraland.se\/wp-content\/uploads\/2017\/05\/raps-vag-rallyloppis.jpg?resize=350%2C200&ssl=1 1x, https:\/\/i0.wp.com\/www.fjardhundraland.se\/wp-content\/uploads\/2017\/05\/raps-vag-rallyloppis.jpg?resize=525%2C300&ssl=1 1.5x, https:\/\/i0.wp.com\/www.fjardhundraland.se\/wp-content\/uploads\/2017\/05\/raps-vag-rallyloppis.jpg?resize=700%2C400&ssl=1 2x, https:\/\/i0.wp.com\/www.fjardhundraland.se\/wp-content\/uploads\/2017\/05\/raps-vag-rallyloppis.jpg?resize=1050%2C600&ssl=1 3x, https:\/\/i0.wp.com\/www.fjardhundraland.se\/wp-content\/uploads\/2017\/05\/raps-vag-rallyloppis.jpg?resize=1400%2C800&ssl=1 4x"},"classes":[]},{"id":4379,"url":"https:\/\/www.fjardhundraland.se\/en\/rallyloppis\/2017\/tack-hjalpen-loppisvanner\/","url_meta":{"origin":4111,"position":2},"title":"Thanks for the help flea friends!","author":"Mats Thorburn","date":"3 July 2017","format":false,"excerpt":"The sun shone on us this weekend! Rallyloppis was a great success with thousands of visitors from all over central Sweden. But what did you think who visited us this weekend? You can help us make next year's round better by answering a few questions. Thanks for coming - and thanks...","rel":"","context":"In &quot;Rallyloppis&quot;","block_context":{"text":"Rallyloppis","link":"https:\/\/www.fjardhundraland.se\/en\/rallyloppis\/"},"img":{"alt_text":"Bord p\u00e5 rallyloppis","src":"https:\/\/i0.wp.com\/www.fjardhundraland.se\/wp-content\/uploads\/2017\/07\/rallyloppis-bord.jpg?resize=350%2C200&ssl=1","width":350,"height":200,"srcset":"https:\/\/i0.wp.com\/www.fjardhundraland.se\/wp-content\/uploads\/2017\/07\/rallyloppis-bord.jpg?resize=350%2C200&ssl=1 1x, https:\/\/i0.wp.com\/www.fjardhundraland.se\/wp-content\/uploads\/2017\/07\/rallyloppis-bord.jpg?resize=525%2C300&ssl=1 1.5x, https:\/\/i0.wp.com\/www.fjardhundraland.se\/wp-content\/uploads\/2017\/07\/rallyloppis-bord.jpg?resize=700%2C400&ssl=1 2x, https:\/\/i0.wp.com\/www.fjardhundraland.se\/wp-content\/uploads\/2017\/07\/rallyloppis-bord.jpg?resize=1050%2C600&ssl=1 3x, https:\/\/i0.wp.com\/www.fjardhundraland.se\/wp-content\/uploads\/2017\/07\/rallyloppis-bord.jpg?resize=1400%2C800&ssl=1 4x"},"classes":[]},{"id":5809,"url":"https:\/\/www.fjardhundraland.se\/en\/rallyloppis\/2019\/loppisrundan-2019\/","url_meta":{"origin":4111,"position":3},"title":"Loppisrundan 2021","author":"Mats Thorburn","date":"24 June 2019","format":false,"excerpt":"July 6-7, it will be Flea round in Fj\u00e4rdhundraland. Read more here.","rel":"","context":"In &quot;Rallyloppis&quot;","block_context":{"text":"Rallyloppis","link":"https:\/\/www.fjardhundraland.se\/en\/rallyloppis\/"},"img":{"alt_text":"","src":"https:\/\/i0.wp.com\/www.fjardhundraland.se\/wp-content\/uploads\/2019\/06\/cropped-loppisrundan.jpg?resize=350%2C200&ssl=1","width":350,"height":200,"srcset":"https:\/\/i0.wp.com\/www.fjardhundraland.se\/wp-content\/uploads\/2019\/06\/cropped-loppisrundan.jpg?resize=350%2C200&ssl=1 1x, https:\/\/i0.wp.com\/www.fjardhundraland.se\/wp-content\/uploads\/2019\/06\/cropped-loppisrundan.jpg?resize=525%2C300&ssl=1 1.5x, https:\/\/i0.wp.com\/www.fjardhundraland.se\/wp-content\/uploads\/2019\/06\/cropped-loppisrundan.jpg?resize=700%2C400&ssl=1 2x, https:\/\/i0.wp.com\/www.fjardhundraland.se\/wp-content\/uploads\/2019\/06\/cropped-loppisrundan.jpg?resize=1050%2C600&ssl=1 3x, https:\/\/i0.wp.com\/www.fjardhundraland.se\/wp-content\/uploads\/2019\/06\/cropped-loppisrundan.jpg?resize=1400%2C800&ssl=1 4x"},"classes":[]},{"id":3293,"url":"https:\/\/www.fjardhundraland.se\/en\/press\/2016\/tre-kafeer-fran-fjardhundraland-nya-white-guide\/","url_meta":{"origin":4111,"position":4},"title":"Three cafes from Fj\u00e4rdhundraland in the new White Guide","author":"Mats Thorburn","date":"13 May 2016","format":false,"excerpt":"It has now been revealed which caf\u00e9s will be included in this year's edition of White Guide Caf\u00e9. Previously, nine caf\u00e9s from Uppland have passed the eye of the needle - and this year they are joined by no less than three caf\u00e9s from Fj\u00e4rdhundraland. It is Forsby kvarn caf\u00e9, Kr\u00e5kvilan bakery and Resta farm that...","rel":"","context":"In &quot;Press&quot;","block_context":{"text":"Press","link":"https:\/\/www.fjardhundraland.se\/en\/press\/"},"img":{"alt_text":"Kr\u00e5kvilan Marianne","src":"https:\/\/i0.wp.com\/www.fjardhundraland.se\/wp-content\/uploads\/2014\/02\/Krakvilan_Marianne.jpg?resize=350%2C200&ssl=1","width":350,"height":200,"srcset":"https:\/\/i0.wp.com\/www.fjardhundraland.se\/wp-content\/uploads\/2014\/02\/Krakvilan_Marianne.jpg?resize=350%2C200&ssl=1 1x, https:\/\/i0.wp.com\/www.fjardhundraland.se\/wp-content\/uploads\/2014\/02\/Krakvilan_Marianne.jpg?resize=525%2C300&ssl=1 1.5x, https:\/\/i0.wp.com\/www.fjardhundraland.se\/wp-content\/uploads\/2014\/02\/Krakvilan_Marianne.jpg?resize=700%2C400&ssl=1 2x, https:\/\/i0.wp.com\/www.fjardhundraland.se\/wp-content\/uploads\/2014\/02\/Krakvilan_Marianne.jpg?resize=1050%2C600&ssl=1 3x, https:\/\/i0.wp.com\/www.fjardhundraland.se\/wp-content\/uploads\/2014\/02\/Krakvilan_Marianne.jpg?resize=1400%2C800&ssl=1 4x"},"classes":[]},{"id":5439,"url":"https:\/\/www.fjardhundraland.se\/en\/marknad-2\/2018\/julmarknad-salnecke-slott-2018\/","url_meta":{"origin":4111,"position":5},"title":"Christmas market at Salnecke castle","author":"Mats Thorburn","date":"7 November 2018","format":false,"excerpt":"On December 16, 11-16, it is the premiere of the new Christmas market at Salnecke Castle, \u00d6rsundsbro! In the large greenhouse below the castle, historical and modern food crafts are set up for the Christmas table - cheese, sausages, bread, Upplandskubb. In addition, we complement with high-class, local crafts and activities around the castle. A 17th century castle in a...","rel":"","context":"In &quot;Marknad&quot;","block_context":{"text":"Marknad","link":"https:\/\/www.fjardhundraland.se\/en\/marknad-2\/"},"img":{"alt_text":"Salnecke julmarknad","src":"https:\/\/i0.wp.com\/www.fjardhundraland.se\/wp-content\/uploads\/2018\/11\/salnecke-julmarknad.jpg?resize=350%2C200&ssl=1","width":350,"height":200,"srcset":"https:\/\/i0.wp.com\/www.fjardhundraland.se\/wp-content\/uploads\/2018\/11\/salnecke-julmarknad.jpg?resize=350%2C200&ssl=1 1x, https:\/\/i0.wp.com\/www.fjardhundraland.se\/wp-content\/uploads\/2018\/11\/salnecke-julmarknad.jpg?resize=525%2C300&ssl=1 1.5x, https:\/\/i0.wp.com\/www.fjardhundraland.se\/wp-content\/uploads\/2018\/11\/salnecke-julmarknad.jpg?resize=700%2C400&ssl=1 2x, https:\/\/i0.wp.com\/www.fjardhundraland.se\/wp-content\/uploads\/2018\/11\/salnecke-julmarknad.jpg?resize=1050%2C600&ssl=1 3x, https:\/\/i0.wp.com\/www.fjardhundraland.se\/wp-content\/uploads\/2018\/11\/salnecke-julmarknad.jpg?resize=1400%2C800&ssl=1 4x"},"classes":[]}],"jetpack_sharing_enabled":true,"_links":{"self":[{"href":"https:\/\/www.fjardhundraland.se\/en\/wp-json\/wp\/v2\/posts\/4111","targetHints":{"allow":["GET"]}}],"collection":[{"href":"https:\/\/www.fjardhundraland.se\/en\/wp-json\/wp\/v2\/posts"}],"about":[{"href":"https:\/\/www.fjardhundraland.se\/en\/wp-json\/wp\/v2\/types\/post"}],"author":[{"embeddable":true,"href":"https:\/\/www.fjardhundraland.se\/en\/wp-json\/wp\/v2\/users\/1"}],"replies":[{"embeddable":true,"href":"https:\/\/www.fjardhundraland.se\/en\/wp-json\/wp\/v2\/comments?post=4111"}],"version-history":[{"count":1,"href":"https:\/\/www.fjardhundraland.se\/en\/wp-json\/wp\/v2\/posts\/4111\/revisions"}],"predecessor-version":[{"id":19626,"href":"https:\/\/www.fjardhundraland.se\/en\/wp-json\/wp\/v2\/posts\/4111\/revisions\/19626"}],"wp:attachment":[{"href":"https:\/\/www.fjardhundraland.se\/en\/wp-json\/wp\/v2\/media?parent=4111"}],"wp:term":[{"taxonomy":"category","embeddable":true,"href":"https:\/\/www.fjardhundraland.se\/en\/wp-json\/wp\/v2\/categories?post=4111"},{"taxonomy":"post_tag","embeddable":true,"href":"https:\/\/www.fjardhundraland.se\/en\/wp-json\/wp\/v2\/tags?post=4111"}],"curies":[{"name":"wp","href":"https:\/\/api.w.org\/{rel}","templated":true}]}}