
{"id":41,"date":"2011-02-02T10:20:08","date_gmt":"2011-02-02T09:20:08","guid":{"rendered":"http:\/\/www.fjardhundraland.se\/?p=41"},"modified":"2026-02-05T13:40:42","modified_gmt":"2026-02-05T12:40:42","slug":"now-fjardhundraland-economic-association-starts","status":"publish","type":"post","link":"https:\/\/www.fjardhundraland.se\/en\/externt\/2011\/nu-startar-fjardhundraland-ekonomisk-forening\/","title":{"rendered":"Now Fj\u00e4rdhundraland starts the economic association"},"content":{"rendered":"<p>Fjordshoundland oak. for. will be a platform for tourism business and rural development. <a title=\"Membership notification Fj\u00e4rdhundraland\" href=\"https:\/\/www.fjardhundrabygden.se\/fjardhundraland\/medlemsanmalan.html\" target=\"_blank\" rel=\"noopener\">Sign up<\/a> to participate in an exciting development project - for new contacts and future opportunities.<\/p>","protected":false},"excerpt":{"rendered":"<p>Fjordshoundland oak. for. will be a platform for tourism business and rural development. Become a member to participate in an exciting development project - for new contacts and future opportunities.<\/p>","protected":false},"author":1,"featured_media":0,"comment_status":"open","ping_status":"open","sticky":false,"template":"","format":"standard","meta":{"_acf_changed":false,"_relevanssi_hide_post":"","_relevanssi_hide_content":"","_relevanssi_pin_for_all":"","_relevanssi_pin_keywords":"","_relevanssi_unpin_keywords":"","_relevanssi_related_keywords":"","_relevanssi_related_include_ids":"","_relevanssi_related_exclude_ids":"","_relevanssi_related_no_append":"","_relevanssi_related_not_related":"","_relevanssi_related_posts":"","_relevanssi_noindex_reason":"Rank Math Uteslut fr\u00e5n Relevanssi index","_genesis_hide_title":false,"_genesis_hide_breadcrumbs":false,"_genesis_hide_singular_image":false,"_genesis_hide_footer_widgets":false,"_genesis_custom_body_class":"","_genesis_custom_post_class":"","_genesis_layout":"","_jetpack_memberships_contains_paid_content":false,"footnotes":""},"categories":[353,18],"tags":[352],"class_list":{"0":"post-41","1":"post","2":"type-post","3":"status-publish","4":"format-standard","6":"category-aldre-inlagg","7":"category-externt","8":"tag-aldre-inlagg","9":"entry"},"acf":[],"visa":null,"geo_latitude":null,"geo_longitude":null,"jetpack_featured_media_url":"","featured_image_src":null,"featured_image_src_square":null,"author_info":{"display_name":"Mats Thorburn","author_link":"https:\/\/www.fjardhundraland.se\/en\/author\/matst\/"},"jetpack-related-posts":[{"id":3604,"url":"https:\/\/www.fjardhundraland.se\/en\/inlagg\/2016\/vad-tyckte-du-om-mat-manniskor\/","url_meta":{"origin":41,"position":0},"title":"What did you like about Food &amp; People?","author":"Mats Thorburn","date":"25 September 2016","format":false,"excerpt":"Did you have a good day in Fj\u00e4rdhundraland? Tell me what you think here. Three winners get locally produced food - now it is too late to participate in the competition, but you can tell us what you think! Now the winners have received their prizes. Congratulations!","rel":"","context":"In &quot;\u00c4ldre inl\u00e4gg&quot;","block_context":{"text":"\u00c4ldre inl\u00e4gg","link":"https:\/\/www.fjardhundraland.se\/en\/aldre-inlagg\/"},"img":{"alt_text":"","src":"https:\/\/i0.wp.com\/www.fjardhundraland.se\/wp-content\/uploads\/2016\/09\/mmfb.jpg?resize=350%2C200&ssl=1","width":350,"height":200,"srcset":"https:\/\/i0.wp.com\/www.fjardhundraland.se\/wp-content\/uploads\/2016\/09\/mmfb.jpg?resize=350%2C200&ssl=1 1x, https:\/\/i0.wp.com\/www.fjardhundraland.se\/wp-content\/uploads\/2016\/09\/mmfb.jpg?resize=525%2C300&ssl=1 1.5x, https:\/\/i0.wp.com\/www.fjardhundraland.se\/wp-content\/uploads\/2016\/09\/mmfb.jpg?resize=700%2C400&ssl=1 2x, https:\/\/i0.wp.com\/www.fjardhundraland.se\/wp-content\/uploads\/2016\/09\/mmfb.jpg?resize=1050%2C600&ssl=1 3x"},"classes":[]},{"id":1191,"url":"https:\/\/www.fjardhundraland.se\/en\/inlagg\/2012\/oppet-hus-i-fjardhundraland-18-november\/","url_meta":{"origin":41,"position":1},"title":"Open house in Fj\u00e4rdhundraland 18 November","author":"Mats Thorburn","date":"2 October 2012","format":false,"excerpt":"On Sunday, November 18 at 16-19.30 you are welcome to talk Fj\u00e4rdhundraland in the Church House in Fj\u00e4rdhundra! We show an excerpt from the movie from this summer's theatrical success \u201dDet susar\u201d at 17-18. Mini fair with the village's small businesses. Take the opportunity to buy locally produced food and coffee. Learn more about entrepreneurship with the project Entrepreneurship in...","rel":"","context":"In &quot;\u00c4ldre inl\u00e4gg&quot;","block_context":{"text":"\u00c4ldre inl\u00e4gg","link":"https:\/\/www.fjardhundraland.se\/en\/aldre-inlagg\/"},"img":{"alt_text":"Det susar","src":"https:\/\/i0.wp.com\/www.fjardhundraland.se\/wp-content\/uploads\/2012\/10\/detsusar-630x403.jpg?resize=350%2C200&ssl=1","width":350,"height":200,"srcset":"https:\/\/i0.wp.com\/www.fjardhundraland.se\/wp-content\/uploads\/2012\/10\/detsusar-630x403.jpg?resize=350%2C200&ssl=1 1x, https:\/\/i0.wp.com\/www.fjardhundraland.se\/wp-content\/uploads\/2012\/10\/detsusar-630x403.jpg?resize=525%2C300&ssl=1 1.5x"},"classes":[]},{"id":264,"url":"https:\/\/www.fjardhundraland.se\/en\/externt\/2011\/premiartur-i-fjardhundraland\/","url_meta":{"origin":41,"position":2},"title":"Premiere in Fj\u00e4rdhundraland","author":"Ylva Fontell","date":"19 May 2011","format":false,"excerpt":"Wednesday 18\/5 was the premiere of the package tours in the village. The first group experienced a sunny day with locally produced delicacies, cuddly lamb kids and Fj\u00e4rdhundraland in spring scrub. Now we hope for new satisfied visitors to the remaining trips. More info during Package Travel.","rel":"","context":"In &quot;\u00c4ldre inl\u00e4gg&quot;","block_context":{"text":"\u00c4ldre inl\u00e4gg","link":"https:\/\/www.fjardhundraland.se\/en\/aldre-inlagg\/"},"img":{"alt_text":"","src":"","width":0,"height":0},"classes":[]},{"id":13,"url":"https:\/\/www.fjardhundraland.se\/en\/externt\/2010\/fjardhundraland\/","url_meta":{"origin":41,"position":3},"title":"Fj\u00e4rdhundraland","author":"Mats Thorburn","date":"12 October 2010","format":false,"excerpt":"Fj\u00e4rdhundraland is the modern interpretation of the medieval folk country of Fj\u00e4drundaland. Here, in the area around Fj\u00e4rdhundra north of Enk\u00f6ping, you will find a living countryside with history, but also budding small businesses: caf\u00e9s, accommodation and farm shops. Great experiences for visitors in an ancient village. Welcome here! Who knows, you might even...","rel":"","context":"In &quot;\u00c4ldre inl\u00e4gg&quot;","block_context":{"text":"\u00c4ldre inl\u00e4gg","link":"https:\/\/www.fjardhundraland.se\/en\/aldre-inlagg\/"},"img":{"alt_text":"","src":"","width":0,"height":0},"classes":[]},{"id":2950,"url":"https:\/\/www.fjardhundraland.se\/en\/inlagg\/2015\/sekelskiftesmarknad-pa-hostglod-i-fjardhundraland\/","url_meta":{"origin":41,"position":4},"title":"Sixteenth-century market at H\u00f6stgl\u00f6d in Fj\u00e4rdhundraland","author":"Mats Thorburn","date":"28 September 2015","format":false,"excerpt":"October 10 and 11, Fj\u00e4rdhundraland offers an old-fashioned market in Altuna village. You meet members of Fj\u00e4rdhundraland and a number of invited exhibitors, listen to music and much more. Read more here.","rel":"","context":"In &quot;\u00c4ldre inl\u00e4gg&quot;","block_context":{"text":"\u00c4ldre inl\u00e4gg","link":"https:\/\/www.fjardhundraland.se\/en\/aldre-inlagg\/"},"img":{"alt_text":"","src":"","width":0,"height":0},"classes":[]},{"id":124,"url":"https:\/\/www.fjardhundraland.se\/en\/externt\/2011\/programmet-ar-har\/","url_meta":{"origin":41,"position":5},"title":"The program is here","author":"Mats Thorburn","date":"11 May 2011","format":false,"excerpt":"It is a huge program Fj\u00e4rdhundraland offers on the square in Enk\u00f6ping on Saturday. Now, the program for the stage and storytelling tent is ready. Read more here.","rel":"","context":"In &quot;\u00c4ldre inl\u00e4gg&quot;","block_context":{"text":"\u00c4ldre inl\u00e4gg","link":"https:\/\/www.fjardhundraland.se\/en\/aldre-inlagg\/"},"img":{"alt_text":"","src":"","width":0,"height":0},"classes":[]}],"jetpack_sharing_enabled":true,"_links":{"self":[{"href":"https:\/\/www.fjardhundraland.se\/en\/wp-json\/wp\/v2\/posts\/41","targetHints":{"allow":["GET"]}}],"collection":[{"href":"https:\/\/www.fjardhundraland.se\/en\/wp-json\/wp\/v2\/posts"}],"about":[{"href":"https:\/\/www.fjardhundraland.se\/en\/wp-json\/wp\/v2\/types\/post"}],"author":[{"embeddable":true,"href":"https:\/\/www.fjardhundraland.se\/en\/wp-json\/wp\/v2\/users\/1"}],"replies":[{"embeddable":true,"href":"https:\/\/www.fjardhundraland.se\/en\/wp-json\/wp\/v2\/comments?post=41"}],"version-history":[{"count":1,"href":"https:\/\/www.fjardhundraland.se\/en\/wp-json\/wp\/v2\/posts\/41\/revisions"}],"predecessor-version":[{"id":19775,"href":"https:\/\/www.fjardhundraland.se\/en\/wp-json\/wp\/v2\/posts\/41\/revisions\/19775"}],"wp:attachment":[{"href":"https:\/\/www.fjardhundraland.se\/en\/wp-json\/wp\/v2\/media?parent=41"}],"wp:term":[{"taxonomy":"category","embeddable":true,"href":"https:\/\/www.fjardhundraland.se\/en\/wp-json\/wp\/v2\/categories?post=41"},{"taxonomy":"post_tag","embeddable":true,"href":"https:\/\/www.fjardhundraland.se\/en\/wp-json\/wp\/v2\/tags?post=41"}],"curies":[{"name":"wp","href":"https:\/\/api.w.org\/{rel}","templated":true}]}}