
{"id":393,"date":"2011-07-01T18:08:23","date_gmt":"2011-07-01T16:08:23","guid":{"rendered":"http:\/\/www.fjardhundraland.se\/?p=393"},"modified":"2026-02-05T13:40:42","modified_gmt":"2026-02-05T12:40:42","slug":"construction-site-in-oppen-kvarn","status":"publish","type":"post","link":"https:\/\/www.fjardhundraland.se\/en\/externt\/2011\/byggnadsvard-i-oppen-kvarn\/","title":{"rendered":"Building maintenance in open mill"},"content":{"rendered":"<p>Tomorrow, Saturday, July 2 at 12-15, it is OPEN MOMENT in <a title=\"Forsby kvarn\" href=\"https:\/\/www.forsbykvarn.se\/\" target=\"_blank\" rel=\"noopener\">Forsby kvarn<\/a>. We will follow the work during the ongoing construction care camp, can buy building care products and linseed oil paint. Coffee with Forsby mill roll!<\/p>\n<p><img decoding=\"async\" class=\"alignnone\" title=\"Forsby kvarn\" src=\"https:\/\/forsbykvarn.se\/images\/forsby.jpg\" alt=\"\" width=\"224\" height=\"336\"><\/p>","protected":false},"excerpt":{"rendered":"<p>Tomorrow Saturday, July 2 at 12\u201315, it is OPEN KWARDAG in Forsby mill. We will follow the work during the ongoing construction care camp, can buy building care products and linseed oil paint. Coffee with Forsby mill roll!<\/p>","protected":false},"author":1,"featured_media":0,"comment_status":"open","ping_status":"open","sticky":false,"template":"","format":"standard","meta":{"_acf_changed":false,"_relevanssi_hide_post":"","_relevanssi_hide_content":"","_relevanssi_pin_for_all":"","_relevanssi_pin_keywords":"","_relevanssi_unpin_keywords":"","_relevanssi_related_keywords":"","_relevanssi_related_include_ids":"","_relevanssi_related_exclude_ids":"","_relevanssi_related_no_append":"","_relevanssi_related_not_related":"","_relevanssi_related_posts":"","_relevanssi_noindex_reason":"Rank Math Uteslut fr\u00e5n Relevanssi index","_genesis_hide_title":false,"_genesis_hide_breadcrumbs":false,"_genesis_hide_singular_image":false,"_genesis_hide_footer_widgets":false,"_genesis_custom_body_class":"","_genesis_custom_post_class":"","_genesis_layout":"","_jetpack_memberships_contains_paid_content":false,"footnotes":""},"categories":[353,18],"tags":[352,36,38],"class_list":{"0":"post-393","1":"post","2":"type-post","3":"status-publish","4":"format-standard","6":"category-aldre-inlagg","7":"category-externt","8":"tag-aldre-inlagg","9":"tag-byggnadsvard","10":"tag-forsby-kvarn","11":"entry"},"acf":[],"visa":null,"geo_latitude":null,"geo_longitude":null,"jetpack_featured_media_url":"","featured_image_src":null,"featured_image_src_square":null,"author_info":{"display_name":"Mats Thorburn","author_link":"https:\/\/www.fjardhundraland.se\/en\/author\/matst\/"},"jetpack-related-posts":[{"id":1037,"url":"https:\/\/www.fjardhundraland.se\/en\/externt\/2012\/oppen-kvarn-gardsloppis\/","url_meta":{"origin":393,"position":0},"title":"Open mill &amp; courtyard","author":"Mats Thorburn","date":"29 June 2012","format":false,"excerpt":"Tomorrow Saturday you can visit Forsby mill&#039;s building care camp, and follow the ongoing work on renovating the mill&#039;s side towards the river. \u201cOpen Monday\u201d at 12\u201315. Forsby mill caf\u00e9 is also open. On Saturday it is also G\u00e5rdsloppis in G\u00e4stre at 10\u201317. Several sellers, garden caf\u00e9, pelagons, kerosene lamps with spare parts etc.","rel":"","context":"In &quot;\u00c4ldre inl\u00e4gg&quot;","block_context":{"text":"\u00c4ldre inl\u00e4gg","link":"https:\/\/www.fjardhundraland.se\/en\/aldre-inlagg\/"},"img":{"alt_text":"Forby kvarn, \u00e5sidan","src":"https:\/\/i0.wp.com\/forsbykvarn.se\/wp-content\/uploads\/2012\/05\/Forsby-Kvarntak-2009-389-617x347.jpg?resize=350%2C200&ssl=1","width":350,"height":200,"srcset":"https:\/\/i0.wp.com\/forsbykvarn.se\/wp-content\/uploads\/2012\/05\/Forsby-Kvarntak-2009-389-617x347.jpg?resize=350%2C200&ssl=1 1x, https:\/\/i0.wp.com\/forsbykvarn.se\/wp-content\/uploads\/2012\/05\/Forsby-Kvarntak-2009-389-617x347.jpg?resize=525%2C300&ssl=1 1.5x"},"classes":[]},{"id":914,"url":"https:\/\/www.fjardhundraland.se\/en\/mat\/2012\/nu-oppnar-forsby-kvarn-kafe\/","url_meta":{"origin":393,"position":1},"title":"Now Forsby opens a coffee shop","author":"Mats Thorburn","date":"26 April 2012","format":false,"excerpt":"On Saturday, the long-awaited caf\u00e9 in Forsby mill opens. Where the locomotive once operated the mill and sawmills, Ibbas&#039;s pastry is now emerging. Goods are promised, and also a little useful. Read more on the new web!","rel":"","context":"In &quot;\u00c4ldre inl\u00e4gg&quot;","block_context":{"text":"\u00c4ldre inl\u00e4gg","link":"https:\/\/www.fjardhundraland.se\/en\/aldre-inlagg\/"},"img":{"alt_text":"","src":"https:\/\/i0.wp.com\/forsbykvarn.se\/wp-content\/uploads\/2011\/08\/Forsbybageriets-gamla-monter.jpg?resize=350%2C200&ssl=1","width":350,"height":200},"classes":[]},{"id":600,"url":"https:\/\/www.fjardhundraland.se\/en\/externt\/2011\/musik-du-aldrig-mer-kommer-att-fa-hora\/","url_meta":{"origin":393,"position":2},"title":"Music for the moment in Forsby mill","author":"Mats Thorburn","date":"16 August 2011","format":false,"excerpt":"Forsby mill, the concert hall in Forsby just outside Fj\u00e4rdhundra, invites you to this year&#039;s second concert on Saturday, August 20th. This evening you will hear impromptu music - music played for never being repeated!","rel":"","context":"In &quot;\u00c4ldre inl\u00e4gg&quot;","block_context":{"text":"\u00c4ldre inl\u00e4gg","link":"https:\/\/www.fjardhundraland.se\/en\/aldre-inlagg\/"},"img":{"alt_text":"Torbj\u00f6rn Lillieqvist, Forsby kvarn","src":"https:\/\/i0.wp.com\/www.fjardhundraland.se\/wp-content\/uploads\/2011\/08\/forsby-1-630x289.jpg?resize=350%2C200&ssl=1","width":350,"height":200,"srcset":"https:\/\/i0.wp.com\/www.fjardhundraland.se\/wp-content\/uploads\/2011\/08\/forsby-1-630x289.jpg?resize=350%2C200&ssl=1 1x, https:\/\/i0.wp.com\/www.fjardhundraland.se\/wp-content\/uploads\/2011\/08\/forsby-1-630x289.jpg?resize=525%2C300&ssl=1 1.5x"},"classes":[]},{"id":483,"url":"https:\/\/www.fjardhundraland.se\/en\/externt\/2011\/musik-om-minne-och-glomska\/","url_meta":{"origin":393,"position":3},"title":"Music experiences in Forsby mill","author":"Mats Thorburn","date":"19 July 2011","format":false,"excerpt":"In Forsby mill, just outside Fj\u00e4rdhundra, for the sixth year, you are invited to concerts of high class - which are always well attended, and great experiences! This year the theme is &quot;Memory and forgetfulness&quot;.","rel":"","context":"In &quot;\u00c4ldre inl\u00e4gg&quot;","block_context":{"text":"\u00c4ldre inl\u00e4gg","link":"https:\/\/www.fjardhundraland.se\/en\/aldre-inlagg\/"},"img":{"alt_text":"Snart konsert i Forsby kvarn","src":"https:\/\/i0.wp.com\/www.fjardhundraland.se\/wp-content\/uploads\/2011\/07\/forsby1.jpg?resize=350%2C200&ssl=1","width":350,"height":200,"srcset":"https:\/\/i0.wp.com\/www.fjardhundraland.se\/wp-content\/uploads\/2011\/07\/forsby1.jpg?resize=350%2C200&ssl=1 1x, https:\/\/i0.wp.com\/www.fjardhundraland.se\/wp-content\/uploads\/2011\/07\/forsby1.jpg?resize=525%2C300&ssl=1 1.5x"},"classes":[]},{"id":1274,"url":"https:\/\/www.fjardhundraland.se\/en\/externt\/2013\/grattis\/","url_meta":{"origin":393,"position":4},"title":"Congratulations!","author":"Ylva Fontell","date":"7 May 2013","format":false,"excerpt":"Siggesta weaving mill turns 20 years old and celebrates with an anniversary exhibition in Forsby mill on Saturday and Sunday, May 11-12. The exhibition has been named \"From altar cloth to rag rug\", which tells about the breadth of what is exhibited. The caf\u00e9 in Forsby Mill is of course open at the same time. Open 12-17","rel":"","context":"In &quot;\u00c4ldre inl\u00e4gg&quot;","block_context":{"text":"\u00c4ldre inl\u00e4gg","link":"https:\/\/www.fjardhundraland.se\/en\/aldre-inlagg\/"},"img":{"alt_text":"IMG_2384","src":"https:\/\/i0.wp.com\/www.fjardhundraland.se\/wp-content\/uploads\/2013\/05\/IMG_2384-300x200.jpg?resize=350%2C200&ssl=1","width":350,"height":200},"classes":[]},{"id":1155,"url":"https:\/\/www.fjardhundraland.se\/en\/musik\/2012\/varoffer-i-sommarkvallen\/","url_meta":{"origin":393,"position":5},"title":"Wildfire in the summer evening","author":"Mats Thorburn","date":"7 August 2012","format":false,"excerpt":"On Saturday, August 11, it is time for this year&#039;s second concert on the Forsby mill music scene. Four-handed version of Igor Stravinsky&#039;s Spring presents with Kristine Scholz and Mats Persson are replaced by jazz with Monica Dominique and Palle Danielsson.","rel":"","context":"In &quot;\u00c4ldre inl\u00e4gg&quot;","block_context":{"text":"\u00c4ldre inl\u00e4gg","link":"https:\/\/www.fjardhundraland.se\/en\/aldre-inlagg\/"},"img":{"alt_text":"Forsby kvarn. Foto: Mats Thorburn.","src":"https:\/\/i0.wp.com\/www.fjardhundraland.se\/wp-content\/uploads\/2012\/08\/IMG_7095-630x403.jpg?resize=350%2C200&ssl=1","width":350,"height":200,"srcset":"https:\/\/i0.wp.com\/www.fjardhundraland.se\/wp-content\/uploads\/2012\/08\/IMG_7095-630x403.jpg?resize=350%2C200&ssl=1 1x, https:\/\/i0.wp.com\/www.fjardhundraland.se\/wp-content\/uploads\/2012\/08\/IMG_7095-630x403.jpg?resize=525%2C300&ssl=1 1.5x"},"classes":[]}],"jetpack_sharing_enabled":true,"_links":{"self":[{"href":"https:\/\/www.fjardhundraland.se\/en\/wp-json\/wp\/v2\/posts\/393","targetHints":{"allow":["GET"]}}],"collection":[{"href":"https:\/\/www.fjardhundraland.se\/en\/wp-json\/wp\/v2\/posts"}],"about":[{"href":"https:\/\/www.fjardhundraland.se\/en\/wp-json\/wp\/v2\/types\/post"}],"author":[{"embeddable":true,"href":"https:\/\/www.fjardhundraland.se\/en\/wp-json\/wp\/v2\/users\/1"}],"replies":[{"embeddable":true,"href":"https:\/\/www.fjardhundraland.se\/en\/wp-json\/wp\/v2\/comments?post=393"}],"version-history":[{"count":1,"href":"https:\/\/www.fjardhundraland.se\/en\/wp-json\/wp\/v2\/posts\/393\/revisions"}],"predecessor-version":[{"id":19759,"href":"https:\/\/www.fjardhundraland.se\/en\/wp-json\/wp\/v2\/posts\/393\/revisions\/19759"}],"wp:attachment":[{"href":"https:\/\/www.fjardhundraland.se\/en\/wp-json\/wp\/v2\/media?parent=393"}],"wp:term":[{"taxonomy":"category","embeddable":true,"href":"https:\/\/www.fjardhundraland.se\/en\/wp-json\/wp\/v2\/categories?post=393"},{"taxonomy":"post_tag","embeddable":true,"href":"https:\/\/www.fjardhundraland.se\/en\/wp-json\/wp\/v2\/tags?post=393"}],"curies":[{"name":"wp","href":"https:\/\/api.w.org\/{rel}","templated":true}]}}