
{"id":1021,"date":"2012-06-07T09:36:17","date_gmt":"2012-06-07T07:36:17","guid":{"rendered":"http:\/\/www.fjardhundraland.se\/?p=993"},"modified":"2026-02-05T13:41:12","modified_gmt":"2026-02-05T12:41:12","slug":"rhubarb-culture","status":"publish","type":"post","link":"https:\/\/www.fjardhundraland.se\/en\/gardsbutiker\/2012\/rabarber-kultur\/","title":{"rendered":"Rhubarb &amp; culture"},"content":{"rendered":"<p>On Sunday 10\/6 it is rhubarb chills! Taste marmalades, chutney, pies, etc. on <a title=\"Kr\u00e1kvilan bakery\" href=\"https:\/\/www.krakvilan.com\" target=\"_blank\" rel=\"noopener\">Kr\u00e1kvilan bakery<\/a>. Open 10-16. Can be combined with Cultural walk with advantage <a title=\"Torstuna hometown association, H\u00e4rledg\u00e5rden\" href=\"https:\/\/www.hembygd.se\/torstuna\/2012\/03\/17\/sondag-10-juni-kl-14-kulturvandring-pa-harled\/\" target=\"_blank\" rel=\"noopener\">H\u00e4rledg\u00e5rden<\/a> at 14. Marja Eriksson and Per Lindgren from Upplandsmuseet talk about the farm buildings.<\/p>\n<p><img decoding=\"async\" class=\"alignnone\" title=\"H\u00e4rledg\u00e5rden\" src=\"https:\/\/www.hembygd.se\/torstuna\/files\/2012\/03\/Image70.jpg\" alt=\"H\u00e4rledg\u00e5rden\" width=\"664\" \/><\/p>\n<p>&nbsp;<\/p>","protected":false},"excerpt":{"rendered":"<p>On Sunday 10\/6 it is rhubarb chills! Taste marmalades, chutney, pies, etc. at Kr\u00e5kvilan bakery. Open 10-16. Can be combined with Cultural walk at H\u00e4rledg\u00e5rden at 14. Marja Eriksson and Per Lindgren from Upplandsmuseet tell about the farm buildings. &nbsp;<\/p>","protected":false},"author":1,"featured_media":0,"comment_status":"open","ping_status":"open","sticky":false,"template":"","format":"standard","meta":{"_acf_changed":false,"_relevanssi_hide_post":"","_relevanssi_hide_content":"","_relevanssi_pin_for_all":"","_relevanssi_pin_keywords":"","_relevanssi_unpin_keywords":"","_relevanssi_related_keywords":"","_relevanssi_related_include_ids":"","_relevanssi_related_exclude_ids":"","_relevanssi_related_no_append":"","_relevanssi_related_not_related":"","_relevanssi_related_posts":"","_relevanssi_noindex_reason":"Rank Math Uteslut fr\u00e5n Relevanssi index","_genesis_hide_title":false,"_genesis_hide_breadcrumbs":false,"_genesis_hide_singular_image":false,"_genesis_hide_footer_widgets":false,"_genesis_custom_body_class":"","_genesis_custom_post_class":"","_genesis_layout":"","_jetpack_memberships_contains_paid_content":false,"footnotes":""},"categories":[353,18,9,45,78],"tags":[352],"class_list":{"0":"post-1021","1":"post","2":"type-post","3":"status-publish","4":"format-standard","6":"category-aldre-inlagg","7":"category-externt","8":"category-gardsbutiker","9":"category-kultur","10":"category-marknad-2","11":"tag-aldre-inlagg","12":"entry"},"acf":[],"visa":null,"geo_latitude":null,"geo_longitude":null,"jetpack_featured_media_url":"","featured_image_src":null,"featured_image_src_square":null,"author_info":{"display_name":"Mats Thorburn","author_link":"https:\/\/www.fjardhundraland.se\/en\/author\/matst\/"},"jetpack-related-posts":[{"id":2526,"url":"https:\/\/www.fjardhundraland.se\/en\/mat\/2014\/hostglod-fjardhundraland-2014\/","url_meta":{"origin":1021,"position":0},"title":"Autumn glow in Fj\u00e4rdhundraland 2014","author":"Mats Thorburn","date":"8 October 2014","format":false,"excerpt":"On Sunday Fj\u00e4rdhundraland invites you to H\u00f6stgl\u00f6d, in Upper G\u00e4stre, Fj\u00e4rdhundra. Read more.","rel":"","context":"In &quot;\u00c4ldre inl\u00e4gg&quot;","block_context":{"text":"\u00c4ldre inl\u00e4gg","link":"https:\/\/www.fjardhundraland.se\/en\/aldre-inlagg\/"},"img":{"alt_text":"","src":"","width":0,"height":0},"classes":[]},{"id":3905,"url":"https:\/\/www.fjardhundraland.se\/en\/turismutveckling\/2017\/augmented-export\/","url_meta":{"origin":1021,"position":1},"title":"Augmented Export - about food, nature and culture","author":"Mats Thorburn","date":"11 February 2017","format":false,"excerpt":"What kind of food do visitors want when they visit Scandinavia? How can we use the quality we have to find visitors who want a small-scale, personalized stay in Sweden? To answer these questions, we are now conducting a project on food in combination with nature...","rel":"","context":"In &quot;Turismutveckling&quot;","block_context":{"text":"Turismutveckling","link":"https:\/\/www.fjardhundraland.se\/en\/turismutveckling\/"},"img":{"alt_text":"","src":"","width":0,"height":0},"classes":[]},{"id":1025,"url":"https:\/\/www.fjardhundraland.se\/en\/externt\/2012\/en-biljett-till-femtiotalet\/","url_meta":{"origin":1021,"position":2},"title":"A ticket to the fifties","author":"Mats Thorburn","date":"26 June 2012","format":false,"excerpt":"On Friday 29\/6 it's time for the premiere of Det susar, Paddebo Kulturf\u00f6reningen's big theater project in Fj\u00e4rdhundra, where we get to follow three girls in their dreams, longing and reality, about courage, friendship and cars. The story takes place in the 1940s and 50s, somewhere in Sweden. Book your tickets - it will be an experience!","rel":"","context":"In &quot;\u00c4ldre inl\u00e4gg&quot;","block_context":{"text":"\u00c4ldre inl\u00e4gg","link":"https:\/\/www.fjardhundraland.se\/en\/aldre-inlagg\/"},"img":{"alt_text":"Damk\u00f6ren \u00f6var","src":"https:\/\/i0.wp.com\/fbcdn-sphotos-a.akamaihd.net\/hphotos-ak-ash3\/600747_10151028904635325_1111507348_n.jpg?resize=350%2C200&ssl=1","width":350,"height":200,"srcset":"https:\/\/i0.wp.com\/fbcdn-sphotos-a.akamaihd.net\/hphotos-ak-ash3\/600747_10151028904635325_1111507348_n.jpg?resize=350%2C200&ssl=1 1x, https:\/\/i0.wp.com\/fbcdn-sphotos-a.akamaihd.net\/hphotos-ak-ash3\/600747_10151028904635325_1111507348_n.jpg?resize=525%2C300&ssl=1 1.5x"},"classes":[]},{"id":5226,"url":"https:\/\/www.fjardhundraland.se\/en\/upplevelser\/2018\/filmsommar-pa-gamla-bion\/","url_meta":{"origin":1021,"position":3},"title":"Movie summer at Gamla Bion","author":"Ylva Fontell","date":"27 June 2018","format":false,"excerpt":"Wow, what a summer of movies awaits! The Old Cinema in \u00d6rsundsbro has put together an extensive program of brand new quality films, complemented by this year's new addition, Classics Week. The calendar of events presents all the films in more detail, but here's a sneak peek: 3\/7 Aquarius, 10\/7 Three Billboards outside Ebbing, Missouri, 17\/7 Loving Vincent, 24\/7 Amateurs, 31\/7...","rel":"","context":"In &quot;\u00c4ldre inl\u00e4gg&quot;","block_context":{"text":"\u00c4ldre inl\u00e4gg","link":"https:\/\/www.fjardhundraland.se\/en\/aldre-inlagg\/"},"img":{"alt_text":"Gamla bion i \u00d6rsundsbro","src":"https:\/\/i0.wp.com\/www.fjardhundraland.se\/wp-content\/uploads\/2017\/02\/gamla-bion.jpg?resize=350%2C200&ssl=1","width":350,"height":200,"srcset":"https:\/\/i0.wp.com\/www.fjardhundraland.se\/wp-content\/uploads\/2017\/02\/gamla-bion.jpg?resize=350%2C200&ssl=1 1x, https:\/\/i0.wp.com\/www.fjardhundraland.se\/wp-content\/uploads\/2017\/02\/gamla-bion.jpg?resize=525%2C300&ssl=1 1.5x, https:\/\/i0.wp.com\/www.fjardhundraland.se\/wp-content\/uploads\/2017\/02\/gamla-bion.jpg?resize=700%2C400&ssl=1 2x, https:\/\/i0.wp.com\/www.fjardhundraland.se\/wp-content\/uploads\/2017\/02\/gamla-bion.jpg?resize=1050%2C600&ssl=1 3x, https:\/\/i0.wp.com\/www.fjardhundraland.se\/wp-content\/uploads\/2017\/02\/gamla-bion.jpg?resize=1400%2C800&ssl=1 4x"},"classes":[]},{"id":419,"url":"https:\/\/www.fjardhundraland.se\/en\/externt\/2011\/konst-och-tradgardskonst-i-karleby\/","url_meta":{"origin":1021,"position":4},"title":"Art and garden art in Kokkola","author":"Mats Thorburn","date":"8 July 2011","format":false,"excerpt":"Summer excursion on a summer weekend. Where should you go? - At the Lundellska Gallery you can combine coffee with art - and get inspiration for your garden in the process. Lundellska Gallery is run by artist Gunnilla Lundell and is located in Kokkola, just north of Fj\u00e4rdhundra along road 70 between Enk\u00f6ping and Sala. Take the opportunity to...","rel":"","context":"In &quot;\u00c4ldre inl\u00e4gg&quot;","block_context":{"text":"\u00c4ldre inl\u00e4gg","link":"https:\/\/www.fjardhundraland.se\/en\/aldre-inlagg\/"},"img":{"alt_text":"","src":"https:\/\/i0.wp.com\/www.fjardhundraland.se\/wp-content\/uploads\/2011\/07\/lundellska1.jpg?resize=350%2C200&ssl=1","width":350,"height":200,"srcset":"https:\/\/i0.wp.com\/www.fjardhundraland.se\/wp-content\/uploads\/2011\/07\/lundellska1.jpg?resize=350%2C200&ssl=1 1x, https:\/\/i0.wp.com\/www.fjardhundraland.se\/wp-content\/uploads\/2011\/07\/lundellska1.jpg?resize=525%2C300&ssl=1 1.5x"},"classes":[]},{"id":858,"url":"https:\/\/www.fjardhundraland.se\/en\/gardsbutiker\/2023\/pask-i-fjardhundraland\/","url_meta":{"origin":1021,"position":5},"title":"Easter in Fj\u00e4rdhundraland","author":"Mats Thorburn","date":"2 April 2023","format":false,"excerpt":"Easter means going on a trip! All around Fj\u00e4rdhundraland, farm shops, caf\u00e9s and nurseries are getting busy for the summer season. Take a stroll between treats and sights. Forsby mill caf\u00e9. Easter Day between 12-16: Tour of the new caf\u00e9 in Forsby mill. Carpenter TB Lindblom shows the building. Golden well. Easter days Friday-Monday.","rel":"","context":"In &quot;\u00c4ldre inl\u00e4gg&quot;","block_context":{"text":"\u00c4ldre inl\u00e4gg","link":"https:\/\/www.fjardhundraland.se\/en\/aldre-inlagg\/"},"img":{"alt_text":"","src":"https:\/\/i0.wp.com\/www.fjardhundraland.se\/wp-content\/uploads\/2021\/04\/pask-i-fjardhundraland-tupp-och-hona.jpg?resize=350%2C200&ssl=1","width":350,"height":200,"srcset":"https:\/\/i0.wp.com\/www.fjardhundraland.se\/wp-content\/uploads\/2021\/04\/pask-i-fjardhundraland-tupp-och-hona.jpg?resize=350%2C200&ssl=1 1x, https:\/\/i0.wp.com\/www.fjardhundraland.se\/wp-content\/uploads\/2021\/04\/pask-i-fjardhundraland-tupp-och-hona.jpg?resize=525%2C300&ssl=1 1.5x, https:\/\/i0.wp.com\/www.fjardhundraland.se\/wp-content\/uploads\/2021\/04\/pask-i-fjardhundraland-tupp-och-hona.jpg?resize=700%2C400&ssl=1 2x, https:\/\/i0.wp.com\/www.fjardhundraland.se\/wp-content\/uploads\/2021\/04\/pask-i-fjardhundraland-tupp-och-hona.jpg?resize=1050%2C600&ssl=1 3x, https:\/\/i0.wp.com\/www.fjardhundraland.se\/wp-content\/uploads\/2021\/04\/pask-i-fjardhundraland-tupp-och-hona.jpg?resize=1400%2C800&ssl=1 4x"},"classes":[]}],"jetpack_sharing_enabled":true,"_links":{"self":[{"href":"https:\/\/www.fjardhundraland.se\/en\/wp-json\/wp\/v2\/posts\/1021","targetHints":{"allow":["GET"]}}],"collection":[{"href":"https:\/\/www.fjardhundraland.se\/en\/wp-json\/wp\/v2\/posts"}],"about":[{"href":"https:\/\/www.fjardhundraland.se\/en\/wp-json\/wp\/v2\/types\/post"}],"author":[{"embeddable":true,"href":"https:\/\/www.fjardhundraland.se\/en\/wp-json\/wp\/v2\/users\/1"}],"replies":[{"embeddable":true,"href":"https:\/\/www.fjardhundraland.se\/en\/wp-json\/wp\/v2\/comments?post=1021"}],"version-history":[{"count":1,"href":"https:\/\/www.fjardhundraland.se\/en\/wp-json\/wp\/v2\/posts\/1021\/revisions"}],"predecessor-version":[{"id":19716,"href":"https:\/\/www.fjardhundraland.se\/en\/wp-json\/wp\/v2\/posts\/1021\/revisions\/19716"}],"wp:attachment":[{"href":"https:\/\/www.fjardhundraland.se\/en\/wp-json\/wp\/v2\/media?parent=1021"}],"wp:term":[{"taxonomy":"category","embeddable":true,"href":"https:\/\/www.fjardhundraland.se\/en\/wp-json\/wp\/v2\/categories?post=1021"},{"taxonomy":"post_tag","embeddable":true,"href":"https:\/\/www.fjardhundraland.se\/en\/wp-json\/wp\/v2\/tags?post=1021"}],"curies":[{"name":"wp","href":"https:\/\/api.w.org\/{rel}","templated":true}]}}