
{"id":982,"date":"2012-05-30T23:00:09","date_gmt":"2012-05-30T21:00:09","guid":{"rendered":"http:\/\/www.fjardhundraland.se\/?p=982"},"modified":"2026-02-05T13:41:12","modified_gmt":"2026-02-05T12:41:12","slug":"gemutlicher-hofverkauf-in-gastre-2-juni","status":"publish","type":"post","link":"https:\/\/www.fjardhundraland.se\/de\/externt\/2012\/gemytlig-gardsloppis-i-gastre-2-juni\/","title":{"rendered":"Gem\u00fctlicher Hofverkauf in G\u00e4stre 2. Juni"},"content":{"rendered":"<p><img decoding=\"async\" class=\"alignleft size-large wp-image-983\" title=\"Flohmarkt in G\u00e4stre\" src=\"https:\/\/www.fjardhundraland.se\/wp-content\/uploads\/2012\/05\/P6130067-1024x766.jpg\" alt=\"Flohmarkt in G\u00e4stre\" width=\"640\" height=\"478\" \/><\/p>\n<p>Am Samstag, dem 2. Juni, findet von 10 bis 17 Uhr ein Flohmarkt in G\u00e4stre statt. Viele Verk\u00e4ufer bieten alles M\u00f6gliche an - unter anderem Geranien, Sommerpflanzen, Petroleumlampen. Au\u00dferdem gibt es ein Gartencaf\u00e9!<\/p>\n<p>&nbsp;<\/p>","protected":false},"excerpt":{"rendered":"<p>Am Samstag, dem 2. Juni, findet von 10 bis 17 Uhr ein Flohmarkt in G\u00e4stre statt. Viele Verk\u00e4ufer bieten alles M\u00f6gliche an - unter anderem Geranien, Sommerpflanzen, Petroleumlampen. Au\u00dferdem gibt es ein Gartencaf\u00e9! &nbsp;<\/p>","protected":false},"author":1,"featured_media":0,"comment_status":"open","ping_status":"open","sticky":false,"template":"","format":"standard","meta":{"_acf_changed":false,"_relevanssi_hide_post":"","_relevanssi_hide_content":"","_relevanssi_pin_for_all":"","_relevanssi_pin_keywords":"","_relevanssi_unpin_keywords":"","_relevanssi_related_keywords":"","_relevanssi_related_include_ids":"","_relevanssi_related_exclude_ids":"","_relevanssi_related_no_append":"","_relevanssi_related_not_related":"","_relevanssi_related_posts":"","_relevanssi_noindex_reason":"Rank Math Uteslut fr\u00e5n Relevanssi index","_genesis_hide_title":false,"_genesis_hide_breadcrumbs":false,"_genesis_hide_singular_image":false,"_genesis_hide_footer_widgets":false,"_genesis_custom_body_class":"","_genesis_custom_post_class":"","_genesis_layout":"","_jetpack_memberships_contains_paid_content":false,"footnotes":""},"categories":[353,18,65],"tags":[352],"class_list":{"0":"post-982","1":"post","2":"type-post","3":"status-publish","4":"format-standard","6":"category-aldre-inlagg","7":"category-externt","8":"category-loppis","9":"tag-aldre-inlagg","10":"entry"},"acf":[],"visa":null,"geo_latitude":null,"geo_longitude":null,"jetpack_featured_media_url":"","featured_image_src":null,"featured_image_src_square":null,"author_info":{"display_name":"Mats Thorburn","author_link":"https:\/\/www.fjardhundraland.se\/de\/author\/matst\/"},"jetpack-related-posts":[{"id":2526,"url":"https:\/\/www.fjardhundraland.se\/de\/mat\/2014\/hostglod-fjardhundraland-2014\/","url_meta":{"origin":982,"position":0},"title":"Herbstliches Gl\u00fchen in Fj\u00e4rdhundraland 2014","author":"Mats Thorburn","date":"8 Oktober 2014","format":false,"excerpt":"Am Sonntag l\u00e4dt Fj\u00e4rdhundraland zum Herbstgl\u00fchen in \u00d6vre G\u00e4stre, Fj\u00e4rdhundra, ein. Lesen Sie mehr.","rel":"","context":"In &quot;\u00c4ldre inl\u00e4gg&quot;","block_context":{"text":"\u00c4ldre inl\u00e4gg","link":"https:\/\/www.fjardhundraland.se\/de\/aldre-inlagg\/"},"img":{"alt_text":"","src":"","width":0,"height":0},"classes":[]},{"id":1345,"url":"https:\/\/www.fjardhundraland.se\/de\/turistinformation\/2013\/svang-a\/","url_meta":{"origin":982,"position":1},"title":"Biegen Sie in Richtung des Touristeninformationszentrums ab!","author":"Mats Thorburn","date":"7 Juni 2013","format":false,"excerpt":"M\u00f6chten Sie mehr wissen und pers\u00f6nliche Tipps \u00fcber Fj\u00e4rdhundraland erhalten? Besuchen Sie das Touristeninformationszentrum Fj\u00e4rdhundraland in G\u00e4stre, s\u00fcdlich von Fj\u00e4rdhundra an der Stra\u00dfe 70 Enk\u00f6ping-Sala. Ab heute, dem 7. Juni, ist es freitags und samstags von 12-16 Uhr ge\u00f6ffnet (bis zum 7. September, mit einigen Ausnahmen - siehe Website). Herzlich willkommen zu einer kleinen, pers\u00f6nlichen Touristeninformation!","rel":"","context":"In &quot;\u00c4ldre inl\u00e4gg&quot;","block_context":{"text":"\u00c4ldre inl\u00e4gg","link":"https:\/\/www.fjardhundraland.se\/de\/aldre-inlagg\/"},"img":{"alt_text":"OLYMPUS DIGITAL CAMERA","src":"https:\/\/i0.wp.com\/www.fjardhundraland.se\/wp-content\/uploads\/2013\/06\/turistskylt.jpg?resize=350%2C200&ssl=1","width":350,"height":200,"srcset":"https:\/\/i0.wp.com\/www.fjardhundraland.se\/wp-content\/uploads\/2013\/06\/turistskylt.jpg?resize=350%2C200&ssl=1 1x, https:\/\/i0.wp.com\/www.fjardhundraland.se\/wp-content\/uploads\/2013\/06\/turistskylt.jpg?resize=525%2C300&ssl=1 1.5x, https:\/\/i0.wp.com\/www.fjardhundraland.se\/wp-content\/uploads\/2013\/06\/turistskylt.jpg?resize=700%2C400&ssl=1 2x, https:\/\/i0.wp.com\/www.fjardhundraland.se\/wp-content\/uploads\/2013\/06\/turistskylt.jpg?resize=1050%2C600&ssl=1 3x, https:\/\/i0.wp.com\/www.fjardhundraland.se\/wp-content\/uploads\/2013\/06\/turistskylt.jpg?resize=1400%2C800&ssl=1 4x"},"classes":[]},{"id":1037,"url":"https:\/\/www.fjardhundraland.se\/de\/externt\/2012\/oppen-kvarn-gardsloppis\/","url_meta":{"origin":982,"position":2},"title":"Offene M\u00fchle &amp; Hofverkauf","author":"Mats Thorburn","date":"29 Juni 2012","format":false,"excerpt":"Am morgigen Samstag k\u00f6nnen Sie das Bauinstandhaltungslager der Forsby-M\u00fchle besuchen und die laufenden Arbeiten zur Renovierung der dem Fluss zugewandten Seite der M\u00fchle verfolgen. \u201dTag der offenen M\u00fchle\u201d von 12-15 Uhr, das M\u00fchlencaf\u00e9 in Forsby ist ebenfalls ge\u00f6ffnet. Am Samstag findet von 10-17 Uhr ein Bauernflohmarkt in G\u00e4stre statt, mit verschiedenen Anbietern, Gartencaf\u00e9, Pelagons, Petroleumlampen mit Ersatzteilen usw.","rel":"","context":"In &quot;\u00c4ldre inl\u00e4gg&quot;","block_context":{"text":"\u00c4ldre inl\u00e4gg","link":"https:\/\/www.fjardhundraland.se\/de\/aldre-inlagg\/"},"img":{"alt_text":"Forby kvarn, \u00e5sidan","src":"https:\/\/i0.wp.com\/forsbykvarn.se\/wp-content\/uploads\/2012\/05\/Forsby-Kvarntak-2009-389-617x347.jpg?resize=350%2C200&ssl=1","width":350,"height":200,"srcset":"https:\/\/i0.wp.com\/forsbykvarn.se\/wp-content\/uploads\/2012\/05\/Forsby-Kvarntak-2009-389-617x347.jpg?resize=350%2C200&ssl=1 1x, https:\/\/i0.wp.com\/forsbykvarn.se\/wp-content\/uploads\/2012\/05\/Forsby-Kvarntak-2009-389-617x347.jpg?resize=525%2C300&ssl=1 1.5x"},"classes":[]},{"id":1042,"url":"https:\/\/www.fjardhundraland.se\/de\/gardsbutiker\/2012\/rebusrunda-i-fjardhundraland\/","url_meta":{"origin":982,"position":3},"title":"Rebus-Runde in Fj\u00e4rdhundraland","author":"Mats Thorburn","date":"17 Juli 2012","format":false,"excerpt":"An zwei Sonntagen im August, am 5.8. und 12.8. von 10 bis 17 Uhr, sind Sie eingeladen, mit Hilfe einer einfachen und unterhaltsamen Schnitzeljagd einen Vorgeschmack auf Fj\u00e4rdhundraland zu bekommen. Nicht weniger als sechsundzwanzig Unternehmen und Attraktionen, die einen Besuch wert sind, nehmen daran teil! Sie bieten an diesen Tagen ein kleines Extra, mit gro\u00dfz\u00fcgigen \u00d6ffnungszeiten und Sonderangeboten. An jedem Ort, der...","rel":"","context":"In &quot;\u00c4ldre inl\u00e4gg&quot;","block_context":{"text":"\u00c4ldre inl\u00e4gg","link":"https:\/\/www.fjardhundraland.se\/de\/aldre-inlagg\/"},"img":{"alt_text":"","src":"https:\/\/i0.wp.com\/www.fjardhundraland.se\/wp-content\/uploads\/2012\/07\/Rebusrunda1-300x498.jpg?resize=350%2C200&ssl=1","width":350,"height":200},"classes":[]},{"id":1379,"url":"https:\/\/www.fjardhundraland.se\/de\/gardsbutiker\/2013\/rebusrundan-2013\/","url_meta":{"origin":982,"position":4},"title":"Die Tour der Weinberge 2013","author":"Ylva Fontell","date":"27 Juli 2013","format":false,"excerpt":"Machen Sie mit Ihrer Familie oder Ihren Freunden einen Ausflug in Fj\u00e4rdhundraland. An den Sonntagen 4. und 11. August haben Attraktionen und Gesch\u00e4fte im ganzen Bezirk extra ge\u00f6ffnet. Besuchen und kaufen Sie ein, trinken Sie einen Kaffee, erleben Sie etwas - und nehmen Sie gleichzeitig an einem lustigen und einfachen Rebus-Wettbewerb teil! Hier sind die Startkarten und...","rel":"","context":"In &quot;\u00c4ldre inl\u00e4gg&quot;","block_context":{"text":"\u00c4ldre inl\u00e4gg","link":"https:\/\/www.fjardhundraland.se\/de\/aldre-inlagg\/"},"img":{"alt_text":"","src":"","width":0,"height":0},"classes":[]},{"id":1167,"url":"https:\/\/www.fjardhundraland.se\/de\/entreprenorskap-i-fjardhundraland\/2012\/vinnare-rebusrundan\/","url_meta":{"origin":982,"position":5},"title":"Die Gewinner der Rebus-Runde","author":"Mats Thorburn","date":"22 August 2012","format":false,"excerpt":"Vielen Dank an alle Besucher, die mit Fj\u00e4rdhundraland auf der Rebus-Tour unterwegs waren! Herzlichen Gl\u00fcckwunsch auch an diejenigen, die die tollen Preise gewonnen haben. Sie werden in K\u00fcrze kontaktiert. Name Platz Gewinnerin Maud Pettersson Fj\u00e4rdhundra Geschenkgutschein f\u00fcr \u201dTrivselkv\u00e4ll med underh\u00e5llning och gammeldags mat\u201d am 19.8. um 18 Uhr, gestiftet von Altuna...","rel":"","context":"In &quot;\u00c4ldre inl\u00e4gg&quot;","block_context":{"text":"\u00c4ldre inl\u00e4gg","link":"https:\/\/www.fjardhundraland.se\/de\/aldre-inlagg\/"},"img":{"alt_text":"Bes\u00f6kare p\u00e5 Kr\u00e5kvilan. Foto: Mats Thorburn.","src":"https:\/\/i0.wp.com\/www.fjardhundraland.se\/wp-content\/uploads\/2012\/08\/2012-08-12-at-13-29-07-630x420.jpg?resize=350%2C200&ssl=1","width":350,"height":200,"srcset":"https:\/\/i0.wp.com\/www.fjardhundraland.se\/wp-content\/uploads\/2012\/08\/2012-08-12-at-13-29-07-630x420.jpg?resize=350%2C200&ssl=1 1x, https:\/\/i0.wp.com\/www.fjardhundraland.se\/wp-content\/uploads\/2012\/08\/2012-08-12-at-13-29-07-630x420.jpg?resize=525%2C300&ssl=1 1.5x"},"classes":[]}],"jetpack_sharing_enabled":true,"_links":{"self":[{"href":"https:\/\/www.fjardhundraland.se\/de\/wp-json\/wp\/v2\/posts\/982","targetHints":{"allow":["GET"]}}],"collection":[{"href":"https:\/\/www.fjardhundraland.se\/de\/wp-json\/wp\/v2\/posts"}],"about":[{"href":"https:\/\/www.fjardhundraland.se\/de\/wp-json\/wp\/v2\/types\/post"}],"author":[{"embeddable":true,"href":"https:\/\/www.fjardhundraland.se\/de\/wp-json\/wp\/v2\/users\/1"}],"replies":[{"embeddable":true,"href":"https:\/\/www.fjardhundraland.se\/de\/wp-json\/wp\/v2\/comments?post=982"}],"version-history":[{"count":1,"href":"https:\/\/www.fjardhundraland.se\/de\/wp-json\/wp\/v2\/posts\/982\/revisions"}],"predecessor-version":[{"id":19718,"href":"https:\/\/www.fjardhundraland.se\/de\/wp-json\/wp\/v2\/posts\/982\/revisions\/19718"}],"wp:attachment":[{"href":"https:\/\/www.fjardhundraland.se\/de\/wp-json\/wp\/v2\/media?parent=982"}],"wp:term":[{"taxonomy":"category","embeddable":true,"href":"https:\/\/www.fjardhundraland.se\/de\/wp-json\/wp\/v2\/categories?post=982"},{"taxonomy":"post_tag","embeddable":true,"href":"https:\/\/www.fjardhundraland.se\/de\/wp-json\/wp\/v2\/tags?post=982"}],"curies":[{"name":"wp","href":"https:\/\/api.w.org\/{rel}","templated":true}]}}