
{"id":9569,"date":"2021-11-25T11:26:58","date_gmt":"2021-11-25T10:26:58","guid":{"rendered":"https:\/\/www.fjardhundraland.se\/?p=9569"},"modified":"2026-02-05T13:42:56","modified_gmt":"2026-02-05T12:42:56","slug":"weihnachten-in-fjardhundraland-2022","status":"publish","type":"post","link":"https:\/\/www.fjardhundraland.se\/de\/inlagg\/2021\/jul-i-fjardhundraland-2022\/","title":{"rendered":"Weihnachten in Fj\u00e4rdhundraland 2022"},"content":{"rendered":"","protected":false},"excerpt":{"rendered":"","protected":false},"author":1,"featured_media":7424,"comment_status":"closed","ping_status":"closed","sticky":false,"template":"","format":"standard","meta":{"_acf_changed":false,"_relevanssi_hide_post":"","_relevanssi_hide_content":"","_relevanssi_pin_for_all":"","_relevanssi_pin_keywords":"","_relevanssi_unpin_keywords":"","_relevanssi_related_keywords":"","_relevanssi_related_include_ids":"","_relevanssi_related_exclude_ids":"","_relevanssi_related_no_append":"","_relevanssi_related_not_related":"","_relevanssi_related_posts":"","_relevanssi_noindex_reason":"","_genesis_hide_title":false,"_genesis_hide_breadcrumbs":false,"_genesis_hide_singular_image":false,"_genesis_hide_footer_widgets":false,"_genesis_custom_body_class":"","_genesis_custom_post_class":"","_genesis_layout":"","_jetpack_memberships_contains_paid_content":false,"footnotes":""},"categories":[353,1],"tags":[],"class_list":{"0":"post-9569","1":"post","2":"type-post","3":"status-publish","4":"format-standard","5":"has-post-thumbnail","7":"category-aldre-inlagg","8":"category-inlagg","9":"entry"},"acf":[],"visa":null,"geo_latitude":null,"geo_longitude":null,"jetpack_featured_media_url":"https:\/\/www.fjardhundraland.se\/wp-content\/uploads\/2020\/12\/saffransbrod-1963979.jpg","featured_image_src":"https:\/\/www.fjardhundraland.se\/wp-content\/uploads\/2020\/12\/saffransbrod-1963979.jpg","featured_image_src_square":"https:\/\/www.fjardhundraland.se\/wp-content\/uploads\/2020\/12\/saffransbrod-1963979.jpg","author_info":{"display_name":"Mats Thorburn","author_link":"https:\/\/www.fjardhundraland.se\/de\/author\/matst\/"},"jetpack-related-posts":[{"id":9741,"url":"https:\/\/www.fjardhundraland.se\/de\/inlagg\/2022\/fjardhundraland-2022\/","url_meta":{"origin":9569,"position":0},"title":"Fj\u00e4rdhundraland 2022","author":"Mats Thorburn","date":"10 Februar 2022","format":false,"excerpt":"Willkommen im Jahr 2022! Wir freuen uns auf ein tolles Jahr, hoffentlich mit weniger Auswirkungen der Pandemie, aber immer noch tolle Erlebnisse auf dem Land in der N\u00e4he der gro\u00dfen Stadt. Hier sind einige der Dinge, die w\u00e4hrend des Jahres passieren: Aktuelle Tipps werden kontinuierlich auf der Seite Fj\u00e4rdhundraland now.The Fotoausstellung L\u00f6vskugga mit John Alinders international gefeierten Portr\u00e4ts...","rel":"","context":"In &quot;\u00c4ldre inl\u00e4gg&quot;","block_context":{"text":"\u00c4ldre inl\u00e4gg","link":"https:\/\/www.fjardhundraland.se\/de\/aldre-inlagg\/"},"img":{"alt_text":"","src":"https:\/\/i0.wp.com\/www.fjardhundraland.se\/wp-content\/uploads\/2022\/02\/vag-raps-fjardhundraland.jpeg?resize=350%2C200&ssl=1","width":350,"height":200,"srcset":"https:\/\/i0.wp.com\/www.fjardhundraland.se\/wp-content\/uploads\/2022\/02\/vag-raps-fjardhundraland.jpeg?resize=350%2C200&ssl=1 1x, https:\/\/i0.wp.com\/www.fjardhundraland.se\/wp-content\/uploads\/2022\/02\/vag-raps-fjardhundraland.jpeg?resize=525%2C300&ssl=1 1.5x, https:\/\/i0.wp.com\/www.fjardhundraland.se\/wp-content\/uploads\/2022\/02\/vag-raps-fjardhundraland.jpeg?resize=700%2C400&ssl=1 2x, https:\/\/i0.wp.com\/www.fjardhundraland.se\/wp-content\/uploads\/2022\/02\/vag-raps-fjardhundraland.jpeg?resize=1050%2C600&ssl=1 3x, https:\/\/i0.wp.com\/www.fjardhundraland.se\/wp-content\/uploads\/2022\/02\/vag-raps-fjardhundraland.jpeg?resize=1400%2C800&ssl=1 4x"},"classes":[]},{"id":7448,"url":"https:\/\/www.fjardhundraland.se\/de\/inlagg\/2020\/jul-i-fjardhundraland-2020\/","url_meta":{"origin":9569,"position":1},"title":"Weihnachten in Fj\u00e4rdhundraland 2020","author":"Mats Thorburn","date":"1 Dezember 2020","format":false,"excerpt":"2020 ist ein Jahr ohne Weihnachtsm\u00e4rkte, aber mit extra Weihnachten. Machen Sie eine Reise mit Fj\u00e4rdhundraland! In den letzten beiden Jahren hat Fj\u00e4rdhundraland das Jahr mit einem Paukenschlag beendet! Es gab Weihnachtsm\u00e4rkte auf Schloss Salnecke und Schloss Wik, Tausende von Besuchern und jede Menge lokales Essen und Kunsthandwerk - festlich und \u00fcberf\u00fcllt,...","rel":"","context":"In &quot;\u00c4ldre inl\u00e4gg&quot;","block_context":{"text":"\u00c4ldre inl\u00e4gg","link":"https:\/\/www.fjardhundraland.se\/de\/aldre-inlagg\/"},"img":{"alt_text":"Saffransbr\u00f6d jul Fj\u00e4rdhundraland","src":"https:\/\/i0.wp.com\/www.fjardhundraland.se\/wp-content\/uploads\/2020\/12\/saffransbrod-1963979.jpg?resize=350%2C200&ssl=1","width":350,"height":200,"srcset":"https:\/\/i0.wp.com\/www.fjardhundraland.se\/wp-content\/uploads\/2020\/12\/saffransbrod-1963979.jpg?resize=350%2C200&ssl=1 1x, https:\/\/i0.wp.com\/www.fjardhundraland.se\/wp-content\/uploads\/2020\/12\/saffransbrod-1963979.jpg?resize=525%2C300&ssl=1 1.5x, https:\/\/i0.wp.com\/www.fjardhundraland.se\/wp-content\/uploads\/2020\/12\/saffransbrod-1963979.jpg?resize=700%2C400&ssl=1 2x, https:\/\/i0.wp.com\/www.fjardhundraland.se\/wp-content\/uploads\/2020\/12\/saffransbrod-1963979.jpg?resize=1050%2C600&ssl=1 3x, https:\/\/i0.wp.com\/www.fjardhundraland.se\/wp-content\/uploads\/2020\/12\/saffransbrod-1963979.jpg?resize=1400%2C800&ssl=1 4x"},"classes":[]},{"id":10606,"url":"https:\/\/www.fjardhundraland.se\/de\/inlagg\/2022\/portrattkonst-med-narvaro-nu-visas-john-alinders-fotografier-i-fjardhundraland\/","url_meta":{"origin":9569,"position":2},"title":"Portr\u00e4tieren mit Pr\u00e4senz - siehe John Alinders Fotografien","author":"Mats Thorburn","date":"9 Juni 2022","format":false,"excerpt":"Diesen Sommer werden die Portr\u00e4ts des Fotografen John Alinder in einer gro\u00dfen Ausstellung in Zusammenarbeit zwischen Fj\u00e4rdhundraland und dem Upplandsmuseet pr\u00e4sentiert. Herzlich willkommen zur Er\u00f6ffnung am Sonntag, den 19. Juni um 11 Uhr! Am Er\u00f6ffnungstag 19.6. werden wir die Ausstellung er\u00f6ffnen, aber auch einen Kulturtag mit Musik, Kindertheater und einem Kunsthandwerkermarkt veranstalten. Lesen Sie hier mehr! Lesen Sie mehr auf Mynewsdesk.","rel":"","context":"In &quot;\u00c4ldre inl\u00e4gg&quot;","block_context":{"text":"\u00c4ldre inl\u00e4gg","link":"https:\/\/www.fjardhundraland.se\/de\/aldre-inlagg\/"},"img":{"alt_text":"","src":"https:\/\/i0.wp.com\/www.fjardhundraland.se\/wp-content\/uploads\/2022\/05\/alinder-trad.jpg?resize=350%2C200&ssl=1","width":350,"height":200,"srcset":"https:\/\/i0.wp.com\/www.fjardhundraland.se\/wp-content\/uploads\/2022\/05\/alinder-trad.jpg?resize=350%2C200&ssl=1 1x, https:\/\/i0.wp.com\/www.fjardhundraland.se\/wp-content\/uploads\/2022\/05\/alinder-trad.jpg?resize=525%2C300&ssl=1 1.5x, https:\/\/i0.wp.com\/www.fjardhundraland.se\/wp-content\/uploads\/2022\/05\/alinder-trad.jpg?resize=700%2C400&ssl=1 2x, https:\/\/i0.wp.com\/www.fjardhundraland.se\/wp-content\/uploads\/2022\/05\/alinder-trad.jpg?resize=1050%2C600&ssl=1 3x, https:\/\/i0.wp.com\/www.fjardhundraland.se\/wp-content\/uploads\/2022\/05\/alinder-trad.jpg?resize=1400%2C800&ssl=1 4x"},"classes":[]},{"id":10641,"url":"https:\/\/www.fjardhundraland.se\/de\/inlagg\/2022\/nya-samarbeten-kring-narproducerad-mat-i-uppland-2\/","url_meta":{"origin":9569,"position":3},"title":"Neue Kooperationen f\u00fcr lokal erzeugte Lebensmittel in Uppland","author":"Mats Thorburn","date":"13 Juni 2022","format":false,"excerpt":"Fj\u00e4rdhundraland leitete das Projekt Neue Kooperationen f\u00fcr lokal erzeugte Lebensmittel in Uppland. Die Partner - neben Fj\u00e4rdhundraland - sind Smaka p\u00e5 V\u00e4stmanland, Bondens mat i Uppland und die REKO-Ringe in Uppsala und Enk\u00f6ping. Die Projektidee zielte darauf ab, eine Zusammenarbeit zwischen mehreren verschiedenen Netzwerken von Lebensmittelproduzenten aufzubauen. Im Rahmen des Projekts organisierten wir ein Netzwerktreffen f\u00fcr Lebensmittelhandwerker am...","rel":"","context":"In &quot;\u00c4ldre inl\u00e4gg&quot;","block_context":{"text":"\u00c4ldre inl\u00e4gg","link":"https:\/\/www.fjardhundraland.se\/de\/aldre-inlagg\/"},"img":{"alt_text":"","src":"https:\/\/i0.wp.com\/www.fjardhundraland.se\/wp-content\/uploads\/2022\/06\/img-6445.jpg?resize=350%2C200&ssl=1","width":350,"height":200,"srcset":"https:\/\/i0.wp.com\/www.fjardhundraland.se\/wp-content\/uploads\/2022\/06\/img-6445.jpg?resize=350%2C200&ssl=1 1x, https:\/\/i0.wp.com\/www.fjardhundraland.se\/wp-content\/uploads\/2022\/06\/img-6445.jpg?resize=525%2C300&ssl=1 1.5x, https:\/\/i0.wp.com\/www.fjardhundraland.se\/wp-content\/uploads\/2022\/06\/img-6445.jpg?resize=700%2C400&ssl=1 2x, https:\/\/i0.wp.com\/www.fjardhundraland.se\/wp-content\/uploads\/2022\/06\/img-6445.jpg?resize=1050%2C600&ssl=1 3x, https:\/\/i0.wp.com\/www.fjardhundraland.se\/wp-content\/uploads\/2022\/06\/img-6445.jpg?resize=1400%2C800&ssl=1 4x"},"classes":[]},{"id":10768,"url":"https:\/\/www.fjardhundraland.se\/de\/inlagg\/2022\/midsommarafton-fjardhundraland-2022\/","url_meta":{"origin":9569,"position":4},"title":"Mittsommer in Fj\u00e4rdhundraland 2023","author":"Mats Thorburn","date":"21 Juni 2022","format":false,"excerpt":"Hier finden Sie einige gro\u00dfartige traditionelle Mittsommerfeiern der Fj\u00e4rdhundraland-Mitglieder. Es sind garantiert l\u00e4ndliche Mittsommerfeiern mit Pfahl, Gesang, Gras und Blumen - so wie es sein sollte! Husby-Sjutolftsg\u00e5rden um 13.00 Uhr Aufrichten und Tanzen um den Mittsommerpfahl, Spelem\u00e4n. Eine Fahrt mit dem Laubwinder, Fischteich und Gewinnspiele. Verkauf von selbstgemachter Fika. Sie k\u00f6nnen gerne etwas mitbringen ...","rel":"","context":"In &quot;\u00c4ldre inl\u00e4gg&quot;","block_context":{"text":"\u00c4ldre inl\u00e4gg","link":"https:\/\/www.fjardhundraland.se\/de\/aldre-inlagg\/"},"img":{"alt_text":"Folkdanslag p\u00e5 H\u00e4rledg\u00e5rden p\u00e5 midsommar","src":"https:\/\/i0.wp.com\/www.fjardhundraland.se\/wp-content\/uploads\/2012\/05\/H%C3%A4rledg%C3%A5rden.jpg?resize=350%2C200&ssl=1","width":350,"height":200,"srcset":"https:\/\/i0.wp.com\/www.fjardhundraland.se\/wp-content\/uploads\/2012\/05\/H%C3%A4rledg%C3%A5rden.jpg?resize=350%2C200&ssl=1 1x, https:\/\/i0.wp.com\/www.fjardhundraland.se\/wp-content\/uploads\/2012\/05\/H%C3%A4rledg%C3%A5rden.jpg?resize=525%2C300&ssl=1 1.5x, https:\/\/i0.wp.com\/www.fjardhundraland.se\/wp-content\/uploads\/2012\/05\/H%C3%A4rledg%C3%A5rden.jpg?resize=700%2C400&ssl=1 2x, https:\/\/i0.wp.com\/www.fjardhundraland.se\/wp-content\/uploads\/2012\/05\/H%C3%A4rledg%C3%A5rden.jpg?resize=1050%2C600&ssl=1 3x, https:\/\/i0.wp.com\/www.fjardhundraland.se\/wp-content\/uploads\/2012\/05\/H%C3%A4rledg%C3%A5rden.jpg?resize=1400%2C800&ssl=1 4x"},"classes":[]},{"id":1482,"url":"https:\/\/www.fjardhundraland.se\/de\/gardsbutiker\/2013\/oppet-hus-med-ljus\/","url_meta":{"origin":9569,"position":5},"title":"Offenes Haus mit Licht!","author":"Ylva Fontell","date":"29 Oktober 2013","format":false,"excerpt":"Am 1. und 2. November findet bei Dunderbo Ljus &amp; Hantverk ein Tag der offenen T\u00fcr statt, an dem sch\u00f6ne Weihnachtsgruppen und Kerzen in den Farben der Weihnachtszeit verkauft werden. Au\u00dferdem finden Sie am Stand gestrickte F\u00e4ustlinge, Stulpen und warme Raggsocken, sch\u00f6ne Weihnachtsl\u00e4ufer f\u00fcr den Tisch, Schmuck und vieles mehr. Nutzen Sie die Gelegenheit, um Geschenke f\u00fcr Weihnachten zu bestellen,...","rel":"","context":"In &quot;\u00c4ldre inl\u00e4gg&quot;","block_context":{"text":"\u00c4ldre inl\u00e4gg","link":"https:\/\/www.fjardhundraland.se\/de\/aldre-inlagg\/"},"img":{"alt_text":"","src":"","width":0,"height":0},"classes":[]}],"jetpack_sharing_enabled":true,"_links":{"self":[{"href":"https:\/\/www.fjardhundraland.se\/de\/wp-json\/wp\/v2\/posts\/9569","targetHints":{"allow":["GET"]}}],"collection":[{"href":"https:\/\/www.fjardhundraland.se\/de\/wp-json\/wp\/v2\/posts"}],"about":[{"href":"https:\/\/www.fjardhundraland.se\/de\/wp-json\/wp\/v2\/types\/post"}],"author":[{"embeddable":true,"href":"https:\/\/www.fjardhundraland.se\/de\/wp-json\/wp\/v2\/users\/1"}],"replies":[{"embeddable":true,"href":"https:\/\/www.fjardhundraland.se\/de\/wp-json\/wp\/v2\/comments?post=9569"}],"version-history":[{"count":1,"href":"https:\/\/www.fjardhundraland.se\/de\/wp-json\/wp\/v2\/posts\/9569\/revisions"}],"predecessor-version":[{"id":19781,"href":"https:\/\/www.fjardhundraland.se\/de\/wp-json\/wp\/v2\/posts\/9569\/revisions\/19781"}],"wp:featuredmedia":[{"embeddable":true,"href":"https:\/\/www.fjardhundraland.se\/de\/wp-json\/wp\/v2\/media\/7424"}],"wp:attachment":[{"href":"https:\/\/www.fjardhundraland.se\/de\/wp-json\/wp\/v2\/media?parent=9569"}],"wp:term":[{"taxonomy":"category","embeddable":true,"href":"https:\/\/www.fjardhundraland.se\/de\/wp-json\/wp\/v2\/categories?post=9569"},{"taxonomy":"post_tag","embeddable":true,"href":"https:\/\/www.fjardhundraland.se\/de\/wp-json\/wp\/v2\/tags?post=9569"}],"curies":[{"name":"wp","href":"https:\/\/api.w.org\/{rel}","templated":true}]}}