
{"id":942,"date":"2012-05-19T10:01:09","date_gmt":"2012-05-19T08:01:09","guid":{"rendered":"http:\/\/www.fjardhundraland.se\/?p=942"},"modified":"2026-02-05T13:41:12","modified_gmt":"2026-02-05T12:41:12","slug":"auf-dem-kriegspfad-in-fjardhundraland","status":"publish","type":"post","link":"https:\/\/www.fjardhundraland.se\/de\/inlagg\/2012\/pa-krigsstigen-i-fjardhundraland\/","title":{"rendered":"Auf dem Kriegspfad in Fj\u00e4rdhundraland"},"content":{"rendered":"<p><a href=\"https:\/\/www.fjardhundraland.se\/wp-content\/uploads\/2012\/05\/krigsstigen.jpg\"><img decoding=\"async\" class=\"alignleft size-large wp-image-945\" title=\"Kriegspfad, das Dorf der Soldaten. Foto: Mats Thorburn.\" src=\"https:\/\/www.fjardhundraland.se\/wp-content\/uploads\/2012\/05\/krigsstigen-1024x682.jpg\" alt=\"Dorf der Kriegspfad-Soldaten\" width=\"640\" height=\"426\" \/><\/a><\/p>\n<p>Samstag und Sonntag um 11 Uhr und 13 Uhr f\u00fchrt G\u00f6ran Mellstr\u00f6m durch das Soldatendorf in <a title=\"Dunderbo Karte\" href=\"https:\/\/maps.google.se\/maps?q=59.74764,16.918774&amp;num=1&amp;t=h&amp;z=15\" target=\"_blank\" rel=\"noopener\">Dunderbo<\/a>. (<a title=\"Wegbeschreibung zum Zentrum\" href=\"https:\/\/www.ateljedunderbo.com\/v%C3%A4gbeskrivning-728566\" target=\"_blank\" rel=\"noopener\">Wegbeschreibung zum Zentrum<\/a>.) Bei 10-16 ist es auch <a title=\"Fr\u00fchlingsmarkt in Dunderbo\" href=\"https:\/\/www.fjardhundraland.se\/de\/2012\/05\/heiser-markt-in-dunderbo\/\">Fr\u00fchlingsmarkt in Dunderbo<\/a> - und gehen Sie dann zu einer der vielen Sehensw\u00fcrdigkeiten in Fj\u00e4rdhundraland weiter. Sehen Sie sich die Wei\u00dfkehlchen in H\u00e5rsb\u00e4cksdalen an, am Samstag vielleicht in Kombination mit einem Besuch in <a title=\"Zeitschrift Lagerl\u00f6fska\" href=\"https:\/\/lagerlofska.se\/\" target=\"_blank\" rel=\"noopener\">Zeitschrift Lagerl\u00f6fska<\/a>. Sie k\u00f6nnen zum Beispiel einen Kaffee trinken bei <a title=\"Caf\u00e9 Forsby-M\u00fchle\" href=\"https:\/\/www.forsbykvarnkafe.se\" target=\"_blank\" rel=\"noopener\">Caf\u00e9 Forsby-M\u00fchle<\/a>.<\/p>","protected":false},"excerpt":{"rendered":"<p>L\u00f6rdag och s\u00f6ndag kl 11 och 13 guidar G\u00f6ran Mellstr\u00f6m bland soldattorpen i Dunderbo. (V\u00e4gbeskrivning.) Kl\u00a010\u201316 \u00e4r det ocks\u00e5 v\u00e5rmarknad i Dunderbo \u2013 \u00e5k sedan vidare till n\u00e5got av allt som finns att se i Fj\u00e4rdhundraland. Titta till vitsipporna i H\u00e5rsb\u00e4cksdalen, p\u00e5 l\u00f6rdagen kanske kombinerat med ett bes\u00f6k hos Lagerl\u00f6fska magasinet. Fika kan du till [&hellip;]<\/p>\n","protected":false},"author":1,"featured_media":0,"comment_status":"open","ping_status":"open","sticky":false,"template":"","format":"standard","meta":{"_acf_changed":false,"_relevanssi_hide_post":"","_relevanssi_hide_content":"","_relevanssi_pin_for_all":"","_relevanssi_pin_keywords":"","_relevanssi_unpin_keywords":"","_relevanssi_related_keywords":"","_relevanssi_related_include_ids":"","_relevanssi_related_exclude_ids":"","_relevanssi_related_no_append":"","_relevanssi_related_not_related":"","_relevanssi_related_posts":"","_relevanssi_noindex_reason":"Rank Math Uteslut fr\u00e5n Relevanssi index","_genesis_hide_title":false,"_genesis_hide_breadcrumbs":false,"_genesis_hide_singular_image":false,"_genesis_hide_footer_widgets":false,"_genesis_custom_body_class":"","_genesis_custom_post_class":"","_genesis_layout":"","_jetpack_memberships_contains_paid_content":false,"footnotes":""},"categories":[353,1],"tags":[352],"class_list":{"0":"post-942","1":"post","2":"type-post","3":"status-publish","4":"format-standard","6":"category-aldre-inlagg","7":"category-inlagg","8":"tag-aldre-inlagg","9":"entry"},"acf":[],"visa":null,"geo_latitude":null,"geo_longitude":null,"jetpack_featured_media_url":"","featured_image_src":null,"featured_image_src_square":null,"author_info":{"display_name":"Mats Thorburn","author_link":"https:\/\/www.fjardhundraland.se\/de\/author\/matst\/"},"jetpack-related-posts":[{"id":683,"url":"https:\/\/www.fjardhundraland.se\/de\/hantverk\/2011\/skordemarknad-och-soldattorp\/","url_meta":{"origin":942,"position":0},"title":"Erntemarkt und Soldatendorf","author":"Mats Thorburn","date":"1 September 2011","format":false,"excerpt":"In Dunderbo, Fj\u00e4rdhundra, k\u00f6nnen Sie am Samstag und Sonntag den Erntedankmarkt besuchen, der mit einem Caf\u00e9 und einem Rundgang auf dem \"Kriegspfad\" durch das Soldatendorf Dunderbo verbunden ist.","rel":"","context":"In &quot;\u00c4ldre inl\u00e4gg&quot;","block_context":{"text":"\u00c4ldre inl\u00e4gg","link":"https:\/\/www.fjardhundraland.se\/de\/aldre-inlagg\/"},"img":{"alt_text":"Sk\u00f6rdemarknad i Dunderbo","src":"https:\/\/i0.wp.com\/www.fjardhundraland.se\/wp-content\/uploads\/2011\/09\/IMG_1215-630x472.jpg?resize=350%2C200&ssl=1","width":350,"height":200,"srcset":"https:\/\/i0.wp.com\/www.fjardhundraland.se\/wp-content\/uploads\/2011\/09\/IMG_1215-630x472.jpg?resize=350%2C200&ssl=1 1x, https:\/\/i0.wp.com\/www.fjardhundraland.se\/wp-content\/uploads\/2011\/09\/IMG_1215-630x472.jpg?resize=525%2C300&ssl=1 1.5x"},"classes":[]},{"id":298,"url":"https:\/\/www.fjardhundraland.se\/de\/externt\/2011\/det-har-hander-i-helgen\/","url_meta":{"origin":942,"position":1},"title":"Das passiert an diesem Wochenende","author":"Mats Thorburn","date":"27 Mai 2011","format":false,"excerpt":"Hier einige Tipps zu Aktivit\u00e4ten rund um Fj\u00e4rdhundraland am kommenden Wochenende: Samstag-Sonntag, 28.\/29. Mai 10-16 Uhr: Fr\u00fchlingsmarkt in Dunderbo. Ausstellung traditioneller Lebensmittel, Kaffeeservice mit hausgemachten Backwaren. Sommerblumen, Marmeladen, Strickwaren, Kerzen usw. F\u00fchrungen auf dem Krigsstigen um 11 Uhr und 14 Uhr. 073-65 77 906 Arr: Dunderbo Ljus &amp; hantverk. Samstag-Sonntag 28-29 Mai...","rel":"","context":"In &quot;\u00c4ldre inl\u00e4gg&quot;","block_context":{"text":"\u00c4ldre inl\u00e4gg","link":"https:\/\/www.fjardhundraland.se\/de\/aldre-inlagg\/"},"img":{"alt_text":"","src":"","width":0,"height":0},"classes":[]},{"id":1440,"url":"https:\/\/www.fjardhundraland.se\/de\/externt\/2013\/hostmarknad-i-dunderbo-2\/","url_meta":{"origin":942,"position":2},"title":"Herbstmarkt in Dunderbo","author":"Ylva Fontell","date":"9 September 2013","format":false,"excerpt":"Am 14. und 15. September findet in Dunderbo ein Herbstmarkt f\u00fcr Kerzen und Kunsthandwerk statt, mit Honig, Marmelade, \u00c4pfeln, Pilzen und viel Kunsthandwerk. Es gibt Kaffee und selbstgebackenen Kuchen, und an beiden Tagen k\u00f6nnen Sie um 13.00 Uhr an einer gef\u00fchrten Wanderung auf dem Kriegspfad teilnehmen. Der Markt ist von 10.00 bis 16.00 Uhr ge\u00f6ffnet. Das vollst\u00e4ndige Programm finden Sie unter www.dunderbohantverk.se","rel":"","context":"In &quot;\u00c4ldre inl\u00e4gg&quot;","block_context":{"text":"\u00c4ldre inl\u00e4gg","link":"https:\/\/www.fjardhundraland.se\/de\/aldre-inlagg\/"},"img":{"alt_text":"","src":"","width":0,"height":0},"classes":[]},{"id":590,"url":"https:\/\/www.fjardhundraland.se\/de\/hantverk\/2011\/ljus-hantverk-lordagskafe-i-dunderbo\/","url_meta":{"origin":942,"position":3},"title":"Kerzen, Kunsthandwerk und Samstagscaf\u00e9 in Dunderbo","author":"Mats Thorburn","date":"13 August 2011","format":false,"excerpt":"Bei Dunderbo Candles &amp; Crafts k\u00f6nnen Sie handgefertigte Kerzen und lokales Kunsthandwerk kaufen - und samstags gibt es ein Caf\u00e9.","rel":"","context":"In &quot;\u00c4ldre inl\u00e4gg&quot;","block_context":{"text":"\u00c4ldre inl\u00e4gg","link":"https:\/\/www.fjardhundraland.se\/de\/aldre-inlagg\/"},"img":{"alt_text":"Dunderbo ljus och hantverk","src":"https:\/\/dunderbohantverk.files.wordpress.com\/2010\/10\/boden1.jpg?w=350&h=200&crop=1","width":350,"height":200},"classes":[]},{"id":1444,"url":"https:\/\/www.fjardhundraland.se\/de\/externt\/2013\/fjardhundralands-hostglod\/","url_meta":{"origin":942,"position":4},"title":"Fj\u00e4rdhundralands Herbstgl\u00fchen","author":"Ylva Fontell","date":"30 September 2013","format":false,"excerpt":"Am Sonntag, dem 13. Oktober, sind Sie zu einem farbenfrohen Herbstumzug in der Lundellska Galerie in Simtuna eingeladen. Sie k\u00f6nnen regionale Produkte einkaufen, sich im Gew\u00e4chshaus beraten und massieren lassen, eine Pilzausstellung mit der Pilzberaterin Eva Allestedt besuchen oder sich Tipps zu den besten Apfelsorten holen. Es gibt Musik und die Gartenexpertin Lena M\u00e5nsson wird \u00fcber Blumenzwiebeln sprechen. Nehmen Sie ...","rel":"","context":"In &quot;\u00c4ldre inl\u00e4gg&quot;","block_context":{"text":"\u00c4ldre inl\u00e4gg","link":"https:\/\/www.fjardhundraland.se\/de\/aldre-inlagg\/"},"img":{"alt_text":"","src":"","width":0,"height":0},"classes":[]},{"id":1257,"url":"https:\/\/www.fjardhundraland.se\/de\/gardsbutiker\/2013\/varen-planerad-i-dunderbo\/","url_meta":{"origin":942,"position":5},"title":"Fr\u00fchling in Dunderbo geplant","author":"Mats Thorburn","date":"17 M\u00e4rz 2013","format":false,"excerpt":"Der Fr\u00fchjahrskalender von Dunderbo Ljus &amp; Hantverk ist jetzt aktualisiert. Schauen Sie rein und planen Sie einen Besuch!","rel":"","context":"In &quot;\u00c4ldre inl\u00e4gg&quot;","block_context":{"text":"\u00c4ldre inl\u00e4gg","link":"https:\/\/www.fjardhundraland.se\/de\/aldre-inlagg\/"},"img":{"alt_text":"","src":"","width":0,"height":0},"classes":[]}],"jetpack_sharing_enabled":true,"_links":{"self":[{"href":"https:\/\/www.fjardhundraland.se\/de\/wp-json\/wp\/v2\/posts\/942","targetHints":{"allow":["GET"]}}],"collection":[{"href":"https:\/\/www.fjardhundraland.se\/de\/wp-json\/wp\/v2\/posts"}],"about":[{"href":"https:\/\/www.fjardhundraland.se\/de\/wp-json\/wp\/v2\/types\/post"}],"author":[{"embeddable":true,"href":"https:\/\/www.fjardhundraland.se\/de\/wp-json\/wp\/v2\/users\/1"}],"replies":[{"embeddable":true,"href":"https:\/\/www.fjardhundraland.se\/de\/wp-json\/wp\/v2\/comments?post=942"}],"version-history":[{"count":1,"href":"https:\/\/www.fjardhundraland.se\/de\/wp-json\/wp\/v2\/posts\/942\/revisions"}],"predecessor-version":[{"id":19720,"href":"https:\/\/www.fjardhundraland.se\/de\/wp-json\/wp\/v2\/posts\/942\/revisions\/19720"}],"wp:attachment":[{"href":"https:\/\/www.fjardhundraland.se\/de\/wp-json\/wp\/v2\/media?parent=942"}],"wp:term":[{"taxonomy":"category","embeddable":true,"href":"https:\/\/www.fjardhundraland.se\/de\/wp-json\/wp\/v2\/categories?post=942"},{"taxonomy":"post_tag","embeddable":true,"href":"https:\/\/www.fjardhundraland.se\/de\/wp-json\/wp\/v2\/tags?post=942"}],"curies":[{"name":"wp","href":"https:\/\/api.w.org\/{rel}","templated":true}]}}