
{"id":933,"date":"2012-05-12T10:35:46","date_gmt":"2012-05-12T08:35:46","guid":{"rendered":"http:\/\/www.fjardhundraland.se\/?p=933"},"modified":"2026-02-05T13:41:12","modified_gmt":"2026-02-05T12:41:12","slug":"heiser-markt-in-dunderbo","status":"publish","type":"post","link":"https:\/\/www.fjardhundraland.se\/de\/hantverk\/2012\/varmarknad-i-dunderbo\/","title":{"rendered":"Fr\u00fchlingsmarkt in Dunderbo"},"content":{"rendered":"<p>Am Wochenende vom 19. und 20. Mai <a title=\"Dunderbo Licht &amp; Kunsthandwerk\" href=\"https:\/\/www.dunderbohantverk.com\/\" target=\"_blank\" rel=\"noopener\">Dunderbo Licht &amp; Kunsthandwerk<\/a> Fr\u00fchjahrsmarkt.<br \/>\nEs wird lokal hergestelltes Kunsthandwerk wie Messer, Schmuck und Flickenteppiche geben. Au\u00dferdem werden Lebensmittel aus der Region angeboten, darunter Marmeladen, Chutneys, Brot, Honig und vieles mehr.<\/p>\n<p>Im Zusammenhang mit dem Markt werden auch F\u00fchrungen auf dem Kriegspfad angeboten.<br \/>\nMehr lesen <a href=\"https:\/\/www.dunderbohantverk.com\/\" target=\"_blank\" rel=\"noopener\">hier<\/a> \u00d6ffnungszeiten und Wegbeschreibung zu Dunderbo<\/p>","protected":false},"excerpt":{"rendered":"<p>Under helgen 19-20 maj h\u00e5ller Dunderbo Ljus &amp; Hantverk v\u00e5rmarknad. D\u00e4r kommer det att finnas lokalproducerat hantverk i form av till exempel knivar, smycken och trasmattor. Det s\u00e4ljs ocks\u00e5 mat fr\u00e5n bygden; marmelader, chutney, br\u00f6d, honung och mycket mer. I anslutning till marknaden finns ocks\u00e5 guidade turer p\u00e5 Krigsstigen. L\u00e4s mer h\u00e4r om \u00f6ppettider och [&hellip;]<\/p>\n","protected":false},"author":4,"featured_media":0,"comment_status":"open","ping_status":"open","sticky":false,"template":"","format":"standard","meta":{"_acf_changed":false,"_relevanssi_hide_post":"","_relevanssi_hide_content":"","_relevanssi_pin_for_all":"","_relevanssi_pin_keywords":"","_relevanssi_unpin_keywords":"","_relevanssi_related_keywords":"","_relevanssi_related_include_ids":"","_relevanssi_related_exclude_ids":"","_relevanssi_related_no_append":"","_relevanssi_related_not_related":"","_relevanssi_related_posts":"","_relevanssi_noindex_reason":"Rank Math Uteslut fr\u00e5n Relevanssi index","_genesis_hide_title":false,"_genesis_hide_breadcrumbs":false,"_genesis_hide_singular_image":false,"_genesis_hide_footer_widgets":false,"_genesis_custom_body_class":"","_genesis_custom_post_class":"","_genesis_layout":"","_jetpack_memberships_contains_paid_content":false,"footnotes":""},"categories":[353,15,78,22,25,87],"tags":[352],"class_list":{"0":"post-933","1":"post","2":"type-post","3":"status-publish","4":"format-standard","6":"category-aldre-inlagg","7":"category-hantverk","8":"category-marknad-2","9":"category-mat","10":"category-upplevelser","11":"category-utflykt","12":"tag-aldre-inlagg","13":"entry"},"acf":[],"visa":null,"geo_latitude":null,"geo_longitude":null,"jetpack_featured_media_url":"","featured_image_src":null,"featured_image_src_square":null,"author_info":{"display_name":"Ylva Fontell","author_link":"https:\/\/www.fjardhundraland.se\/de\/author\/ylva\/"},"jetpack-related-posts":[{"id":2320,"url":"https:\/\/www.fjardhundraland.se\/de\/hantverk\/2014\/varmarknad-historia\/","url_meta":{"origin":933,"position":0},"title":"Fr\u00fchlingsmarkt mit Geschichte","author":"Mats Thorburn","date":"22 Mai 2014","format":false,"excerpt":"I helgen bjuder Dunderbo ljus & hantverk in till V\u00e5rmarknad. F\u00f6rutom f\u00f6rs\u00e4ljning av hantverk, och br\u00f6d och annat \u00e4tbart finns ett kaf\u00e9 d\u00e4r allt \u00e4r gott och hembakt. Dessutom kan du g\u00e5 den sp\u00e4nnande historiska vandringen Krigsstigen. Se programmet h\u00e4r.\u00a0[pdf].","rel":"","context":"In &quot;\u00c4ldre inl\u00e4gg&quot;","block_context":{"text":"\u00c4ldre inl\u00e4gg","link":"https:\/\/www.fjardhundraland.se\/de\/aldre-inlagg\/"},"img":{"alt_text":"","src":"https:\/\/i0.wp.com\/www.fjardhundraland.se\/wp-content\/uploads\/2014\/05\/DunderboHantverk-Banner-vitsippor.jpg?resize=350%2C200&ssl=1","width":350,"height":200,"srcset":"https:\/\/i0.wp.com\/www.fjardhundraland.se\/wp-content\/uploads\/2014\/05\/DunderboHantverk-Banner-vitsippor.jpg?resize=350%2C200&ssl=1 1x, https:\/\/i0.wp.com\/www.fjardhundraland.se\/wp-content\/uploads\/2014\/05\/DunderboHantverk-Banner-vitsippor.jpg?resize=525%2C300&ssl=1 1.5x, https:\/\/i0.wp.com\/www.fjardhundraland.se\/wp-content\/uploads\/2014\/05\/DunderboHantverk-Banner-vitsippor.jpg?resize=700%2C400&ssl=1 2x"},"classes":[]},{"id":1297,"url":"https:\/\/www.fjardhundraland.se\/de\/gardsbutiker\/2013\/varmarknad-i-dunderbo-2\/","url_meta":{"origin":933,"position":1},"title":"Fr\u00fchlingsmarkt in Dunderbo","author":"Ylva Fontell","date":"28 Mai 2013","format":false,"excerpt":"Dieses Wochenende, am 1. und 2. Juni, ist es Zeit f\u00fcr den Fr\u00fchlingsmarkt in Dunderbo ljus &amp; hantverk. Der Markt ist zu einer gesch\u00e4tzten Tradition geworden und bietet eine reiche Auswahl an Kunsthandwerk, Sommerblumen und essbaren K\u00f6stlichkeiten. Um 11 Uhr und 13 Uhr gibt es F\u00fchrungen auf dem Krigsstigen. Nat\u00fcrlich gibt es auch Kaffee mit selbstgebackenem Kuchen! Mehr...","rel":"","context":"In &quot;\u00c4ldre inl\u00e4gg&quot;","block_context":{"text":"\u00c4ldre inl\u00e4gg","link":"https:\/\/www.fjardhundraland.se\/de\/aldre-inlagg\/"},"img":{"alt_text":"Mattor-Annika-Jodensvi","src":"https:\/\/i0.wp.com\/www.fjardhundraland.se\/wp-content\/uploads\/2013\/05\/Mattor-Annika-Jodensvi-300x200.jpg?resize=350%2C200&ssl=1","width":350,"height":200},"classes":[]},{"id":590,"url":"https:\/\/www.fjardhundraland.se\/de\/hantverk\/2011\/ljus-hantverk-lordagskafe-i-dunderbo\/","url_meta":{"origin":933,"position":2},"title":"Kerzen, Kunsthandwerk und Samstagscaf\u00e9 in Dunderbo","author":"Mats Thorburn","date":"13 August 2011","format":false,"excerpt":"Bei Dunderbo Candles &amp; Crafts k\u00f6nnen Sie handgefertigte Kerzen und lokales Kunsthandwerk kaufen - und samstags gibt es ein Caf\u00e9.","rel":"","context":"In &quot;\u00c4ldre inl\u00e4gg&quot;","block_context":{"text":"\u00c4ldre inl\u00e4gg","link":"https:\/\/www.fjardhundraland.se\/de\/aldre-inlagg\/"},"img":{"alt_text":"Dunderbo ljus och hantverk","src":"https:\/\/dunderbohantverk.files.wordpress.com\/2010\/10\/boden1.jpg?w=350&h=200&crop=1","width":350,"height":200},"classes":[]},{"id":683,"url":"https:\/\/www.fjardhundraland.se\/de\/hantverk\/2011\/skordemarknad-och-soldattorp\/","url_meta":{"origin":933,"position":3},"title":"Erntemarkt und Soldatendorf","author":"Mats Thorburn","date":"1 September 2011","format":false,"excerpt":"In Dunderbo, Fj\u00e4rdhundra, k\u00f6nnen Sie am Samstag und Sonntag den Erntedankmarkt besuchen, der mit einem Caf\u00e9 und einem Rundgang auf dem \"Kriegspfad\" durch das Soldatendorf Dunderbo verbunden ist.","rel":"","context":"In &quot;\u00c4ldre inl\u00e4gg&quot;","block_context":{"text":"\u00c4ldre inl\u00e4gg","link":"https:\/\/www.fjardhundraland.se\/de\/aldre-inlagg\/"},"img":{"alt_text":"Sk\u00f6rdemarknad i Dunderbo","src":"https:\/\/i0.wp.com\/www.fjardhundraland.se\/wp-content\/uploads\/2011\/09\/IMG_1215-630x472.jpg?resize=350%2C200&ssl=1","width":350,"height":200,"srcset":"https:\/\/i0.wp.com\/www.fjardhundraland.se\/wp-content\/uploads\/2011\/09\/IMG_1215-630x472.jpg?resize=350%2C200&ssl=1 1x, https:\/\/i0.wp.com\/www.fjardhundraland.se\/wp-content\/uploads\/2011\/09\/IMG_1215-630x472.jpg?resize=525%2C300&ssl=1 1.5x"},"classes":[]},{"id":942,"url":"https:\/\/www.fjardhundraland.se\/de\/inlagg\/2012\/pa-krigsstigen-i-fjardhundraland\/","url_meta":{"origin":933,"position":4},"title":"Auf dem Kriegspfad in Fj\u00e4rdhundraland","author":"Mats Thorburn","date":"19 Mai 2012","format":false,"excerpt":"Am Samstag und Sonntag um 11 und 13 Uhr f\u00fchrt Sie G\u00f6ran Mellstr\u00f6m durch das Soldatendorf in Dunderbo (Wegbeschreibung). 10 bis 16 Uhr findet in Dunderbo au\u00dferdem ein Fr\u00fchlingsmarkt statt - danach k\u00f6nnen Sie eine der vielen Sehensw\u00fcrdigkeiten in Fj\u00e4rdhundraland besuchen. Sehen Sie sich die wei\u00dfen Anemonen in H\u00e5rsb\u00e4cksdalen an, am Samstag vielleicht kombiniert mit einem Besuch in Lagerl\u00f6fska...","rel":"","context":"In &quot;\u00c4ldre inl\u00e4gg&quot;","block_context":{"text":"\u00c4ldre inl\u00e4gg","link":"https:\/\/www.fjardhundraland.se\/de\/aldre-inlagg\/"},"img":{"alt_text":"Krigsstigen soldattorp","src":"https:\/\/i0.wp.com\/www.fjardhundraland.se\/wp-content\/uploads\/2012\/05\/krigsstigen-1024x682.jpg?resize=350%2C200&ssl=1","width":350,"height":200,"srcset":"https:\/\/i0.wp.com\/www.fjardhundraland.se\/wp-content\/uploads\/2012\/05\/krigsstigen-1024x682.jpg?resize=350%2C200&ssl=1 1x, https:\/\/i0.wp.com\/www.fjardhundraland.se\/wp-content\/uploads\/2012\/05\/krigsstigen-1024x682.jpg?resize=525%2C300&ssl=1 1.5x"},"classes":[]},{"id":1257,"url":"https:\/\/www.fjardhundraland.se\/de\/gardsbutiker\/2013\/varen-planerad-i-dunderbo\/","url_meta":{"origin":933,"position":5},"title":"Fr\u00fchling in Dunderbo geplant","author":"Mats Thorburn","date":"17 M\u00e4rz 2013","format":false,"excerpt":"Der Fr\u00fchjahrskalender von Dunderbo Ljus &amp; Hantverk ist jetzt aktualisiert. Schauen Sie rein und planen Sie einen Besuch!","rel":"","context":"In &quot;\u00c4ldre inl\u00e4gg&quot;","block_context":{"text":"\u00c4ldre inl\u00e4gg","link":"https:\/\/www.fjardhundraland.se\/de\/aldre-inlagg\/"},"img":{"alt_text":"","src":"","width":0,"height":0},"classes":[]}],"jetpack_sharing_enabled":true,"_links":{"self":[{"href":"https:\/\/www.fjardhundraland.se\/de\/wp-json\/wp\/v2\/posts\/933","targetHints":{"allow":["GET"]}}],"collection":[{"href":"https:\/\/www.fjardhundraland.se\/de\/wp-json\/wp\/v2\/posts"}],"about":[{"href":"https:\/\/www.fjardhundraland.se\/de\/wp-json\/wp\/v2\/types\/post"}],"author":[{"embeddable":true,"href":"https:\/\/www.fjardhundraland.se\/de\/wp-json\/wp\/v2\/users\/4"}],"replies":[{"embeddable":true,"href":"https:\/\/www.fjardhundraland.se\/de\/wp-json\/wp\/v2\/comments?post=933"}],"version-history":[{"count":1,"href":"https:\/\/www.fjardhundraland.se\/de\/wp-json\/wp\/v2\/posts\/933\/revisions"}],"predecessor-version":[{"id":19721,"href":"https:\/\/www.fjardhundraland.se\/de\/wp-json\/wp\/v2\/posts\/933\/revisions\/19721"}],"wp:attachment":[{"href":"https:\/\/www.fjardhundraland.se\/de\/wp-json\/wp\/v2\/media?parent=933"}],"wp:term":[{"taxonomy":"category","embeddable":true,"href":"https:\/\/www.fjardhundraland.se\/de\/wp-json\/wp\/v2\/categories?post=933"},{"taxonomy":"post_tag","embeddable":true,"href":"https:\/\/www.fjardhundraland.se\/de\/wp-json\/wp\/v2\/tags?post=933"}],"curies":[{"name":"wp","href":"https:\/\/api.w.org\/{rel}","templated":true}]}}