
{"id":914,"date":"2012-04-26T22:37:08","date_gmt":"2012-04-26T20:37:08","guid":{"rendered":"http:\/\/www.fjardhundraland.se\/?p=914"},"modified":"2026-02-05T13:41:12","modified_gmt":"2026-02-05T12:41:12","slug":"forsby-kvarn-cafe-jetzt-geoffnet","status":"publish","type":"post","link":"https:\/\/www.fjardhundraland.se\/de\/mat\/2012\/nu-oppnar-forsby-kvarn-kafe\/","title":{"rendered":"Caf\u00e9 in Forsby Mill jetzt ge\u00f6ffnet"},"content":{"rendered":"<p>Am Samstag wird die lang erwartete <a title=\"Caf\u00e9 Forsby-M\u00fchle\" href=\"https:\/\/www.fjardhundraland.se\/de\/gerichte\/cafe-forsby-muhle\/\">das Caf\u00e9 in der M\u00fchle von Forsby<\/a>. Dort, wo die Lokomotive einst die M\u00fchle und das S\u00e4gewerk antrieb, sind heute die Backwaren von Ibba zu sehen. Es werden Leckereien versprochen und auch einige n\u00fctzliche Lebensmittel. <a title=\"Caf\u00e9 Forsby-M\u00fchle\" href=\"https:\/\/forsbykvarnkafe.se\/\" target=\"_blank\" rel=\"noopener\">Weitere Informationen finden Sie auf der neuen Website!<\/a><\/p>\n<p><a href=\"https:\/\/forsbykvarn.se\/wp-content\/uploads\/2011\/08\/Forsbybageriets-gamla-monter.jpg\" target=\"_blank\" rel=\"noopener\"><img decoding=\"async\" class=\"alignnone\" title=\"Der alte Stand von Forsbybageriet\" src=\"https:\/\/forsbykvarn.se\/wp-content\/uploads\/2011\/08\/Forsbybageriets-gamla-monter.jpg\" alt=\"\" width=\"340\" height=\"510\"><\/a><\/p>","protected":false},"excerpt":{"rendered":"<p>Am Samstag wird das lang erwartete Caf\u00e9 in Forsby Mill er\u00f6ffnet. Dort, wo einst die Lokomotive die M\u00fchle und das S\u00e4gewerk antrieb, wird nun Ibba's Geb\u00e4ck serviert. Versprochen werden Leckereien und auch n\u00fctzliche Lebensmittel. Lesen Sie mehr auf der neuen Website!<\/p>","protected":false},"author":1,"featured_media":0,"comment_status":"open","ping_status":"open","sticky":false,"template":"","format":"standard","meta":{"_acf_changed":false,"_relevanssi_hide_post":"","_relevanssi_hide_content":"","_relevanssi_pin_for_all":"","_relevanssi_pin_keywords":"","_relevanssi_unpin_keywords":"","_relevanssi_related_keywords":"","_relevanssi_related_include_ids":"","_relevanssi_related_exclude_ids":"","_relevanssi_related_no_append":"","_relevanssi_related_not_related":"","_relevanssi_related_posts":"","_relevanssi_noindex_reason":"Rank Math Uteslut fr\u00e5n Relevanssi index","_genesis_hide_title":false,"_genesis_hide_breadcrumbs":false,"_genesis_hide_singular_image":false,"_genesis_hide_footer_widgets":false,"_genesis_custom_body_class":"","_genesis_custom_post_class":"","_genesis_layout":"","_jetpack_memberships_contains_paid_content":false,"footnotes":""},"categories":[353,22],"tags":[352,38],"class_list":{"0":"post-914","1":"post","2":"type-post","3":"status-publish","4":"format-standard","6":"category-aldre-inlagg","7":"category-mat","8":"tag-aldre-inlagg","9":"tag-forsby-kvarn","10":"entry"},"acf":[],"visa":null,"geo_latitude":null,"geo_longitude":null,"jetpack_featured_media_url":"","featured_image_src":null,"featured_image_src_square":null,"author_info":{"display_name":"Mats Thorburn","author_link":"https:\/\/www.fjardhundraland.se\/de\/author\/matst\/"},"jetpack-related-posts":[{"id":600,"url":"https:\/\/www.fjardhundraland.se\/de\/externt\/2011\/musik-du-aldrig-mer-kommer-att-fa-hora\/","url_meta":{"origin":914,"position":0},"title":"Musik f\u00fcr den Augenblick in der M\u00fchle von Forsby","author":"Mats Thorburn","date":"16 August 2011","format":false,"excerpt":"Forsby Mill, der Konzertort in Forsby in der N\u00e4he von Fj\u00e4rdhundra, l\u00e4dt am Samstag, den 20. August, zu seinem zweiten Konzert des Jahres ein. An diesem Abend werden Sie improvisierte Musik h\u00f6ren - Musik, die so gespielt wird, dass sie sich nie mehr wiederholt!","rel":"","context":"In &quot;\u00c4ldre inl\u00e4gg&quot;","block_context":{"text":"\u00c4ldre inl\u00e4gg","link":"https:\/\/www.fjardhundraland.se\/de\/aldre-inlagg\/"},"img":{"alt_text":"Torbj\u00f6rn Lillieqvist, Forsby kvarn","src":"https:\/\/i0.wp.com\/www.fjardhundraland.se\/wp-content\/uploads\/2011\/08\/forsby-1-630x289.jpg?resize=350%2C200&ssl=1","width":350,"height":200,"srcset":"https:\/\/i0.wp.com\/www.fjardhundraland.se\/wp-content\/uploads\/2011\/08\/forsby-1-630x289.jpg?resize=350%2C200&ssl=1 1x, https:\/\/i0.wp.com\/www.fjardhundraland.se\/wp-content\/uploads\/2011\/08\/forsby-1-630x289.jpg?resize=525%2C300&ssl=1 1.5x"},"classes":[]},{"id":393,"url":"https:\/\/www.fjardhundraland.se\/de\/externt\/2011\/byggnadsvard-i-oppen-kvarn\/","url_meta":{"origin":914,"position":1},"title":"Geb\u00e4udeerhaltung in einer offenen M\u00fchle","author":"Mats Thorburn","date":"1 Juli 2011","format":false,"excerpt":"Morgen, Samstag, 2. Juli, 12-15 Uhr, ist Tag der offenen T\u00fcr in Forsby Mill. Wir k\u00f6nnen die Arbeiten w\u00e4hrend des laufenden Baupflegecamps verfolgen, k\u00f6nnen Baupflegeprodukte und Lein\u00f6lfarbe kaufen. Kaffee mit Forsby M\u00fchle Br\u00f6tchen!","rel":"","context":"In &quot;\u00c4ldre inl\u00e4gg&quot;","block_context":{"text":"\u00c4ldre inl\u00e4gg","link":"https:\/\/www.fjardhundraland.se\/de\/aldre-inlagg\/"},"img":{"alt_text":"","src":"https:\/\/i0.wp.com\/forsbykvarn.se\/images\/forsby.jpg?resize=350%2C200&ssl=1","width":350,"height":200},"classes":[]},{"id":483,"url":"https:\/\/www.fjardhundraland.se\/de\/externt\/2011\/musik-om-minne-och-glomska\/","url_meta":{"origin":914,"position":2},"title":"Musikerlebnisse in der M\u00fchle von Forsby","author":"Mats Thorburn","date":"19 Juli 2011","format":false,"excerpt":"Forsby Mill, in der N\u00e4he von Fj\u00e4rdhundra, veranstaltet bereits zum sechsten Mal hochkar\u00e4tige Konzerte, die immer gut besucht sind und ein tolles Erlebnis darstellen! Dieses Jahr lautet das Thema \u201dErinnerung und Vergessen\u201d.","rel":"","context":"In &quot;\u00c4ldre inl\u00e4gg&quot;","block_context":{"text":"\u00c4ldre inl\u00e4gg","link":"https:\/\/www.fjardhundraland.se\/de\/aldre-inlagg\/"},"img":{"alt_text":"Snart konsert i Forsby kvarn","src":"https:\/\/i0.wp.com\/www.fjardhundraland.se\/wp-content\/uploads\/2011\/07\/forsby1.jpg?resize=350%2C200&ssl=1","width":350,"height":200,"srcset":"https:\/\/i0.wp.com\/www.fjardhundraland.se\/wp-content\/uploads\/2011\/07\/forsby1.jpg?resize=350%2C200&ssl=1 1x, https:\/\/i0.wp.com\/www.fjardhundraland.se\/wp-content\/uploads\/2011\/07\/forsby1.jpg?resize=525%2C300&ssl=1 1.5x"},"classes":[]},{"id":1037,"url":"https:\/\/www.fjardhundraland.se\/de\/externt\/2012\/oppen-kvarn-gardsloppis\/","url_meta":{"origin":914,"position":3},"title":"Offene M\u00fchle &amp; Hofverkauf","author":"Mats Thorburn","date":"29 Juni 2012","format":false,"excerpt":"Am morgigen Samstag k\u00f6nnen Sie das Bauinstandhaltungslager der Forsby-M\u00fchle besuchen und die laufenden Arbeiten zur Renovierung der dem Fluss zugewandten Seite der M\u00fchle verfolgen. \u201dTag der offenen M\u00fchle\u201d von 12-15 Uhr, das M\u00fchlencaf\u00e9 in Forsby ist ebenfalls ge\u00f6ffnet. Am Samstag findet von 10-17 Uhr ein Bauernflohmarkt in G\u00e4stre statt, mit verschiedenen Anbietern, Gartencaf\u00e9, Pelagons, Petroleumlampen mit Ersatzteilen usw.","rel":"","context":"In &quot;\u00c4ldre inl\u00e4gg&quot;","block_context":{"text":"\u00c4ldre inl\u00e4gg","link":"https:\/\/www.fjardhundraland.se\/de\/aldre-inlagg\/"},"img":{"alt_text":"Forby kvarn, \u00e5sidan","src":"https:\/\/i0.wp.com\/forsbykvarn.se\/wp-content\/uploads\/2012\/05\/Forsby-Kvarntak-2009-389-617x347.jpg?resize=350%2C200&ssl=1","width":350,"height":200,"srcset":"https:\/\/i0.wp.com\/forsbykvarn.se\/wp-content\/uploads\/2012\/05\/Forsby-Kvarntak-2009-389-617x347.jpg?resize=350%2C200&ssl=1 1x, https:\/\/i0.wp.com\/forsbykvarn.se\/wp-content\/uploads\/2012\/05\/Forsby-Kvarntak-2009-389-617x347.jpg?resize=525%2C300&ssl=1 1.5x"},"classes":[]},{"id":1155,"url":"https:\/\/www.fjardhundraland.se\/de\/musik\/2012\/varoffer-i-sommarkvallen\/","url_meta":{"origin":914,"position":4},"title":"Fr\u00fchlingsopfer am Sommerabend","author":"Mats Thorburn","date":"7 August 2012","format":false,"excerpt":"Am Samstag, den 11. August, findet das zweite Konzert des Jahres im Forsby kvarn musikscen statt. Auf eine vierh\u00e4ndige Version von Igor Strawinskys \"Rite of Spring\" mit Kristine Scholz und Mats Persson folgt Jazz mit Monica Dominique und Palle Danielsson.","rel":"","context":"In &quot;\u00c4ldre inl\u00e4gg&quot;","block_context":{"text":"\u00c4ldre inl\u00e4gg","link":"https:\/\/www.fjardhundraland.se\/de\/aldre-inlagg\/"},"img":{"alt_text":"Forsby kvarn. Foto: Mats Thorburn.","src":"https:\/\/i0.wp.com\/www.fjardhundraland.se\/wp-content\/uploads\/2012\/08\/IMG_7095-630x403.jpg?resize=350%2C200&ssl=1","width":350,"height":200,"srcset":"https:\/\/i0.wp.com\/www.fjardhundraland.se\/wp-content\/uploads\/2012\/08\/IMG_7095-630x403.jpg?resize=350%2C200&ssl=1 1x, https:\/\/i0.wp.com\/www.fjardhundraland.se\/wp-content\/uploads\/2012\/08\/IMG_7095-630x403.jpg?resize=525%2C300&ssl=1 1.5x"},"classes":[]},{"id":1274,"url":"https:\/\/www.fjardhundraland.se\/de\/externt\/2013\/grattis\/","url_meta":{"origin":914,"position":5},"title":"Herzlichen Gl\u00fcckwunsch!","author":"Ylva Fontell","date":"7 Mai 2013","format":false,"excerpt":"Die Weberei Siggesta wird 20 Jahre alt und feiert dies mit einer Jubil\u00e4umsausstellung in der Forsby M\u00fchle am Samstag und Sonntag, den 11. und 12. Mai. Die Ausstellung tr\u00e4gt den Titel \"Vom Altartuch bis zum Flickenteppich\", was die Bandbreite des Gezeigten verr\u00e4t. Das Caf\u00e9 in der M\u00fchle von Forsby ist nat\u00fcrlich zur gleichen Zeit ge\u00f6ffnet. Ge\u00f6ffnet 12-17 Uhr","rel":"","context":"In &quot;\u00c4ldre inl\u00e4gg&quot;","block_context":{"text":"\u00c4ldre inl\u00e4gg","link":"https:\/\/www.fjardhundraland.se\/de\/aldre-inlagg\/"},"img":{"alt_text":"IMG_2384","src":"https:\/\/i0.wp.com\/www.fjardhundraland.se\/wp-content\/uploads\/2013\/05\/IMG_2384-300x200.jpg?resize=350%2C200&ssl=1","width":350,"height":200},"classes":[]}],"jetpack_sharing_enabled":true,"_links":{"self":[{"href":"https:\/\/www.fjardhundraland.se\/de\/wp-json\/wp\/v2\/posts\/914","targetHints":{"allow":["GET"]}}],"collection":[{"href":"https:\/\/www.fjardhundraland.se\/de\/wp-json\/wp\/v2\/posts"}],"about":[{"href":"https:\/\/www.fjardhundraland.se\/de\/wp-json\/wp\/v2\/types\/post"}],"author":[{"embeddable":true,"href":"https:\/\/www.fjardhundraland.se\/de\/wp-json\/wp\/v2\/users\/1"}],"replies":[{"embeddable":true,"href":"https:\/\/www.fjardhundraland.se\/de\/wp-json\/wp\/v2\/comments?post=914"}],"version-history":[{"count":1,"href":"https:\/\/www.fjardhundraland.se\/de\/wp-json\/wp\/v2\/posts\/914\/revisions"}],"predecessor-version":[{"id":19724,"href":"https:\/\/www.fjardhundraland.se\/de\/wp-json\/wp\/v2\/posts\/914\/revisions\/19724"}],"wp:attachment":[{"href":"https:\/\/www.fjardhundraland.se\/de\/wp-json\/wp\/v2\/media?parent=914"}],"wp:term":[{"taxonomy":"category","embeddable":true,"href":"https:\/\/www.fjardhundraland.se\/de\/wp-json\/wp\/v2\/categories?post=914"},{"taxonomy":"post_tag","embeddable":true,"href":"https:\/\/www.fjardhundraland.se\/de\/wp-json\/wp\/v2\/tags?post=914"}],"curies":[{"name":"wp","href":"https:\/\/api.w.org\/{rel}","templated":true}]}}