
{"id":889,"date":"2012-04-19T11:46:07","date_gmt":"2012-04-19T09:46:07","guid":{"rendered":"http:\/\/www.fjardhundraland.se\/?p=889"},"modified":"2026-02-05T13:41:13","modified_gmt":"2026-02-05T12:41:13","slug":"fjardhundraland-auf-der-unternehmensmesse","status":"publish","type":"post","link":"https:\/\/www.fjardhundraland.se\/de\/externt\/2012\/fjardhundraland-pa-foretagsmassa\/","title":{"rendered":"Fj\u00e4rdhundraland auf einer Wirtschaftsmesse"},"content":{"rendered":"<p>Morgen und Samstag k\u00f6nnen Sie mit uns \u00fcber Fj\u00e4rdhundraland sprechen unter\u00a0<a title=\"Die Wirtschaftsmesse\" href=\"https:\/\/www.enkoping2012.se\/\" target=\"_blank\" rel=\"noopener\">Gesch\u00e4ftsmesse Enk\u00f6ping2012<\/a>!<\/p>\n<p>Der Wirtschaftsverband Fj\u00e4rdhundraland ist auf der Messe vertreten und stellt seine Aktivit\u00e4ten und das Projekt \u201dUnternehmertum in Fj\u00e4rdhundaland\u201d vor. Am Stand gibt es auch <a title=\"Hofmolkerei Vallgarn\" href=\"https:\/\/www.vallgarn.eu\/\" target=\"_blank\" rel=\"noopener\">Hofmolkerei Vallgarn<\/a>, <a title=\"Skogsbacken-K\u00e4se\" href=\"https:\/\/www.skogsbackensost.se\/\" target=\"_blank\" rel=\"noopener\">Skogsbacken-K\u00e4se<\/a>, <a title=\"Zeitschrift Lagerl\u00f6fska\" href=\"https:\/\/lagerlofska.se\/\" target=\"_blank\" rel=\"noopener\">Zeitschrift Lagerl\u00f6fska<\/a>, <a title=\"Kulturverein Paddebo\" href=\"https:\/\/www.paddebo.se\/\" target=\"_blank\" rel=\"noopener\">Kulturverein Paddebo<\/a> und <a title=\"Pferdest\u00e4rken am 4. Juli\" href=\"https:\/\/www.hastkraftfjardhundra.se\/\" target=\"_blank\" rel=\"noopener\">Pferdest\u00e4rken Fj\u00e4rdhundra<\/a>. Kommen Sie mit uns ins Gespr\u00e4ch, kaufen Sie k\u00f6stliche K\u00e4sesorten und preisgekr\u00f6nte Marmeladen, kaufen Sie Eintrittskarten f\u00fcr die Show \u201dIt's a rush\u201d im Sommer. Wettbewerb am Stand mit tollen Preisen!<\/p>\n<p>Willkommen im Sportzentrum in Enk\u00f6ping - der Eintritt ist frei!<\/p>","protected":false},"excerpt":{"rendered":"<p>I morgon och p\u00e5 l\u00f6rdag kan du prata Fj\u00e4rdhundraland med oss p\u00e5\u00a0F\u00f6retagsm\u00e4ssan Enk\u00f6ping2012! Fj\u00e4rdhundraland ekonomisk f\u00f6rening finns p\u00e5 m\u00e4ssan och presenterar sin verksamhet samt projektet \u201dEntrepren\u00f6rskap i Fj\u00e4rdhundaland\u201d.\u00a0I montern finns ocks\u00e5 Vallgarns g\u00e5rdsmejeri, Skogsbackens ost, Lagerl\u00f6fska magasinet, Paddebo kulturf\u00f6rening samt H\u00e4stkraft Fj\u00e4rdhundra.\u00a0Kom f\u00f6rbi och prata med oss, handla goda ostar och prisbel\u00f6nta marmelader, k\u00f6p biljetter [&hellip;]<\/p>\n","protected":false},"author":1,"featured_media":0,"comment_status":"open","ping_status":"open","sticky":false,"template":"","format":"standard","meta":{"_acf_changed":false,"_relevanssi_hide_post":"","_relevanssi_hide_content":"","_relevanssi_pin_for_all":"","_relevanssi_pin_keywords":"","_relevanssi_unpin_keywords":"","_relevanssi_related_keywords":"","_relevanssi_related_include_ids":"","_relevanssi_related_exclude_ids":"","_relevanssi_related_no_append":"","_relevanssi_related_not_related":"","_relevanssi_related_posts":"","_relevanssi_noindex_reason":"Rank Math Uteslut fr\u00e5n Relevanssi index","_genesis_hide_title":false,"_genesis_hide_breadcrumbs":false,"_genesis_hide_singular_image":false,"_genesis_hide_footer_widgets":false,"_genesis_custom_body_class":"","_genesis_custom_post_class":"","_genesis_layout":"","_jetpack_memberships_contains_paid_content":false,"footnotes":""},"categories":[353,84,18],"tags":[352],"class_list":{"0":"post-889","1":"post","2":"type-post","3":"status-publish","4":"format-standard","6":"category-aldre-inlagg","7":"category-entreprenorskap-i-fjardhundraland","8":"category-externt","9":"tag-aldre-inlagg","10":"entry"},"acf":[],"visa":null,"geo_latitude":null,"geo_longitude":null,"jetpack_featured_media_url":"","featured_image_src":null,"featured_image_src_square":null,"author_info":{"display_name":"Mats Thorburn","author_link":"https:\/\/www.fjardhundraland.se\/de\/author\/matst\/"},"jetpack-related-posts":[{"id":786,"url":"https:\/\/www.fjardhundraland.se\/de\/externt\/2012\/mote-med-landshovdingen\/","url_meta":{"origin":889,"position":0},"title":"Treffen mit dem Gouverneur","author":"Ylva Fontell","date":"17 Februar 2012","format":false,"excerpt":"Am 28. Februar um 19:00 Uhr sind Sie herzlich eingeladen zu einem offenen Treffen mit der Wirtschaftsvereinigung Fj\u00e4rdhundraland und dem Landrat Peter Egardt. Wir richten uns an alle, die sich selbst, ihr Unternehmen oder ihren Verein - und ihren Bezirk - weiterentwickeln wollen! W\u00e4hrend des Treffens wird der Verein das Leader-Projekt \u201dUnternehmertum in Fj\u00e4rdhundraland\u201d vorstellen. Bezirksgouverneur Peter Egardt spricht...","rel":"","context":"In &quot;\u00c4ldre inl\u00e4gg&quot;","block_context":{"text":"\u00c4ldre inl\u00e4gg","link":"https:\/\/www.fjardhundraland.se\/de\/aldre-inlagg\/"},"img":{"alt_text":"","src":"","width":0,"height":0},"classes":[]},{"id":1167,"url":"https:\/\/www.fjardhundraland.se\/de\/entreprenorskap-i-fjardhundraland\/2012\/vinnare-rebusrundan\/","url_meta":{"origin":889,"position":1},"title":"Die Gewinner der Rebus-Runde","author":"Mats Thorburn","date":"22 August 2012","format":false,"excerpt":"Vielen Dank an alle Besucher, die mit Fj\u00e4rdhundraland auf der Rebus-Tour unterwegs waren! Herzlichen Gl\u00fcckwunsch auch an diejenigen, die die tollen Preise gewonnen haben. Sie werden in K\u00fcrze kontaktiert. Name Platz Gewinnerin Maud Pettersson Fj\u00e4rdhundra Geschenkgutschein f\u00fcr \u201dTrivselkv\u00e4ll med underh\u00e5llning och gammeldags mat\u201d am 19.8. um 18 Uhr, gestiftet von Altuna...","rel":"","context":"In &quot;\u00c4ldre inl\u00e4gg&quot;","block_context":{"text":"\u00c4ldre inl\u00e4gg","link":"https:\/\/www.fjardhundraland.se\/de\/aldre-inlagg\/"},"img":{"alt_text":"Bes\u00f6kare p\u00e5 Kr\u00e5kvilan. Foto: Mats Thorburn.","src":"https:\/\/i0.wp.com\/www.fjardhundraland.se\/wp-content\/uploads\/2012\/08\/2012-08-12-at-13-29-07-630x420.jpg?resize=350%2C200&ssl=1","width":350,"height":200,"srcset":"https:\/\/i0.wp.com\/www.fjardhundraland.se\/wp-content\/uploads\/2012\/08\/2012-08-12-at-13-29-07-630x420.jpg?resize=350%2C200&ssl=1 1x, https:\/\/i0.wp.com\/www.fjardhundraland.se\/wp-content\/uploads\/2012\/08\/2012-08-12-at-13-29-07-630x420.jpg?resize=525%2C300&ssl=1 1.5x"},"classes":[]},{"id":1042,"url":"https:\/\/www.fjardhundraland.se\/de\/gardsbutiker\/2012\/rebusrunda-i-fjardhundraland\/","url_meta":{"origin":889,"position":2},"title":"Rebus-Runde in Fj\u00e4rdhundraland","author":"Mats Thorburn","date":"17 Juli 2012","format":false,"excerpt":"An zwei Sonntagen im August, am 5.8. und 12.8. von 10 bis 17 Uhr, sind Sie eingeladen, mit Hilfe einer einfachen und unterhaltsamen Schnitzeljagd einen Vorgeschmack auf Fj\u00e4rdhundraland zu bekommen. Nicht weniger als sechsundzwanzig Unternehmen und Attraktionen, die einen Besuch wert sind, nehmen daran teil! Sie bieten an diesen Tagen ein kleines Extra, mit gro\u00dfz\u00fcgigen \u00d6ffnungszeiten und Sonderangeboten. An jedem Ort, der...","rel":"","context":"In &quot;\u00c4ldre inl\u00e4gg&quot;","block_context":{"text":"\u00c4ldre inl\u00e4gg","link":"https:\/\/www.fjardhundraland.se\/de\/aldre-inlagg\/"},"img":{"alt_text":"","src":"https:\/\/i0.wp.com\/www.fjardhundraland.se\/wp-content\/uploads\/2012\/07\/Rebusrunda1-300x498.jpg?resize=350%2C200&ssl=1","width":350,"height":200},"classes":[]},{"id":1191,"url":"https:\/\/www.fjardhundraland.se\/de\/inlagg\/2012\/oppet-hus-i-fjardhundraland-18-november\/","url_meta":{"origin":889,"position":3},"title":"Tag der offenen T\u00fcr in Fj\u00e4rdhundraland am 18. November","author":"Mats Thorburn","date":"2 Oktober 2012","format":false,"excerpt":"Am Sonntag, den 18. November von 16-19.30 Uhr sind Sie herzlich eingeladen, im Haus der Kirche in Fj\u00e4rdhundra zu sprechen! Wir zeigen um 17-18 Uhr einen Ausschnitt aus dem Film des Theatererfolgs \u201dDet susar\u201d von diesem Sommer. Mini-Messe mit den kleinen Unternehmen des Dorfes. Nutzen Sie die Gelegenheit, lokal produzierte Lebensmittel und Kaffee zu kaufen. Erfahren Sie mehr \u00fcber Unternehmertum mit dem Projekt Entrepreneurship in...","rel":"","context":"In &quot;\u00c4ldre inl\u00e4gg&quot;","block_context":{"text":"\u00c4ldre inl\u00e4gg","link":"https:\/\/www.fjardhundraland.se\/de\/aldre-inlagg\/"},"img":{"alt_text":"Det susar","src":"https:\/\/i0.wp.com\/www.fjardhundraland.se\/wp-content\/uploads\/2012\/10\/detsusar-630x403.jpg?resize=350%2C200&ssl=1","width":350,"height":200,"srcset":"https:\/\/i0.wp.com\/www.fjardhundraland.se\/wp-content\/uploads\/2012\/10\/detsusar-630x403.jpg?resize=350%2C200&ssl=1 1x, https:\/\/i0.wp.com\/www.fjardhundraland.se\/wp-content\/uploads\/2012\/10\/detsusar-630x403.jpg?resize=525%2C300&ssl=1 1.5x"},"classes":[]},{"id":3443,"url":"https:\/\/www.fjardhundraland.se\/de\/rebusrunda\/2016\/rebusrundan-vasteras-2016\/","url_meta":{"origin":889,"position":4},"title":"Rebus rund um V\u00e4ster\u00e5s","author":"Mats Thorburn","date":"1 August 2016","format":false,"excerpt":"\u00a0 H\u00e4r \u00e4r v\u00e5rt\u00a0f\u00f6rslag p\u00e5 en runda fr\u00e5n V\u00e4ster\u00e5s, d\u00e4r du bes\u00f6ker sexton av de 40 platser som \u00e4r med p\u00e5 Rebusrundan i Fj\u00e4rdhundraland. Ladda ner kartan h\u00e4r [pdf]. Rundan str\u00e4cker sig genom Fj\u00e4rdhundralands sl\u00e4ttlandskap blandat med skog samt vackra dalg\u00e5ngar. Detta ger dig m\u00e5nga fina naturupplevelser. F\u00f6retagen vid stoppen\u2026","rel":"","context":"In &quot;Rebusrunda&quot;","block_context":{"text":"Rebusrunda","link":"https:\/\/www.fjardhundraland.se\/de\/rebusrunda\/"},"img":{"alt_text":"Karta Rebusrundan V\u00e4ster\u00e5s","src":"https:\/\/i0.wp.com\/www.fjardhundraland.se\/wp-content\/uploads\/2016\/08\/rebusrundan_vasteras_webb-1024x724.jpg?resize=350%2C200&ssl=1","width":350,"height":200,"srcset":"https:\/\/i0.wp.com\/www.fjardhundraland.se\/wp-content\/uploads\/2016\/08\/rebusrundan_vasteras_webb-1024x724.jpg?resize=350%2C200&ssl=1 1x, https:\/\/i0.wp.com\/www.fjardhundraland.se\/wp-content\/uploads\/2016\/08\/rebusrundan_vasteras_webb-1024x724.jpg?resize=525%2C300&ssl=1 1.5x, https:\/\/i0.wp.com\/www.fjardhundraland.se\/wp-content\/uploads\/2016\/08\/rebusrundan_vasteras_webb-1024x724.jpg?resize=700%2C400&ssl=1 2x"},"classes":[]},{"id":3458,"url":"https:\/\/www.fjardhundraland.se\/de\/rebusrunda\/2016\/rebusrundan-uppsala-2016\/","url_meta":{"origin":889,"position":5},"title":"Rebus rund Uppsala","author":"Mats Thorburn","date":"1 August 2016","format":false,"excerpt":"Kommer du fr\u00e5n Uppsalah\u00e5llet? Det h\u00e4r \u00e4r v\u00e5rt f\u00f6rslag p\u00e5 en runda d\u00e4r du bes\u00f6ker tolv\u00a0sp\u00e4nnande st\u00e4llen, av de 40 som \u00e4r med i 2016 \u00e5rs Rebusrunda i Fj\u00e4rdhundraland. Ladda ner kartan h\u00e4r [pdf]. Rundan slingrar sig fram p\u00e5 sm\u00e5v\u00e4gar, genom sl\u00e4ttlandskap blandat med skog samt vackra dalg\u00e5ngar. Detta ger\u2026","rel":"","context":"In &quot;Rebusrunda&quot;","block_context":{"text":"Rebusrunda","link":"https:\/\/www.fjardhundraland.se\/de\/rebusrunda\/"},"img":{"alt_text":"Karta Rebusrundan Uppsala","src":"https:\/\/i0.wp.com\/www.fjardhundraland.se\/wp-content\/uploads\/2016\/08\/rebusrundan_uppsala_webb-1024x724.jpg?resize=350%2C200&ssl=1","width":350,"height":200,"srcset":"https:\/\/i0.wp.com\/www.fjardhundraland.se\/wp-content\/uploads\/2016\/08\/rebusrundan_uppsala_webb-1024x724.jpg?resize=350%2C200&ssl=1 1x, https:\/\/i0.wp.com\/www.fjardhundraland.se\/wp-content\/uploads\/2016\/08\/rebusrundan_uppsala_webb-1024x724.jpg?resize=525%2C300&ssl=1 1.5x, https:\/\/i0.wp.com\/www.fjardhundraland.se\/wp-content\/uploads\/2016\/08\/rebusrundan_uppsala_webb-1024x724.jpg?resize=700%2C400&ssl=1 2x"},"classes":[]}],"jetpack_sharing_enabled":true,"_links":{"self":[{"href":"https:\/\/www.fjardhundraland.se\/de\/wp-json\/wp\/v2\/posts\/889","targetHints":{"allow":["GET"]}}],"collection":[{"href":"https:\/\/www.fjardhundraland.se\/de\/wp-json\/wp\/v2\/posts"}],"about":[{"href":"https:\/\/www.fjardhundraland.se\/de\/wp-json\/wp\/v2\/types\/post"}],"author":[{"embeddable":true,"href":"https:\/\/www.fjardhundraland.se\/de\/wp-json\/wp\/v2\/users\/1"}],"replies":[{"embeddable":true,"href":"https:\/\/www.fjardhundraland.se\/de\/wp-json\/wp\/v2\/comments?post=889"}],"version-history":[{"count":1,"href":"https:\/\/www.fjardhundraland.se\/de\/wp-json\/wp\/v2\/posts\/889\/revisions"}],"predecessor-version":[{"id":19726,"href":"https:\/\/www.fjardhundraland.se\/de\/wp-json\/wp\/v2\/posts\/889\/revisions\/19726"}],"wp:attachment":[{"href":"https:\/\/www.fjardhundraland.se\/de\/wp-json\/wp\/v2\/media?parent=889"}],"wp:term":[{"taxonomy":"category","embeddable":true,"href":"https:\/\/www.fjardhundraland.se\/de\/wp-json\/wp\/v2\/categories?post=889"},{"taxonomy":"post_tag","embeddable":true,"href":"https:\/\/www.fjardhundraland.se\/de\/wp-json\/wp\/v2\/tags?post=889"}],"curies":[{"name":"wp","href":"https:\/\/api.w.org\/{rel}","templated":true}]}}