
{"id":85,"date":"2011-05-05T20:05:48","date_gmt":"2011-05-05T18:05:48","guid":{"rendered":"http:\/\/www.fjardhundraland.se\/?p=85"},"modified":"2026-02-05T13:40:42","modified_gmt":"2026-02-05T12:40:42","slug":"geschichte-und-feinde-in-ihrem-eigenen-recht","status":"publish","type":"post","link":"https:\/\/www.fjardhundraland.se\/de\/externt\/2011\/historia-och-fjarilar-i-eget-talt\/","title":{"rendered":"Geschichte und Schmetterlinge in Ihrem eigenen Zelt"},"content":{"rendered":"<p>An den beiden Samstagen im Mai, wenn Fj\u00e4rdhundraland auf dem Platz in Enk\u00f6ping auftaucht, kann man sich im Erz\u00e4hlzelt hinsetzen. Es wird unter anderem um Runensteine, Albertus Pictor und Schmetterlinge gehen.<\/p>\n<p>Zwischen den Vortr\u00e4gen wird der Film \u00fcber die Sehensw\u00fcrdigkeiten von Fj\u00e4rdhundraland gezeigt.<\/p>\n<p>Behalten Sie diese Seite im Auge, um weitere Veranstaltungstipps und ein detaillierteres Programm zu erhalten.<\/p>","protected":false},"excerpt":{"rendered":"<p>Under de tv\u00e5 l\u00f6rdagarna i maj n\u00e4r Fj\u00e4rdhundraland visar upp sig p\u00e5 torget i Enk\u00f6ping \u00a0\u00e4r Ber\u00e4ttart\u00e4ltet en given plats att sl\u00e5 sig ned i. D\u00e4r kommer det bland annat att handla om runstenar, Albertus Pictor och fj\u00e4rilar. Mellan f\u00f6redragen rullar filmen om Fj\u00e4rdhundralands sev\u00e4rdheter. H\u00e5ll utkik h\u00e4r p\u00e5 sidan efter andra evenemangstips och ett [&hellip;]<\/p>\n","protected":false},"author":4,"featured_media":0,"comment_status":"open","ping_status":"open","sticky":false,"template":"","format":"standard","meta":{"_acf_changed":false,"_relevanssi_hide_post":"","_relevanssi_hide_content":"","_relevanssi_pin_for_all":"","_relevanssi_pin_keywords":"","_relevanssi_unpin_keywords":"","_relevanssi_related_keywords":"","_relevanssi_related_include_ids":"","_relevanssi_related_exclude_ids":"","_relevanssi_related_no_append":"","_relevanssi_related_not_related":"","_relevanssi_related_posts":"","_relevanssi_noindex_reason":"Rank Math Uteslut fr\u00e5n Relevanssi index","_genesis_hide_title":false,"_genesis_hide_breadcrumbs":false,"_genesis_hide_singular_image":false,"_genesis_hide_footer_widgets":false,"_genesis_custom_body_class":"","_genesis_custom_post_class":"","_genesis_layout":"","_jetpack_memberships_contains_paid_content":false,"footnotes":""},"categories":[353,18,19],"tags":[352],"class_list":{"0":"post-85","1":"post","2":"type-post","3":"status-publish","4":"format-standard","6":"category-aldre-inlagg","7":"category-externt","8":"category-forsmak-2","9":"tag-aldre-inlagg","10":"entry"},"acf":[],"visa":null,"geo_latitude":null,"geo_longitude":null,"jetpack_featured_media_url":"","featured_image_src":null,"featured_image_src_square":null,"author_info":{"display_name":"Ylva Fontell","author_link":"https:\/\/www.fjardhundraland.se\/de\/author\/ylva\/"},"jetpack-related-posts":[{"id":1024,"url":"https:\/\/www.fjardhundraland.se\/de\/tradgard\/2012\/kom-nara-fjarilarna\/","url_meta":{"origin":85,"position":0},"title":"Kommen Sie den Schmetterlingen nahe","author":"Mats Thorburn","date":"25 Juni 2012","format":false,"excerpt":"Am Dienstag, dem 26. Juni, wird der Schmetterlingsgarten in V\u00e5nsj\u00f6 er\u00f6ffnet. Hier k\u00f6nnen Sie Schmetterlingen und anderen Insekten in einem sch\u00f6nen Garten mit bl\u00fchenden Pflanzen, die so ausgew\u00e4hlt wurden, dass sie f\u00fcr die best\u00e4ubenden Insekten ein wahres Sammelsurium darstellen, ganz nahe kommen. Sie k\u00f6nnen auch Leckereien aus dem Domta-Hofladen probieren, der in diesem Jahr das Caf\u00e9 betreibt. Lesen Sie mehr unter...","rel":"","context":"In &quot;\u00c4ldre inl\u00e4gg&quot;","block_context":{"text":"\u00c4ldre inl\u00e4gg","link":"https:\/\/www.fjardhundraland.se\/de\/aldre-inlagg\/"},"img":{"alt_text":"","src":"https:\/\/i0.wp.com\/vansjofjarilstradgard.se\/files\/2011\/10\/UN-v31-fj1.jpg1-1024x682.jpg?resize=350%2C200&ssl=1","width":350,"height":200,"srcset":"https:\/\/i0.wp.com\/vansjofjarilstradgard.se\/files\/2011\/10\/UN-v31-fj1.jpg1-1024x682.jpg?resize=350%2C200&ssl=1 1x, https:\/\/i0.wp.com\/vansjofjarilstradgard.se\/files\/2011\/10\/UN-v31-fj1.jpg1-1024x682.jpg?resize=525%2C300&ssl=1 1.5x"},"classes":[]},{"id":2799,"url":"https:\/\/www.fjardhundraland.se\/de\/utflykt\/2015\/vinster-pa-rebusrundan-2015\/","url_meta":{"origin":85,"position":1},"title":"Die Gewinner der Rebus-Runde 2015","author":"Mats Thorburn","date":"1 August 2015","format":false,"excerpt":"Wussten Sie, dass Sie Preise gewinnen k\u00f6nnen, die von den Teilnehmern der Rebus-Runde gestiftet wurden? Sie k\u00f6nnen die Preise auf dem Teilnahmeformular hier ausw\u00e4hlen. Hier ist die Liste: Zwei Eintrittskarten f\u00fcr ein Kuchenbuffet, f\u00fcr eine von drei Gelegenheiten w\u00e4hrend des Jahres (Altuna bygdeg\u00e5rdsf\u00f6rening) 2 Eintrittskarten f\u00fcr den gem\u00fctlichen Abend des altmodischen Essens am 16. August, alternativer Geschenkgutschein (Altuna hembygdsf\u00f6rening)...","rel":"","context":"In &quot;\u00c4ldre inl\u00e4gg&quot;","block_context":{"text":"\u00c4ldre inl\u00e4gg","link":"https:\/\/www.fjardhundraland.se\/de\/aldre-inlagg\/"},"img":{"alt_text":"Rebusrundan","src":"https:\/\/i0.wp.com\/www.fjardhundraland.se\/wp-content\/uploads\/2015\/08\/biskopskulla-rebusbild.jpg?resize=350%2C200&ssl=1","width":350,"height":200,"srcset":"https:\/\/i0.wp.com\/www.fjardhundraland.se\/wp-content\/uploads\/2015\/08\/biskopskulla-rebusbild.jpg?resize=350%2C200&ssl=1 1x, https:\/\/i0.wp.com\/www.fjardhundraland.se\/wp-content\/uploads\/2015\/08\/biskopskulla-rebusbild.jpg?resize=525%2C300&ssl=1 1.5x, https:\/\/i0.wp.com\/www.fjardhundraland.se\/wp-content\/uploads\/2015\/08\/biskopskulla-rebusbild.jpg?resize=700%2C400&ssl=1 2x, https:\/\/i0.wp.com\/www.fjardhundraland.se\/wp-content\/uploads\/2015\/08\/biskopskulla-rebusbild.jpg?resize=1050%2C600&ssl=1 3x, https:\/\/i0.wp.com\/www.fjardhundraland.se\/wp-content\/uploads\/2015\/08\/biskopskulla-rebusbild.jpg?resize=1400%2C800&ssl=1 4x"},"classes":[]},{"id":2950,"url":"https:\/\/www.fjardhundraland.se\/de\/inlagg\/2015\/sekelskiftesmarknad-pa-hostglod-i-fjardhundraland\/","url_meta":{"origin":85,"position":2},"title":"Sekelskiftes-Markt in H\u00f6stgl\u00f6d in Fj\u00e4rdhundraland","author":"Mats Thorburn","date":"28 September 2015","format":false,"excerpt":"Am 10. und 11. Oktober l\u00e4dt Fj\u00e4rdhundraland Sie zu einem altmodischen Markt im Dorf Altuna ein. Sie werden Mitglieder von Fj\u00e4rdhundraland und eine Reihe von eingeladenen Ausstellern treffen, Musik h\u00f6ren und vieles mehr. Mehr Informationen finden Sie hier.","rel":"","context":"In &quot;\u00c4ldre inl\u00e4gg&quot;","block_context":{"text":"\u00c4ldre inl\u00e4gg","link":"https:\/\/www.fjardhundraland.se\/de\/aldre-inlagg\/"},"img":{"alt_text":"","src":"","width":0,"height":0},"classes":[]},{"id":4654,"url":"https:\/\/www.fjardhundraland.se\/de\/rebusrunda\/2017\/ratta-svaren-pa-alla-rebusar\/","url_meta":{"origin":85,"position":3},"title":"Korrigieren Sie die Antworten auf alle Rebusse","author":"Ylva Fontell","date":"17 August 2017","format":false,"excerpt":"Haben Sie seit der Rebus-Runde schlaflos \u00fcber Rebusse gegr\u00fcbelt? Hier findest du alle L\u00f6sungen. Die Gewinner werden am Sonntag bekannt gegeben! 1 Alsta Tr\u00e4dg\u00e5rdar: Hier findest du Schrott und Getreide aus T\u00e4xas. 2. Altuna Bygdeg\u00e5rd: Das allj\u00e4hrliche Walpurgisnachtsfeuer ist in der ganzen Nachbarschaft zu sehen. 3. Altuna Hembygdsf\u00f6rening: Lesen und nicht verstehen ist wie...","rel":"","context":"In &quot;Rebusrunda&quot;","block_context":{"text":"Rebusrunda","link":"https:\/\/www.fjardhundraland.se\/de\/rebusrunda\/"},"img":{"alt_text":"Rebusrundan - bild p\u00e5 rebus","src":"https:\/\/i0.wp.com\/www.fjardhundraland.se\/wp-content\/uploads\/2014\/07\/2012-08-12-at-16-06-46.jpg?resize=350%2C200&ssl=1","width":350,"height":200,"srcset":"https:\/\/i0.wp.com\/www.fjardhundraland.se\/wp-content\/uploads\/2014\/07\/2012-08-12-at-16-06-46.jpg?resize=350%2C200&ssl=1 1x, https:\/\/i0.wp.com\/www.fjardhundraland.se\/wp-content\/uploads\/2014\/07\/2012-08-12-at-16-06-46.jpg?resize=525%2C300&ssl=1 1.5x, https:\/\/i0.wp.com\/www.fjardhundraland.se\/wp-content\/uploads\/2014\/07\/2012-08-12-at-16-06-46.jpg?resize=700%2C400&ssl=1 2x, https:\/\/i0.wp.com\/www.fjardhundraland.se\/wp-content\/uploads\/2014\/07\/2012-08-12-at-16-06-46.jpg?resize=1050%2C600&ssl=1 3x, https:\/\/i0.wp.com\/www.fjardhundraland.se\/wp-content\/uploads\/2014\/07\/2012-08-12-at-16-06-46.jpg?resize=1400%2C800&ssl=1 4x"},"classes":[]},{"id":3526,"url":"https:\/\/www.fjardhundraland.se\/de\/rebusrunda\/2016\/losningar-till-alla-rebusar\/","url_meta":{"origin":85,"position":4},"title":"L\u00f6sungen f\u00fcr alle Rebusse","author":"Ylva Fontell","date":"18 August 2016","format":false,"excerpt":"Gab es einen Rebus, den Sie nicht entziffern konnten? Oder waren sie ein Kinderspiel? Hier finden Sie die L\u00f6sungen zu allen R\u00e4tseln der Rebus-Runde 2016. Die Gewinner werden in ein paar Tagen bekannt gegeben. Alsta Tr\u00e4dg\u00e5rdar: Ausstellungen und Kaffeepausen inmitten von Blumen und Bl\u00e4ttern in den Gew\u00e4chsh\u00e4usern. Altuna Bygdeg\u00e5rdsf\u00f6rening: Hier finden Sie Attraktionen: Weihnachtsbaumpl\u00fcnderung, Kuchenpuffer,...","rel":"","context":"In &quot;Rebusrunda&quot;","block_context":{"text":"Rebusrunda","link":"https:\/\/www.fjardhundraland.se\/de\/rebusrunda\/"},"img":{"alt_text":"","src":"https:\/\/i0.wp.com\/www.fjardhundraland.se\/wp-content\/uploads\/2016\/07\/startkortrebus16_webb.jpg?resize=350%2C200&ssl=1","width":350,"height":200,"srcset":"https:\/\/i0.wp.com\/www.fjardhundraland.se\/wp-content\/uploads\/2016\/07\/startkortrebus16_webb.jpg?resize=350%2C200&ssl=1 1x, https:\/\/i0.wp.com\/www.fjardhundraland.se\/wp-content\/uploads\/2016\/07\/startkortrebus16_webb.jpg?resize=525%2C300&ssl=1 1.5x, https:\/\/i0.wp.com\/www.fjardhundraland.se\/wp-content\/uploads\/2016\/07\/startkortrebus16_webb.jpg?resize=700%2C400&ssl=1 2x, https:\/\/i0.wp.com\/www.fjardhundraland.se\/wp-content\/uploads\/2016\/07\/startkortrebus16_webb.jpg?resize=1050%2C600&ssl=1 3x, https:\/\/i0.wp.com\/www.fjardhundraland.se\/wp-content\/uploads\/2016\/07\/startkortrebus16_webb.jpg?resize=1400%2C800&ssl=1 4x"},"classes":[]},{"id":942,"url":"https:\/\/www.fjardhundraland.se\/de\/inlagg\/2012\/pa-krigsstigen-i-fjardhundraland\/","url_meta":{"origin":85,"position":5},"title":"Auf dem Kriegspfad in Fj\u00e4rdhundraland","author":"Mats Thorburn","date":"19 Mai 2012","format":false,"excerpt":"Am Samstag und Sonntag um 11 und 13 Uhr f\u00fchrt Sie G\u00f6ran Mellstr\u00f6m durch das Soldatendorf in Dunderbo (Wegbeschreibung). 10 bis 16 Uhr findet in Dunderbo au\u00dferdem ein Fr\u00fchlingsmarkt statt - danach k\u00f6nnen Sie eine der vielen Sehensw\u00fcrdigkeiten in Fj\u00e4rdhundraland besuchen. Sehen Sie sich die wei\u00dfen Anemonen in H\u00e5rsb\u00e4cksdalen an, am Samstag vielleicht kombiniert mit einem Besuch in Lagerl\u00f6fska...","rel":"","context":"In &quot;\u00c4ldre inl\u00e4gg&quot;","block_context":{"text":"\u00c4ldre inl\u00e4gg","link":"https:\/\/www.fjardhundraland.se\/de\/aldre-inlagg\/"},"img":{"alt_text":"Krigsstigen soldattorp","src":"https:\/\/i0.wp.com\/www.fjardhundraland.se\/wp-content\/uploads\/2012\/05\/krigsstigen-1024x682.jpg?resize=350%2C200&ssl=1","width":350,"height":200,"srcset":"https:\/\/i0.wp.com\/www.fjardhundraland.se\/wp-content\/uploads\/2012\/05\/krigsstigen-1024x682.jpg?resize=350%2C200&ssl=1 1x, https:\/\/i0.wp.com\/www.fjardhundraland.se\/wp-content\/uploads\/2012\/05\/krigsstigen-1024x682.jpg?resize=525%2C300&ssl=1 1.5x"},"classes":[]}],"jetpack_sharing_enabled":true,"_links":{"self":[{"href":"https:\/\/www.fjardhundraland.se\/de\/wp-json\/wp\/v2\/posts\/85","targetHints":{"allow":["GET"]}}],"collection":[{"href":"https:\/\/www.fjardhundraland.se\/de\/wp-json\/wp\/v2\/posts"}],"about":[{"href":"https:\/\/www.fjardhundraland.se\/de\/wp-json\/wp\/v2\/types\/post"}],"author":[{"embeddable":true,"href":"https:\/\/www.fjardhundraland.se\/de\/wp-json\/wp\/v2\/users\/4"}],"replies":[{"embeddable":true,"href":"https:\/\/www.fjardhundraland.se\/de\/wp-json\/wp\/v2\/comments?post=85"}],"version-history":[{"count":1,"href":"https:\/\/www.fjardhundraland.se\/de\/wp-json\/wp\/v2\/posts\/85\/revisions"}],"predecessor-version":[{"id":19772,"href":"https:\/\/www.fjardhundraland.se\/de\/wp-json\/wp\/v2\/posts\/85\/revisions\/19772"}],"wp:attachment":[{"href":"https:\/\/www.fjardhundraland.se\/de\/wp-json\/wp\/v2\/media?parent=85"}],"wp:term":[{"taxonomy":"category","embeddable":true,"href":"https:\/\/www.fjardhundraland.se\/de\/wp-json\/wp\/v2\/categories?post=85"},{"taxonomy":"post_tag","embeddable":true,"href":"https:\/\/www.fjardhundraland.se\/de\/wp-json\/wp\/v2\/tags?post=85"}],"curies":[{"name":"wp","href":"https:\/\/api.w.org\/{rel}","templated":true}]}}