
{"id":719,"date":"2011-11-27T16:00:26","date_gmt":"2011-11-27T15:00:26","guid":{"rendered":"http:\/\/www.fjardhundraland.se\/?p=719"},"modified":"2026-02-05T13:40:40","modified_gmt":"2026-02-05T12:40:40","slug":"ausstellung-und-verkauf-von-lusitano-hasen","status":"publish","type":"post","link":"https:\/\/www.fjardhundraland.se\/de\/djur\/2011\/uppvisning-och-saluvisning-av-lusitanohastar\/","title":{"rendered":"Tag der offenen T\u00fcr bei Rotbrunna H\u00e4st &amp; Kursg\u00e5rd"},"content":{"rendered":"<p><img decoding=\"async\" class=\"alignnone\" title=\"Nya stallet Rotbrunna\" src=\"https:\/\/fbcdn-sphotos-a.akamaihd.net\/hphotos-ak-ash4\/s720x720\/308198_312797062066800_290968917582948_1277406_1473628709_n.jpg\" alt=\"Nya stallet Rotbrunna\" width=\"576\" height=\"343\" \/><br \/>\nP\u00e5 l\u00f6rdag 3 december kl 15\u201317 kan du bes\u00f6ka <a title=\"Rotbrunna h\u00e4st &amp; kursg\u00e5rd\" href=\"https:\/\/www.rotbrunna.se\/\" target=\"_blank\" rel=\"noopener\">Rotbrunna H\u00e4st &amp; Kursg\u00e5rd<\/a> och deras nya stora ridhall.\u00a0Presentation av lusitanoh\u00e4sten och verksamheten p\u00e5 g\u00e5rden. Saluvisning av ungh\u00e4star och uppvisning av akademisk ridning.<\/p>\n<p>Rotbrunna f\u00e5r bes\u00f6k av\u00a0 Tiago Albergaria fr\u00e5n\u00a0stuteriet Entre Tejo e Sorraia i Portugal, som ocks\u00e5 ger en dressyrclinic p\u00e5 f\u00f6rmiddagarna 3\u20134\/12.<\/p>\n<p><a title=\"\u00d6ppet hus Rotbrunna\" href=\"https:\/\/www.rotbrunna.se\/uploads\/Oppet%20hus%203%20dec.pdf\" target=\"_blank\" rel=\"noopener\">Inbjudan<\/a> [pdf]<\/p>\n","protected":false},"excerpt":{"rendered":"<p>P\u00e5 l\u00f6rdag 3 december kl 15\u201317 kan du bes\u00f6ka Rotbrunna H\u00e4st &amp; Kursg\u00e5rd och deras nya stora ridhall.\u00a0Presentation av lusitanoh\u00e4sten och verksamheten p\u00e5 g\u00e5rden. Saluvisning av ungh\u00e4star och uppvisning av akademisk ridning. Rotbrunna f\u00e5r bes\u00f6k av\u00a0 Tiago Albergaria fr\u00e5n\u00a0stuteriet Entre Tejo e Sorraia i Portugal, som ocks\u00e5 ger en dressyrclinic p\u00e5 f\u00f6rmiddagarna 3\u20134\/12. Inbjudan [pdf]<\/p>\n","protected":false},"author":1,"featured_media":0,"comment_status":"open","ping_status":"open","sticky":false,"template":"","format":"standard","meta":{"_acf_changed":false,"_relevanssi_hide_post":"","_relevanssi_hide_content":"","_relevanssi_pin_for_all":"","_relevanssi_pin_keywords":"","_relevanssi_unpin_keywords":"","_relevanssi_related_keywords":"","_relevanssi_related_include_ids":"","_relevanssi_related_exclude_ids":"","_relevanssi_related_no_append":"","_relevanssi_related_not_related":"","_relevanssi_related_posts":"","_relevanssi_noindex_reason":"Rank Math Uteslut fr\u00e5n Relevanssi index","_genesis_hide_title":false,"_genesis_hide_breadcrumbs":false,"_genesis_hide_singular_image":false,"_genesis_hide_footer_widgets":false,"_genesis_custom_body_class":"","_genesis_custom_post_class":"","_genesis_layout":"","_jetpack_memberships_contains_paid_content":false,"footnotes":""},"categories":[353,43],"tags":[352,60,62],"class_list":{"0":"post-719","1":"post","2":"type-post","3":"status-publish","4":"format-standard","6":"category-aldre-inlagg","7":"category-djur","8":"tag-aldre-inlagg","9":"tag-lusitano","10":"tag-rotbrunna","11":"entry"},"acf":[],"visa":null,"geo_latitude":null,"geo_longitude":null,"jetpack_featured_media_url":"","featured_image_src":null,"featured_image_src_square":null,"author_info":{"display_name":"Mats Thorburn","author_link":"https:\/\/www.fjardhundraland.se\/de\/author\/matst\/"},"jetpack-related-posts":[{"id":546,"url":"https:\/\/www.fjardhundraland.se\/de\/djur\/2011\/ridlektioner-i-harmoni-med-hasten\/","url_meta":{"origin":719,"position":0},"title":"Reitunterricht im Einklang mit dem Pferd","author":"Mats Thorburn","date":"6 August 2011","format":false,"excerpt":"Auf dem Pferdehof Rotbrunna k\u00f6nnen Sie Ihre Reitkenntnisse durch Unterricht und Kurse auf dem portugiesischen Stierkampfpferd Lusitano verbessern.","rel":"","context":"In &quot;\u00c4ldre inl\u00e4gg&quot;","block_context":{"text":"\u00c4ldre inl\u00e4gg","link":"https:\/\/www.fjardhundraland.se\/de\/aldre-inlagg\/"},"img":{"alt_text":"Delicada, Lusitano p\u00e5 Rotbrunna h\u00e4stg\u00e5rd","src":"https:\/\/i0.wp.com\/www.fjardhundraland.se\/wp-content\/uploads\/2011\/08\/delicada1-630x840.jpg?resize=350%2C200&ssl=1","width":350,"height":200,"srcset":"https:\/\/i0.wp.com\/www.fjardhundraland.se\/wp-content\/uploads\/2011\/08\/delicada1-630x840.jpg?resize=350%2C200&ssl=1 1x, https:\/\/i0.wp.com\/www.fjardhundraland.se\/wp-content\/uploads\/2011\/08\/delicada1-630x840.jpg?resize=525%2C300&ssl=1 1.5x"},"classes":[]},{"id":920,"url":"https:\/\/www.fjardhundraland.se\/de\/mat\/2012\/mat-musik-och-hastar-fran-portugal\/","url_meta":{"origin":719,"position":1},"title":"Essen, Musik und Pferde aus Portugal","author":"Mats Thorburn","date":"30 April 2012","format":false,"excerpt":"Am 12. Mai k\u00f6nnen Sie den portugiesischen Abend mit Weinverkostung, dreig\u00e4ngigem portugiesischem Abendessen und Lusitano-Pferden besuchen. Ort: Pferde- und Ausbildungszentrum Rotbrunna. Lesen Sie mehr unter rotbrunna.se. \u00a0","rel":"","context":"In &quot;\u00c4ldre inl\u00e4gg&quot;","block_context":{"text":"\u00c4ldre inl\u00e4gg","link":"https:\/\/www.fjardhundraland.se\/de\/aldre-inlagg\/"},"img":{"alt_text":"","src":"","width":0,"height":0},"classes":[]},{"id":1379,"url":"https:\/\/www.fjardhundraland.se\/de\/gardsbutiker\/2013\/rebusrundan-2013\/","url_meta":{"origin":719,"position":2},"title":"Die Tour der Weinberge 2013","author":"Ylva Fontell","date":"27 Juli 2013","format":false,"excerpt":"Machen Sie mit Ihrer Familie oder Ihren Freunden einen Ausflug in Fj\u00e4rdhundraland. An den Sonntagen 4. und 11. August haben Attraktionen und Gesch\u00e4fte im ganzen Bezirk extra ge\u00f6ffnet. Besuchen und kaufen Sie ein, trinken Sie einen Kaffee, erleben Sie etwas - und nehmen Sie gleichzeitig an einem lustigen und einfachen Rebus-Wettbewerb teil! Hier sind die Startkarten und...","rel":"","context":"In &quot;\u00c4ldre inl\u00e4gg&quot;","block_context":{"text":"\u00c4ldre inl\u00e4gg","link":"https:\/\/www.fjardhundraland.se\/de\/aldre-inlagg\/"},"img":{"alt_text":"","src":"","width":0,"height":0},"classes":[]},{"id":2495,"url":"https:\/\/www.fjardhundraland.se\/de\/rebusrunda\/2014\/vinnarna-rebusrundan-2014\/","url_meta":{"origin":719,"position":3},"title":"Die Gewinner der Rebus-Runde 2014","author":"Mats Thorburn","date":"29 August 2014","format":false,"excerpt":"Hier sind die Gewinner der diesj\u00e4hrigen Rebus-Runde! Die Gewinner werden von dem Unternehmen, von dem sie gewonnen haben, benachrichtigt (Sie k\u00f6nnen sich auch selbst an sie wenden). Ulrika Skarp - Rotbrunna H\u00e4st och kursg\u00e5rd Lilian Ekh - Lundellska galleriet Ann-Mari Lundin - Dunderbo ljus och hantverk Joakim Dahlgren - H\u00e4stkraft Fj\u00e4rdhundra...","rel":"","context":"In &quot;\u00c4ldre inl\u00e4gg&quot;","block_context":{"text":"\u00c4ldre inl\u00e4gg","link":"https:\/\/www.fjardhundraland.se\/de\/aldre-inlagg\/"},"img":{"alt_text":"","src":"","width":0,"height":0},"classes":[]},{"id":1167,"url":"https:\/\/www.fjardhundraland.se\/de\/entreprenorskap-i-fjardhundraland\/2012\/vinnare-rebusrundan\/","url_meta":{"origin":719,"position":4},"title":"Die Gewinner der Rebus-Runde","author":"Mats Thorburn","date":"22 August 2012","format":false,"excerpt":"Vielen Dank an alle Besucher, die mit Fj\u00e4rdhundraland auf der Rebus-Tour unterwegs waren! Herzlichen Gl\u00fcckwunsch auch an diejenigen, die die tollen Preise gewonnen haben. Sie werden in K\u00fcrze kontaktiert. Name Platz Gewinnerin Maud Pettersson Fj\u00e4rdhundra Geschenkgutschein f\u00fcr \u201dTrivselkv\u00e4ll med underh\u00e5llning och gammeldags mat\u201d am 19.8. um 18 Uhr, gestiftet von Altuna...","rel":"","context":"In &quot;\u00c4ldre inl\u00e4gg&quot;","block_context":{"text":"\u00c4ldre inl\u00e4gg","link":"https:\/\/www.fjardhundraland.se\/de\/aldre-inlagg\/"},"img":{"alt_text":"Bes\u00f6kare p\u00e5 Kr\u00e5kvilan. Foto: Mats Thorburn.","src":"https:\/\/i0.wp.com\/www.fjardhundraland.se\/wp-content\/uploads\/2012\/08\/2012-08-12-at-13-29-07-630x420.jpg?resize=350%2C200&ssl=1","width":350,"height":200,"srcset":"https:\/\/i0.wp.com\/www.fjardhundraland.se\/wp-content\/uploads\/2012\/08\/2012-08-12-at-13-29-07-630x420.jpg?resize=350%2C200&ssl=1 1x, https:\/\/i0.wp.com\/www.fjardhundraland.se\/wp-content\/uploads\/2012\/08\/2012-08-12-at-13-29-07-630x420.jpg?resize=525%2C300&ssl=1 1.5x"},"classes":[]},{"id":1206,"url":"https:\/\/www.fjardhundraland.se\/de\/hantverk\/2012\/oppet-hus-18-november\/","url_meta":{"origin":719,"position":5},"title":"Tag der offenen T\u00fcr am 18. November","author":"Ylva Fontell","date":"4 November 2012","format":false,"excerpt":"Am Sonntag, den 18. November, erhalten Sie einen Einblick in das, was Fj\u00e4rdhundraland zu bieten hat. Der Verein stellt sich vor, viele Mitglieder erz\u00e4hlen von ihren Aktivit\u00e4ten\/verkaufen ihre Produkte, Sie k\u00f6nnen essen und Kaffee aus lokaler Produktion trinken und Filme oder Kindertheater sehen. Herzlich willkommen zu einem spannenden Abend in der Herbstdunkelheit! Die G\u00e4rtnerei H\u00e4rnevi ist vor Ort ...","rel":"","context":"In &quot;\u00c4ldre inl\u00e4gg&quot;","block_context":{"text":"\u00c4ldre inl\u00e4gg","link":"https:\/\/www.fjardhundraland.se\/de\/aldre-inlagg\/"},"img":{"alt_text":"","src":"","width":0,"height":0},"classes":[]}],"jetpack_sharing_enabled":true,"_links":{"self":[{"href":"https:\/\/www.fjardhundraland.se\/de\/wp-json\/wp\/v2\/posts\/719","targetHints":{"allow":["GET"]}}],"collection":[{"href":"https:\/\/www.fjardhundraland.se\/de\/wp-json\/wp\/v2\/posts"}],"about":[{"href":"https:\/\/www.fjardhundraland.se\/de\/wp-json\/wp\/v2\/types\/post"}],"author":[{"embeddable":true,"href":"https:\/\/www.fjardhundraland.se\/de\/wp-json\/wp\/v2\/users\/1"}],"replies":[{"embeddable":true,"href":"https:\/\/www.fjardhundraland.se\/de\/wp-json\/wp\/v2\/comments?post=719"}],"version-history":[{"count":1,"href":"https:\/\/www.fjardhundraland.se\/de\/wp-json\/wp\/v2\/posts\/719\/revisions"}],"predecessor-version":[{"id":19731,"href":"https:\/\/www.fjardhundraland.se\/de\/wp-json\/wp\/v2\/posts\/719\/revisions\/19731"}],"wp:attachment":[{"href":"https:\/\/www.fjardhundraland.se\/de\/wp-json\/wp\/v2\/media?parent=719"}],"wp:term":[{"taxonomy":"category","embeddable":true,"href":"https:\/\/www.fjardhundraland.se\/de\/wp-json\/wp\/v2\/categories?post=719"},{"taxonomy":"post_tag","embeddable":true,"href":"https:\/\/www.fjardhundraland.se\/de\/wp-json\/wp\/v2\/tags?post=719"}],"curies":[{"name":"wp","href":"https:\/\/api.w.org\/{rel}","templated":true}]}}