
{"id":6999,"date":"2020-06-17T07:39:18","date_gmt":"2020-06-17T05:39:18","guid":{"rendered":"https:\/\/www.fjardhundraland.se\/?p=6999"},"modified":"2026-02-05T13:42:57","modified_gmt":"2026-02-05T12:42:57","slug":"mittsommer-in-fjardhundraland-2020","status":"publish","type":"post","link":"https:\/\/www.fjardhundraland.se\/de\/inlagg\/2020\/midsommar-i-fjardhundraland-2020\/","title":{"rendered":"Mittsommer in Fj\u00e4rdhundraland 2020"},"content":{"rendered":"<p>M\u00f6chten Sie Mittsommer auf dem Land, in der N\u00e4he von Stockholm, Uppsala, V\u00e4ster\u00e5s und Enk\u00f6ping feiern? Dieses Jahr wird es anders sein. Die gro\u00dfen Mittsommerfeiern fallen aus, aber die kleinen Feiern k\u00f6nnen Sie selbst organisieren. Buchen Sie eine unserer sch\u00f6nen Unterk\u00fcnfte, und feiern Sie Mittsommer in der Natur! <a href=\"https:\/\/www.fjardhundraland.se\/de\/2020\/05\/buchen-sie-einen-urlaub-in-fjardhundraland\/\" class=\"rank-math-link\">Hier finden Sie Tipps zur Unterkunft<\/a>. <\/p>\n\n\n\n<p>Hier sind einige Tipps, was <a href=\"https:\/\/www.fjardhundraland.se\/nu\/\" class=\"rank-math-link\">geschieht in Fj\u00e4rdhundraland im Hochsommer<\/a>!<\/p>\n\n\n\n<p>Willkommen im Sommer!<\/p>","protected":false},"excerpt":{"rendered":"<p>Vill du fira midsommar p\u00e5 landet, n\u00e4ra Stockholm, Uppsala, V\u00e4ster\u00e5s och Enk\u00f6ping? I \u00e5r blir det annorlunda. De stora midsommarfirandena \u00e4r inst\u00e4llda, men det lilla firandet ordnar du sj\u00e4lv. Boka in dig p\u00e5 n\u00e5got av v\u00e5ra fina boenden, och fira midsommar n\u00e4ra naturen! H\u00e4r hittar du tips p\u00e5 boenden. H\u00e4r finns tips p\u00e5 vad som [&hellip;]<\/p>\n","protected":false},"author":1,"featured_media":6969,"comment_status":"closed","ping_status":"closed","sticky":false,"template":"","format":"standard","meta":{"_acf_changed":false,"_relevanssi_hide_post":"","_relevanssi_hide_content":"","_relevanssi_pin_for_all":"","_relevanssi_pin_keywords":"","_relevanssi_unpin_keywords":"","_relevanssi_related_keywords":"","_relevanssi_related_include_ids":"","_relevanssi_related_exclude_ids":"","_relevanssi_related_no_append":"","_relevanssi_related_not_related":"","_relevanssi_related_posts":"","_relevanssi_noindex_reason":"","_genesis_hide_title":false,"_genesis_hide_breadcrumbs":false,"_genesis_hide_singular_image":false,"_genesis_hide_footer_widgets":false,"_genesis_custom_body_class":"","_genesis_custom_post_class":"","_genesis_layout":"","_jetpack_memberships_contains_paid_content":false,"footnotes":""},"categories":[353,1],"tags":[33],"class_list":{"0":"post-6999","1":"post","2":"type-post","3":"status-publish","4":"format-standard","5":"has-post-thumbnail","7":"category-aldre-inlagg","8":"category-inlagg","9":"tag-midsommar","10":"entry"},"acf":[],"visa":null,"geo_latitude":null,"geo_longitude":null,"jetpack_featured_media_url":"https:\/\/www.fjardhundraland.se\/wp-content\/uploads\/2020\/06\/acc88ng-pracc88stkragar-midsommar-fjacc88rdhundraland.jpg","featured_image_src":"https:\/\/www.fjardhundraland.se\/wp-content\/uploads\/2020\/06\/acc88ng-pracc88stkragar-midsommar-fjacc88rdhundraland.jpg","featured_image_src_square":"https:\/\/www.fjardhundraland.se\/wp-content\/uploads\/2020\/06\/acc88ng-pracc88stkragar-midsommar-fjacc88rdhundraland.jpg","author_info":{"display_name":"Mats Thorburn","author_link":"https:\/\/www.fjardhundraland.se\/de\/author\/matst\/"},"jetpack-related-posts":[{"id":2677,"url":"https:\/\/www.fjardhundraland.se\/de\/inlagg\/2015\/midsommar-i-fjardhundraland-2015\/","url_meta":{"origin":6999,"position":0},"title":"Mittsommer in Fj\u00e4rdhundraland 2015","author":"","date":"10 Juni 2015","format":false,"excerpt":"Nat\u00fcrlich sind wir der Meinung, dass Mittsommer auf dem Lande gefeiert werden sollte. Und dann passt es gut zu der Landschaft, die so nah an Enk\u00f6ping sowie V\u00e4ster\u00e5s, Sala, Uppsala und Stockholm liegt. Willkommen zu einem Mittsommerausflug! Hier k\u00f6nnen Sie sehen, welche Mittsommerfeiern 2015 in Fj\u00e4rdhundraland stattfinden: Mittsommerfest auf dem H\u00e4rledg\u00e5rden in Torstuna. Tanzen um den Pfahl in...","rel":"","context":"In &quot;\u00c4ldre inl\u00e4gg&quot;","block_context":{"text":"\u00c4ldre inl\u00e4gg","link":"https:\/\/www.fjardhundraland.se\/de\/aldre-inlagg\/"},"img":{"alt_text":"Folkdanslag p\u00e5 H\u00e4rledg\u00e5rden p\u00e5 midsommar","src":"https:\/\/i0.wp.com\/www.fjardhundraland.se\/wp-content\/uploads\/2012\/05\/H%C3%A4rledg%C3%A5rden.jpg?resize=350%2C200&ssl=1","width":350,"height":200,"srcset":"https:\/\/i0.wp.com\/www.fjardhundraland.se\/wp-content\/uploads\/2012\/05\/H%C3%A4rledg%C3%A5rden.jpg?resize=350%2C200&ssl=1 1x, https:\/\/i0.wp.com\/www.fjardhundraland.se\/wp-content\/uploads\/2012\/05\/H%C3%A4rledg%C3%A5rden.jpg?resize=525%2C300&ssl=1 1.5x, https:\/\/i0.wp.com\/www.fjardhundraland.se\/wp-content\/uploads\/2012\/05\/H%C3%A4rledg%C3%A5rden.jpg?resize=700%2C400&ssl=1 2x, https:\/\/i0.wp.com\/www.fjardhundraland.se\/wp-content\/uploads\/2012\/05\/H%C3%A4rledg%C3%A5rden.jpg?resize=1050%2C600&ssl=1 3x, https:\/\/i0.wp.com\/www.fjardhundraland.se\/wp-content\/uploads\/2012\/05\/H%C3%A4rledg%C3%A5rden.jpg?resize=1400%2C800&ssl=1 4x"},"classes":[]},{"id":3363,"url":"https:\/\/www.fjardhundraland.se\/de\/inlagg\/2016\/midsommar-fjardhundraland-2016\/","url_meta":{"origin":6999,"position":1},"title":"Mittsommer in Fj\u00e4rdhundraland 2016","author":"Ylva Fontell","date":"21 Juni 2016","format":false,"excerpt":"Mittsommer sollte auf dem Lande gefeiert werden! Und dann passt es gut zu der Landschaft, die sowohl in der N\u00e4he von Enk\u00f6ping als auch von V\u00e4ster\u00e5s, Sala, Uppsala und Stockholm liegt. Willkommen zu einem Mittsommerausflug! Mittsommerfest auf dem H\u00e4rledg\u00e5rden in Torstuna. Tanz um den Pfahl auf dem H\u00e4rledg\u00e5rden. Unterhaltung. Volkst\u00e4nze. Kaffeegedeck. Freier Eintritt. 13.30 Uhr Mittsommerpfahl wird hereingetragen und aufgestellt mehr Info Mittsommerfest...","rel":"","context":"In &quot;\u00c4ldre inl\u00e4gg&quot;","block_context":{"text":"\u00c4ldre inl\u00e4gg","link":"https:\/\/www.fjardhundraland.se\/de\/aldre-inlagg\/"},"img":{"alt_text":"Folkdanslag p\u00e5 H\u00e4rledg\u00e5rden p\u00e5 midsommar","src":"https:\/\/i0.wp.com\/www.fjardhundraland.se\/wp-content\/uploads\/2012\/05\/H%C3%A4rledg%C3%A5rden.jpg?resize=350%2C200&ssl=1","width":350,"height":200,"srcset":"https:\/\/i0.wp.com\/www.fjardhundraland.se\/wp-content\/uploads\/2012\/05\/H%C3%A4rledg%C3%A5rden.jpg?resize=350%2C200&ssl=1 1x, https:\/\/i0.wp.com\/www.fjardhundraland.se\/wp-content\/uploads\/2012\/05\/H%C3%A4rledg%C3%A5rden.jpg?resize=525%2C300&ssl=1 1.5x, https:\/\/i0.wp.com\/www.fjardhundraland.se\/wp-content\/uploads\/2012\/05\/H%C3%A4rledg%C3%A5rden.jpg?resize=700%2C400&ssl=1 2x, https:\/\/i0.wp.com\/www.fjardhundraland.se\/wp-content\/uploads\/2012\/05\/H%C3%A4rledg%C3%A5rden.jpg?resize=1050%2C600&ssl=1 3x, https:\/\/i0.wp.com\/www.fjardhundraland.se\/wp-content\/uploads\/2012\/05\/H%C3%A4rledg%C3%A5rden.jpg?resize=1400%2C800&ssl=1 4x"},"classes":[]},{"id":1023,"url":"https:\/\/www.fjardhundraland.se\/de\/externt\/2012\/midsommar-2012-harkeberga-harled-altuna-och-frosthult\/","url_meta":{"origin":6999,"position":2},"title":"Mittsommer 2012 in H\u00e4rkeberga, H\u00e4rled, Altuna und Fr\u00f6sthult","author":"Mats Thorburn","date":"19 Juni 2012","format":false,"excerpt":"Mittsommer 2014: hier klicken! Feiern Sie Mittsommer im sch\u00f6nen Fj\u00e4rdhundraland! Mittsommerabend in Altuna, H\u00e4rledg\u00e5rden, H\u00e4rkeberga und Fr\u00f6sthult Altuna hembygdsg\u00e5rd. 13:30. Mittsommerfest in Altuna hembygdsg\u00e5rd. Tanz um den Mittsommerpfahl, Quizwanderung und Verlosung. Kaffee und selbstgebackenes Brot. Willkommen zum Fest! Fr\u00f6sthults Bygdeg\u00e5rd. Um 13.30 Uhr. Mittsommerfest. Bringen Sie Blumen und Bl\u00e4tter f\u00fcr den Mittsommerpfahl, Freunde zum Genie\u00dfen und einen Kaffeekorb mit.","rel":"","context":"In &quot;\u00c4ldre inl\u00e4gg&quot;","block_context":{"text":"\u00c4ldre inl\u00e4gg","link":"https:\/\/www.fjardhundraland.se\/de\/aldre-inlagg\/"},"img":{"alt_text":"","src":"https:\/\/i0.wp.com\/www.fjardhundraland.se\/wp-content\/uploads\/2011\/06\/MG_6913-1024x682.jpg?resize=350%2C200&ssl=1","width":350,"height":200,"srcset":"https:\/\/i0.wp.com\/www.fjardhundraland.se\/wp-content\/uploads\/2011\/06\/MG_6913-1024x682.jpg?resize=350%2C200&ssl=1 1x, https:\/\/i0.wp.com\/www.fjardhundraland.se\/wp-content\/uploads\/2011\/06\/MG_6913-1024x682.jpg?resize=525%2C300&ssl=1 1.5x"},"classes":[]},{"id":2376,"url":"https:\/\/www.fjardhundraland.se\/de\/inlagg\/2014\/midsommar-fjardhundraland-2014\/","url_meta":{"origin":6999,"position":3},"title":"Mittsommer in Fj\u00e4rdhundraland 2014","author":"Mats Thorburn","date":"5 Juni 2014","format":false,"excerpt":"Feiern Sie Mittsommer im sch\u00f6nen Fj\u00e4rdhundraland - in H\u00e4rkeberga, H\u00e4rledg\u00e5rden, Altuna, Biskopskulla und in Fr\u00f6sthult. Machen Sie einen Mittsommerausflug von Enk\u00f6ping, V\u00e4ster\u00e5s, Sala oder Uppsala - ein perfekter Mittsommer auf dem Land! Mittsommerfest um 13:30 Uhr im H\u00e4rledg\u00e5rden. Tanzen um den Pfahl. Unterhaltung. Volkst\u00e4nze. Kaffee-Bedienung. Freier Eintritt. Veranstalter: Torstuna Hembygdsf\u00f6rening Tel: 070-859 32 84 https:\/\/www.hembygd.se\/uppland\/torstuna Mittsommerfest in Altuna...","rel":"","context":"In &quot;\u00c4ldre inl\u00e4gg&quot;","block_context":{"text":"\u00c4ldre inl\u00e4gg","link":"https:\/\/www.fjardhundraland.se\/de\/aldre-inlagg\/"},"img":{"alt_text":"Folkdanslag p\u00e5 H\u00e4rledg\u00e5rden p\u00e5 midsommar","src":"https:\/\/i0.wp.com\/www.fjardhundraland.se\/wp-content\/uploads\/2012\/05\/H%C3%A4rledg%C3%A5rden.jpg?resize=350%2C200&ssl=1","width":350,"height":200,"srcset":"https:\/\/i0.wp.com\/www.fjardhundraland.se\/wp-content\/uploads\/2012\/05\/H%C3%A4rledg%C3%A5rden.jpg?resize=350%2C200&ssl=1 1x, https:\/\/i0.wp.com\/www.fjardhundraland.se\/wp-content\/uploads\/2012\/05\/H%C3%A4rledg%C3%A5rden.jpg?resize=525%2C300&ssl=1 1.5x, https:\/\/i0.wp.com\/www.fjardhundraland.se\/wp-content\/uploads\/2012\/05\/H%C3%A4rledg%C3%A5rden.jpg?resize=700%2C400&ssl=1 2x, https:\/\/i0.wp.com\/www.fjardhundraland.se\/wp-content\/uploads\/2012\/05\/H%C3%A4rledg%C3%A5rden.jpg?resize=1050%2C600&ssl=1 3x, https:\/\/i0.wp.com\/www.fjardhundraland.se\/wp-content\/uploads\/2012\/05\/H%C3%A4rledg%C3%A5rden.jpg?resize=1400%2C800&ssl=1 4x"},"classes":[]},{"id":367,"url":"https:\/\/www.fjardhundraland.se\/de\/externt\/2011\/midsommar-i-det-grona\/","url_meta":{"origin":6999,"position":4},"title":"Mittsommer im Gr\u00fcnen!","author":"Mats Thorburn","date":"23 Juni 2011","format":false,"excerpt":"Mittsommer 2013: hier klicken! Feiern Sie Mittsommer im sch\u00f6nen Fj\u00e4rdhundraland! Bereits am 23\/6 k\u00f6nnen Sie den Maibaum am Biskopskulla-Tag um 19 Uhr oder am Kaplansg\u00e5rden, H\u00e4rkeberga, um 19 Uhr aufstellen. Mittsommerabend: Altuna hembygdsg\u00e5rd. 13:30-16:30. Tanz um den Pfahl mit Akkordeonmusik, Zauberer Micke Ramsell, Tipp-Walk, Lotterie f\u00fcr Kinder und Erwachsene, Erraten des Gewichts des Kaninchens, Spiele, Gelegenheit zum Besuch der Wandbeh\u00e4nge-Ausstellung ...","rel":"","context":"In &quot;\u00c4ldre inl\u00e4gg&quot;","block_context":{"text":"\u00c4ldre inl\u00e4gg","link":"https:\/\/www.fjardhundraland.se\/de\/aldre-inlagg\/"},"img":{"alt_text":"","src":"https:\/\/i0.wp.com\/www.fjardhundraland.se\/wp-content\/uploads\/2011\/06\/MG_6913-1024x682.jpg?resize=350%2C200&ssl=1","width":350,"height":200,"srcset":"https:\/\/i0.wp.com\/www.fjardhundraland.se\/wp-content\/uploads\/2011\/06\/MG_6913-1024x682.jpg?resize=350%2C200&ssl=1 1x, https:\/\/i0.wp.com\/www.fjardhundraland.se\/wp-content\/uploads\/2011\/06\/MG_6913-1024x682.jpg?resize=525%2C300&ssl=1 1.5x"},"classes":[]},{"id":1354,"url":"https:\/\/www.fjardhundraland.se\/de\/utflykt\/2013\/midsommar-i-fjardhundraland-2013\/","url_meta":{"origin":6999,"position":5},"title":"Mittsommer in Fj\u00e4rdhundraland 2013 - H\u00e4rkeberga, H\u00e4rled, Altuna und Fr\u00f6sthult","author":"Mats Thorburn","date":"14 Juni 2013","format":false,"excerpt":"Jetzt ist es 2014 - lesen Sie hier \u00fcber Mittsommer 2014! Mittsommerfest im H\u00e4rledg\u00e5rden, Torstuna 13.30 Mittsommerfest im H\u00e4rled. Organisatoren 2013 K\u00e4llinge, Ekeby, Str\u00f6msta, Nydala. Tanz um die Stange, Unterhaltung, Volkstanz mit Enk\u00f6pings Folkdansgille, Kaffeeservice, Verlosungen. Veranstalter: Torstuna Hembygdsf\u00f6rening, Veranstaltungsort: H\u00e4rledg\u00e5rden. E-mail: katarina.wall@telia.com Website Mittsommer in H\u00e4rkeberga Willkommen zum Feiern einer kulturellen...","rel":"","context":"In &quot;\u00c4ldre inl\u00e4gg&quot;","block_context":{"text":"\u00c4ldre inl\u00e4gg","link":"https:\/\/www.fjardhundraland.se\/de\/aldre-inlagg\/"},"img":{"alt_text":"midsommar","src":"https:\/\/i0.wp.com\/www.fjardhundraland.se\/wp-content\/uploads\/2013\/06\/mids-1-630x419.jpg?resize=350%2C200&ssl=1","width":350,"height":200,"srcset":"https:\/\/i0.wp.com\/www.fjardhundraland.se\/wp-content\/uploads\/2013\/06\/mids-1-630x419.jpg?resize=350%2C200&ssl=1 1x, https:\/\/i0.wp.com\/www.fjardhundraland.se\/wp-content\/uploads\/2013\/06\/mids-1-630x419.jpg?resize=525%2C300&ssl=1 1.5x"},"classes":[]}],"jetpack_sharing_enabled":true,"_links":{"self":[{"href":"https:\/\/www.fjardhundraland.se\/de\/wp-json\/wp\/v2\/posts\/6999","targetHints":{"allow":["GET"]}}],"collection":[{"href":"https:\/\/www.fjardhundraland.se\/de\/wp-json\/wp\/v2\/posts"}],"about":[{"href":"https:\/\/www.fjardhundraland.se\/de\/wp-json\/wp\/v2\/types\/post"}],"author":[{"embeddable":true,"href":"https:\/\/www.fjardhundraland.se\/de\/wp-json\/wp\/v2\/users\/1"}],"replies":[{"embeddable":true,"href":"https:\/\/www.fjardhundraland.se\/de\/wp-json\/wp\/v2\/comments?post=6999"}],"version-history":[{"count":1,"href":"https:\/\/www.fjardhundraland.se\/de\/wp-json\/wp\/v2\/posts\/6999\/revisions"}],"predecessor-version":[{"id":19785,"href":"https:\/\/www.fjardhundraland.se\/de\/wp-json\/wp\/v2\/posts\/6999\/revisions\/19785"}],"wp:featuredmedia":[{"embeddable":true,"href":"https:\/\/www.fjardhundraland.se\/de\/wp-json\/wp\/v2\/media\/6969"}],"wp:attachment":[{"href":"https:\/\/www.fjardhundraland.se\/de\/wp-json\/wp\/v2\/media?parent=6999"}],"wp:term":[{"taxonomy":"category","embeddable":true,"href":"https:\/\/www.fjardhundraland.se\/de\/wp-json\/wp\/v2\/categories?post=6999"},{"taxonomy":"post_tag","embeddable":true,"href":"https:\/\/www.fjardhundraland.se\/de\/wp-json\/wp\/v2\/tags?post=6999"}],"curies":[{"name":"wp","href":"https:\/\/api.w.org\/{rel}","templated":true}]}}