
{"id":6908,"date":"2020-06-05T00:36:03","date_gmt":"2020-06-04T22:36:03","guid":{"rendered":"https:\/\/www.fjardhundraland.se\/?p=6908"},"modified":"2020-06-05T00:48:28","modified_gmt":"2020-06-04T22:48:28","slug":"lkw-fahrer-in-fjardhundraland","status":"publish","type":"post","link":"https:\/\/www.fjardhundraland.se\/de\/upplevelser\/2020\/langsamhemester-fjardhundraland\/","title":{"rendered":"\u00dcber langsame Lastwagen in Fj\u00e4rdhundraland"},"content":{"rendered":"<p><strong>Sollten wir in Zeiten der Korona auf Reisen gehen? Ja, das wollen wir. Aber nah und sicher! Das dachten sich auch Ingemar und Ann-Marie, die in Europa unterwegs waren und ihre Abenteuer auf <a aria-label=\"The Vintage Man&#039;s Blog (\u00f6ffnet in einem neuen Tab)\" href=\"https:\/\/vintagemannen.se\/\" target=\"_blank\" rel=\"noreferrer noopener\" class=\"rank-math-link\">Blog eines alten Mannes<\/a> und <a href=\"https:\/\/www.instagram.com\/vintagemannen\/\" class=\"rank-math-link\" target=\"_blank\" rel=\"noopener\">Instagram<\/a>. Deshalb haben wir unseren Urlaub in Fj\u00e4rdhundraland verbracht, eine kurze Fahrt von Stockholm entfernt.<\/strong><\/p>\n\n\n\n<p>Alle Reisen des Vintage Man basieren auf alten Reisef\u00fchrern und werden in Vintage-Kleidung durchgef\u00fchrt, d. h. in Kleidung, die in die (damalige) Zeit passt. Die Reise in Fj\u00e4rdhundraland war da keine Ausnahme. Treten Sie ein in die 60er Jahre! <a href=\"https:\/\/vintagemannen.se\/\" class=\"rank-math-link\" target=\"_blank\" rel=\"noopener\">Folgen Sie ihm in einer Reihe von Beitr\u00e4gen auf <em>Alte M\u00e4nner<\/em><\/a>.<\/p>\n\n\n\n<div class=\"wp-block-jetpack-tiled-gallery aligncenter is-style-rectangular\"><div class=\"tiled-gallery__gallery\"><div class=\"tiled-gallery__row\"><div class=\"tiled-gallery__col\"><figure class=\"tiled-gallery__item\"><img decoding=\"async\" data-attachment-id=\"6910\" data-permalink=\"https:\/\/www.fjardhundraland.se\/de\/upplevelser\/2020\/langsamhemester-fjardhundraland\/attachment\/rundan\/\" data-orig-file=\"https:\/\/www.fjardhundraland.se\/wp-content\/uploads\/2020\/06\/rundan.jpg\" data-orig-size=\"2048,870\" data-comments-opened=\"0\" data-image-meta=\"{&quot;aperture&quot;:&quot;0&quot;,&quot;credit&quot;:&quot;&quot;,&quot;camera&quot;:&quot;&quot;,&quot;caption&quot;:&quot;&quot;,&quot;created_timestamp&quot;:&quot;0&quot;,&quot;copyright&quot;:&quot;&quot;,&quot;focal_length&quot;:&quot;0&quot;,&quot;iso&quot;:&quot;0&quot;,&quot;shutter_speed&quot;:&quot;0&quot;,&quot;title&quot;:&quot;&quot;,&quot;orientation&quot;:&quot;0&quot;}\" data-image-title=\"rundan\" data-image-description=\"\" data-image-caption=\"\" data-large-file=\"https:\/\/www.fjardhundraland.se\/wp-content\/uploads\/2020\/06\/rundan.jpg\" role=\"button\" tabindex=\"0\" aria-label=\"Bild 1 von 3 im Vollbildmodus \u00f6ffnen\" srcset=\"https:\/\/i1.wp.com\/www.fjardhundraland.se\/wp-content\/uploads\/2020\/06\/rundan.jpg?strip=info&#038;w=600&#038;ssl=1 600w,https:\/\/i1.wp.com\/www.fjardhundraland.se\/wp-content\/uploads\/2020\/06\/rundan.jpg?strip=info&#038;w=900&#038;ssl=1 900w,https:\/\/i1.wp.com\/www.fjardhundraland.se\/wp-content\/uploads\/2020\/06\/rundan.jpg?strip=info&#038;w=1200&#038;ssl=1 1200w,https:\/\/i1.wp.com\/www.fjardhundraland.se\/wp-content\/uploads\/2020\/06\/rundan.jpg?strip=info&#038;w=1500&#038;ssl=1 1500w,https:\/\/i1.wp.com\/www.fjardhundraland.se\/wp-content\/uploads\/2020\/06\/rundan.jpg?strip=info&#038;w=1800&#038;ssl=1 1800w,https:\/\/i1.wp.com\/www.fjardhundraland.se\/wp-content\/uploads\/2020\/06\/rundan.jpg?strip=info&#038;w=2000&#038;ssl=1 2000w\" alt=\"\" data-height=\"870\" data-id=\"6910\" data-link=\"https:\/\/www.fjardhundraland.se\/?attachment_id=6910\" data-url=\"https:\/\/www.fjardhundraland.se\/wp-content\/uploads\/2020\/06\/rundan.jpg\" data-width=\"2048\" src=\"https:\/\/i1.wp.com\/www.fjardhundraland.se\/wp-content\/uploads\/2020\/06\/rundan.jpg?ssl=1\" title=\"\"><\/figure><\/div><\/div><div class=\"tiled-gallery__row\"><div class=\"tiled-gallery__col\"><figure class=\"tiled-gallery__item\"><img decoding=\"async\" data-attachment-id=\"6911\" data-permalink=\"https:\/\/www.fjardhundraland.se\/de\/upplevelser\/2020\/langsamhemester-fjardhundraland\/attachment\/p1800-bio-c396rsundsbro-4\/\" data-orig-file=\"https:\/\/www.fjardhundraland.se\/wp-content\/uploads\/2020\/06\/p1800-bio-c396rsundsbro-4.jpg\" data-orig-size=\"2048,1536\" data-comments-opened=\"0\" data-image-meta=\"{&quot;aperture&quot;:&quot;0&quot;,&quot;credit&quot;:&quot;&quot;,&quot;camera&quot;:&quot;&quot;,&quot;caption&quot;:&quot;&quot;,&quot;created_timestamp&quot;:&quot;0&quot;,&quot;copyright&quot;:&quot;&quot;,&quot;focal_length&quot;:&quot;0&quot;,&quot;iso&quot;:&quot;0&quot;,&quot;shutter_speed&quot;:&quot;0&quot;,&quot;title&quot;:&quot;&quot;,&quot;orientation&quot;:&quot;0&quot;}\" data-image-title=\"p1800-bio-c396rsundsbro-4\" data-image-description=\"\" data-image-caption=\"\" data-large-file=\"https:\/\/www.fjardhundraland.se\/wp-content\/uploads\/2020\/06\/p1800-bio-c396rsundsbro-4.jpg\" role=\"button\" tabindex=\"0\" aria-label=\"Bild 2 von 3 im Vollbildmodus \u00f6ffnen\" srcset=\"https:\/\/i0.wp.com\/www.fjardhundraland.se\/wp-content\/uploads\/2020\/06\/p1800-bio-c396rsundsbro-4.jpg?strip=info&#038;w=600&#038;ssl=1 600w,https:\/\/i0.wp.com\/www.fjardhundraland.se\/wp-content\/uploads\/2020\/06\/p1800-bio-c396rsundsbro-4.jpg?strip=info&#038;w=900&#038;ssl=1 900w,https:\/\/i0.wp.com\/www.fjardhundraland.se\/wp-content\/uploads\/2020\/06\/p1800-bio-c396rsundsbro-4.jpg?strip=info&#038;w=1200&#038;ssl=1 1200w,https:\/\/i0.wp.com\/www.fjardhundraland.se\/wp-content\/uploads\/2020\/06\/p1800-bio-c396rsundsbro-4.jpg?strip=info&#038;w=1500&#038;ssl=1 1500w,https:\/\/i0.wp.com\/www.fjardhundraland.se\/wp-content\/uploads\/2020\/06\/p1800-bio-c396rsundsbro-4.jpg?strip=info&#038;w=1800&#038;ssl=1 1800w,https:\/\/i0.wp.com\/www.fjardhundraland.se\/wp-content\/uploads\/2020\/06\/p1800-bio-c396rsundsbro-4.jpg?strip=info&#038;w=2000&#038;ssl=1 2000w\" alt=\"\" data-height=\"1536\" data-id=\"6911\" data-link=\"https:\/\/www.fjardhundraland.se\/?attachment_id=6911\" data-url=\"https:\/\/www.fjardhundraland.se\/wp-content\/uploads\/2020\/06\/p1800-bio-c396rsundsbro-4.jpg\" data-width=\"2048\" src=\"https:\/\/i0.wp.com\/www.fjardhundraland.se\/wp-content\/uploads\/2020\/06\/p1800-bio-c396rsundsbro-4.jpg?ssl=1\" title=\"\"><\/figure><\/div><div class=\"tiled-gallery__col\"><figure class=\"tiled-gallery__item\"><img decoding=\"async\" data-attachment-id=\"6912\" data-permalink=\"https:\/\/www.fjardhundraland.se\/de\/upplevelser\/2020\/langsamhemester-fjardhundraland\/attachment\/landsberga-gc3a5rd-2020-05-26-30\/\" data-orig-file=\"https:\/\/www.fjardhundraland.se\/wp-content\/uploads\/2020\/06\/landsberga-gc3a5rd-2020-05-26-30.jpg\" data-orig-size=\"2048,1365\" data-comments-opened=\"0\" data-image-meta=\"{&quot;aperture&quot;:&quot;0&quot;,&quot;credit&quot;:&quot;&quot;,&quot;camera&quot;:&quot;&quot;,&quot;caption&quot;:&quot;&quot;,&quot;created_timestamp&quot;:&quot;0&quot;,&quot;copyright&quot;:&quot;&quot;,&quot;focal_length&quot;:&quot;0&quot;,&quot;iso&quot;:&quot;0&quot;,&quot;shutter_speed&quot;:&quot;0&quot;,&quot;title&quot;:&quot;&quot;,&quot;orientation&quot;:&quot;0&quot;}\" data-image-title=\"landsberga-gc3a5rd-2020-05-26-30\" data-image-description=\"\" data-image-caption=\"\" data-large-file=\"https:\/\/www.fjardhundraland.se\/wp-content\/uploads\/2020\/06\/landsberga-gc3a5rd-2020-05-26-30.jpg\" role=\"button\" tabindex=\"0\" aria-label=\"Bild 3 von 3 im Vollbildmodus \u00f6ffnen\" srcset=\"https:\/\/i1.wp.com\/www.fjardhundraland.se\/wp-content\/uploads\/2020\/06\/landsberga-gc3a5rd-2020-05-26-30.jpg?strip=info&#038;w=600&#038;ssl=1 600w,https:\/\/i1.wp.com\/www.fjardhundraland.se\/wp-content\/uploads\/2020\/06\/landsberga-gc3a5rd-2020-05-26-30.jpg?strip=info&#038;w=900&#038;ssl=1 900w,https:\/\/i1.wp.com\/www.fjardhundraland.se\/wp-content\/uploads\/2020\/06\/landsberga-gc3a5rd-2020-05-26-30.jpg?strip=info&#038;w=1200&#038;ssl=1 1200w,https:\/\/i1.wp.com\/www.fjardhundraland.se\/wp-content\/uploads\/2020\/06\/landsberga-gc3a5rd-2020-05-26-30.jpg?strip=info&#038;w=1500&#038;ssl=1 1500w,https:\/\/i1.wp.com\/www.fjardhundraland.se\/wp-content\/uploads\/2020\/06\/landsberga-gc3a5rd-2020-05-26-30.jpg?strip=info&#038;w=1800&#038;ssl=1 1800w,https:\/\/i1.wp.com\/www.fjardhundraland.se\/wp-content\/uploads\/2020\/06\/landsberga-gc3a5rd-2020-05-26-30.jpg?strip=info&#038;w=2000&#038;ssl=1 2000w\" alt=\"\" data-height=\"1365\" data-id=\"6912\" data-link=\"https:\/\/www.fjardhundraland.se\/?attachment_id=6912\" data-url=\"https:\/\/www.fjardhundraland.se\/wp-content\/uploads\/2020\/06\/landsberga-gc3a5rd-2020-05-26-30.jpg\" data-width=\"2048\" src=\"https:\/\/i1.wp.com\/www.fjardhundraland.se\/wp-content\/uploads\/2020\/06\/landsberga-gc3a5rd-2020-05-26-30.jpg?ssl=1\" title=\"\"><\/figure><\/div><\/div><\/div><\/div>\n\n\n\n<figure class=\"wp-block-image size-large\"><img decoding=\"async\" width=\"2048\" height=\"1536\" data-attachment-id=\"6913\" data-permalink=\"https:\/\/www.fjardhundraland.se\/de\/upplevelser\/2020\/langsamhemester-fjardhundraland\/attachment\/fjc3a4rdhundraland-kc3a4llor-11\/\" data-orig-file=\"https:\/\/www.fjardhundraland.se\/wp-content\/uploads\/2020\/06\/fjc3a4rdhundraland-kc3a4llor-11.jpg\" data-orig-size=\"2048,1536\" data-comments-opened=\"0\" data-image-meta=\"{&quot;aperture&quot;:&quot;0&quot;,&quot;credit&quot;:&quot;&quot;,&quot;camera&quot;:&quot;&quot;,&quot;caption&quot;:&quot;&quot;,&quot;created_timestamp&quot;:&quot;0&quot;,&quot;copyright&quot;:&quot;&quot;,&quot;focal_length&quot;:&quot;0&quot;,&quot;iso&quot;:&quot;0&quot;,&quot;shutter_speed&quot;:&quot;0&quot;,&quot;title&quot;:&quot;&quot;,&quot;orientation&quot;:&quot;0&quot;}\" data-image-title=\"fjc3a4rdhundraland-kc3a4llor-11\" data-image-description=\"\" data-image-caption=\"\" data-large-file=\"https:\/\/www.fjardhundraland.se\/wp-content\/uploads\/2020\/06\/fjc3a4rdhundraland-kc3a4llor-11.jpg\" src=\"https:\/\/i1.wp.com\/www.fjardhundraland.se\/wp-content\/uploads\/2020\/06\/fjc3a4rdhundraland-kc3a4llor-11.jpg?fit=900%2C675&amp;ssl=1\" alt=\"\" class=\"wp-image-6913\" title=\"\"><\/figure>","protected":false},"excerpt":{"rendered":"<p>Ska vi ge oss ut och resa i corona-tider?&nbsp;Ja, vi vill. Men n\u00e4ra och s\u00e4kert! S\u00e5 t\u00e4nkte Ingemar och Ann-Marie, som brukar resa i Europa och ber\u00e4tta om sina \u00e4ventyr p\u00e5 Vintagemannens blogg och Instagram. D\u00e4rf\u00f6r blev det svemester i Fj\u00e4rdhundraland, en kort biltur fr\u00e5n Stockholm. Alla Vintagemannens resor g\u00e5r efter gamla guideb\u00f6cker och i [&hellip;]<\/p>\n","protected":false},"author":1,"featured_media":6911,"comment_status":"closed","ping_status":"closed","sticky":false,"template":"","format":"standard","meta":{"_acf_changed":false,"_relevanssi_hide_post":"","_relevanssi_hide_content":"","_relevanssi_pin_for_all":"","_relevanssi_pin_keywords":"","_relevanssi_unpin_keywords":"","_relevanssi_related_keywords":"","_relevanssi_related_include_ids":"","_relevanssi_related_exclude_ids":"","_relevanssi_related_no_append":"","_relevanssi_related_not_related":"","_relevanssi_related_posts":"","_relevanssi_noindex_reason":"","_genesis_hide_title":false,"_genesis_hide_breadcrumbs":false,"_genesis_hide_singular_image":false,"_genesis_hide_footer_widgets":false,"_genesis_custom_body_class":"","_genesis_custom_post_class":"","_genesis_layout":"","_jetpack_memberships_contains_paid_content":false,"footnotes":""},"categories":[290,25,87],"tags":[],"class_list":{"0":"post-6908","1":"post","2":"type-post","3":"status-publish","4":"format-standard","5":"has-post-thumbnail","7":"category-hemester","8":"category-upplevelser","9":"category-utflykt","10":"entry"},"acf":[],"visa":null,"geo_latitude":null,"geo_longitude":null,"jetpack_featured_media_url":"https:\/\/www.fjardhundraland.se\/wp-content\/uploads\/2020\/06\/p1800-bio-c396rsundsbro-4.jpg","featured_image_src":"https:\/\/www.fjardhundraland.se\/wp-content\/uploads\/2020\/06\/p1800-bio-c396rsundsbro-4.jpg","featured_image_src_square":"https:\/\/www.fjardhundraland.se\/wp-content\/uploads\/2020\/06\/p1800-bio-c396rsundsbro-4.jpg","author_info":{"display_name":"Mats Thorburn","author_link":"https:\/\/www.fjardhundraland.se\/de\/author\/matst\/"},"jetpack-related-posts":[{"id":16533,"url":"https:\/\/www.fjardhundraland.se\/de\/press\/2024\/maten-manniskorna-varda-resa\/","url_meta":{"origin":6908,"position":0},"title":"Das Essen und die Menschen, f\u00fcr die es sich zu reisen lohnt","author":"Mats Thorburn","date":"11 September 2024","format":false,"excerpt":"Es ist Zeit f\u00fcr das Erntedankfest von Fj\u00e4rdhundraland Packen Sie Ihre K\u00fchltaschen und stellen Sie sicher, dass Sie wirklich hungrig sind. Am Samstag, den 21. September, ist es Zeit f\u00fcr eines der absoluten Highlights von Fj\u00e4rdhundraland - die Food &amp; People Food Tour. Sie werden durch die Gegend reisen und so viele verschiedene Geschmacksrichtungen wie m\u00f6glich probieren k\u00f6nnen.   Die Fj\u00e4rdhundraland-Destination w\u00e4chst wie verr\u00fcckt. Mehr als...","rel":"","context":"In &quot;Press&quot;","block_context":{"text":"Press","link":"https:\/\/www.fjardhundraland.se\/de\/press\/"},"img":{"alt_text":"","src":"https:\/\/i0.wp.com\/www.fjardhundraland.se\/wp-content\/uploads\/2024\/09\/mat-manniskor-pa-resta-gard-5.jpg?resize=350%2C200&ssl=1","width":350,"height":200,"srcset":"https:\/\/i0.wp.com\/www.fjardhundraland.se\/wp-content\/uploads\/2024\/09\/mat-manniskor-pa-resta-gard-5.jpg?resize=350%2C200&ssl=1 1x, https:\/\/i0.wp.com\/www.fjardhundraland.se\/wp-content\/uploads\/2024\/09\/mat-manniskor-pa-resta-gard-5.jpg?resize=525%2C300&ssl=1 1.5x, https:\/\/i0.wp.com\/www.fjardhundraland.se\/wp-content\/uploads\/2024\/09\/mat-manniskor-pa-resta-gard-5.jpg?resize=700%2C400&ssl=1 2x, https:\/\/i0.wp.com\/www.fjardhundraland.se\/wp-content\/uploads\/2024\/09\/mat-manniskor-pa-resta-gard-5.jpg?resize=1050%2C600&ssl=1 3x, https:\/\/i0.wp.com\/www.fjardhundraland.se\/wp-content\/uploads\/2024\/09\/mat-manniskor-pa-resta-gard-5.jpg?resize=1400%2C800&ssl=1 4x"},"classes":[]},{"id":6864,"url":"https:\/\/www.fjardhundraland.se\/de\/natur\/2020\/resa-inom-1-2-timmar-fran-stockholm\/","url_meta":{"origin":6908,"position":1},"title":"Anreise innerhalb von 1-2 Stunden von Stockholm aus","author":"Mats Thorburn","date":"20 Mai 2020","format":false,"excerpt":"1-2 Stunden mit dem Auto von zu Hause aus. Dies sind die Empfehlungen f\u00fcr Reisen im Fr\u00fchsommer 2020. Fj\u00e4rdhundraland ist das Reiseziel innerhalb einer Stunde von Stockholm, Uppsala, V\u00e4ster\u00e5s, Str\u00e4ngn\u00e4s und Eskilstuna. Innerhalb von zwei Stunden kann man auch von \u00d6rebro, S\u00f6dert\u00e4lje, G\u00e4vle, Borl\u00e4nge und Falun hierher gelangen. So kann Ihr Ferienhaus von Stockholm aus...","rel":"","context":"In &quot;Natur&quot;","block_context":{"text":"Natur","link":"https:\/\/www.fjardhundraland.se\/de\/natur\/"},"img":{"alt_text":"","src":"https:\/\/i0.wp.com\/www.fjardhundraland.se\/wp-content\/uploads\/2018\/06\/cropped-rebusrundan-vag-fjardhundraland.jpg?resize=350%2C200&ssl=1","width":350,"height":200,"srcset":"https:\/\/i0.wp.com\/www.fjardhundraland.se\/wp-content\/uploads\/2018\/06\/cropped-rebusrundan-vag-fjardhundraland.jpg?resize=350%2C200&ssl=1 1x, https:\/\/i0.wp.com\/www.fjardhundraland.se\/wp-content\/uploads\/2018\/06\/cropped-rebusrundan-vag-fjardhundraland.jpg?resize=525%2C300&ssl=1 1.5x, https:\/\/i0.wp.com\/www.fjardhundraland.se\/wp-content\/uploads\/2018\/06\/cropped-rebusrundan-vag-fjardhundraland.jpg?resize=700%2C400&ssl=1 2x, https:\/\/i0.wp.com\/www.fjardhundraland.se\/wp-content\/uploads\/2018\/06\/cropped-rebusrundan-vag-fjardhundraland.jpg?resize=1050%2C600&ssl=1 3x, https:\/\/i0.wp.com\/www.fjardhundraland.se\/wp-content\/uploads\/2018\/06\/cropped-rebusrundan-vag-fjardhundraland.jpg?resize=1400%2C800&ssl=1 4x"},"classes":[]},{"id":16405,"url":"https:\/\/www.fjardhundraland.se\/de\/magasin-fjardhundraland\/2024\/maten-som-ar-vard-en-resa\/","url_meta":{"origin":6908,"position":2},"title":"Lebensmittel, f\u00fcr die sich eine Reise lohnt","author":"Mats Thorburn","date":"31 August 2024","format":false,"excerpt":"Reisen und essen! Ende September ist es Zeit f\u00fcr Food &amp; People - das gro\u00dfe Erntefest. Es wird viele Gelegenheiten geben, Fj\u00e4rdhundraland zu probieren und die Menschen hinter den Lebensmitteln zu treffen. Text &amp; Foto: Ann-Helen Meyer von Bremen Wir gehen wieder auf die Food &amp; People 2023. Gezogenes Lamm...","rel":"","context":"In &quot;Magasin Fj\u00e4rdhundraland&quot;","block_context":{"text":"Magasin Fj\u00e4rdhundraland","link":"https:\/\/www.fjardhundraland.se\/de\/magasin-fjardhundraland\/"},"img":{"alt_text":"","src":"https:\/\/i0.wp.com\/www.fjardhundraland.se\/wp-content\/uploads\/2024\/08\/matomanniskor.jpg?resize=350%2C200&ssl=1","width":350,"height":200,"srcset":"https:\/\/i0.wp.com\/www.fjardhundraland.se\/wp-content\/uploads\/2024\/08\/matomanniskor.jpg?resize=350%2C200&ssl=1 1x, https:\/\/i0.wp.com\/www.fjardhundraland.se\/wp-content\/uploads\/2024\/08\/matomanniskor.jpg?resize=525%2C300&ssl=1 1.5x, https:\/\/i0.wp.com\/www.fjardhundraland.se\/wp-content\/uploads\/2024\/08\/matomanniskor.jpg?resize=700%2C400&ssl=1 2x, https:\/\/i0.wp.com\/www.fjardhundraland.se\/wp-content\/uploads\/2024\/08\/matomanniskor.jpg?resize=1050%2C600&ssl=1 3x, https:\/\/i0.wp.com\/www.fjardhundraland.se\/wp-content\/uploads\/2024\/08\/matomanniskor.jpg?resize=1400%2C800&ssl=1 4x"},"classes":[]},{"id":3363,"url":"https:\/\/www.fjardhundraland.se\/de\/inlagg\/2016\/midsommar-fjardhundraland-2016\/","url_meta":{"origin":6908,"position":3},"title":"Mittsommer in Fj\u00e4rdhundraland 2016","author":"Ylva Fontell","date":"21 Juni 2016","format":false,"excerpt":"Mittsommer sollte auf dem Lande gefeiert werden! Und dann passt es gut zu der Landschaft, die sowohl in der N\u00e4he von Enk\u00f6ping als auch von V\u00e4ster\u00e5s, Sala, Uppsala und Stockholm liegt. Willkommen zu einem Mittsommerausflug! Mittsommerfest auf dem H\u00e4rledg\u00e5rden in Torstuna. Tanz um den Pfahl auf dem H\u00e4rledg\u00e5rden. Unterhaltung. Volkst\u00e4nze. Kaffeegedeck. Freier Eintritt. 13.30 Uhr Mittsommerpfahl wird hereingetragen und aufgestellt mehr Info Mittsommerfest...","rel":"","context":"In &quot;\u00c4ldre inl\u00e4gg&quot;","block_context":{"text":"\u00c4ldre inl\u00e4gg","link":"https:\/\/www.fjardhundraland.se\/de\/aldre-inlagg\/"},"img":{"alt_text":"Folkdanslag p\u00e5 H\u00e4rledg\u00e5rden p\u00e5 midsommar","src":"https:\/\/i0.wp.com\/www.fjardhundraland.se\/wp-content\/uploads\/2012\/05\/H%C3%A4rledg%C3%A5rden.jpg?resize=350%2C200&ssl=1","width":350,"height":200,"srcset":"https:\/\/i0.wp.com\/www.fjardhundraland.se\/wp-content\/uploads\/2012\/05\/H%C3%A4rledg%C3%A5rden.jpg?resize=350%2C200&ssl=1 1x, https:\/\/i0.wp.com\/www.fjardhundraland.se\/wp-content\/uploads\/2012\/05\/H%C3%A4rledg%C3%A5rden.jpg?resize=525%2C300&ssl=1 1.5x, https:\/\/i0.wp.com\/www.fjardhundraland.se\/wp-content\/uploads\/2012\/05\/H%C3%A4rledg%C3%A5rden.jpg?resize=700%2C400&ssl=1 2x, https:\/\/i0.wp.com\/www.fjardhundraland.se\/wp-content\/uploads\/2012\/05\/H%C3%A4rledg%C3%A5rden.jpg?resize=1050%2C600&ssl=1 3x, https:\/\/i0.wp.com\/www.fjardhundraland.se\/wp-content\/uploads\/2012\/05\/H%C3%A4rledg%C3%A5rden.jpg?resize=1400%2C800&ssl=1 4x"},"classes":[]},{"id":1191,"url":"https:\/\/www.fjardhundraland.se\/de\/inlagg\/2012\/oppet-hus-i-fjardhundraland-18-november\/","url_meta":{"origin":6908,"position":4},"title":"Tag der offenen T\u00fcr in Fj\u00e4rdhundraland am 18. November","author":"Mats Thorburn","date":"2 Oktober 2012","format":false,"excerpt":"Am Sonntag, den 18. November von 16-19.30 Uhr sind Sie herzlich eingeladen, im Haus der Kirche in Fj\u00e4rdhundra zu sprechen! Wir zeigen um 17-18 Uhr einen Ausschnitt aus dem Film des Theatererfolgs \u201dDet susar\u201d von diesem Sommer. Mini-Messe mit den kleinen Unternehmen des Dorfes. Nutzen Sie die Gelegenheit, lokal produzierte Lebensmittel und Kaffee zu kaufen. Erfahren Sie mehr \u00fcber Unternehmertum mit dem Projekt Entrepreneurship in...","rel":"","context":"In &quot;\u00c4ldre inl\u00e4gg&quot;","block_context":{"text":"\u00c4ldre inl\u00e4gg","link":"https:\/\/www.fjardhundraland.se\/de\/aldre-inlagg\/"},"img":{"alt_text":"Det susar","src":"https:\/\/i0.wp.com\/www.fjardhundraland.se\/wp-content\/uploads\/2012\/10\/detsusar-630x403.jpg?resize=350%2C200&ssl=1","width":350,"height":200,"srcset":"https:\/\/i0.wp.com\/www.fjardhundraland.se\/wp-content\/uploads\/2012\/10\/detsusar-630x403.jpg?resize=350%2C200&ssl=1 1x, https:\/\/i0.wp.com\/www.fjardhundraland.se\/wp-content\/uploads\/2012\/10\/detsusar-630x403.jpg?resize=525%2C300&ssl=1 1.5x"},"classes":[]},{"id":264,"url":"https:\/\/www.fjardhundraland.se\/de\/externt\/2011\/premiartur-i-fjardhundraland\/","url_meta":{"origin":6908,"position":5},"title":"Premiere-Tour in Fj\u00e4rdhundraland","author":"Ylva Fontell","date":"19 Mai 2011","format":false,"excerpt":"Am Mittwoch, den 18. Mai, war die Premiere der Pauschalreisen im Dorf. Die erste Gruppe erlebte einen sonnigen Tag mit lokal produzierten K\u00f6stlichkeiten, kuscheligen L\u00e4mmchen und Fj\u00e4rdhundraland in Fr\u00fchlingsfarben. Nun hoffen wir auf neue zufriedene Besucher bei den restlichen Reisen. Mehr Infos unter Pauschalreisen.","rel":"","context":"In &quot;\u00c4ldre inl\u00e4gg&quot;","block_context":{"text":"\u00c4ldre inl\u00e4gg","link":"https:\/\/www.fjardhundraland.se\/de\/aldre-inlagg\/"},"img":{"alt_text":"","src":"","width":0,"height":0},"classes":[]}],"jetpack_sharing_enabled":true,"_links":{"self":[{"href":"https:\/\/www.fjardhundraland.se\/de\/wp-json\/wp\/v2\/posts\/6908","targetHints":{"allow":["GET"]}}],"collection":[{"href":"https:\/\/www.fjardhundraland.se\/de\/wp-json\/wp\/v2\/posts"}],"about":[{"href":"https:\/\/www.fjardhundraland.se\/de\/wp-json\/wp\/v2\/types\/post"}],"author":[{"embeddable":true,"href":"https:\/\/www.fjardhundraland.se\/de\/wp-json\/wp\/v2\/users\/1"}],"replies":[{"embeddable":true,"href":"https:\/\/www.fjardhundraland.se\/de\/wp-json\/wp\/v2\/comments?post=6908"}],"version-history":[{"count":0,"href":"https:\/\/www.fjardhundraland.se\/de\/wp-json\/wp\/v2\/posts\/6908\/revisions"}],"wp:featuredmedia":[{"embeddable":true,"href":"https:\/\/www.fjardhundraland.se\/de\/wp-json\/wp\/v2\/media\/6911"}],"wp:attachment":[{"href":"https:\/\/www.fjardhundraland.se\/de\/wp-json\/wp\/v2\/media?parent=6908"}],"wp:term":[{"taxonomy":"category","embeddable":true,"href":"https:\/\/www.fjardhundraland.se\/de\/wp-json\/wp\/v2\/categories?post=6908"},{"taxonomy":"post_tag","embeddable":true,"href":"https:\/\/www.fjardhundraland.se\/de\/wp-json\/wp\/v2\/tags?post=6908"}],"curies":[{"name":"wp","href":"https:\/\/api.w.org\/{rel}","templated":true}]}}