
{"id":674,"date":"2011-08-31T14:50:49","date_gmt":"2011-08-31T12:50:49","guid":{"rendered":"http:\/\/www.fjardhundraland.se\/?p=674"},"modified":"2026-02-05T13:40:40","modified_gmt":"2026-02-05T12:40:40","slug":"musik-und-artefakte-aus-osterunda","status":"publish","type":"post","link":"https:\/\/www.fjardhundraland.se\/de\/externt\/2011\/musik-och-fornfynd-fran-osterunda\/","title":{"rendered":"Musik und Artefakte aus \u00d6sterunda"},"content":{"rendered":"<p>Morgen, Donnerstag, den 1. September um 19:00 Uhr, werden Berndt Andersson und Sture Eriksson \u00fcber alte Funde sprechen und Musik aus \u00d6sterunda spielen. Bringen Sie einen Kaffeekorb mit und kommen Sie ins Kirchenh\u00e4uschen an der Kirche von \u00d6sterunda!<br \/>\n<a href=\"https:\/\/www.fjardhundraland.se\/de\/blog\/2011\/08\/31\/musik-und-artefakte-aus-osterunda\/osterunda_kyrka\/\" rel=\"attachment wp-att-676\"><br \/>\n<img decoding=\"async\" src=\"https:\/\/www.fjardhundraland.se\/wp-content\/uploads\/2011\/08\/Osterunda_kyrka-630x419.jpg\" alt=\"\" title=\"Osterunda_Kirche\" width=\"630\" height=\"419\" class=\"alignleft size-medium wp-image-676\"><\/a><\/p>","protected":false},"excerpt":{"rendered":"<p>Morgen, am Donnerstag, den 1. September um 19:00 Uhr, werden Berndt Andersson und Sture Eriksson \u00fcber alte Funde sprechen und Musik aus \u00d6sterunda spielen.<\/p>","protected":false},"author":1,"featured_media":0,"comment_status":"open","ping_status":"open","sticky":false,"template":"","format":"standard","meta":{"_acf_changed":false,"_relevanssi_hide_post":"","_relevanssi_hide_content":"","_relevanssi_pin_for_all":"","_relevanssi_pin_keywords":"","_relevanssi_unpin_keywords":"","_relevanssi_related_keywords":"","_relevanssi_related_include_ids":"","_relevanssi_related_exclude_ids":"","_relevanssi_related_no_append":"","_relevanssi_related_not_related":"","_relevanssi_related_posts":"","_relevanssi_noindex_reason":"Rank Math Uteslut fr\u00e5n Relevanssi index","_genesis_hide_title":false,"_genesis_hide_breadcrumbs":false,"_genesis_hide_singular_image":false,"_genesis_hide_footer_widgets":false,"_genesis_custom_body_class":"","_genesis_custom_post_class":"","_genesis_layout":"","_jetpack_memberships_contains_paid_content":false,"footnotes":""},"categories":[353,18,23],"tags":[352],"class_list":{"0":"post-674","1":"post","2":"type-post","3":"status-publish","4":"format-standard","6":"category-aldre-inlagg","7":"category-externt","8":"category-musik","9":"tag-aldre-inlagg","10":"entry"},"acf":[],"visa":null,"geo_latitude":null,"geo_longitude":null,"jetpack_featured_media_url":"","featured_image_src":null,"featured_image_src_square":null,"author_info":{"display_name":"Mats Thorburn","author_link":"https:\/\/www.fjardhundraland.se\/de\/author\/matst\/"},"jetpack-related-posts":[{"id":699,"url":"https:\/\/www.fjardhundraland.se\/de\/externt\/2011\/flamenco-fusion\/","url_meta":{"origin":674,"position":0},"title":"Flamenco-Fusion","author":"Mats Thorburn","date":"16 September 2011","format":false,"excerpt":"Bereit f\u00fcr einen Flamenco-Abend auf dem Lande? Morgen, am 17. September, findet im Gemeindehaus von \u00d6sterunda ein Abend mit Erik Steen Flamenco Fusion statt.","rel":"","context":"In &quot;\u00c4ldre inl\u00e4gg&quot;","block_context":{"text":"\u00c4ldre inl\u00e4gg","link":"https:\/\/www.fjardhundraland.se\/de\/aldre-inlagg\/"},"img":{"alt_text":"","src":"","width":0,"height":0},"classes":[]},{"id":298,"url":"https:\/\/www.fjardhundraland.se\/de\/externt\/2011\/det-har-hander-i-helgen\/","url_meta":{"origin":674,"position":1},"title":"Das passiert an diesem Wochenende","author":"Mats Thorburn","date":"27 Mai 2011","format":false,"excerpt":"Hier einige Tipps zu Aktivit\u00e4ten rund um Fj\u00e4rdhundraland am kommenden Wochenende: Samstag-Sonntag, 28.\/29. Mai 10-16 Uhr: Fr\u00fchlingsmarkt in Dunderbo. Ausstellung traditioneller Lebensmittel, Kaffeeservice mit hausgemachten Backwaren. Sommerblumen, Marmeladen, Strickwaren, Kerzen usw. F\u00fchrungen auf dem Krigsstigen um 11 Uhr und 14 Uhr. 073-65 77 906 Arr: Dunderbo Ljus &amp; hantverk. Samstag-Sonntag 28-29 Mai...","rel":"","context":"In &quot;\u00c4ldre inl\u00e4gg&quot;","block_context":{"text":"\u00c4ldre inl\u00e4gg","link":"https:\/\/www.fjardhundraland.se\/de\/aldre-inlagg\/"},"img":{"alt_text":"","src":"","width":0,"height":0},"classes":[]},{"id":417,"url":"https:\/\/www.fjardhundraland.se\/de\/gardsbutiker\/2011\/bed-breakfast-brod-hantverk\/","url_meta":{"origin":674,"position":2},"title":"\u00dcbernachtung mit Fr\u00fchst\u00fcck, Brot und Handwerk","author":"Mats Thorburn","date":"21 Juli 2011","format":false,"excerpt":"Jeden Sonntag k\u00f6nnen Sie in der B\u00e4ckerei von Kr\u00e5kvilan in Hammarby Kaffee trinken und einkaufen. Kekse, Kn\u00e4ckebrot, feines Schafsfell und gefilztes Kunsthandwerk werden zum Verkauf angeboten. Kr\u00e5kvilan hat jetzt auch ein Bed &amp; Breakfast er\u00f6ffnet! In der B\u00e4ckerei k\u00f6nnen Sie in einem der beiden gem\u00fctlichen Zimmer \u00fcbernachten.","rel":"","context":"In &quot;\u00c4ldre inl\u00e4gg&quot;","block_context":{"text":"\u00c4ldre inl\u00e4gg","link":"https:\/\/www.fjardhundraland.se\/de\/aldre-inlagg\/"},"img":{"alt_text":"","src":"","width":0,"height":0},"classes":[]},{"id":2376,"url":"https:\/\/www.fjardhundraland.se\/de\/inlagg\/2014\/midsommar-fjardhundraland-2014\/","url_meta":{"origin":674,"position":3},"title":"Mittsommer in Fj\u00e4rdhundraland 2014","author":"Mats Thorburn","date":"5 Juni 2014","format":false,"excerpt":"Feiern Sie Mittsommer im sch\u00f6nen Fj\u00e4rdhundraland - in H\u00e4rkeberga, H\u00e4rledg\u00e5rden, Altuna, Biskopskulla und in Fr\u00f6sthult. Machen Sie einen Mittsommerausflug von Enk\u00f6ping, V\u00e4ster\u00e5s, Sala oder Uppsala - ein perfekter Mittsommer auf dem Land! Mittsommerfest um 13:30 Uhr im H\u00e4rledg\u00e5rden. Tanzen um den Pfahl. Unterhaltung. Volkst\u00e4nze. Kaffee-Bedienung. Freier Eintritt. Veranstalter: Torstuna Hembygdsf\u00f6rening Tel: 070-859 32 84 https:\/\/www.hembygd.se\/uppland\/torstuna Mittsommerfest in Altuna...","rel":"","context":"In &quot;\u00c4ldre inl\u00e4gg&quot;","block_context":{"text":"\u00c4ldre inl\u00e4gg","link":"https:\/\/www.fjardhundraland.se\/de\/aldre-inlagg\/"},"img":{"alt_text":"Folkdanslag p\u00e5 H\u00e4rledg\u00e5rden p\u00e5 midsommar","src":"https:\/\/i0.wp.com\/www.fjardhundraland.se\/wp-content\/uploads\/2012\/05\/H%C3%A4rledg%C3%A5rden.jpg?resize=350%2C200&ssl=1","width":350,"height":200,"srcset":"https:\/\/i0.wp.com\/www.fjardhundraland.se\/wp-content\/uploads\/2012\/05\/H%C3%A4rledg%C3%A5rden.jpg?resize=350%2C200&ssl=1 1x, https:\/\/i0.wp.com\/www.fjardhundraland.se\/wp-content\/uploads\/2012\/05\/H%C3%A4rledg%C3%A5rden.jpg?resize=525%2C300&ssl=1 1.5x, https:\/\/i0.wp.com\/www.fjardhundraland.se\/wp-content\/uploads\/2012\/05\/H%C3%A4rledg%C3%A5rden.jpg?resize=700%2C400&ssl=1 2x, https:\/\/i0.wp.com\/www.fjardhundraland.se\/wp-content\/uploads\/2012\/05\/H%C3%A4rledg%C3%A5rden.jpg?resize=1050%2C600&ssl=1 3x, https:\/\/i0.wp.com\/www.fjardhundraland.se\/wp-content\/uploads\/2012\/05\/H%C3%A4rledg%C3%A5rden.jpg?resize=1400%2C800&ssl=1 4x"},"classes":[]},{"id":1844,"url":"https:\/\/www.fjardhundraland.se\/de\/inlagg\/2014\/teater-i-frosthult\/","url_meta":{"origin":674,"position":4},"title":"Theater in Fr\u00f6sthult","author":"Mats Thorburn","date":"25 Februar 2014","format":false,"excerpt":"Am Freitag, den 14. M\u00e4rz um 19:00 Uhr kommt Panikteatern in die Dorfhalle von Fr\u00f6sthult und spielt \u00c4lskade Elvis. Eine Theaterauff\u00fchrung \u00fcber Tr\u00e4ume und die harte Realit\u00e4t, \u00fcber Hoffnungen, \u00fcber Vers\u00f6hnung, \u00fcber das, was wir wollten und dar\u00fcber, wie alles geworden ist. Ein bisschen Herz und ein bisschen Schmerz, eine Dosis Kom\u00f6die und ein Spritzer Trag\u00f6die, und das ganze Drumherum...","rel":"","context":"In &quot;\u00c4ldre inl\u00e4gg&quot;","block_context":{"text":"\u00c4ldre inl\u00e4gg","link":"https:\/\/www.fjardhundraland.se\/de\/aldre-inlagg\/"},"img":{"alt_text":"photo36","src":"https:\/\/i0.wp.com\/www.fjardhundraland.se\/wp-content\/uploads\/2014\/03\/photo36-300x200.jpg?resize=350%2C200&ssl=1","width":350,"height":200},"classes":[]},{"id":5762,"url":"https:\/\/www.fjardhundraland.se\/de\/tuva-tappa\/2019\/tuva-tappa-2019\/","url_meta":{"origin":674,"position":5},"title":"Tuva &amp; Steppdecke 2019","author":"Mats Thorburn","date":"4 Juni 2019","format":false,"excerpt":"Es ist gr\u00fcne Zeit! Wir feiern das mit einer Sommertour zu privaten G\u00e4rten und G\u00e4rtnereien, die ge\u00f6ffnet sind und Erfahrungen und Wissen bieten. Sie k\u00f6nnen diese Orte am Samstag, den 29. Juni von 11-17 Uhr besuchen (hier finden Sie eine Karte zum Ausdrucken). Teilnehmer Lundellska Galleriet Simtuna Karleby 8 74971 Fj\u00e4rdhundra Vernissage mit KreaLera, Steingut f\u00fcr den Garten...","rel":"","context":"In &quot;Tuva &amp; T\u00e4ppa&quot;","block_context":{"text":"Tuva &amp; T\u00e4ppa","link":"https:\/\/www.fjardhundraland.se\/de\/tuva-tappa\/"},"img":{"alt_text":"Bild p\u00e5 blomsterrabatt under tr\u00e4dg\u00e5rdsrundan Tuva & T\u00e4ppa","src":"https:\/\/i0.wp.com\/www.fjardhundraland.se\/wp-content\/uploads\/2019\/06\/tuva-tacc88ppa-tracc88dgacc8ardsrunda.jpg?resize=350%2C200&ssl=1","width":350,"height":200,"srcset":"https:\/\/i0.wp.com\/www.fjardhundraland.se\/wp-content\/uploads\/2019\/06\/tuva-tacc88ppa-tracc88dgacc8ardsrunda.jpg?resize=350%2C200&ssl=1 1x, https:\/\/i0.wp.com\/www.fjardhundraland.se\/wp-content\/uploads\/2019\/06\/tuva-tacc88ppa-tracc88dgacc8ardsrunda.jpg?resize=525%2C300&ssl=1 1.5x, https:\/\/i0.wp.com\/www.fjardhundraland.se\/wp-content\/uploads\/2019\/06\/tuva-tacc88ppa-tracc88dgacc8ardsrunda.jpg?resize=700%2C400&ssl=1 2x, https:\/\/i0.wp.com\/www.fjardhundraland.se\/wp-content\/uploads\/2019\/06\/tuva-tacc88ppa-tracc88dgacc8ardsrunda.jpg?resize=1050%2C600&ssl=1 3x, https:\/\/i0.wp.com\/www.fjardhundraland.se\/wp-content\/uploads\/2019\/06\/tuva-tacc88ppa-tracc88dgacc8ardsrunda.jpg?resize=1400%2C800&ssl=1 4x"},"classes":[]}],"jetpack_sharing_enabled":true,"_links":{"self":[{"href":"https:\/\/www.fjardhundraland.se\/de\/wp-json\/wp\/v2\/posts\/674","targetHints":{"allow":["GET"]}}],"collection":[{"href":"https:\/\/www.fjardhundraland.se\/de\/wp-json\/wp\/v2\/posts"}],"about":[{"href":"https:\/\/www.fjardhundraland.se\/de\/wp-json\/wp\/v2\/types\/post"}],"author":[{"embeddable":true,"href":"https:\/\/www.fjardhundraland.se\/de\/wp-json\/wp\/v2\/users\/1"}],"replies":[{"embeddable":true,"href":"https:\/\/www.fjardhundraland.se\/de\/wp-json\/wp\/v2\/comments?post=674"}],"version-history":[{"count":1,"href":"https:\/\/www.fjardhundraland.se\/de\/wp-json\/wp\/v2\/posts\/674\/revisions"}],"predecessor-version":[{"id":19736,"href":"https:\/\/www.fjardhundraland.se\/de\/wp-json\/wp\/v2\/posts\/674\/revisions\/19736"}],"wp:attachment":[{"href":"https:\/\/www.fjardhundraland.se\/de\/wp-json\/wp\/v2\/media?parent=674"}],"wp:term":[{"taxonomy":"category","embeddable":true,"href":"https:\/\/www.fjardhundraland.se\/de\/wp-json\/wp\/v2\/categories?post=674"},{"taxonomy":"post_tag","embeddable":true,"href":"https:\/\/www.fjardhundraland.se\/de\/wp-json\/wp\/v2\/tags?post=674"}],"curies":[{"name":"wp","href":"https:\/\/api.w.org\/{rel}","templated":true}]}}