
{"id":6130,"date":"2019-07-20T12:54:43","date_gmt":"2019-07-20T10:54:43","guid":{"rendered":"https:\/\/www.fjardhundraland.se\/?p=6130"},"modified":"2026-02-05T13:42:57","modified_gmt":"2026-02-05T12:42:57","slug":"neue-audioguides-in-storyspot","status":"publish","type":"post","link":"https:\/\/www.fjardhundraland.se\/de\/inlagg\/2019\/nya-ljudguider-i-storyspot\/","title":{"rendered":"Neue Audioguides in Storyspot"},"content":{"rendered":"<p>Neue Audioguides sind jetzt verf\u00fcgbar, in der Storyspot-App, aber auch <a href=\"https:\/\/www.fjardhundraland.se\/de\/die-standorte\/gora\/audioguides\/\">hier auf der Website<\/a>. Es gibt eine Reihe von Geschichten, die mit den neuen Radwegen zusammenh\u00e4ngen.<\/p>\n\n\n\n<p><a href=\"https:\/\/www.fjardhundraland.se\/de\/2019\/03\/storyspot-fuhrer-in-fjardhundraland\/\">Storyspot herunterladen und anh\u00f6ren!<\/a><\/p>","protected":false},"excerpt":{"rendered":"<p>Neue Audioguides sind jetzt verf\u00fcgbar, in der Storyspot-App, aber auch hier auf der Website. Es gibt eine Reihe verschiedener Geschichten zu den neuen Radwegen. Storyspot herunterladen und anh\u00f6ren!<\/p>","protected":false},"author":1,"featured_media":5645,"comment_status":"closed","ping_status":"closed","sticky":false,"template":"","format":"standard","meta":{"_acf_changed":false,"_relevanssi_hide_post":"","_relevanssi_hide_content":"","_relevanssi_pin_for_all":"","_relevanssi_pin_keywords":"","_relevanssi_unpin_keywords":"","_relevanssi_related_keywords":"","_relevanssi_related_include_ids":"","_relevanssi_related_exclude_ids":"","_relevanssi_related_no_append":"","_relevanssi_related_not_related":"","_relevanssi_related_posts":"","_relevanssi_noindex_reason":"","_genesis_hide_title":false,"_genesis_hide_breadcrumbs":false,"_genesis_hide_singular_image":false,"_genesis_hide_footer_widgets":false,"_genesis_custom_body_class":"","_genesis_custom_post_class":"","_genesis_layout":"","_jetpack_memberships_contains_paid_content":false,"footnotes":""},"categories":[1,353,290,87],"tags":[],"class_list":{"0":"post-6130","1":"post","2":"type-post","3":"status-publish","4":"format-standard","5":"has-post-thumbnail","7":"category-inlagg","8":"category-aldre-inlagg","9":"category-hemester","10":"category-utflykt","11":"entry"},"acf":[],"visa":null,"geo_latitude":null,"geo_longitude":null,"jetpack_featured_media_url":"https:\/\/www.fjardhundraland.se\/wp-content\/uploads\/2019\/03\/storyspot-acc88s-puss-1.jpg","featured_image_src":"https:\/\/www.fjardhundraland.se\/wp-content\/uploads\/2019\/03\/storyspot-acc88s-puss-1.jpg","featured_image_src_square":"https:\/\/www.fjardhundraland.se\/wp-content\/uploads\/2019\/03\/storyspot-acc88s-puss-1.jpg","author_info":{"display_name":"Mats Thorburn","author_link":"https:\/\/www.fjardhundraland.se\/de\/author\/matst\/"},"jetpack-related-posts":[{"id":5262,"url":"https:\/\/www.fjardhundraland.se\/de\/utflykt\/2018\/cykla-i-fjardhundraland\/","url_meta":{"origin":6130,"position":0},"title":"Radfahren in Fj\u00e4rdhundraland","author":"Mats Thorburn","date":"30 Juni 2018","format":false,"excerpt":"Die kurvenreichen Nebenstra\u00dfen von Fj\u00e4rdhundraland sind ein Traum f\u00fcr Radfahrer, mit vielen M\u00f6glichkeiten, sch\u00f6nen Aussichten und einer Menge zu sehen und zu tun. Wir arbeiten daran, den Besuchern die Orientierung zu erleichtern, ihnen die Suche nach Restaurants und Unterk\u00fcnften zu erleichtern und sie bei Bedarf zu beraten. Fj\u00e4rdhundralandsleden Um es einfach zu machen, haben wir...","rel":"","context":"In &quot;Utflykt&quot;","block_context":{"text":"Utflykt","link":"https:\/\/www.fjardhundraland.se\/de\/utflykt\/"},"img":{"alt_text":"Cyklar parkerade framf\u00f6r Nys\u00e4tra kyrka","src":"https:\/\/i0.wp.com\/www.fjardhundraland.se\/wp-content\/uploads\/2018\/06\/cykling.jpg?resize=350%2C200&ssl=1","width":350,"height":200,"srcset":"https:\/\/i0.wp.com\/www.fjardhundraland.se\/wp-content\/uploads\/2018\/06\/cykling.jpg?resize=350%2C200&ssl=1 1x, https:\/\/i0.wp.com\/www.fjardhundraland.se\/wp-content\/uploads\/2018\/06\/cykling.jpg?resize=525%2C300&ssl=1 1.5x, https:\/\/i0.wp.com\/www.fjardhundraland.se\/wp-content\/uploads\/2018\/06\/cykling.jpg?resize=700%2C400&ssl=1 2x, https:\/\/i0.wp.com\/www.fjardhundraland.se\/wp-content\/uploads\/2018\/06\/cykling.jpg?resize=1050%2C600&ssl=1 3x, https:\/\/i0.wp.com\/www.fjardhundraland.se\/wp-content\/uploads\/2018\/06\/cykling.jpg?resize=1400%2C800&ssl=1 4x"},"classes":[]},{"id":5638,"url":"https:\/\/www.fjardhundraland.se\/de\/utflykt\/2019\/storyspot-guidar-i-fjardhundraland\/","url_meta":{"origin":6130,"position":1},"title":"Storyspot-Leitf\u00e4den in Fj\u00e4rdhundraland","author":"Mats Thorburn","date":"25 M\u00e4rz 2019","format":false,"excerpt":"Storyspot ist eine App, in der Sie Geschichten mit Ihrer eigenen Stimme erz\u00e4hlen k\u00f6nnen. Die ersten Fj\u00e4rdhundraland-Storyspots sind jetzt in der App verf\u00fcgbar - Audiof\u00fchrer zu Orten entlang des Fj\u00e4rdhundraland-Trails. Wir alle brauchen Orientierung. Wir fahren an einem sch\u00f6nen Fr\u00fchlingstag durch die freie Natur, die kleinen Kirchen liegen eine nach der anderen am Weg - warum sind sie...","rel":"","context":"In &quot;Utflykt&quot;","block_context":{"text":"Utflykt","link":"https:\/\/www.fjardhundraland.se\/de\/utflykt\/"},"img":{"alt_text":"Storyspot A\u0308s puss","src":"https:\/\/i0.wp.com\/www.fjardhundraland.se\/wp-content\/uploads\/2019\/03\/storyspot-acc88s-puss-1.jpg?resize=350%2C200&ssl=1","width":350,"height":200,"srcset":"https:\/\/i0.wp.com\/www.fjardhundraland.se\/wp-content\/uploads\/2019\/03\/storyspot-acc88s-puss-1.jpg?resize=350%2C200&ssl=1 1x, https:\/\/i0.wp.com\/www.fjardhundraland.se\/wp-content\/uploads\/2019\/03\/storyspot-acc88s-puss-1.jpg?resize=525%2C300&ssl=1 1.5x, https:\/\/i0.wp.com\/www.fjardhundraland.se\/wp-content\/uploads\/2019\/03\/storyspot-acc88s-puss-1.jpg?resize=700%2C400&ssl=1 2x, https:\/\/i0.wp.com\/www.fjardhundraland.se\/wp-content\/uploads\/2019\/03\/storyspot-acc88s-puss-1.jpg?resize=1050%2C600&ssl=1 3x, https:\/\/i0.wp.com\/www.fjardhundraland.se\/wp-content\/uploads\/2019\/03\/storyspot-acc88s-puss-1.jpg?resize=1400%2C800&ssl=1 4x"},"classes":[]},{"id":10641,"url":"https:\/\/www.fjardhundraland.se\/de\/inlagg\/2022\/nya-samarbeten-kring-narproducerad-mat-i-uppland-2\/","url_meta":{"origin":6130,"position":2},"title":"Neue Kooperationen f\u00fcr lokal erzeugte Lebensmittel in Uppland","author":"Mats Thorburn","date":"13 Juni 2022","format":false,"excerpt":"Fj\u00e4rdhundraland leitete das Projekt Neue Kooperationen f\u00fcr lokal erzeugte Lebensmittel in Uppland. Die Partner - neben Fj\u00e4rdhundraland - sind Smaka p\u00e5 V\u00e4stmanland, Bondens mat i Uppland und die REKO-Ringe in Uppsala und Enk\u00f6ping. Die Projektidee zielte darauf ab, eine Zusammenarbeit zwischen mehreren verschiedenen Netzwerken von Lebensmittelproduzenten aufzubauen. Im Rahmen des Projekts organisierten wir ein Netzwerktreffen f\u00fcr Lebensmittelhandwerker am...","rel":"","context":"In &quot;\u00c4ldre inl\u00e4gg&quot;","block_context":{"text":"\u00c4ldre inl\u00e4gg","link":"https:\/\/www.fjardhundraland.se\/de\/aldre-inlagg\/"},"img":{"alt_text":"","src":"https:\/\/i0.wp.com\/www.fjardhundraland.se\/wp-content\/uploads\/2022\/06\/img-6445.jpg?resize=350%2C200&ssl=1","width":350,"height":200,"srcset":"https:\/\/i0.wp.com\/www.fjardhundraland.se\/wp-content\/uploads\/2022\/06\/img-6445.jpg?resize=350%2C200&ssl=1 1x, https:\/\/i0.wp.com\/www.fjardhundraland.se\/wp-content\/uploads\/2022\/06\/img-6445.jpg?resize=525%2C300&ssl=1 1.5x, https:\/\/i0.wp.com\/www.fjardhundraland.se\/wp-content\/uploads\/2022\/06\/img-6445.jpg?resize=700%2C400&ssl=1 2x, https:\/\/i0.wp.com\/www.fjardhundraland.se\/wp-content\/uploads\/2022\/06\/img-6445.jpg?resize=1050%2C600&ssl=1 3x, https:\/\/i0.wp.com\/www.fjardhundraland.se\/wp-content\/uploads\/2022\/06\/img-6445.jpg?resize=1400%2C800&ssl=1 4x"},"classes":[]},{"id":1473,"url":"https:\/\/www.fjardhundraland.se\/de\/externt\/2013\/ormhogarna-bjuder-in-till-releaseparty-2\/","url_meta":{"origin":6130,"position":3},"title":"Ormh\u00f6garna l\u00e4dt zur Release-Party ein!","author":"Ylva Fontell","date":"10 Oktober 2013","format":false,"excerpt":"Am Dienstag, den 15. Oktober um 18.30-20.30 Uhr findet bei Kerstin, Ormh\u00f6garnas alltj\u00e4nst, ein Makeup Release der neuen Forever Makeup Serie Flawless by Sonya statt. W\u00e4hrend des Abends wird Ihnen Folgendes geboten: Inspiration und Informationen \u00fcber das neue Make-up Erm\u00e4\u00dfigter Preis auf das bisherige Make-up-Sortiment Mischen Sie sich bei Apfelwein und Canap\u00e9s Goodie Bag f\u00fcr alle angemeldeten Teilnehmer Bringen Sie gerne...","rel":"","context":"In &quot;\u00c4ldre inl\u00e4gg&quot;","block_context":{"text":"\u00c4ldre inl\u00e4gg","link":"https:\/\/www.fjardhundraland.se\/de\/aldre-inlagg\/"},"img":{"alt_text":"","src":"","width":0,"height":0},"classes":[]},{"id":719,"url":"https:\/\/www.fjardhundraland.se\/de\/djur\/2011\/uppvisning-och-saluvisning-av-lusitanohastar\/","url_meta":{"origin":6130,"position":4},"title":"Tag der offenen T\u00fcr bei Rotbrunna H\u00e4st &amp; Kursg\u00e5rd","author":"Mats Thorburn","date":"27 November 2011","format":false,"excerpt":"Am Samstag, den 3. Dezember um 15-17 Uhr k\u00f6nnen Sie Rotbrunna H\u00e4st &amp; Kursg\u00e5rd und ihre neue gro\u00dfe Reithalle besuchen. Pr\u00e4sentation des Lusitano-Pferdes und der Aktivit\u00e4ten auf dem Hof. Verkauf von jungen Pferden und Vorf\u00fchrung von akademischem Reiten. Rotbrunna wird von Tiago Albergaria vom Gest\u00fct Entre Tejo e Sorraia in Portugal besucht, der auch einen Dressurkurs geben wird...","rel":"","context":"In &quot;\u00c4ldre inl\u00e4gg&quot;","block_context":{"text":"\u00c4ldre inl\u00e4gg","link":"https:\/\/www.fjardhundraland.se\/de\/aldre-inlagg\/"},"img":{"alt_text":"Nya stallet Rotbrunna","src":"https:\/\/i0.wp.com\/fbcdn-sphotos-a.akamaihd.net\/hphotos-ak-ash4\/s720x720\/308198_312797062066800_290968917582948_1277406_1473628709_n.jpg?resize=350%2C200&ssl=1","width":350,"height":200,"srcset":"https:\/\/i0.wp.com\/fbcdn-sphotos-a.akamaihd.net\/hphotos-ak-ash4\/s720x720\/308198_312797062066800_290968917582948_1277406_1473628709_n.jpg?resize=350%2C200&ssl=1 1x, https:\/\/i0.wp.com\/fbcdn-sphotos-a.akamaihd.net\/hphotos-ak-ash4\/s720x720\/308198_312797062066800_290968917582948_1277406_1473628709_n.jpg?resize=525%2C300&ssl=1 1.5x"},"classes":[]},{"id":41,"url":"https:\/\/www.fjardhundraland.se\/de\/externt\/2011\/nu-startar-fjardhundraland-ekonomisk-forening\/","url_meta":{"origin":6130,"position":5},"title":"Jetzt startet Fj\u00e4rdhundraland Wirtschaftsvereinigung","author":"Mats Thorburn","date":"2 Februar 2011","format":false,"excerpt":"Fj\u00e4rdhundraland ek. for. wird eine Plattform f\u00fcr Tourismus-, Wirtschafts- und Dorfentwicklung sein. Werden Sie Mitglied, um Teil eines spannenden Entwicklungsprojektes zu sein - f\u00fcr neue Kontakte und Zukunftschancen.","rel":"","context":"In &quot;\u00c4ldre inl\u00e4gg&quot;","block_context":{"text":"\u00c4ldre inl\u00e4gg","link":"https:\/\/www.fjardhundraland.se\/de\/aldre-inlagg\/"},"img":{"alt_text":"","src":"","width":0,"height":0},"classes":[]}],"jetpack_sharing_enabled":true,"_links":{"self":[{"href":"https:\/\/www.fjardhundraland.se\/de\/wp-json\/wp\/v2\/posts\/6130","targetHints":{"allow":["GET"]}}],"collection":[{"href":"https:\/\/www.fjardhundraland.se\/de\/wp-json\/wp\/v2\/posts"}],"about":[{"href":"https:\/\/www.fjardhundraland.se\/de\/wp-json\/wp\/v2\/types\/post"}],"author":[{"embeddable":true,"href":"https:\/\/www.fjardhundraland.se\/de\/wp-json\/wp\/v2\/users\/1"}],"replies":[{"embeddable":true,"href":"https:\/\/www.fjardhundraland.se\/de\/wp-json\/wp\/v2\/comments?post=6130"}],"version-history":[{"count":1,"href":"https:\/\/www.fjardhundraland.se\/de\/wp-json\/wp\/v2\/posts\/6130\/revisions"}],"predecessor-version":[{"id":19791,"href":"https:\/\/www.fjardhundraland.se\/de\/wp-json\/wp\/v2\/posts\/6130\/revisions\/19791"}],"wp:featuredmedia":[{"embeddable":true,"href":"https:\/\/www.fjardhundraland.se\/de\/wp-json\/wp\/v2\/media\/5645"}],"wp:attachment":[{"href":"https:\/\/www.fjardhundraland.se\/de\/wp-json\/wp\/v2\/media?parent=6130"}],"wp:term":[{"taxonomy":"category","embeddable":true,"href":"https:\/\/www.fjardhundraland.se\/de\/wp-json\/wp\/v2\/categories?post=6130"},{"taxonomy":"post_tag","embeddable":true,"href":"https:\/\/www.fjardhundraland.se\/de\/wp-json\/wp\/v2\/tags?post=6130"}],"curies":[{"name":"wp","href":"https:\/\/api.w.org\/{rel}","templated":true}]}}